{"id":633,"date":"2015-01-04T12:04:36","date_gmt":"2015-01-04T12:04:36","guid":{"rendered":"https:\/\/elcotarro.com\/?p=633"},"modified":"2015-01-04T10:52:15","modified_gmt":"2015-01-04T10:52:15","slug":"echenle-repudio-a-la-fotografia","status":"publish","type":"post","link":"https:\/\/elcotarro.com\/?p=633","title":{"rendered":"\u00c9CHENLE REPUDIO A LA FOTOGRAF\u00cdA"},"content":{"rendered":"<p><a href=\"https:\/\/elcotarro.com\/wp-content\/uploads\/2015\/01\/Foto-5.-Mar\u00eda-M\u00e9rida-Car\u00e1tula-disco.jpg\"><br \/>\n<\/a>\u2666\u00a0De izquierda a derecha podemos ver al bueno de <strong>Aurelio Abreu Exp\u00f3sito<\/strong> (con delantal y gorro de pirata) ejerciendo de pinche de cocina; a su lado, tocando el timplillo y cantando, nada m\u00e1s y nada menos que la gran cantante herre\u00f1a, <strong>Mar\u00eda M\u00e9rida<\/strong>, \u00abHija Predilecta\u00bb de El Hierro, que el pr\u00f3ximo 5 de junio cumplir\u00e1 90 a\u00f1os y que, como pueden apreciar en la foto, sigue como una puncha\u2026 <strong>Mar\u00eda M\u00e9rida<\/strong> desde que vino a dar unos cursos de canto a Buenavista, vuelve cada Navidad a pasarla por aquel norte donde la hospitalidad de <strong>Aurelio Abreu<\/strong> y su familia, junto con la buena gente de Buenavista la tienen encantada; el siguiente es <strong>Ernesto Hern\u00e1ndez<\/strong>, un pescador y empresario de Los Silos que en la cocina es \u00abun fiera\u00bb al frente de los fogones; y el de la derecha es <strong>Juan Carlos Abreu<\/strong>, hermano de <strong>Aurelio<\/strong> y que, como tambi\u00e9n se puede apreciar, es un \u00abpinche\u00bb de cocina digno de MasterChef&#8230; \u00a1Felicidades y&#8230; que nunca las ma\u00f1as pierdan!<\/p>\n<p><a href=\"https:\/\/elcotarro.com\/wp-content\/uploads\/2015\/01\/Foto-5.-Mar\u00eda-M\u00e9rida-Car\u00e1tula-disco.jpg\"><img loading=\"lazy\" decoding=\"async\" class=\"aligncenter size-full wp-image-635\" src=\"https:\/\/elcotarro.com\/wp-content\/uploads\/2015\/01\/Foto-5.-Mar\u00eda-M\u00e9rida-Car\u00e1tula-disco.jpg\" alt=\"Foto 5.- Mar\u00eda M\u00e9rida - Car\u00e1tula disco\" width=\"420\" height=\"426\" srcset=\"https:\/\/elcotarro.com\/wp-content\/uploads\/2015\/01\/Foto-5.-Mar\u00eda-M\u00e9rida-Car\u00e1tula-disco.jpg 420w, https:\/\/elcotarro.com\/wp-content\/uploads\/2015\/01\/Foto-5.-Mar\u00eda-M\u00e9rida-Car\u00e1tula-disco-296x300.jpg 296w\" sizes=\"auto, (max-width: 420px) 100vw, 420px\" \/><\/a><\/p>\n<p class=\"comentario\" style=\"text-align: center;\">Car\u00e1tula de un disco de Mar\u00eda M\u00e9rida con la discogr\u00e1fica Columbia<\/p>\n","protected":false},"excerpt":{"rendered":"<p>\u2666\u00a0De izquierda a derecha podemos ver al bueno de Aurelio Abreu Exp\u00f3sito (con delantal y gorro de pirata) ejerciendo de pinche de cocina; a su lado, tocando el timplillo y cantando, nada m\u00e1s y nada menos que la gran cantante herre\u00f1a, Mar\u00eda M\u00e9rida, \u00abHija Predilecta\u00bb de El Hierro, que el pr\u00f3ximo 5 de junio cumplir\u00e1 &#8230; <a class=\"read-more\" href=\"https:\/\/elcotarro.com\/?p=633\">Read more<\/a><\/p>\n","protected":false},"author":2,"featured_media":0,"comment_status":"open","ping_status":"open","sticky":false,"template":"","format":"standard","meta":{"_jetpack_memberships_contains_paid_content":false,"footnotes":""},"categories":[43],"tags":[56,320,321,319],"class_list":["post-633","post","type-post","status-publish","format-standard","hentry","category-sociedad","tag-aurelio-abreu-exposito","tag-ernesto-hernandez","tag-juan-carlos-abreu","tag-maria-merida"],"yoast_head":"<!-- This site is optimized with the Yoast SEO plugin v27.0 - https:\/\/yoast.com\/product\/yoast-seo-wordpress\/ -->\n<title>\u00c9CHENLE REPUDIO A LA FOTOGRAF\u00cdA - El Cotarrro<\/title>\n<meta name=\"description\" content=\"De izquierda a derecha podemos ver al bueno de Aurelio Abreu Exp\u00f3sito (con delantal y gorro de pirata) ejerciendo de pinche de cocina; a su lado, tocando\" \/>\n<meta name=\"robots\" content=\"index, follow, max-snippet:-1, max-image-preview:large, max-video-preview:-1\" \/>\n<link rel=\"canonical\" href=\"https:\/\/elcotarro.com\/?p=633\" \/>\n<meta property=\"og:locale\" content=\"es_ES\" \/>\n<meta property=\"og:type\" content=\"article\" \/>\n<meta property=\"og:title\" content=\"\u00c9CHENLE REPUDIO A LA FOTOGRAF\u00cdA - El Cotarrro\" \/>\n<meta property=\"og:description\" content=\"De izquierda a derecha podemos ver al bueno de Aurelio Abreu Exp\u00f3sito (con delantal y gorro de pirata) ejerciendo de pinche de cocina; a su lado, tocando\" \/>\n<meta property=\"og:url\" content=\"https:\/\/elcotarro.com\/?p=633\" \/>\n<meta property=\"og:site_name\" content=\"El Cotarro\" \/>\n<meta property=\"article:publisher\" content=\"https:\/\/www.facebook.com\/ElCotarro.Tenerife\" \/>\n<meta property=\"article:published_time\" content=\"2015-01-04T12:04:36+00:00\" \/>\n<meta name=\"author\" content=\"Jos\u00e9 Carlos Marrero Gonz\u00e1lez\" \/>\n<meta name=\"twitter:label1\" content=\"Escrito por\" \/>\n\t<meta name=\"twitter:data1\" content=\"Jos\u00e9 Carlos Marrero Gonz\u00e1lez\" \/>\n\t<meta name=\"twitter:label2\" content=\"Tiempo de lectura\" \/>\n\t<meta name=\"twitter:data2\" content=\"1 minuto\" \/>\n<script type=\"application\/ld+json\" class=\"yoast-schema-graph\">{\"@context\":\"https:\/\/schema.org\",\"@graph\":[{\"@type\":\"Article\",\"@id\":\"https:\/\/elcotarro.com\/?p=633#article\",\"isPartOf\":{\"@id\":\"https:\/\/elcotarro.com\/?p=633\"},\"author\":{\"name\":\"Jos\u00e9 Carlos Marrero Gonz\u00e1lez\",\"@id\":\"https:\/\/elcotarro.com\/#\/schema\/person\/af537ee7d60d15984c7e0affcd8a918b\"},\"headline\":\"\u00c9CHENLE REPUDIO A LA FOTOGRAF\u00cdA\",\"datePublished\":\"2015-01-04T12:04:36+00:00\",\"mainEntityOfPage\":{\"@id\":\"https:\/\/elcotarro.com\/?p=633\"},\"wordCount\":198,\"commentCount\":0,\"publisher\":{\"@id\":\"https:\/\/elcotarro.com\/#organization\"},\"keywords\":[\"Aurelio Abreu Exp\u00f3sito\",\"Ernesto Hern\u00e1ndez\",\"Juan Carlos Abreu\",\"Mar\u00eda M\u00e9rida\"],\"articleSection\":[\"Sociedad\"],\"inLanguage\":\"es\",\"potentialAction\":[{\"@type\":\"CommentAction\",\"name\":\"Comment\",\"target\":[\"https:\/\/elcotarro.com\/?p=633#respond\"]}]},{\"@type\":\"WebPage\",\"@id\":\"https:\/\/elcotarro.com\/?p=633\",\"url\":\"https:\/\/elcotarro.com\/?p=633\",\"name\":\"\u00c9CHENLE REPUDIO A LA FOTOGRAF\u00cdA - El Cotarrro\",\"isPartOf\":{\"@id\":\"https:\/\/elcotarro.com\/#website\"},\"datePublished\":\"2015-01-04T12:04:36+00:00\",\"description\":\"De izquierda a derecha podemos ver al bueno de Aurelio Abreu Exp\u00f3sito (con delantal y gorro de pirata) ejerciendo de pinche de cocina; a su lado, tocando\",\"breadcrumb\":{\"@id\":\"https:\/\/elcotarro.com\/?p=633#breadcrumb\"},\"inLanguage\":\"es\",\"potentialAction\":[{\"@type\":\"ReadAction\",\"target\":[\"https:\/\/elcotarro.com\/?p=633\"]}]},{\"@type\":\"BreadcrumbList\",\"@id\":\"https:\/\/elcotarro.com\/?p=633#breadcrumb\",\"itemListElement\":[{\"@type\":\"ListItem\",\"position\":1,\"name\":\"Portada\",\"item\":\"https:\/\/elcotarro.com\/\"},{\"@type\":\"ListItem\",\"position\":2,\"name\":\"\u00c9CHENLE REPUDIO A LA FOTOGRAF\u00cdA\"}]},{\"@type\":\"WebSite\",\"@id\":\"https:\/\/elcotarro.com\/#website\",\"url\":\"https:\/\/elcotarro.com\/\",\"name\":\"El Cotarro\",\"description\":\"Peri\u00f3dico Digital Independiente dirigido por Jos\u00e9 Carlos Marrero\",\"publisher\":{\"@id\":\"https:\/\/elcotarro.com\/#organization\"},\"potentialAction\":[{\"@type\":\"SearchAction\",\"target\":{\"@type\":\"EntryPoint\",\"urlTemplate\":\"https:\/\/elcotarro.com\/?s={search_term_string}\"},\"query-input\":{\"@type\":\"PropertyValueSpecification\",\"valueRequired\":true,\"valueName\":\"search_term_string\"}}],\"inLanguage\":\"es\"},{\"@type\":\"Organization\",\"@id\":\"https:\/\/elcotarro.com\/#organization\",\"name\":\"El Cotarro\",\"url\":\"https:\/\/elcotarro.com\/\",\"logo\":{\"@type\":\"ImageObject\",\"inLanguage\":\"es\",\"@id\":\"https:\/\/elcotarro.com\/#\/schema\/logo\/image\/\",\"url\":\"https:\/\/elcotarro.com\/wp-content\/uploads\/2014\/09\/Cabecera_El_Cotarro_v2.jpg\",\"contentUrl\":\"https:\/\/elcotarro.com\/wp-content\/uploads\/2014\/09\/Cabecera_El_Cotarro_v2.jpg\",\"width\":3540,\"height\":441,\"caption\":\"El Cotarro\"},\"image\":{\"@id\":\"https:\/\/elcotarro.com\/#\/schema\/logo\/image\/\"},\"sameAs\":[\"https:\/\/www.facebook.com\/ElCotarro.Tenerife\"]},{\"@type\":\"Person\",\"@id\":\"https:\/\/elcotarro.com\/#\/schema\/person\/af537ee7d60d15984c7e0affcd8a918b\",\"name\":\"Jos\u00e9 Carlos Marrero Gonz\u00e1lez\",\"image\":{\"@type\":\"ImageObject\",\"inLanguage\":\"es\",\"@id\":\"https:\/\/elcotarro.com\/#\/schema\/person\/image\/\",\"url\":\"https:\/\/secure.gravatar.com\/avatar\/def4da036efb5d32c74d49c351f6dccc064dd69ad9f3aadc295c5a9a5391ca01?s=96&d=mm&r=g\",\"contentUrl\":\"https:\/\/secure.gravatar.com\/avatar\/def4da036efb5d32c74d49c351f6dccc064dd69ad9f3aadc295c5a9a5391ca01?s=96&d=mm&r=g\",\"caption\":\"Jos\u00e9 Carlos Marrero Gonz\u00e1lez\"},\"sameAs\":[\"https:\/\/elcotarro.com\"],\"url\":\"https:\/\/elcotarro.com\/?author=2\"}]}<\/script>\n<!-- \/ Yoast SEO plugin. -->","yoast_head_json":{"title":"\u00c9CHENLE REPUDIO A LA FOTOGRAF\u00cdA - El Cotarrro","description":"De izquierda a derecha podemos ver al bueno de Aurelio Abreu Exp\u00f3sito (con delantal y gorro de pirata) ejerciendo de pinche de cocina; a su lado, tocando","robots":{"index":"index","follow":"follow","max-snippet":"max-snippet:-1","max-image-preview":"max-image-preview:large","max-video-preview":"max-video-preview:-1"},"canonical":"https:\/\/elcotarro.com\/?p=633","og_locale":"es_ES","og_type":"article","og_title":"\u00c9CHENLE REPUDIO A LA FOTOGRAF\u00cdA - El Cotarrro","og_description":"De izquierda a derecha podemos ver al bueno de Aurelio Abreu Exp\u00f3sito (con delantal y gorro de pirata) ejerciendo de pinche de cocina; a su lado, tocando","og_url":"https:\/\/elcotarro.com\/?p=633","og_site_name":"El Cotarro","article_publisher":"https:\/\/www.facebook.com\/ElCotarro.Tenerife","article_published_time":"2015-01-04T12:04:36+00:00","author":"Jos\u00e9 Carlos Marrero Gonz\u00e1lez","twitter_misc":{"Escrito por":"Jos\u00e9 Carlos Marrero Gonz\u00e1lez","Tiempo de lectura":"1 minuto"},"schema":{"@context":"https:\/\/schema.org","@graph":[{"@type":"Article","@id":"https:\/\/elcotarro.com\/?p=633#article","isPartOf":{"@id":"https:\/\/elcotarro.com\/?p=633"},"author":{"name":"Jos\u00e9 Carlos Marrero Gonz\u00e1lez","@id":"https:\/\/elcotarro.com\/#\/schema\/person\/af537ee7d60d15984c7e0affcd8a918b"},"headline":"\u00c9CHENLE REPUDIO A LA FOTOGRAF\u00cdA","datePublished":"2015-01-04T12:04:36+00:00","mainEntityOfPage":{"@id":"https:\/\/elcotarro.com\/?p=633"},"wordCount":198,"commentCount":0,"publisher":{"@id":"https:\/\/elcotarro.com\/#organization"},"keywords":["Aurelio Abreu Exp\u00f3sito","Ernesto Hern\u00e1ndez","Juan Carlos Abreu","Mar\u00eda M\u00e9rida"],"articleSection":["Sociedad"],"inLanguage":"es","potentialAction":[{"@type":"CommentAction","name":"Comment","target":["https:\/\/elcotarro.com\/?p=633#respond"]}]},{"@type":"WebPage","@id":"https:\/\/elcotarro.com\/?p=633","url":"https:\/\/elcotarro.com\/?p=633","name":"\u00c9CHENLE REPUDIO A LA FOTOGRAF\u00cdA - El Cotarrro","isPartOf":{"@id":"https:\/\/elcotarro.com\/#website"},"datePublished":"2015-01-04T12:04:36+00:00","description":"De izquierda a derecha podemos ver al bueno de Aurelio Abreu Exp\u00f3sito (con delantal y gorro de pirata) ejerciendo de pinche de cocina; a su lado, tocando","breadcrumb":{"@id":"https:\/\/elcotarro.com\/?p=633#breadcrumb"},"inLanguage":"es","potentialAction":[{"@type":"ReadAction","target":["https:\/\/elcotarro.com\/?p=633"]}]},{"@type":"BreadcrumbList","@id":"https:\/\/elcotarro.com\/?p=633#breadcrumb","itemListElement":[{"@type":"ListItem","position":1,"name":"Portada","item":"https:\/\/elcotarro.com\/"},{"@type":"ListItem","position":2,"name":"\u00c9CHENLE REPUDIO A LA FOTOGRAF\u00cdA"}]},{"@type":"WebSite","@id":"https:\/\/elcotarro.com\/#website","url":"https:\/\/elcotarro.com\/","name":"El Cotarro","description":"Peri\u00f3dico Digital Independiente dirigido por Jos\u00e9 Carlos Marrero","publisher":{"@id":"https:\/\/elcotarro.com\/#organization"},"potentialAction":[{"@type":"SearchAction","target":{"@type":"EntryPoint","urlTemplate":"https:\/\/elcotarro.com\/?s={search_term_string}"},"query-input":{"@type":"PropertyValueSpecification","valueRequired":true,"valueName":"search_term_string"}}],"inLanguage":"es"},{"@type":"Organization","@id":"https:\/\/elcotarro.com\/#organization","name":"El Cotarro","url":"https:\/\/elcotarro.com\/","logo":{"@type":"ImageObject","inLanguage":"es","@id":"https:\/\/elcotarro.com\/#\/schema\/logo\/image\/","url":"https:\/\/elcotarro.com\/wp-content\/uploads\/2014\/09\/Cabecera_El_Cotarro_v2.jpg","contentUrl":"https:\/\/elcotarro.com\/wp-content\/uploads\/2014\/09\/Cabecera_El_Cotarro_v2.jpg","width":3540,"height":441,"caption":"El Cotarro"},"image":{"@id":"https:\/\/elcotarro.com\/#\/schema\/logo\/image\/"},"sameAs":["https:\/\/www.facebook.com\/ElCotarro.Tenerife"]},{"@type":"Person","@id":"https:\/\/elcotarro.com\/#\/schema\/person\/af537ee7d60d15984c7e0affcd8a918b","name":"Jos\u00e9 Carlos Marrero Gonz\u00e1lez","image":{"@type":"ImageObject","inLanguage":"es","@id":"https:\/\/elcotarro.com\/#\/schema\/person\/image\/","url":"https:\/\/secure.gravatar.com\/avatar\/def4da036efb5d32c74d49c351f6dccc064dd69ad9f3aadc295c5a9a5391ca01?s=96&d=mm&r=g","contentUrl":"https:\/\/secure.gravatar.com\/avatar\/def4da036efb5d32c74d49c351f6dccc064dd69ad9f3aadc295c5a9a5391ca01?s=96&d=mm&r=g","caption":"Jos\u00e9 Carlos Marrero Gonz\u00e1lez"},"sameAs":["https:\/\/elcotarro.com"],"url":"https:\/\/elcotarro.com\/?author=2"}]}},"jetpack_featured_media_url":"","jetpack_sharing_enabled":true,"_links":{"self":[{"href":"https:\/\/elcotarro.com\/index.php?rest_route=\/wp\/v2\/posts\/633","targetHints":{"allow":["GET"]}}],"collection":[{"href":"https:\/\/elcotarro.com\/index.php?rest_route=\/wp\/v2\/posts"}],"about":[{"href":"https:\/\/elcotarro.com\/index.php?rest_route=\/wp\/v2\/types\/post"}],"author":[{"embeddable":true,"href":"https:\/\/elcotarro.com\/index.php?rest_route=\/wp\/v2\/users\/2"}],"replies":[{"embeddable":true,"href":"https:\/\/elcotarro.com\/index.php?rest_route=%2Fwp%2Fv2%2Fcomments&post=633"}],"version-history":[{"count":2,"href":"https:\/\/elcotarro.com\/index.php?rest_route=\/wp\/v2\/posts\/633\/revisions"}],"predecessor-version":[{"id":636,"href":"https:\/\/elcotarro.com\/index.php?rest_route=\/wp\/v2\/posts\/633\/revisions\/636"}],"wp:attachment":[{"href":"https:\/\/elcotarro.com\/index.php?rest_route=%2Fwp%2Fv2%2Fmedia&parent=633"}],"wp:term":[{"taxonomy":"category","embeddable":true,"href":"https:\/\/elcotarro.com\/index.php?rest_route=%2Fwp%2Fv2%2Fcategories&post=633"},{"taxonomy":"post_tag","embeddable":true,"href":"https:\/\/elcotarro.com\/index.php?rest_route=%2Fwp%2Fv2%2Ftags&post=633"}],"curies":[{"name":"wp","href":"https:\/\/api.w.org\/{rel}","templated":true}]}}