{"id":641,"date":"2015-01-04T12:05:18","date_gmt":"2015-01-04T12:05:18","guid":{"rendered":"https:\/\/elcotarro.com\/?p=641"},"modified":"2015-01-04T10:57:58","modified_gmt":"2015-01-04T10:57:58","slug":"que-nunca-se-pierda-el-vacilon","status":"publish","type":"post","link":"https:\/\/elcotarro.com\/?p=641","title":{"rendered":"QUE NUNCA SE PIERDA EL VACIL\u00d3N"},"content":{"rendered":"<p>\u2666\u00a0Cada d\u00eda estoy m\u00e1s convencido de que necesitamos pol\u00edticos preparados, honestos y trabajadores, pero tambi\u00e9n sencillos, alegres y campechanos, que bajen a ras de calle para compartir ratos de cari\u00f1o y amistad con familiares y amigos\u2026 Como dir\u00eda el lagunero <strong>Antonio Rodr\u00edguez <em>\u00abEl Zapa\u00bb<\/em><\/strong><em>,<\/em> un rato de tenderete, una buena co\u00f1a, un buen vacil\u00f3n o un vaso de buen vino, hacen m\u00e1s que una caja de calcio\u2026 As\u00ed debe pensarlo el socialista <strong>Aurelio Abreu Exp\u00f3sito<\/strong>, vicepresidente primero del Cabildo Insular de Tenerife, simp\u00e1tico protagonista de la fotograf\u00eda que, en exclusiva, me ha hecho llegar una fiel lectora de <em>El Cotarro<\/em> y que, sin duda, no tiene desperdicio\u2026 Fue sacada el pasado 23 de diciembre en una bodega de Buenavista del Norte, donde los presentes estaban preparando la cena de Nochebuena\u2026 Ojal\u00e1 muchos pol\u00edticos disfrutaran de buenos ratos en los que se pudieran sacar fotograf\u00edas como esta\u2026<\/p>\n<p><a href=\"https:\/\/elcotarro.com\/wp-content\/uploads\/2015\/01\/Foto-4.-Aurelio-Abreu-y-amigos.jpg\"><img loading=\"lazy\" decoding=\"async\" class=\"aligncenter wp-image-642\" src=\"https:\/\/elcotarro.com\/wp-content\/uploads\/2015\/01\/Foto-4.-Aurelio-Abreu-y-amigos.jpg\" alt=\"Foto 4.- Aurelio Abreu y amigos\" width=\"550\" height=\"388\" srcset=\"https:\/\/elcotarro.com\/wp-content\/uploads\/2015\/01\/Foto-4.-Aurelio-Abreu-y-amigos.jpg 632w, https:\/\/elcotarro.com\/wp-content\/uploads\/2015\/01\/Foto-4.-Aurelio-Abreu-y-amigos-300x212.jpg 300w\" sizes=\"auto, (max-width: 550px) 100vw, 550px\" \/><\/a><\/p>\n<p class=\"comentario\" style=\"text-align: center;\">Aurelio Abreu Exp\u00f3sito (i), Mar\u00eda M\u00e9rida, Ernesto Hern\u00e1ndez y Juan Carlos Abreu<\/p>\n","protected":false},"excerpt":{"rendered":"<p>\u2666\u00a0Cada d\u00eda estoy m\u00e1s convencido de que necesitamos pol\u00edticos preparados, honestos y trabajadores, pero tambi\u00e9n sencillos, alegres y campechanos, que bajen a ras de calle para compartir ratos de cari\u00f1o y amistad con familiares y amigos\u2026 Como dir\u00eda el lagunero Antonio Rodr\u00edguez \u00abEl Zapa\u00bb, un rato de tenderete, una buena co\u00f1a, un buen vacil\u00f3n o &#8230; <a class=\"read-more\" href=\"https:\/\/elcotarro.com\/?p=641\">Read more<\/a><\/p>\n","protected":false},"author":2,"featured_media":0,"comment_status":"open","ping_status":"open","sticky":false,"template":"","format":"standard","meta":{"_jetpack_memberships_contains_paid_content":false,"footnotes":""},"categories":[43],"tags":[322,56],"class_list":["post-641","post","type-post","status-publish","format-standard","hentry","category-sociedad","tag-antonio-rodriguez-el-zapa","tag-aurelio-abreu-exposito"],"yoast_head":"<!-- This site is optimized with the Yoast SEO plugin v27.0 - https:\/\/yoast.com\/product\/yoast-seo-wordpress\/ -->\n<title>QUE NUNCA SE PIERDA EL VACIL\u00d3N - El Cotarrro<\/title>\n<meta name=\"description\" content=\"Cada d\u00eda estoy m\u00e1s convencido de que necesitamos pol\u00edticos preparados, honestos y trabajadores, pero tambi\u00e9n sencillos, alegres y ...\" \/>\n<meta name=\"robots\" content=\"index, follow, max-snippet:-1, max-image-preview:large, max-video-preview:-1\" \/>\n<link rel=\"canonical\" href=\"https:\/\/elcotarro.com\/?p=641\" \/>\n<meta property=\"og:locale\" content=\"es_ES\" \/>\n<meta property=\"og:type\" content=\"article\" \/>\n<meta property=\"og:title\" content=\"QUE NUNCA SE PIERDA EL VACIL\u00d3N - El Cotarrro\" \/>\n<meta property=\"og:description\" content=\"Cada d\u00eda estoy m\u00e1s convencido de que necesitamos pol\u00edticos preparados, honestos y trabajadores, pero tambi\u00e9n sencillos, alegres y ...\" \/>\n<meta property=\"og:url\" content=\"https:\/\/elcotarro.com\/?p=641\" \/>\n<meta property=\"og:site_name\" content=\"El Cotarro\" \/>\n<meta property=\"article:publisher\" content=\"https:\/\/www.facebook.com\/ElCotarro.Tenerife\" \/>\n<meta property=\"article:published_time\" content=\"2015-01-04T12:05:18+00:00\" \/>\n<meta property=\"og:image\" content=\"https:\/\/elcotarro.com\/wp-content\/uploads\/2015\/01\/Foto-4.-Aurelio-Abreu-y-amigos.jpg\" \/>\n<meta name=\"author\" content=\"Jos\u00e9 Carlos Marrero Gonz\u00e1lez\" \/>\n<meta name=\"twitter:label1\" content=\"Escrito por\" \/>\n\t<meta name=\"twitter:data1\" content=\"Jos\u00e9 Carlos Marrero Gonz\u00e1lez\" \/>\n\t<meta name=\"twitter:label2\" content=\"Tiempo de lectura\" \/>\n\t<meta name=\"twitter:data2\" content=\"1 minuto\" \/>\n<script type=\"application\/ld+json\" class=\"yoast-schema-graph\">{\"@context\":\"https:\/\/schema.org\",\"@graph\":[{\"@type\":\"Article\",\"@id\":\"https:\/\/elcotarro.com\/?p=641#article\",\"isPartOf\":{\"@id\":\"https:\/\/elcotarro.com\/?p=641\"},\"author\":{\"name\":\"Jos\u00e9 Carlos Marrero Gonz\u00e1lez\",\"@id\":\"https:\/\/elcotarro.com\/#\/schema\/person\/af537ee7d60d15984c7e0affcd8a918b\"},\"headline\":\"QUE NUNCA SE PIERDA EL VACIL\u00d3N\",\"datePublished\":\"2015-01-04T12:05:18+00:00\",\"mainEntityOfPage\":{\"@id\":\"https:\/\/elcotarro.com\/?p=641\"},\"wordCount\":183,\"commentCount\":0,\"publisher\":{\"@id\":\"https:\/\/elcotarro.com\/#organization\"},\"image\":{\"@id\":\"https:\/\/elcotarro.com\/?p=641#primaryimage\"},\"thumbnailUrl\":\"https:\/\/elcotarro.com\/wp-content\/uploads\/2015\/01\/Foto-4.-Aurelio-Abreu-y-amigos.jpg\",\"keywords\":[\"Antonio Rodr\u00edguez \\\"El Zapa\\\"\",\"Aurelio Abreu Exp\u00f3sito\"],\"articleSection\":[\"Sociedad\"],\"inLanguage\":\"es\",\"potentialAction\":[{\"@type\":\"CommentAction\",\"name\":\"Comment\",\"target\":[\"https:\/\/elcotarro.com\/?p=641#respond\"]}]},{\"@type\":\"WebPage\",\"@id\":\"https:\/\/elcotarro.com\/?p=641\",\"url\":\"https:\/\/elcotarro.com\/?p=641\",\"name\":\"QUE NUNCA SE PIERDA EL VACIL\u00d3N - El Cotarrro\",\"isPartOf\":{\"@id\":\"https:\/\/elcotarro.com\/#website\"},\"primaryImageOfPage\":{\"@id\":\"https:\/\/elcotarro.com\/?p=641#primaryimage\"},\"image\":{\"@id\":\"https:\/\/elcotarro.com\/?p=641#primaryimage\"},\"thumbnailUrl\":\"https:\/\/elcotarro.com\/wp-content\/uploads\/2015\/01\/Foto-4.-Aurelio-Abreu-y-amigos.jpg\",\"datePublished\":\"2015-01-04T12:05:18+00:00\",\"description\":\"Cada d\u00eda estoy m\u00e1s convencido de que necesitamos pol\u00edticos preparados, honestos y trabajadores, pero tambi\u00e9n sencillos, alegres y ...\",\"breadcrumb\":{\"@id\":\"https:\/\/elcotarro.com\/?p=641#breadcrumb\"},\"inLanguage\":\"es\",\"potentialAction\":[{\"@type\":\"ReadAction\",\"target\":[\"https:\/\/elcotarro.com\/?p=641\"]}]},{\"@type\":\"ImageObject\",\"inLanguage\":\"es\",\"@id\":\"https:\/\/elcotarro.com\/?p=641#primaryimage\",\"url\":\"https:\/\/elcotarro.com\/wp-content\/uploads\/2015\/01\/Foto-4.-Aurelio-Abreu-y-amigos.jpg\",\"contentUrl\":\"https:\/\/elcotarro.com\/wp-content\/uploads\/2015\/01\/Foto-4.-Aurelio-Abreu-y-amigos.jpg\",\"width\":632,\"height\":446},{\"@type\":\"BreadcrumbList\",\"@id\":\"https:\/\/elcotarro.com\/?p=641#breadcrumb\",\"itemListElement\":[{\"@type\":\"ListItem\",\"position\":1,\"name\":\"Portada\",\"item\":\"https:\/\/elcotarro.com\/\"},{\"@type\":\"ListItem\",\"position\":2,\"name\":\"QUE NUNCA SE PIERDA EL VACIL\u00d3N\"}]},{\"@type\":\"WebSite\",\"@id\":\"https:\/\/elcotarro.com\/#website\",\"url\":\"https:\/\/elcotarro.com\/\",\"name\":\"El Cotarro\",\"description\":\"Peri\u00f3dico Digital Independiente dirigido por Jos\u00e9 Carlos Marrero\",\"publisher\":{\"@id\":\"https:\/\/elcotarro.com\/#organization\"},\"potentialAction\":[{\"@type\":\"SearchAction\",\"target\":{\"@type\":\"EntryPoint\",\"urlTemplate\":\"https:\/\/elcotarro.com\/?s={search_term_string}\"},\"query-input\":{\"@type\":\"PropertyValueSpecification\",\"valueRequired\":true,\"valueName\":\"search_term_string\"}}],\"inLanguage\":\"es\"},{\"@type\":\"Organization\",\"@id\":\"https:\/\/elcotarro.com\/#organization\",\"name\":\"El Cotarro\",\"url\":\"https:\/\/elcotarro.com\/\",\"logo\":{\"@type\":\"ImageObject\",\"inLanguage\":\"es\",\"@id\":\"https:\/\/elcotarro.com\/#\/schema\/logo\/image\/\",\"url\":\"https:\/\/elcotarro.com\/wp-content\/uploads\/2014\/09\/Cabecera_El_Cotarro_v2.jpg\",\"contentUrl\":\"https:\/\/elcotarro.com\/wp-content\/uploads\/2014\/09\/Cabecera_El_Cotarro_v2.jpg\",\"width\":3540,\"height\":441,\"caption\":\"El Cotarro\"},\"image\":{\"@id\":\"https:\/\/elcotarro.com\/#\/schema\/logo\/image\/\"},\"sameAs\":[\"https:\/\/www.facebook.com\/ElCotarro.Tenerife\"]},{\"@type\":\"Person\",\"@id\":\"https:\/\/elcotarro.com\/#\/schema\/person\/af537ee7d60d15984c7e0affcd8a918b\",\"name\":\"Jos\u00e9 Carlos Marrero Gonz\u00e1lez\",\"image\":{\"@type\":\"ImageObject\",\"inLanguage\":\"es\",\"@id\":\"https:\/\/elcotarro.com\/#\/schema\/person\/image\/\",\"url\":\"https:\/\/secure.gravatar.com\/avatar\/def4da036efb5d32c74d49c351f6dccc064dd69ad9f3aadc295c5a9a5391ca01?s=96&d=mm&r=g\",\"contentUrl\":\"https:\/\/secure.gravatar.com\/avatar\/def4da036efb5d32c74d49c351f6dccc064dd69ad9f3aadc295c5a9a5391ca01?s=96&d=mm&r=g\",\"caption\":\"Jos\u00e9 Carlos Marrero Gonz\u00e1lez\"},\"sameAs\":[\"https:\/\/elcotarro.com\"],\"url\":\"https:\/\/elcotarro.com\/?author=2\"}]}<\/script>\n<!-- \/ Yoast SEO plugin. -->","yoast_head_json":{"title":"QUE NUNCA SE PIERDA EL VACIL\u00d3N - El Cotarrro","description":"Cada d\u00eda estoy m\u00e1s convencido de que necesitamos pol\u00edticos preparados, honestos y trabajadores, pero tambi\u00e9n sencillos, alegres y ...","robots":{"index":"index","follow":"follow","max-snippet":"max-snippet:-1","max-image-preview":"max-image-preview:large","max-video-preview":"max-video-preview:-1"},"canonical":"https:\/\/elcotarro.com\/?p=641","og_locale":"es_ES","og_type":"article","og_title":"QUE NUNCA SE PIERDA EL VACIL\u00d3N - El Cotarrro","og_description":"Cada d\u00eda estoy m\u00e1s convencido de que necesitamos pol\u00edticos preparados, honestos y trabajadores, pero tambi\u00e9n sencillos, alegres y ...","og_url":"https:\/\/elcotarro.com\/?p=641","og_site_name":"El Cotarro","article_publisher":"https:\/\/www.facebook.com\/ElCotarro.Tenerife","article_published_time":"2015-01-04T12:05:18+00:00","og_image":[{"url":"https:\/\/elcotarro.com\/wp-content\/uploads\/2015\/01\/Foto-4.-Aurelio-Abreu-y-amigos.jpg","type":"","width":"","height":""}],"author":"Jos\u00e9 Carlos Marrero Gonz\u00e1lez","twitter_misc":{"Escrito por":"Jos\u00e9 Carlos Marrero Gonz\u00e1lez","Tiempo de lectura":"1 minuto"},"schema":{"@context":"https:\/\/schema.org","@graph":[{"@type":"Article","@id":"https:\/\/elcotarro.com\/?p=641#article","isPartOf":{"@id":"https:\/\/elcotarro.com\/?p=641"},"author":{"name":"Jos\u00e9 Carlos Marrero Gonz\u00e1lez","@id":"https:\/\/elcotarro.com\/#\/schema\/person\/af537ee7d60d15984c7e0affcd8a918b"},"headline":"QUE NUNCA SE PIERDA EL VACIL\u00d3N","datePublished":"2015-01-04T12:05:18+00:00","mainEntityOfPage":{"@id":"https:\/\/elcotarro.com\/?p=641"},"wordCount":183,"commentCount":0,"publisher":{"@id":"https:\/\/elcotarro.com\/#organization"},"image":{"@id":"https:\/\/elcotarro.com\/?p=641#primaryimage"},"thumbnailUrl":"https:\/\/elcotarro.com\/wp-content\/uploads\/2015\/01\/Foto-4.-Aurelio-Abreu-y-amigos.jpg","keywords":["Antonio Rodr\u00edguez \"El Zapa\"","Aurelio Abreu Exp\u00f3sito"],"articleSection":["Sociedad"],"inLanguage":"es","potentialAction":[{"@type":"CommentAction","name":"Comment","target":["https:\/\/elcotarro.com\/?p=641#respond"]}]},{"@type":"WebPage","@id":"https:\/\/elcotarro.com\/?p=641","url":"https:\/\/elcotarro.com\/?p=641","name":"QUE NUNCA SE PIERDA EL VACIL\u00d3N - El Cotarrro","isPartOf":{"@id":"https:\/\/elcotarro.com\/#website"},"primaryImageOfPage":{"@id":"https:\/\/elcotarro.com\/?p=641#primaryimage"},"image":{"@id":"https:\/\/elcotarro.com\/?p=641#primaryimage"},"thumbnailUrl":"https:\/\/elcotarro.com\/wp-content\/uploads\/2015\/01\/Foto-4.-Aurelio-Abreu-y-amigos.jpg","datePublished":"2015-01-04T12:05:18+00:00","description":"Cada d\u00eda estoy m\u00e1s convencido de que necesitamos pol\u00edticos preparados, honestos y trabajadores, pero tambi\u00e9n sencillos, alegres y ...","breadcrumb":{"@id":"https:\/\/elcotarro.com\/?p=641#breadcrumb"},"inLanguage":"es","potentialAction":[{"@type":"ReadAction","target":["https:\/\/elcotarro.com\/?p=641"]}]},{"@type":"ImageObject","inLanguage":"es","@id":"https:\/\/elcotarro.com\/?p=641#primaryimage","url":"https:\/\/elcotarro.com\/wp-content\/uploads\/2015\/01\/Foto-4.-Aurelio-Abreu-y-amigos.jpg","contentUrl":"https:\/\/elcotarro.com\/wp-content\/uploads\/2015\/01\/Foto-4.-Aurelio-Abreu-y-amigos.jpg","width":632,"height":446},{"@type":"BreadcrumbList","@id":"https:\/\/elcotarro.com\/?p=641#breadcrumb","itemListElement":[{"@type":"ListItem","position":1,"name":"Portada","item":"https:\/\/elcotarro.com\/"},{"@type":"ListItem","position":2,"name":"QUE NUNCA SE PIERDA EL VACIL\u00d3N"}]},{"@type":"WebSite","@id":"https:\/\/elcotarro.com\/#website","url":"https:\/\/elcotarro.com\/","name":"El Cotarro","description":"Peri\u00f3dico Digital Independiente dirigido por Jos\u00e9 Carlos Marrero","publisher":{"@id":"https:\/\/elcotarro.com\/#organization"},"potentialAction":[{"@type":"SearchAction","target":{"@type":"EntryPoint","urlTemplate":"https:\/\/elcotarro.com\/?s={search_term_string}"},"query-input":{"@type":"PropertyValueSpecification","valueRequired":true,"valueName":"search_term_string"}}],"inLanguage":"es"},{"@type":"Organization","@id":"https:\/\/elcotarro.com\/#organization","name":"El Cotarro","url":"https:\/\/elcotarro.com\/","logo":{"@type":"ImageObject","inLanguage":"es","@id":"https:\/\/elcotarro.com\/#\/schema\/logo\/image\/","url":"https:\/\/elcotarro.com\/wp-content\/uploads\/2014\/09\/Cabecera_El_Cotarro_v2.jpg","contentUrl":"https:\/\/elcotarro.com\/wp-content\/uploads\/2014\/09\/Cabecera_El_Cotarro_v2.jpg","width":3540,"height":441,"caption":"El Cotarro"},"image":{"@id":"https:\/\/elcotarro.com\/#\/schema\/logo\/image\/"},"sameAs":["https:\/\/www.facebook.com\/ElCotarro.Tenerife"]},{"@type":"Person","@id":"https:\/\/elcotarro.com\/#\/schema\/person\/af537ee7d60d15984c7e0affcd8a918b","name":"Jos\u00e9 Carlos Marrero Gonz\u00e1lez","image":{"@type":"ImageObject","inLanguage":"es","@id":"https:\/\/elcotarro.com\/#\/schema\/person\/image\/","url":"https:\/\/secure.gravatar.com\/avatar\/def4da036efb5d32c74d49c351f6dccc064dd69ad9f3aadc295c5a9a5391ca01?s=96&d=mm&r=g","contentUrl":"https:\/\/secure.gravatar.com\/avatar\/def4da036efb5d32c74d49c351f6dccc064dd69ad9f3aadc295c5a9a5391ca01?s=96&d=mm&r=g","caption":"Jos\u00e9 Carlos Marrero Gonz\u00e1lez"},"sameAs":["https:\/\/elcotarro.com"],"url":"https:\/\/elcotarro.com\/?author=2"}]}},"jetpack_featured_media_url":"","jetpack_sharing_enabled":true,"_links":{"self":[{"href":"https:\/\/elcotarro.com\/index.php?rest_route=\/wp\/v2\/posts\/641","targetHints":{"allow":["GET"]}}],"collection":[{"href":"https:\/\/elcotarro.com\/index.php?rest_route=\/wp\/v2\/posts"}],"about":[{"href":"https:\/\/elcotarro.com\/index.php?rest_route=\/wp\/v2\/types\/post"}],"author":[{"embeddable":true,"href":"https:\/\/elcotarro.com\/index.php?rest_route=\/wp\/v2\/users\/2"}],"replies":[{"embeddable":true,"href":"https:\/\/elcotarro.com\/index.php?rest_route=%2Fwp%2Fv2%2Fcomments&post=641"}],"version-history":[{"count":1,"href":"https:\/\/elcotarro.com\/index.php?rest_route=\/wp\/v2\/posts\/641\/revisions"}],"predecessor-version":[{"id":643,"href":"https:\/\/elcotarro.com\/index.php?rest_route=\/wp\/v2\/posts\/641\/revisions\/643"}],"wp:attachment":[{"href":"https:\/\/elcotarro.com\/index.php?rest_route=%2Fwp%2Fv2%2Fmedia&parent=641"}],"wp:term":[{"taxonomy":"category","embeddable":true,"href":"https:\/\/elcotarro.com\/index.php?rest_route=%2Fwp%2Fv2%2Fcategories&post=641"},{"taxonomy":"post_tag","embeddable":true,"href":"https:\/\/elcotarro.com\/index.php?rest_route=%2Fwp%2Fv2%2Ftags&post=641"}],"curies":[{"name":"wp","href":"https:\/\/api.w.org\/{rel}","templated":true}]}}