{"id":6429,"date":"2019-02-10T11:05:21","date_gmt":"2019-02-10T11:05:21","guid":{"rendered":"https:\/\/elcotarro.com\/?p=6429"},"modified":"2019-02-10T10:28:35","modified_gmt":"2019-02-10T10:28:35","slug":"50-saludables-anos-del-grupo-hospiten","status":"publish","type":"post","link":"https:\/\/elcotarro.com\/?p=6429","title":{"rendered":"50 SALUDABLES A\u00d1OS DEL GRUPO HOSPIT\u00c9N"},"content":{"rendered":"<p>He tenido acceso a una fotograf\u00eda muy especial que, en primicia y de forma exclusiva, tenemos el privilegio de publicar hoy en <strong><em>El Cotarro\u00a0<\/em><\/strong>del peri\u00f3dico <strong>EL D\u00cdA<\/strong>. Una foto en la que, una respetada familia tinerfe\u00f1a, la <strong>Familia Cobiella<\/strong>, celebra el emblem\u00e1tico aniversario de 50 a\u00f1os de servicio a la sociedad canaria, en el \u00e1mbito del importante, estrat\u00e9gico y sensible sector de la Sanidad. Me refiero a la familia propietaria del 100% del capital del Grupo Hospiten, que hoy lidera como presidente el doctor <strong>Pedro Luis Cobiella Su\u00e1rez<\/strong>. Estamos hablando de un grupo empresarial 100% canario, que hoy cuenta con 21 centros m\u00e9dico-hospitalarios, m\u00e1s de 1.200 camas, unos 5.100 empleados, una media de 1.700.000 pacientes atendidos al a\u00f1o y que cerr\u00f3 el a\u00f1o 2018 con una cifra de negocio de 335 millones de euros.<\/p>\n<p style=\"text-align: center\"><a href=\"https:\/\/elcotarro.com\/wp-content\/uploads\/2019\/02\/FOTO-1.-PEDRO-LUIS-COBIELLA.jpg\"><img loading=\"lazy\" decoding=\"async\" class=\"aligncenter size-full wp-image-6430\" src=\"https:\/\/elcotarro.com\/wp-content\/uploads\/2019\/02\/FOTO-1.-PEDRO-LUIS-COBIELLA.jpg\" alt=\"FOTO 1.- PEDRO LUIS COBIELLA\" width=\"578\" height=\"610\" srcset=\"https:\/\/elcotarro.com\/wp-content\/uploads\/2019\/02\/FOTO-1.-PEDRO-LUIS-COBIELLA.jpg 578w, https:\/\/elcotarro.com\/wp-content\/uploads\/2019\/02\/FOTO-1.-PEDRO-LUIS-COBIELLA-284x300.jpg 284w\" sizes=\"auto, (max-width: 578px) 100vw, 578px\" \/><\/a><\/p>\n<p style=\"text-align: center\"><em>El doctor Pedro Luis Cobiella Su\u00e1rez, presidente del Grupo Hospiten<\/em><\/p>\n","protected":false},"excerpt":{"rendered":"<p>He tenido acceso a una fotograf\u00eda muy especial que, en primicia y de forma exclusiva, tenemos el privilegio de publicar hoy en El Cotarro\u00a0del peri\u00f3dico EL D\u00cdA. Una foto en la que, una respetada familia tinerfe\u00f1a, la Familia Cobiella, celebra el emblem\u00e1tico aniversario de 50 a\u00f1os de servicio a la sociedad canaria, en el \u00e1mbito &#8230; <a class=\"read-more\" href=\"https:\/\/elcotarro.com\/?p=6429\">Read more<\/a><\/p>\n","protected":false},"author":2,"featured_media":0,"comment_status":"open","ping_status":"open","sticky":false,"template":"","format":"standard","meta":{"_jetpack_memberships_contains_paid_content":false,"footnotes":""},"categories":[1],"tags":[],"class_list":["post-6429","post","type-post","status-publish","format-standard","hentry","category-sin-categoria"],"yoast_head":"<!-- This site is optimized with the Yoast SEO plugin v27.0 - https:\/\/yoast.com\/product\/yoast-seo-wordpress\/ -->\n<title>50 SALUDABLES A\u00d1OS DEL GRUPO HOSPIT\u00c9N - El Cotarro<\/title>\n<meta name=\"robots\" content=\"index, follow, max-snippet:-1, max-image-preview:large, max-video-preview:-1\" \/>\n<link rel=\"canonical\" href=\"https:\/\/elcotarro.com\/?p=6429\" \/>\n<meta property=\"og:locale\" content=\"es_ES\" \/>\n<meta property=\"og:type\" content=\"article\" \/>\n<meta property=\"og:title\" content=\"50 SALUDABLES A\u00d1OS DEL GRUPO HOSPIT\u00c9N - El Cotarro\" \/>\n<meta property=\"og:description\" content=\"He tenido acceso a una fotograf\u00eda muy especial que, en primicia y de forma exclusiva, tenemos el privilegio de publicar hoy en El Cotarro\u00a0del peri\u00f3dico EL D\u00cdA. Una foto en la que, una respetada familia tinerfe\u00f1a, la Familia Cobiella, celebra el emblem\u00e1tico aniversario de 50 a\u00f1os de servicio a la sociedad canaria, en el \u00e1mbito ... Read more\" \/>\n<meta property=\"og:url\" content=\"https:\/\/elcotarro.com\/?p=6429\" \/>\n<meta property=\"og:site_name\" content=\"El Cotarro\" \/>\n<meta property=\"article:publisher\" content=\"https:\/\/www.facebook.com\/ElCotarro.Tenerife\" \/>\n<meta property=\"article:published_time\" content=\"2019-02-10T11:05:21+00:00\" \/>\n<meta property=\"og:image\" content=\"https:\/\/elcotarro.com\/wp-content\/uploads\/2019\/02\/FOTO-1.-PEDRO-LUIS-COBIELLA.jpg\" \/>\n<meta name=\"author\" content=\"Jos\u00e9 Carlos Marrero Gonz\u00e1lez\" \/>\n<meta name=\"twitter:label1\" content=\"Escrito por\" \/>\n\t<meta name=\"twitter:data1\" content=\"Jos\u00e9 Carlos Marrero Gonz\u00e1lez\" \/>\n\t<meta name=\"twitter:label2\" content=\"Tiempo de lectura\" \/>\n\t<meta name=\"twitter:data2\" content=\"1 minuto\" \/>\n<script type=\"application\/ld+json\" class=\"yoast-schema-graph\">{\"@context\":\"https:\/\/schema.org\",\"@graph\":[{\"@type\":\"Article\",\"@id\":\"https:\/\/elcotarro.com\/?p=6429#article\",\"isPartOf\":{\"@id\":\"https:\/\/elcotarro.com\/?p=6429\"},\"author\":{\"name\":\"Jos\u00e9 Carlos Marrero Gonz\u00e1lez\",\"@id\":\"https:\/\/elcotarro.com\/#\/schema\/person\/af537ee7d60d15984c7e0affcd8a918b\"},\"headline\":\"50 SALUDABLES A\u00d1OS DEL GRUPO HOSPIT\u00c9N\",\"datePublished\":\"2019-02-10T11:05:21+00:00\",\"mainEntityOfPage\":{\"@id\":\"https:\/\/elcotarro.com\/?p=6429\"},\"wordCount\":156,\"commentCount\":0,\"publisher\":{\"@id\":\"https:\/\/elcotarro.com\/#organization\"},\"image\":{\"@id\":\"https:\/\/elcotarro.com\/?p=6429#primaryimage\"},\"thumbnailUrl\":\"https:\/\/elcotarro.com\/wp-content\/uploads\/2019\/02\/FOTO-1.-PEDRO-LUIS-COBIELLA.jpg\",\"inLanguage\":\"es\",\"potentialAction\":[{\"@type\":\"CommentAction\",\"name\":\"Comment\",\"target\":[\"https:\/\/elcotarro.com\/?p=6429#respond\"]}]},{\"@type\":\"WebPage\",\"@id\":\"https:\/\/elcotarro.com\/?p=6429\",\"url\":\"https:\/\/elcotarro.com\/?p=6429\",\"name\":\"50 SALUDABLES A\u00d1OS DEL GRUPO HOSPIT\u00c9N - El Cotarro\",\"isPartOf\":{\"@id\":\"https:\/\/elcotarro.com\/#website\"},\"primaryImageOfPage\":{\"@id\":\"https:\/\/elcotarro.com\/?p=6429#primaryimage\"},\"image\":{\"@id\":\"https:\/\/elcotarro.com\/?p=6429#primaryimage\"},\"thumbnailUrl\":\"https:\/\/elcotarro.com\/wp-content\/uploads\/2019\/02\/FOTO-1.-PEDRO-LUIS-COBIELLA.jpg\",\"datePublished\":\"2019-02-10T11:05:21+00:00\",\"breadcrumb\":{\"@id\":\"https:\/\/elcotarro.com\/?p=6429#breadcrumb\"},\"inLanguage\":\"es\",\"potentialAction\":[{\"@type\":\"ReadAction\",\"target\":[\"https:\/\/elcotarro.com\/?p=6429\"]}]},{\"@type\":\"ImageObject\",\"inLanguage\":\"es\",\"@id\":\"https:\/\/elcotarro.com\/?p=6429#primaryimage\",\"url\":\"https:\/\/elcotarro.com\/wp-content\/uploads\/2019\/02\/FOTO-1.-PEDRO-LUIS-COBIELLA.jpg\",\"contentUrl\":\"https:\/\/elcotarro.com\/wp-content\/uploads\/2019\/02\/FOTO-1.-PEDRO-LUIS-COBIELLA.jpg\",\"width\":578,\"height\":610},{\"@type\":\"BreadcrumbList\",\"@id\":\"https:\/\/elcotarro.com\/?p=6429#breadcrumb\",\"itemListElement\":[{\"@type\":\"ListItem\",\"position\":1,\"name\":\"Portada\",\"item\":\"https:\/\/elcotarro.com\/\"},{\"@type\":\"ListItem\",\"position\":2,\"name\":\"50 SALUDABLES A\u00d1OS DEL GRUPO HOSPIT\u00c9N\"}]},{\"@type\":\"WebSite\",\"@id\":\"https:\/\/elcotarro.com\/#website\",\"url\":\"https:\/\/elcotarro.com\/\",\"name\":\"El Cotarro\",\"description\":\"Peri\u00f3dico Digital Independiente dirigido por Jos\u00e9 Carlos Marrero\",\"publisher\":{\"@id\":\"https:\/\/elcotarro.com\/#organization\"},\"potentialAction\":[{\"@type\":\"SearchAction\",\"target\":{\"@type\":\"EntryPoint\",\"urlTemplate\":\"https:\/\/elcotarro.com\/?s={search_term_string}\"},\"query-input\":{\"@type\":\"PropertyValueSpecification\",\"valueRequired\":true,\"valueName\":\"search_term_string\"}}],\"inLanguage\":\"es\"},{\"@type\":\"Organization\",\"@id\":\"https:\/\/elcotarro.com\/#organization\",\"name\":\"El Cotarro\",\"url\":\"https:\/\/elcotarro.com\/\",\"logo\":{\"@type\":\"ImageObject\",\"inLanguage\":\"es\",\"@id\":\"https:\/\/elcotarro.com\/#\/schema\/logo\/image\/\",\"url\":\"https:\/\/elcotarro.com\/wp-content\/uploads\/2014\/09\/Cabecera_El_Cotarro_v2.jpg\",\"contentUrl\":\"https:\/\/elcotarro.com\/wp-content\/uploads\/2014\/09\/Cabecera_El_Cotarro_v2.jpg\",\"width\":3540,\"height\":441,\"caption\":\"El Cotarro\"},\"image\":{\"@id\":\"https:\/\/elcotarro.com\/#\/schema\/logo\/image\/\"},\"sameAs\":[\"https:\/\/www.facebook.com\/ElCotarro.Tenerife\"]},{\"@type\":\"Person\",\"@id\":\"https:\/\/elcotarro.com\/#\/schema\/person\/af537ee7d60d15984c7e0affcd8a918b\",\"name\":\"Jos\u00e9 Carlos Marrero Gonz\u00e1lez\",\"image\":{\"@type\":\"ImageObject\",\"inLanguage\":\"es\",\"@id\":\"https:\/\/elcotarro.com\/#\/schema\/person\/image\/\",\"url\":\"https:\/\/secure.gravatar.com\/avatar\/def4da036efb5d32c74d49c351f6dccc064dd69ad9f3aadc295c5a9a5391ca01?s=96&d=mm&r=g\",\"contentUrl\":\"https:\/\/secure.gravatar.com\/avatar\/def4da036efb5d32c74d49c351f6dccc064dd69ad9f3aadc295c5a9a5391ca01?s=96&d=mm&r=g\",\"caption\":\"Jos\u00e9 Carlos Marrero Gonz\u00e1lez\"},\"sameAs\":[\"https:\/\/elcotarro.com\"],\"url\":\"https:\/\/elcotarro.com\/?author=2\"}]}<\/script>\n<!-- \/ Yoast SEO plugin. -->","yoast_head_json":{"title":"50 SALUDABLES A\u00d1OS DEL GRUPO HOSPIT\u00c9N - El Cotarro","robots":{"index":"index","follow":"follow","max-snippet":"max-snippet:-1","max-image-preview":"max-image-preview:large","max-video-preview":"max-video-preview:-1"},"canonical":"https:\/\/elcotarro.com\/?p=6429","og_locale":"es_ES","og_type":"article","og_title":"50 SALUDABLES A\u00d1OS DEL GRUPO HOSPIT\u00c9N - El Cotarro","og_description":"He tenido acceso a una fotograf\u00eda muy especial que, en primicia y de forma exclusiva, tenemos el privilegio de publicar hoy en El Cotarro\u00a0del peri\u00f3dico EL D\u00cdA. Una foto en la que, una respetada familia tinerfe\u00f1a, la Familia Cobiella, celebra el emblem\u00e1tico aniversario de 50 a\u00f1os de servicio a la sociedad canaria, en el \u00e1mbito ... Read more","og_url":"https:\/\/elcotarro.com\/?p=6429","og_site_name":"El Cotarro","article_publisher":"https:\/\/www.facebook.com\/ElCotarro.Tenerife","article_published_time":"2019-02-10T11:05:21+00:00","og_image":[{"url":"https:\/\/elcotarro.com\/wp-content\/uploads\/2019\/02\/FOTO-1.-PEDRO-LUIS-COBIELLA.jpg","type":"","width":"","height":""}],"author":"Jos\u00e9 Carlos Marrero Gonz\u00e1lez","twitter_misc":{"Escrito por":"Jos\u00e9 Carlos Marrero Gonz\u00e1lez","Tiempo de lectura":"1 minuto"},"schema":{"@context":"https:\/\/schema.org","@graph":[{"@type":"Article","@id":"https:\/\/elcotarro.com\/?p=6429#article","isPartOf":{"@id":"https:\/\/elcotarro.com\/?p=6429"},"author":{"name":"Jos\u00e9 Carlos Marrero Gonz\u00e1lez","@id":"https:\/\/elcotarro.com\/#\/schema\/person\/af537ee7d60d15984c7e0affcd8a918b"},"headline":"50 SALUDABLES A\u00d1OS DEL GRUPO HOSPIT\u00c9N","datePublished":"2019-02-10T11:05:21+00:00","mainEntityOfPage":{"@id":"https:\/\/elcotarro.com\/?p=6429"},"wordCount":156,"commentCount":0,"publisher":{"@id":"https:\/\/elcotarro.com\/#organization"},"image":{"@id":"https:\/\/elcotarro.com\/?p=6429#primaryimage"},"thumbnailUrl":"https:\/\/elcotarro.com\/wp-content\/uploads\/2019\/02\/FOTO-1.-PEDRO-LUIS-COBIELLA.jpg","inLanguage":"es","potentialAction":[{"@type":"CommentAction","name":"Comment","target":["https:\/\/elcotarro.com\/?p=6429#respond"]}]},{"@type":"WebPage","@id":"https:\/\/elcotarro.com\/?p=6429","url":"https:\/\/elcotarro.com\/?p=6429","name":"50 SALUDABLES A\u00d1OS DEL GRUPO HOSPIT\u00c9N - El Cotarro","isPartOf":{"@id":"https:\/\/elcotarro.com\/#website"},"primaryImageOfPage":{"@id":"https:\/\/elcotarro.com\/?p=6429#primaryimage"},"image":{"@id":"https:\/\/elcotarro.com\/?p=6429#primaryimage"},"thumbnailUrl":"https:\/\/elcotarro.com\/wp-content\/uploads\/2019\/02\/FOTO-1.-PEDRO-LUIS-COBIELLA.jpg","datePublished":"2019-02-10T11:05:21+00:00","breadcrumb":{"@id":"https:\/\/elcotarro.com\/?p=6429#breadcrumb"},"inLanguage":"es","potentialAction":[{"@type":"ReadAction","target":["https:\/\/elcotarro.com\/?p=6429"]}]},{"@type":"ImageObject","inLanguage":"es","@id":"https:\/\/elcotarro.com\/?p=6429#primaryimage","url":"https:\/\/elcotarro.com\/wp-content\/uploads\/2019\/02\/FOTO-1.-PEDRO-LUIS-COBIELLA.jpg","contentUrl":"https:\/\/elcotarro.com\/wp-content\/uploads\/2019\/02\/FOTO-1.-PEDRO-LUIS-COBIELLA.jpg","width":578,"height":610},{"@type":"BreadcrumbList","@id":"https:\/\/elcotarro.com\/?p=6429#breadcrumb","itemListElement":[{"@type":"ListItem","position":1,"name":"Portada","item":"https:\/\/elcotarro.com\/"},{"@type":"ListItem","position":2,"name":"50 SALUDABLES A\u00d1OS DEL GRUPO HOSPIT\u00c9N"}]},{"@type":"WebSite","@id":"https:\/\/elcotarro.com\/#website","url":"https:\/\/elcotarro.com\/","name":"El Cotarro","description":"Peri\u00f3dico Digital Independiente dirigido por Jos\u00e9 Carlos Marrero","publisher":{"@id":"https:\/\/elcotarro.com\/#organization"},"potentialAction":[{"@type":"SearchAction","target":{"@type":"EntryPoint","urlTemplate":"https:\/\/elcotarro.com\/?s={search_term_string}"},"query-input":{"@type":"PropertyValueSpecification","valueRequired":true,"valueName":"search_term_string"}}],"inLanguage":"es"},{"@type":"Organization","@id":"https:\/\/elcotarro.com\/#organization","name":"El Cotarro","url":"https:\/\/elcotarro.com\/","logo":{"@type":"ImageObject","inLanguage":"es","@id":"https:\/\/elcotarro.com\/#\/schema\/logo\/image\/","url":"https:\/\/elcotarro.com\/wp-content\/uploads\/2014\/09\/Cabecera_El_Cotarro_v2.jpg","contentUrl":"https:\/\/elcotarro.com\/wp-content\/uploads\/2014\/09\/Cabecera_El_Cotarro_v2.jpg","width":3540,"height":441,"caption":"El Cotarro"},"image":{"@id":"https:\/\/elcotarro.com\/#\/schema\/logo\/image\/"},"sameAs":["https:\/\/www.facebook.com\/ElCotarro.Tenerife"]},{"@type":"Person","@id":"https:\/\/elcotarro.com\/#\/schema\/person\/af537ee7d60d15984c7e0affcd8a918b","name":"Jos\u00e9 Carlos Marrero Gonz\u00e1lez","image":{"@type":"ImageObject","inLanguage":"es","@id":"https:\/\/elcotarro.com\/#\/schema\/person\/image\/","url":"https:\/\/secure.gravatar.com\/avatar\/def4da036efb5d32c74d49c351f6dccc064dd69ad9f3aadc295c5a9a5391ca01?s=96&d=mm&r=g","contentUrl":"https:\/\/secure.gravatar.com\/avatar\/def4da036efb5d32c74d49c351f6dccc064dd69ad9f3aadc295c5a9a5391ca01?s=96&d=mm&r=g","caption":"Jos\u00e9 Carlos Marrero Gonz\u00e1lez"},"sameAs":["https:\/\/elcotarro.com"],"url":"https:\/\/elcotarro.com\/?author=2"}]}},"jetpack_featured_media_url":"","jetpack_sharing_enabled":true,"_links":{"self":[{"href":"https:\/\/elcotarro.com\/index.php?rest_route=\/wp\/v2\/posts\/6429","targetHints":{"allow":["GET"]}}],"collection":[{"href":"https:\/\/elcotarro.com\/index.php?rest_route=\/wp\/v2\/posts"}],"about":[{"href":"https:\/\/elcotarro.com\/index.php?rest_route=\/wp\/v2\/types\/post"}],"author":[{"embeddable":true,"href":"https:\/\/elcotarro.com\/index.php?rest_route=\/wp\/v2\/users\/2"}],"replies":[{"embeddable":true,"href":"https:\/\/elcotarro.com\/index.php?rest_route=%2Fwp%2Fv2%2Fcomments&post=6429"}],"version-history":[{"count":1,"href":"https:\/\/elcotarro.com\/index.php?rest_route=\/wp\/v2\/posts\/6429\/revisions"}],"predecessor-version":[{"id":6431,"href":"https:\/\/elcotarro.com\/index.php?rest_route=\/wp\/v2\/posts\/6429\/revisions\/6431"}],"wp:attachment":[{"href":"https:\/\/elcotarro.com\/index.php?rest_route=%2Fwp%2Fv2%2Fmedia&parent=6429"}],"wp:term":[{"taxonomy":"category","embeddable":true,"href":"https:\/\/elcotarro.com\/index.php?rest_route=%2Fwp%2Fv2%2Fcategories&post=6429"},{"taxonomy":"post_tag","embeddable":true,"href":"https:\/\/elcotarro.com\/index.php?rest_route=%2Fwp%2Fv2%2Ftags&post=6429"}],"curies":[{"name":"wp","href":"https:\/\/api.w.org\/{rel}","templated":true}]}}