{"id":6432,"date":"2019-02-10T11:04:40","date_gmt":"2019-02-10T11:04:40","guid":{"rendered":"https:\/\/elcotarro.com\/?p=6432"},"modified":"2019-02-10T10:29:31","modified_gmt":"2019-02-10T10:29:31","slug":"don-celestino-cobiella-estaria-feliz","status":"publish","type":"post","link":"https:\/\/elcotarro.com\/?p=6432","title":{"rendered":"DON CELESTINO COBIELLA ESTAR\u00cdA FELIZ"},"content":{"rendered":"<p>En los primeros a\u00f1os de la llegada del Turismo a estas islas, all\u00e1 por los a\u00f1os 50, un prestigioso y respetado m\u00e9dico afincado en el Puerto de la Cruz, el querido y recordado doctor <strong>Celestino Cobiella Zaera<\/strong>, ejerc\u00eda como m\u00e9dico ginec\u00f3logo.El bueno de <strong>Don Celestino\u00a0<\/strong>igual se iba en burro a atender un parto en medio del Valle de La Orotava, que ten\u00eda a una serie de pacientes repartidos en las camas de distintos hoteles de la <em>\u201cprimera ciudad tur\u00edstica de Canarias\u201d<\/em>, a quienes visitaba diariamente, de uno en uno, yendo de hotel en hotel. En un momento, alguien sugiri\u00f3 a <strong>Don Celestino\u00a0<\/strong>que quiz\u00e1 los turistas enfermitos estar\u00edan mejor atendidos agrupados en un mismo sitio, a modo de hotel-cl\u00ednica o de cl\u00ednica-hotel y, el a\u00f1o 1969 se hizo realidad la Cl\u00ednica Bellevue, en la zona de San Fernando (de ah\u00ed que, durante muchos a\u00f1os, los portuenses la llamaran as\u00ed, Cl\u00ednica San Fernando). Hoy, <strong>Celestino Cobiella Zaera\u00a0<\/strong>estar\u00eda muy feliz y orgulloso de sus hijos y nietos.<\/p>\n<p style=\"text-align: center\"><a href=\"https:\/\/elcotarro.com\/wp-content\/uploads\/2019\/02\/FOTO-2.-CELESTINO-COBIELLA.jpg\"><img loading=\"lazy\" decoding=\"async\" class=\"aligncenter size-full wp-image-6433\" src=\"https:\/\/elcotarro.com\/wp-content\/uploads\/2019\/02\/FOTO-2.-CELESTINO-COBIELLA.jpg\" alt=\"FOTO 2.- CELESTINO COBIELLA\" width=\"1420\" height=\"1600\" srcset=\"https:\/\/elcotarro.com\/wp-content\/uploads\/2019\/02\/FOTO-2.-CELESTINO-COBIELLA.jpg 1420w, https:\/\/elcotarro.com\/wp-content\/uploads\/2019\/02\/FOTO-2.-CELESTINO-COBIELLA-266x300.jpg 266w, https:\/\/elcotarro.com\/wp-content\/uploads\/2019\/02\/FOTO-2.-CELESTINO-COBIELLA-909x1024.jpg 909w\" sizes=\"auto, (max-width: 1420px) 100vw, 1420px\" \/><\/a><\/p>\n<p style=\"text-align: center\"><em>El doctor Celestino Cobiella Zaera, hijo adoptivo del Puerto de la Cruz. Respetado, querido y recordado profesional de la Medicina, al que los portuenses y los vecinos de todo el Valle de La Orotava llamaban cari\u00f1osamente \u201cel m\u00e9dico de los pobres\u201d.<\/em><\/p>\n","protected":false},"excerpt":{"rendered":"<p>En los primeros a\u00f1os de la llegada del Turismo a estas islas, all\u00e1 por los a\u00f1os 50, un prestigioso y respetado m\u00e9dico afincado en el Puerto de la Cruz, el querido y recordado doctor Celestino Cobiella Zaera, ejerc\u00eda como m\u00e9dico ginec\u00f3logo.El bueno de Don Celestino\u00a0igual se iba en burro a atender un parto en medio &#8230; <a class=\"read-more\" href=\"https:\/\/elcotarro.com\/?p=6432\">Read more<\/a><\/p>\n","protected":false},"author":2,"featured_media":0,"comment_status":"open","ping_status":"open","sticky":false,"template":"","format":"standard","meta":{"_jetpack_memberships_contains_paid_content":false,"footnotes":""},"categories":[1],"tags":[],"class_list":["post-6432","post","type-post","status-publish","format-standard","hentry","category-sin-categoria"],"yoast_head":"<!-- This site is optimized with the Yoast SEO plugin v27.0 - https:\/\/yoast.com\/product\/yoast-seo-wordpress\/ -->\n<title>DON CELESTINO COBIELLA ESTAR\u00cdA FELIZ - El Cotarro<\/title>\n<meta name=\"robots\" content=\"index, follow, max-snippet:-1, max-image-preview:large, max-video-preview:-1\" \/>\n<link rel=\"canonical\" href=\"https:\/\/elcotarro.com\/?p=6432\" \/>\n<meta property=\"og:locale\" content=\"es_ES\" \/>\n<meta property=\"og:type\" content=\"article\" \/>\n<meta property=\"og:title\" content=\"DON CELESTINO COBIELLA ESTAR\u00cdA FELIZ - El Cotarro\" \/>\n<meta property=\"og:description\" content=\"En los primeros a\u00f1os de la llegada del Turismo a estas islas, all\u00e1 por los a\u00f1os 50, un prestigioso y respetado m\u00e9dico afincado en el Puerto de la Cruz, el querido y recordado doctor Celestino Cobiella Zaera, ejerc\u00eda como m\u00e9dico ginec\u00f3logo.El bueno de Don Celestino\u00a0igual se iba en burro a atender un parto en medio ... Read more\" \/>\n<meta property=\"og:url\" content=\"https:\/\/elcotarro.com\/?p=6432\" \/>\n<meta property=\"og:site_name\" content=\"El Cotarro\" \/>\n<meta property=\"article:publisher\" content=\"https:\/\/www.facebook.com\/ElCotarro.Tenerife\" \/>\n<meta property=\"article:published_time\" content=\"2019-02-10T11:04:40+00:00\" \/>\n<meta property=\"og:image\" content=\"https:\/\/elcotarro.com\/wp-content\/uploads\/2019\/02\/FOTO-2.-CELESTINO-COBIELLA.jpg\" \/>\n<meta name=\"author\" content=\"Jos\u00e9 Carlos Marrero Gonz\u00e1lez\" \/>\n<meta name=\"twitter:label1\" content=\"Escrito por\" \/>\n\t<meta name=\"twitter:data1\" content=\"Jos\u00e9 Carlos Marrero Gonz\u00e1lez\" \/>\n\t<meta name=\"twitter:label2\" content=\"Tiempo de lectura\" \/>\n\t<meta name=\"twitter:data2\" content=\"1 minuto\" \/>\n<script type=\"application\/ld+json\" class=\"yoast-schema-graph\">{\"@context\":\"https:\/\/schema.org\",\"@graph\":[{\"@type\":\"Article\",\"@id\":\"https:\/\/elcotarro.com\/?p=6432#article\",\"isPartOf\":{\"@id\":\"https:\/\/elcotarro.com\/?p=6432\"},\"author\":{\"name\":\"Jos\u00e9 Carlos Marrero Gonz\u00e1lez\",\"@id\":\"https:\/\/elcotarro.com\/#\/schema\/person\/af537ee7d60d15984c7e0affcd8a918b\"},\"headline\":\"DON CELESTINO COBIELLA ESTAR\u00cdA FELIZ\",\"datePublished\":\"2019-02-10T11:04:40+00:00\",\"mainEntityOfPage\":{\"@id\":\"https:\/\/elcotarro.com\/?p=6432\"},\"wordCount\":231,\"commentCount\":0,\"publisher\":{\"@id\":\"https:\/\/elcotarro.com\/#organization\"},\"image\":{\"@id\":\"https:\/\/elcotarro.com\/?p=6432#primaryimage\"},\"thumbnailUrl\":\"https:\/\/elcotarro.com\/wp-content\/uploads\/2019\/02\/FOTO-2.-CELESTINO-COBIELLA.jpg\",\"inLanguage\":\"es\",\"potentialAction\":[{\"@type\":\"CommentAction\",\"name\":\"Comment\",\"target\":[\"https:\/\/elcotarro.com\/?p=6432#respond\"]}]},{\"@type\":\"WebPage\",\"@id\":\"https:\/\/elcotarro.com\/?p=6432\",\"url\":\"https:\/\/elcotarro.com\/?p=6432\",\"name\":\"DON CELESTINO COBIELLA ESTAR\u00cdA FELIZ - El Cotarro\",\"isPartOf\":{\"@id\":\"https:\/\/elcotarro.com\/#website\"},\"primaryImageOfPage\":{\"@id\":\"https:\/\/elcotarro.com\/?p=6432#primaryimage\"},\"image\":{\"@id\":\"https:\/\/elcotarro.com\/?p=6432#primaryimage\"},\"thumbnailUrl\":\"https:\/\/elcotarro.com\/wp-content\/uploads\/2019\/02\/FOTO-2.-CELESTINO-COBIELLA.jpg\",\"datePublished\":\"2019-02-10T11:04:40+00:00\",\"breadcrumb\":{\"@id\":\"https:\/\/elcotarro.com\/?p=6432#breadcrumb\"},\"inLanguage\":\"es\",\"potentialAction\":[{\"@type\":\"ReadAction\",\"target\":[\"https:\/\/elcotarro.com\/?p=6432\"]}]},{\"@type\":\"ImageObject\",\"inLanguage\":\"es\",\"@id\":\"https:\/\/elcotarro.com\/?p=6432#primaryimage\",\"url\":\"https:\/\/elcotarro.com\/wp-content\/uploads\/2019\/02\/FOTO-2.-CELESTINO-COBIELLA.jpg\",\"contentUrl\":\"https:\/\/elcotarro.com\/wp-content\/uploads\/2019\/02\/FOTO-2.-CELESTINO-COBIELLA.jpg\",\"width\":1420,\"height\":1600},{\"@type\":\"BreadcrumbList\",\"@id\":\"https:\/\/elcotarro.com\/?p=6432#breadcrumb\",\"itemListElement\":[{\"@type\":\"ListItem\",\"position\":1,\"name\":\"Portada\",\"item\":\"https:\/\/elcotarro.com\/\"},{\"@type\":\"ListItem\",\"position\":2,\"name\":\"DON CELESTINO COBIELLA ESTAR\u00cdA FELIZ\"}]},{\"@type\":\"WebSite\",\"@id\":\"https:\/\/elcotarro.com\/#website\",\"url\":\"https:\/\/elcotarro.com\/\",\"name\":\"El Cotarro\",\"description\":\"Peri\u00f3dico Digital Independiente dirigido por Jos\u00e9 Carlos Marrero\",\"publisher\":{\"@id\":\"https:\/\/elcotarro.com\/#organization\"},\"potentialAction\":[{\"@type\":\"SearchAction\",\"target\":{\"@type\":\"EntryPoint\",\"urlTemplate\":\"https:\/\/elcotarro.com\/?s={search_term_string}\"},\"query-input\":{\"@type\":\"PropertyValueSpecification\",\"valueRequired\":true,\"valueName\":\"search_term_string\"}}],\"inLanguage\":\"es\"},{\"@type\":\"Organization\",\"@id\":\"https:\/\/elcotarro.com\/#organization\",\"name\":\"El Cotarro\",\"url\":\"https:\/\/elcotarro.com\/\",\"logo\":{\"@type\":\"ImageObject\",\"inLanguage\":\"es\",\"@id\":\"https:\/\/elcotarro.com\/#\/schema\/logo\/image\/\",\"url\":\"https:\/\/elcotarro.com\/wp-content\/uploads\/2014\/09\/Cabecera_El_Cotarro_v2.jpg\",\"contentUrl\":\"https:\/\/elcotarro.com\/wp-content\/uploads\/2014\/09\/Cabecera_El_Cotarro_v2.jpg\",\"width\":3540,\"height\":441,\"caption\":\"El Cotarro\"},\"image\":{\"@id\":\"https:\/\/elcotarro.com\/#\/schema\/logo\/image\/\"},\"sameAs\":[\"https:\/\/www.facebook.com\/ElCotarro.Tenerife\"]},{\"@type\":\"Person\",\"@id\":\"https:\/\/elcotarro.com\/#\/schema\/person\/af537ee7d60d15984c7e0affcd8a918b\",\"name\":\"Jos\u00e9 Carlos Marrero Gonz\u00e1lez\",\"image\":{\"@type\":\"ImageObject\",\"inLanguage\":\"es\",\"@id\":\"https:\/\/elcotarro.com\/#\/schema\/person\/image\/\",\"url\":\"https:\/\/secure.gravatar.com\/avatar\/def4da036efb5d32c74d49c351f6dccc064dd69ad9f3aadc295c5a9a5391ca01?s=96&d=mm&r=g\",\"contentUrl\":\"https:\/\/secure.gravatar.com\/avatar\/def4da036efb5d32c74d49c351f6dccc064dd69ad9f3aadc295c5a9a5391ca01?s=96&d=mm&r=g\",\"caption\":\"Jos\u00e9 Carlos Marrero Gonz\u00e1lez\"},\"sameAs\":[\"https:\/\/elcotarro.com\"],\"url\":\"https:\/\/elcotarro.com\/?author=2\"}]}<\/script>\n<!-- \/ Yoast SEO plugin. -->","yoast_head_json":{"title":"DON CELESTINO COBIELLA ESTAR\u00cdA FELIZ - El Cotarro","robots":{"index":"index","follow":"follow","max-snippet":"max-snippet:-1","max-image-preview":"max-image-preview:large","max-video-preview":"max-video-preview:-1"},"canonical":"https:\/\/elcotarro.com\/?p=6432","og_locale":"es_ES","og_type":"article","og_title":"DON CELESTINO COBIELLA ESTAR\u00cdA FELIZ - El Cotarro","og_description":"En los primeros a\u00f1os de la llegada del Turismo a estas islas, all\u00e1 por los a\u00f1os 50, un prestigioso y respetado m\u00e9dico afincado en el Puerto de la Cruz, el querido y recordado doctor Celestino Cobiella Zaera, ejerc\u00eda como m\u00e9dico ginec\u00f3logo.El bueno de Don Celestino\u00a0igual se iba en burro a atender un parto en medio ... Read more","og_url":"https:\/\/elcotarro.com\/?p=6432","og_site_name":"El Cotarro","article_publisher":"https:\/\/www.facebook.com\/ElCotarro.Tenerife","article_published_time":"2019-02-10T11:04:40+00:00","og_image":[{"url":"https:\/\/elcotarro.com\/wp-content\/uploads\/2019\/02\/FOTO-2.-CELESTINO-COBIELLA.jpg","type":"","width":"","height":""}],"author":"Jos\u00e9 Carlos Marrero Gonz\u00e1lez","twitter_misc":{"Escrito por":"Jos\u00e9 Carlos Marrero Gonz\u00e1lez","Tiempo de lectura":"1 minuto"},"schema":{"@context":"https:\/\/schema.org","@graph":[{"@type":"Article","@id":"https:\/\/elcotarro.com\/?p=6432#article","isPartOf":{"@id":"https:\/\/elcotarro.com\/?p=6432"},"author":{"name":"Jos\u00e9 Carlos Marrero Gonz\u00e1lez","@id":"https:\/\/elcotarro.com\/#\/schema\/person\/af537ee7d60d15984c7e0affcd8a918b"},"headline":"DON CELESTINO COBIELLA ESTAR\u00cdA FELIZ","datePublished":"2019-02-10T11:04:40+00:00","mainEntityOfPage":{"@id":"https:\/\/elcotarro.com\/?p=6432"},"wordCount":231,"commentCount":0,"publisher":{"@id":"https:\/\/elcotarro.com\/#organization"},"image":{"@id":"https:\/\/elcotarro.com\/?p=6432#primaryimage"},"thumbnailUrl":"https:\/\/elcotarro.com\/wp-content\/uploads\/2019\/02\/FOTO-2.-CELESTINO-COBIELLA.jpg","inLanguage":"es","potentialAction":[{"@type":"CommentAction","name":"Comment","target":["https:\/\/elcotarro.com\/?p=6432#respond"]}]},{"@type":"WebPage","@id":"https:\/\/elcotarro.com\/?p=6432","url":"https:\/\/elcotarro.com\/?p=6432","name":"DON CELESTINO COBIELLA ESTAR\u00cdA FELIZ - El Cotarro","isPartOf":{"@id":"https:\/\/elcotarro.com\/#website"},"primaryImageOfPage":{"@id":"https:\/\/elcotarro.com\/?p=6432#primaryimage"},"image":{"@id":"https:\/\/elcotarro.com\/?p=6432#primaryimage"},"thumbnailUrl":"https:\/\/elcotarro.com\/wp-content\/uploads\/2019\/02\/FOTO-2.-CELESTINO-COBIELLA.jpg","datePublished":"2019-02-10T11:04:40+00:00","breadcrumb":{"@id":"https:\/\/elcotarro.com\/?p=6432#breadcrumb"},"inLanguage":"es","potentialAction":[{"@type":"ReadAction","target":["https:\/\/elcotarro.com\/?p=6432"]}]},{"@type":"ImageObject","inLanguage":"es","@id":"https:\/\/elcotarro.com\/?p=6432#primaryimage","url":"https:\/\/elcotarro.com\/wp-content\/uploads\/2019\/02\/FOTO-2.-CELESTINO-COBIELLA.jpg","contentUrl":"https:\/\/elcotarro.com\/wp-content\/uploads\/2019\/02\/FOTO-2.-CELESTINO-COBIELLA.jpg","width":1420,"height":1600},{"@type":"BreadcrumbList","@id":"https:\/\/elcotarro.com\/?p=6432#breadcrumb","itemListElement":[{"@type":"ListItem","position":1,"name":"Portada","item":"https:\/\/elcotarro.com\/"},{"@type":"ListItem","position":2,"name":"DON CELESTINO COBIELLA ESTAR\u00cdA FELIZ"}]},{"@type":"WebSite","@id":"https:\/\/elcotarro.com\/#website","url":"https:\/\/elcotarro.com\/","name":"El Cotarro","description":"Peri\u00f3dico Digital Independiente dirigido por Jos\u00e9 Carlos Marrero","publisher":{"@id":"https:\/\/elcotarro.com\/#organization"},"potentialAction":[{"@type":"SearchAction","target":{"@type":"EntryPoint","urlTemplate":"https:\/\/elcotarro.com\/?s={search_term_string}"},"query-input":{"@type":"PropertyValueSpecification","valueRequired":true,"valueName":"search_term_string"}}],"inLanguage":"es"},{"@type":"Organization","@id":"https:\/\/elcotarro.com\/#organization","name":"El Cotarro","url":"https:\/\/elcotarro.com\/","logo":{"@type":"ImageObject","inLanguage":"es","@id":"https:\/\/elcotarro.com\/#\/schema\/logo\/image\/","url":"https:\/\/elcotarro.com\/wp-content\/uploads\/2014\/09\/Cabecera_El_Cotarro_v2.jpg","contentUrl":"https:\/\/elcotarro.com\/wp-content\/uploads\/2014\/09\/Cabecera_El_Cotarro_v2.jpg","width":3540,"height":441,"caption":"El Cotarro"},"image":{"@id":"https:\/\/elcotarro.com\/#\/schema\/logo\/image\/"},"sameAs":["https:\/\/www.facebook.com\/ElCotarro.Tenerife"]},{"@type":"Person","@id":"https:\/\/elcotarro.com\/#\/schema\/person\/af537ee7d60d15984c7e0affcd8a918b","name":"Jos\u00e9 Carlos Marrero Gonz\u00e1lez","image":{"@type":"ImageObject","inLanguage":"es","@id":"https:\/\/elcotarro.com\/#\/schema\/person\/image\/","url":"https:\/\/secure.gravatar.com\/avatar\/def4da036efb5d32c74d49c351f6dccc064dd69ad9f3aadc295c5a9a5391ca01?s=96&d=mm&r=g","contentUrl":"https:\/\/secure.gravatar.com\/avatar\/def4da036efb5d32c74d49c351f6dccc064dd69ad9f3aadc295c5a9a5391ca01?s=96&d=mm&r=g","caption":"Jos\u00e9 Carlos Marrero Gonz\u00e1lez"},"sameAs":["https:\/\/elcotarro.com"],"url":"https:\/\/elcotarro.com\/?author=2"}]}},"jetpack_featured_media_url":"","jetpack_sharing_enabled":true,"_links":{"self":[{"href":"https:\/\/elcotarro.com\/index.php?rest_route=\/wp\/v2\/posts\/6432","targetHints":{"allow":["GET"]}}],"collection":[{"href":"https:\/\/elcotarro.com\/index.php?rest_route=\/wp\/v2\/posts"}],"about":[{"href":"https:\/\/elcotarro.com\/index.php?rest_route=\/wp\/v2\/types\/post"}],"author":[{"embeddable":true,"href":"https:\/\/elcotarro.com\/index.php?rest_route=\/wp\/v2\/users\/2"}],"replies":[{"embeddable":true,"href":"https:\/\/elcotarro.com\/index.php?rest_route=%2Fwp%2Fv2%2Fcomments&post=6432"}],"version-history":[{"count":1,"href":"https:\/\/elcotarro.com\/index.php?rest_route=\/wp\/v2\/posts\/6432\/revisions"}],"predecessor-version":[{"id":6434,"href":"https:\/\/elcotarro.com\/index.php?rest_route=\/wp\/v2\/posts\/6432\/revisions\/6434"}],"wp:attachment":[{"href":"https:\/\/elcotarro.com\/index.php?rest_route=%2Fwp%2Fv2%2Fmedia&parent=6432"}],"wp:term":[{"taxonomy":"category","embeddable":true,"href":"https:\/\/elcotarro.com\/index.php?rest_route=%2Fwp%2Fv2%2Fcategories&post=6432"},{"taxonomy":"post_tag","embeddable":true,"href":"https:\/\/elcotarro.com\/index.php?rest_route=%2Fwp%2Fv2%2Ftags&post=6432"}],"curies":[{"name":"wp","href":"https:\/\/api.w.org\/{rel}","templated":true}]}}