{"id":6593,"date":"2019-03-24T11:05:35","date_gmt":"2019-03-24T11:05:35","guid":{"rendered":"https:\/\/elcotarro.com\/?p=6593"},"modified":"2019-03-24T10:35:49","modified_gmt":"2019-03-24T10:35:49","slug":"manana-la-papa-unira-3-continentes","status":"publish","type":"post","link":"https:\/\/elcotarro.com\/?p=6593","title":{"rendered":"MA\u00d1ANA LA PAPA UNIR\u00c1 3 CONTINENTES"},"content":{"rendered":"<p>No puedo comenzar de otra manera que record\u00e1ndoles que ma\u00f1ana Canarias, m\u00e1s concretamente la isla Tenerife y exactamente su capital, Santa Cruz de Tenerife, se convertir\u00e1 en la gastron\u00f3mica <em>\u201cCapital Mundial de la Papa\u201d<\/em>. El Auditorio de Tenerife acoger\u00e1 el II Foro Gastron\u00f3mico Internacional de la Papa que, precisamente ma\u00f1ana tendr\u00e1 como protagonista, entre otros grandes cocineros de tres continentes, al gran <strong>Virgilio Mart\u00ednez<\/strong>, propietario y jefe de cocina del restaurante Central, en Lima (Per\u00fa) considerado como el mejor restaurante de Sudam\u00e9rica y el N\u00ba6 del mundo en la tan prestigiosa como pol\u00e9mica lista <em>\u201cThe World\u2019s 50 Best Restaurants\u201d<\/em>, o lo que es lo mismo, pero en cristiano, <em>\u201cLos 50 mejores restaurantes del mundo\u201d<\/em>La lista de grandes cocineros y expertos que re\u00fane el programa, es tan atractivo, que las inscripciones se han desbordado, el Auditorio ha puesto el cartel de \u201caforo completado\u201d y en la web www.forodelapapa.com, el de \u201cno hay billetes\u201d.<\/p>\n<p style=\"text-align: center\"><a href=\"https:\/\/elcotarro.com\/wp-content\/uploads\/2019\/03\/FOTO-1..-LOGO-FORO.jpg\"><img loading=\"lazy\" decoding=\"async\" class=\"aligncenter size-full wp-image-6594\" src=\"https:\/\/elcotarro.com\/wp-content\/uploads\/2019\/03\/FOTO-1..-LOGO-FORO.jpg\" alt=\"FOTO 1..- LOGO FORO\" width=\"1171\" height=\"512\" srcset=\"https:\/\/elcotarro.com\/wp-content\/uploads\/2019\/03\/FOTO-1..-LOGO-FORO.jpg 1171w, https:\/\/elcotarro.com\/wp-content\/uploads\/2019\/03\/FOTO-1..-LOGO-FORO-300x131.jpg 300w, https:\/\/elcotarro.com\/wp-content\/uploads\/2019\/03\/FOTO-1..-LOGO-FORO-1024x448.jpg 1024w\" sizes=\"auto, (max-width: 1171px) 100vw, 1171px\" \/><\/a><\/p>\n<p style=\"text-align: center\">\n","protected":false},"excerpt":{"rendered":"<p>No puedo comenzar de otra manera que record\u00e1ndoles que ma\u00f1ana Canarias, m\u00e1s concretamente la isla Tenerife y exactamente su capital, Santa Cruz de Tenerife, se convertir\u00e1 en la gastron\u00f3mica \u201cCapital Mundial de la Papa\u201d. El Auditorio de Tenerife acoger\u00e1 el II Foro Gastron\u00f3mico Internacional de la Papa que, precisamente ma\u00f1ana tendr\u00e1 como protagonista, entre otros &#8230; <a class=\"read-more\" href=\"https:\/\/elcotarro.com\/?p=6593\">Read more<\/a><\/p>\n","protected":false},"author":2,"featured_media":0,"comment_status":"open","ping_status":"open","sticky":false,"template":"","format":"standard","meta":{"_jetpack_memberships_contains_paid_content":false,"footnotes":""},"categories":[1],"tags":[],"class_list":["post-6593","post","type-post","status-publish","format-standard","hentry","category-sin-categoria"],"yoast_head":"<!-- This site is optimized with the Yoast SEO plugin v27.0 - https:\/\/yoast.com\/product\/yoast-seo-wordpress\/ -->\n<title>MA\u00d1ANA LA PAPA UNIR\u00c1 3 CONTINENTES - El Cotarro<\/title>\n<meta name=\"robots\" content=\"index, follow, max-snippet:-1, max-image-preview:large, max-video-preview:-1\" \/>\n<link rel=\"canonical\" href=\"https:\/\/elcotarro.com\/?p=6593\" \/>\n<meta property=\"og:locale\" content=\"es_ES\" \/>\n<meta property=\"og:type\" content=\"article\" \/>\n<meta property=\"og:title\" content=\"MA\u00d1ANA LA PAPA UNIR\u00c1 3 CONTINENTES - El Cotarro\" \/>\n<meta property=\"og:description\" content=\"No puedo comenzar de otra manera que record\u00e1ndoles que ma\u00f1ana Canarias, m\u00e1s concretamente la isla Tenerife y exactamente su capital, Santa Cruz de Tenerife, se convertir\u00e1 en la gastron\u00f3mica \u201cCapital Mundial de la Papa\u201d. El Auditorio de Tenerife acoger\u00e1 el II Foro Gastron\u00f3mico Internacional de la Papa que, precisamente ma\u00f1ana tendr\u00e1 como protagonista, entre otros ... Read more\" \/>\n<meta property=\"og:url\" content=\"https:\/\/elcotarro.com\/?p=6593\" \/>\n<meta property=\"og:site_name\" content=\"El Cotarro\" \/>\n<meta property=\"article:publisher\" content=\"https:\/\/www.facebook.com\/ElCotarro.Tenerife\" \/>\n<meta property=\"article:published_time\" content=\"2019-03-24T11:05:35+00:00\" \/>\n<meta property=\"og:image\" content=\"https:\/\/elcotarro.com\/wp-content\/uploads\/2019\/03\/FOTO-1..-LOGO-FORO.jpg\" \/>\n<meta name=\"author\" content=\"Jos\u00e9 Carlos Marrero Gonz\u00e1lez\" \/>\n<meta name=\"twitter:label1\" content=\"Escrito por\" \/>\n\t<meta name=\"twitter:data1\" content=\"Jos\u00e9 Carlos Marrero Gonz\u00e1lez\" \/>\n\t<meta name=\"twitter:label2\" content=\"Tiempo de lectura\" \/>\n\t<meta name=\"twitter:data2\" content=\"1 minuto\" \/>\n<script type=\"application\/ld+json\" class=\"yoast-schema-graph\">{\"@context\":\"https:\/\/schema.org\",\"@graph\":[{\"@type\":\"Article\",\"@id\":\"https:\/\/elcotarro.com\/?p=6593#article\",\"isPartOf\":{\"@id\":\"https:\/\/elcotarro.com\/?p=6593\"},\"author\":{\"name\":\"Jos\u00e9 Carlos Marrero Gonz\u00e1lez\",\"@id\":\"https:\/\/elcotarro.com\/#\/schema\/person\/af537ee7d60d15984c7e0affcd8a918b\"},\"headline\":\"MA\u00d1ANA LA PAPA UNIR\u00c1 3 CONTINENTES\",\"datePublished\":\"2019-03-24T11:05:35+00:00\",\"mainEntityOfPage\":{\"@id\":\"https:\/\/elcotarro.com\/?p=6593\"},\"wordCount\":170,\"commentCount\":0,\"publisher\":{\"@id\":\"https:\/\/elcotarro.com\/#organization\"},\"image\":{\"@id\":\"https:\/\/elcotarro.com\/?p=6593#primaryimage\"},\"thumbnailUrl\":\"https:\/\/elcotarro.com\/wp-content\/uploads\/2019\/03\/FOTO-1..-LOGO-FORO.jpg\",\"inLanguage\":\"es\",\"potentialAction\":[{\"@type\":\"CommentAction\",\"name\":\"Comment\",\"target\":[\"https:\/\/elcotarro.com\/?p=6593#respond\"]}]},{\"@type\":\"WebPage\",\"@id\":\"https:\/\/elcotarro.com\/?p=6593\",\"url\":\"https:\/\/elcotarro.com\/?p=6593\",\"name\":\"MA\u00d1ANA LA PAPA UNIR\u00c1 3 CONTINENTES - El Cotarro\",\"isPartOf\":{\"@id\":\"https:\/\/elcotarro.com\/#website\"},\"primaryImageOfPage\":{\"@id\":\"https:\/\/elcotarro.com\/?p=6593#primaryimage\"},\"image\":{\"@id\":\"https:\/\/elcotarro.com\/?p=6593#primaryimage\"},\"thumbnailUrl\":\"https:\/\/elcotarro.com\/wp-content\/uploads\/2019\/03\/FOTO-1..-LOGO-FORO.jpg\",\"datePublished\":\"2019-03-24T11:05:35+00:00\",\"breadcrumb\":{\"@id\":\"https:\/\/elcotarro.com\/?p=6593#breadcrumb\"},\"inLanguage\":\"es\",\"potentialAction\":[{\"@type\":\"ReadAction\",\"target\":[\"https:\/\/elcotarro.com\/?p=6593\"]}]},{\"@type\":\"ImageObject\",\"inLanguage\":\"es\",\"@id\":\"https:\/\/elcotarro.com\/?p=6593#primaryimage\",\"url\":\"https:\/\/elcotarro.com\/wp-content\/uploads\/2019\/03\/FOTO-1..-LOGO-FORO.jpg\",\"contentUrl\":\"https:\/\/elcotarro.com\/wp-content\/uploads\/2019\/03\/FOTO-1..-LOGO-FORO.jpg\",\"width\":1171,\"height\":512},{\"@type\":\"BreadcrumbList\",\"@id\":\"https:\/\/elcotarro.com\/?p=6593#breadcrumb\",\"itemListElement\":[{\"@type\":\"ListItem\",\"position\":1,\"name\":\"Portada\",\"item\":\"https:\/\/elcotarro.com\/\"},{\"@type\":\"ListItem\",\"position\":2,\"name\":\"MA\u00d1ANA LA PAPA UNIR\u00c1 3 CONTINENTES\"}]},{\"@type\":\"WebSite\",\"@id\":\"https:\/\/elcotarro.com\/#website\",\"url\":\"https:\/\/elcotarro.com\/\",\"name\":\"El Cotarro\",\"description\":\"Peri\u00f3dico Digital Independiente dirigido por Jos\u00e9 Carlos Marrero\",\"publisher\":{\"@id\":\"https:\/\/elcotarro.com\/#organization\"},\"potentialAction\":[{\"@type\":\"SearchAction\",\"target\":{\"@type\":\"EntryPoint\",\"urlTemplate\":\"https:\/\/elcotarro.com\/?s={search_term_string}\"},\"query-input\":{\"@type\":\"PropertyValueSpecification\",\"valueRequired\":true,\"valueName\":\"search_term_string\"}}],\"inLanguage\":\"es\"},{\"@type\":\"Organization\",\"@id\":\"https:\/\/elcotarro.com\/#organization\",\"name\":\"El Cotarro\",\"url\":\"https:\/\/elcotarro.com\/\",\"logo\":{\"@type\":\"ImageObject\",\"inLanguage\":\"es\",\"@id\":\"https:\/\/elcotarro.com\/#\/schema\/logo\/image\/\",\"url\":\"https:\/\/elcotarro.com\/wp-content\/uploads\/2014\/09\/Cabecera_El_Cotarro_v2.jpg\",\"contentUrl\":\"https:\/\/elcotarro.com\/wp-content\/uploads\/2014\/09\/Cabecera_El_Cotarro_v2.jpg\",\"width\":3540,\"height\":441,\"caption\":\"El Cotarro\"},\"image\":{\"@id\":\"https:\/\/elcotarro.com\/#\/schema\/logo\/image\/\"},\"sameAs\":[\"https:\/\/www.facebook.com\/ElCotarro.Tenerife\"]},{\"@type\":\"Person\",\"@id\":\"https:\/\/elcotarro.com\/#\/schema\/person\/af537ee7d60d15984c7e0affcd8a918b\",\"name\":\"Jos\u00e9 Carlos Marrero Gonz\u00e1lez\",\"image\":{\"@type\":\"ImageObject\",\"inLanguage\":\"es\",\"@id\":\"https:\/\/elcotarro.com\/#\/schema\/person\/image\/\",\"url\":\"https:\/\/secure.gravatar.com\/avatar\/def4da036efb5d32c74d49c351f6dccc064dd69ad9f3aadc295c5a9a5391ca01?s=96&d=mm&r=g\",\"contentUrl\":\"https:\/\/secure.gravatar.com\/avatar\/def4da036efb5d32c74d49c351f6dccc064dd69ad9f3aadc295c5a9a5391ca01?s=96&d=mm&r=g\",\"caption\":\"Jos\u00e9 Carlos Marrero Gonz\u00e1lez\"},\"sameAs\":[\"https:\/\/elcotarro.com\"],\"url\":\"https:\/\/elcotarro.com\/?author=2\"}]}<\/script>\n<!-- \/ Yoast SEO plugin. -->","yoast_head_json":{"title":"MA\u00d1ANA LA PAPA UNIR\u00c1 3 CONTINENTES - El Cotarro","robots":{"index":"index","follow":"follow","max-snippet":"max-snippet:-1","max-image-preview":"max-image-preview:large","max-video-preview":"max-video-preview:-1"},"canonical":"https:\/\/elcotarro.com\/?p=6593","og_locale":"es_ES","og_type":"article","og_title":"MA\u00d1ANA LA PAPA UNIR\u00c1 3 CONTINENTES - El Cotarro","og_description":"No puedo comenzar de otra manera que record\u00e1ndoles que ma\u00f1ana Canarias, m\u00e1s concretamente la isla Tenerife y exactamente su capital, Santa Cruz de Tenerife, se convertir\u00e1 en la gastron\u00f3mica \u201cCapital Mundial de la Papa\u201d. El Auditorio de Tenerife acoger\u00e1 el II Foro Gastron\u00f3mico Internacional de la Papa que, precisamente ma\u00f1ana tendr\u00e1 como protagonista, entre otros ... Read more","og_url":"https:\/\/elcotarro.com\/?p=6593","og_site_name":"El Cotarro","article_publisher":"https:\/\/www.facebook.com\/ElCotarro.Tenerife","article_published_time":"2019-03-24T11:05:35+00:00","og_image":[{"url":"https:\/\/elcotarro.com\/wp-content\/uploads\/2019\/03\/FOTO-1..-LOGO-FORO.jpg","type":"","width":"","height":""}],"author":"Jos\u00e9 Carlos Marrero Gonz\u00e1lez","twitter_misc":{"Escrito por":"Jos\u00e9 Carlos Marrero Gonz\u00e1lez","Tiempo de lectura":"1 minuto"},"schema":{"@context":"https:\/\/schema.org","@graph":[{"@type":"Article","@id":"https:\/\/elcotarro.com\/?p=6593#article","isPartOf":{"@id":"https:\/\/elcotarro.com\/?p=6593"},"author":{"name":"Jos\u00e9 Carlos Marrero Gonz\u00e1lez","@id":"https:\/\/elcotarro.com\/#\/schema\/person\/af537ee7d60d15984c7e0affcd8a918b"},"headline":"MA\u00d1ANA LA PAPA UNIR\u00c1 3 CONTINENTES","datePublished":"2019-03-24T11:05:35+00:00","mainEntityOfPage":{"@id":"https:\/\/elcotarro.com\/?p=6593"},"wordCount":170,"commentCount":0,"publisher":{"@id":"https:\/\/elcotarro.com\/#organization"},"image":{"@id":"https:\/\/elcotarro.com\/?p=6593#primaryimage"},"thumbnailUrl":"https:\/\/elcotarro.com\/wp-content\/uploads\/2019\/03\/FOTO-1..-LOGO-FORO.jpg","inLanguage":"es","potentialAction":[{"@type":"CommentAction","name":"Comment","target":["https:\/\/elcotarro.com\/?p=6593#respond"]}]},{"@type":"WebPage","@id":"https:\/\/elcotarro.com\/?p=6593","url":"https:\/\/elcotarro.com\/?p=6593","name":"MA\u00d1ANA LA PAPA UNIR\u00c1 3 CONTINENTES - El Cotarro","isPartOf":{"@id":"https:\/\/elcotarro.com\/#website"},"primaryImageOfPage":{"@id":"https:\/\/elcotarro.com\/?p=6593#primaryimage"},"image":{"@id":"https:\/\/elcotarro.com\/?p=6593#primaryimage"},"thumbnailUrl":"https:\/\/elcotarro.com\/wp-content\/uploads\/2019\/03\/FOTO-1..-LOGO-FORO.jpg","datePublished":"2019-03-24T11:05:35+00:00","breadcrumb":{"@id":"https:\/\/elcotarro.com\/?p=6593#breadcrumb"},"inLanguage":"es","potentialAction":[{"@type":"ReadAction","target":["https:\/\/elcotarro.com\/?p=6593"]}]},{"@type":"ImageObject","inLanguage":"es","@id":"https:\/\/elcotarro.com\/?p=6593#primaryimage","url":"https:\/\/elcotarro.com\/wp-content\/uploads\/2019\/03\/FOTO-1..-LOGO-FORO.jpg","contentUrl":"https:\/\/elcotarro.com\/wp-content\/uploads\/2019\/03\/FOTO-1..-LOGO-FORO.jpg","width":1171,"height":512},{"@type":"BreadcrumbList","@id":"https:\/\/elcotarro.com\/?p=6593#breadcrumb","itemListElement":[{"@type":"ListItem","position":1,"name":"Portada","item":"https:\/\/elcotarro.com\/"},{"@type":"ListItem","position":2,"name":"MA\u00d1ANA LA PAPA UNIR\u00c1 3 CONTINENTES"}]},{"@type":"WebSite","@id":"https:\/\/elcotarro.com\/#website","url":"https:\/\/elcotarro.com\/","name":"El Cotarro","description":"Peri\u00f3dico Digital Independiente dirigido por Jos\u00e9 Carlos Marrero","publisher":{"@id":"https:\/\/elcotarro.com\/#organization"},"potentialAction":[{"@type":"SearchAction","target":{"@type":"EntryPoint","urlTemplate":"https:\/\/elcotarro.com\/?s={search_term_string}"},"query-input":{"@type":"PropertyValueSpecification","valueRequired":true,"valueName":"search_term_string"}}],"inLanguage":"es"},{"@type":"Organization","@id":"https:\/\/elcotarro.com\/#organization","name":"El Cotarro","url":"https:\/\/elcotarro.com\/","logo":{"@type":"ImageObject","inLanguage":"es","@id":"https:\/\/elcotarro.com\/#\/schema\/logo\/image\/","url":"https:\/\/elcotarro.com\/wp-content\/uploads\/2014\/09\/Cabecera_El_Cotarro_v2.jpg","contentUrl":"https:\/\/elcotarro.com\/wp-content\/uploads\/2014\/09\/Cabecera_El_Cotarro_v2.jpg","width":3540,"height":441,"caption":"El Cotarro"},"image":{"@id":"https:\/\/elcotarro.com\/#\/schema\/logo\/image\/"},"sameAs":["https:\/\/www.facebook.com\/ElCotarro.Tenerife"]},{"@type":"Person","@id":"https:\/\/elcotarro.com\/#\/schema\/person\/af537ee7d60d15984c7e0affcd8a918b","name":"Jos\u00e9 Carlos Marrero Gonz\u00e1lez","image":{"@type":"ImageObject","inLanguage":"es","@id":"https:\/\/elcotarro.com\/#\/schema\/person\/image\/","url":"https:\/\/secure.gravatar.com\/avatar\/def4da036efb5d32c74d49c351f6dccc064dd69ad9f3aadc295c5a9a5391ca01?s=96&d=mm&r=g","contentUrl":"https:\/\/secure.gravatar.com\/avatar\/def4da036efb5d32c74d49c351f6dccc064dd69ad9f3aadc295c5a9a5391ca01?s=96&d=mm&r=g","caption":"Jos\u00e9 Carlos Marrero Gonz\u00e1lez"},"sameAs":["https:\/\/elcotarro.com"],"url":"https:\/\/elcotarro.com\/?author=2"}]}},"jetpack_featured_media_url":"","jetpack_sharing_enabled":true,"_links":{"self":[{"href":"https:\/\/elcotarro.com\/index.php?rest_route=\/wp\/v2\/posts\/6593","targetHints":{"allow":["GET"]}}],"collection":[{"href":"https:\/\/elcotarro.com\/index.php?rest_route=\/wp\/v2\/posts"}],"about":[{"href":"https:\/\/elcotarro.com\/index.php?rest_route=\/wp\/v2\/types\/post"}],"author":[{"embeddable":true,"href":"https:\/\/elcotarro.com\/index.php?rest_route=\/wp\/v2\/users\/2"}],"replies":[{"embeddable":true,"href":"https:\/\/elcotarro.com\/index.php?rest_route=%2Fwp%2Fv2%2Fcomments&post=6593"}],"version-history":[{"count":1,"href":"https:\/\/elcotarro.com\/index.php?rest_route=\/wp\/v2\/posts\/6593\/revisions"}],"predecessor-version":[{"id":6595,"href":"https:\/\/elcotarro.com\/index.php?rest_route=\/wp\/v2\/posts\/6593\/revisions\/6595"}],"wp:attachment":[{"href":"https:\/\/elcotarro.com\/index.php?rest_route=%2Fwp%2Fv2%2Fmedia&parent=6593"}],"wp:term":[{"taxonomy":"category","embeddable":true,"href":"https:\/\/elcotarro.com\/index.php?rest_route=%2Fwp%2Fv2%2Fcategories&post=6593"},{"taxonomy":"post_tag","embeddable":true,"href":"https:\/\/elcotarro.com\/index.php?rest_route=%2Fwp%2Fv2%2Ftags&post=6593"}],"curies":[{"name":"wp","href":"https:\/\/api.w.org\/{rel}","templated":true}]}}