{"id":6599,"date":"2019-03-24T11:03:39","date_gmt":"2019-03-24T11:03:39","guid":{"rendered":"https:\/\/elcotarro.com\/?p=6599"},"modified":"2019-03-24T10:37:20","modified_gmt":"2019-03-24T10:37:20","slug":"el-carnaval-aupa-a-gladys-y-alfonso","status":"publish","type":"post","link":"https:\/\/elcotarro.com\/?p=6599","title":{"rendered":"EL CARNAVAL A\u00daPA A GLADYS Y ALFONSO"},"content":{"rendered":"<p>Quien trabaja duro y bien, suele recoger buenos resultados, mal que les pese a otros que se ponen celosos (o envidiosos) y se \u201crecarcomen\u201d por dentro. Este es el caso de <strong>Gladys De Le\u00f3n Le\u00f3n<\/strong>, (concejala en materia de Fiestas y presidenta del Organismo Aut\u00f3nomo de Fiestas y Actividades Recreativas de Santa Cruz de Tenerife) y de su compa\u00f1ero de corporaci\u00f3n, <strong>Juan Alfonso Cabello Mesa <\/strong>(teniente de alcalde y concejal del \u00c1rea de Planificaci\u00f3n Econ\u00f3mica, Empleo, Turismo y Comercio, as\u00ed como m\u00e1ximo responsable de la Sociedad de Desarrollo. Seg\u00fan la \u201csensaci\u00f3n clim\u00e1tica\u201d y los comentarios de la gente chicharrera, parece que los recientes (y ya calificados como hist\u00f3ricos) \u00e9xitos del Carnaval de Santa Cruz, a\u00fapan y catapultan a <strong>Gladys <\/strong>y <strong>Alfonso\u00a0<\/strong>a posiciones de la \u201cchampions\u201d pol\u00edtica y convierten a esta pareja de j\u00f3venes pol\u00edticos en el \u201cn\u00facleo duro\u201d de Coalici\u00f3n Canaria en Santa Cruz de Tenerife (y con clara proyecci\u00f3n insular y hasta regional). Me atrevo a pronosticar que, detr\u00e1s de <strong>Jos\u00e9 Manuel Berm\u00fadez<\/strong>, s\u00f3lido cabeza de lista de CC para revalidar la alcald\u00eda chicharrera, su \u201cn\u00famero dos\u201d en la lista ser\u00e1 <strong>Gladys De Le\u00f3n<\/strong>, y el tercer puesto lo ocupar\u00e1 el bueno de <strong>Alfonso Cabello<\/strong>. Me juego una raci\u00f3n de churros de pescado.<\/p>\n<p style=\"text-align: center\"><a href=\"https:\/\/elcotarro.com\/wp-content\/uploads\/2019\/03\/FOTO-3.-ALFONSO-Y-GLADYS.jpg\"><img loading=\"lazy\" decoding=\"async\" class=\"aligncenter size-full wp-image-6600\" src=\"https:\/\/elcotarro.com\/wp-content\/uploads\/2019\/03\/FOTO-3.-ALFONSO-Y-GLADYS.jpg\" alt=\"FOTO 3.- ALFONSO Y GLADYS\" width=\"637\" height=\"831\" srcset=\"https:\/\/elcotarro.com\/wp-content\/uploads\/2019\/03\/FOTO-3.-ALFONSO-Y-GLADYS.jpg 637w, https:\/\/elcotarro.com\/wp-content\/uploads\/2019\/03\/FOTO-3.-ALFONSO-Y-GLADYS-230x300.jpg 230w\" sizes=\"auto, (max-width: 637px) 100vw, 637px\" \/><\/a><\/p>\n<p style=\"text-align: center\"><em>Alfonso Cabello Mesa y Gladys De Le\u00f3n, dos puntales de CC en alza.<\/em><\/p>\n","protected":false},"excerpt":{"rendered":"<p>Quien trabaja duro y bien, suele recoger buenos resultados, mal que les pese a otros que se ponen celosos (o envidiosos) y se \u201crecarcomen\u201d por dentro. Este es el caso de Gladys De Le\u00f3n Le\u00f3n, (concejala en materia de Fiestas y presidenta del Organismo Aut\u00f3nomo de Fiestas y Actividades Recreativas de Santa Cruz de Tenerife) &#8230; <a class=\"read-more\" href=\"https:\/\/elcotarro.com\/?p=6599\">Read more<\/a><\/p>\n","protected":false},"author":2,"featured_media":0,"comment_status":"open","ping_status":"open","sticky":false,"template":"","format":"standard","meta":{"_jetpack_memberships_contains_paid_content":false,"footnotes":""},"categories":[1],"tags":[],"class_list":["post-6599","post","type-post","status-publish","format-standard","hentry","category-sin-categoria"],"yoast_head":"<!-- This site is optimized with the Yoast SEO plugin v27.0 - https:\/\/yoast.com\/product\/yoast-seo-wordpress\/ -->\n<title>EL CARNAVAL A\u00daPA A GLADYS Y ALFONSO - El Cotarro<\/title>\n<meta name=\"robots\" content=\"index, follow, max-snippet:-1, max-image-preview:large, max-video-preview:-1\" \/>\n<link rel=\"canonical\" href=\"https:\/\/elcotarro.com\/?p=6599\" \/>\n<meta property=\"og:locale\" content=\"es_ES\" \/>\n<meta property=\"og:type\" content=\"article\" \/>\n<meta property=\"og:title\" content=\"EL CARNAVAL A\u00daPA A GLADYS Y ALFONSO - El Cotarro\" \/>\n<meta property=\"og:description\" content=\"Quien trabaja duro y bien, suele recoger buenos resultados, mal que les pese a otros que se ponen celosos (o envidiosos) y se \u201crecarcomen\u201d por dentro. Este es el caso de Gladys De Le\u00f3n Le\u00f3n, (concejala en materia de Fiestas y presidenta del Organismo Aut\u00f3nomo de Fiestas y Actividades Recreativas de Santa Cruz de Tenerife) ... Read more\" \/>\n<meta property=\"og:url\" content=\"https:\/\/elcotarro.com\/?p=6599\" \/>\n<meta property=\"og:site_name\" content=\"El Cotarro\" \/>\n<meta property=\"article:publisher\" content=\"https:\/\/www.facebook.com\/ElCotarro.Tenerife\" \/>\n<meta property=\"article:published_time\" content=\"2019-03-24T11:03:39+00:00\" \/>\n<meta property=\"og:image\" content=\"https:\/\/elcotarro.com\/wp-content\/uploads\/2019\/03\/FOTO-3.-ALFONSO-Y-GLADYS.jpg\" \/>\n<meta name=\"author\" content=\"Jos\u00e9 Carlos Marrero Gonz\u00e1lez\" \/>\n<meta name=\"twitter:label1\" content=\"Escrito por\" \/>\n\t<meta name=\"twitter:data1\" content=\"Jos\u00e9 Carlos Marrero Gonz\u00e1lez\" \/>\n\t<meta name=\"twitter:label2\" content=\"Tiempo de lectura\" \/>\n\t<meta name=\"twitter:data2\" content=\"1 minuto\" \/>\n<script type=\"application\/ld+json\" class=\"yoast-schema-graph\">{\"@context\":\"https:\/\/schema.org\",\"@graph\":[{\"@type\":\"Article\",\"@id\":\"https:\/\/elcotarro.com\/?p=6599#article\",\"isPartOf\":{\"@id\":\"https:\/\/elcotarro.com\/?p=6599\"},\"author\":{\"name\":\"Jos\u00e9 Carlos Marrero Gonz\u00e1lez\",\"@id\":\"https:\/\/elcotarro.com\/#\/schema\/person\/af537ee7d60d15984c7e0affcd8a918b\"},\"headline\":\"EL CARNAVAL A\u00daPA A GLADYS Y ALFONSO\",\"datePublished\":\"2019-03-24T11:03:39+00:00\",\"mainEntityOfPage\":{\"@id\":\"https:\/\/elcotarro.com\/?p=6599\"},\"wordCount\":253,\"commentCount\":0,\"publisher\":{\"@id\":\"https:\/\/elcotarro.com\/#organization\"},\"image\":{\"@id\":\"https:\/\/elcotarro.com\/?p=6599#primaryimage\"},\"thumbnailUrl\":\"https:\/\/elcotarro.com\/wp-content\/uploads\/2019\/03\/FOTO-3.-ALFONSO-Y-GLADYS.jpg\",\"inLanguage\":\"es\",\"potentialAction\":[{\"@type\":\"CommentAction\",\"name\":\"Comment\",\"target\":[\"https:\/\/elcotarro.com\/?p=6599#respond\"]}]},{\"@type\":\"WebPage\",\"@id\":\"https:\/\/elcotarro.com\/?p=6599\",\"url\":\"https:\/\/elcotarro.com\/?p=6599\",\"name\":\"EL CARNAVAL A\u00daPA A GLADYS Y ALFONSO - El Cotarro\",\"isPartOf\":{\"@id\":\"https:\/\/elcotarro.com\/#website\"},\"primaryImageOfPage\":{\"@id\":\"https:\/\/elcotarro.com\/?p=6599#primaryimage\"},\"image\":{\"@id\":\"https:\/\/elcotarro.com\/?p=6599#primaryimage\"},\"thumbnailUrl\":\"https:\/\/elcotarro.com\/wp-content\/uploads\/2019\/03\/FOTO-3.-ALFONSO-Y-GLADYS.jpg\",\"datePublished\":\"2019-03-24T11:03:39+00:00\",\"breadcrumb\":{\"@id\":\"https:\/\/elcotarro.com\/?p=6599#breadcrumb\"},\"inLanguage\":\"es\",\"potentialAction\":[{\"@type\":\"ReadAction\",\"target\":[\"https:\/\/elcotarro.com\/?p=6599\"]}]},{\"@type\":\"ImageObject\",\"inLanguage\":\"es\",\"@id\":\"https:\/\/elcotarro.com\/?p=6599#primaryimage\",\"url\":\"https:\/\/elcotarro.com\/wp-content\/uploads\/2019\/03\/FOTO-3.-ALFONSO-Y-GLADYS.jpg\",\"contentUrl\":\"https:\/\/elcotarro.com\/wp-content\/uploads\/2019\/03\/FOTO-3.-ALFONSO-Y-GLADYS.jpg\",\"width\":637,\"height\":831},{\"@type\":\"BreadcrumbList\",\"@id\":\"https:\/\/elcotarro.com\/?p=6599#breadcrumb\",\"itemListElement\":[{\"@type\":\"ListItem\",\"position\":1,\"name\":\"Portada\",\"item\":\"https:\/\/elcotarro.com\/\"},{\"@type\":\"ListItem\",\"position\":2,\"name\":\"EL CARNAVAL A\u00daPA A GLADYS Y ALFONSO\"}]},{\"@type\":\"WebSite\",\"@id\":\"https:\/\/elcotarro.com\/#website\",\"url\":\"https:\/\/elcotarro.com\/\",\"name\":\"El Cotarro\",\"description\":\"Peri\u00f3dico Digital Independiente dirigido por Jos\u00e9 Carlos Marrero\",\"publisher\":{\"@id\":\"https:\/\/elcotarro.com\/#organization\"},\"potentialAction\":[{\"@type\":\"SearchAction\",\"target\":{\"@type\":\"EntryPoint\",\"urlTemplate\":\"https:\/\/elcotarro.com\/?s={search_term_string}\"},\"query-input\":{\"@type\":\"PropertyValueSpecification\",\"valueRequired\":true,\"valueName\":\"search_term_string\"}}],\"inLanguage\":\"es\"},{\"@type\":\"Organization\",\"@id\":\"https:\/\/elcotarro.com\/#organization\",\"name\":\"El Cotarro\",\"url\":\"https:\/\/elcotarro.com\/\",\"logo\":{\"@type\":\"ImageObject\",\"inLanguage\":\"es\",\"@id\":\"https:\/\/elcotarro.com\/#\/schema\/logo\/image\/\",\"url\":\"https:\/\/elcotarro.com\/wp-content\/uploads\/2014\/09\/Cabecera_El_Cotarro_v2.jpg\",\"contentUrl\":\"https:\/\/elcotarro.com\/wp-content\/uploads\/2014\/09\/Cabecera_El_Cotarro_v2.jpg\",\"width\":3540,\"height\":441,\"caption\":\"El Cotarro\"},\"image\":{\"@id\":\"https:\/\/elcotarro.com\/#\/schema\/logo\/image\/\"},\"sameAs\":[\"https:\/\/www.facebook.com\/ElCotarro.Tenerife\"]},{\"@type\":\"Person\",\"@id\":\"https:\/\/elcotarro.com\/#\/schema\/person\/af537ee7d60d15984c7e0affcd8a918b\",\"name\":\"Jos\u00e9 Carlos Marrero Gonz\u00e1lez\",\"image\":{\"@type\":\"ImageObject\",\"inLanguage\":\"es\",\"@id\":\"https:\/\/elcotarro.com\/#\/schema\/person\/image\/\",\"url\":\"https:\/\/secure.gravatar.com\/avatar\/def4da036efb5d32c74d49c351f6dccc064dd69ad9f3aadc295c5a9a5391ca01?s=96&d=mm&r=g\",\"contentUrl\":\"https:\/\/secure.gravatar.com\/avatar\/def4da036efb5d32c74d49c351f6dccc064dd69ad9f3aadc295c5a9a5391ca01?s=96&d=mm&r=g\",\"caption\":\"Jos\u00e9 Carlos Marrero Gonz\u00e1lez\"},\"sameAs\":[\"https:\/\/elcotarro.com\"],\"url\":\"https:\/\/elcotarro.com\/?author=2\"}]}<\/script>\n<!-- \/ Yoast SEO plugin. -->","yoast_head_json":{"title":"EL CARNAVAL A\u00daPA A GLADYS Y ALFONSO - El Cotarro","robots":{"index":"index","follow":"follow","max-snippet":"max-snippet:-1","max-image-preview":"max-image-preview:large","max-video-preview":"max-video-preview:-1"},"canonical":"https:\/\/elcotarro.com\/?p=6599","og_locale":"es_ES","og_type":"article","og_title":"EL CARNAVAL A\u00daPA A GLADYS Y ALFONSO - El Cotarro","og_description":"Quien trabaja duro y bien, suele recoger buenos resultados, mal que les pese a otros que se ponen celosos (o envidiosos) y se \u201crecarcomen\u201d por dentro. Este es el caso de Gladys De Le\u00f3n Le\u00f3n, (concejala en materia de Fiestas y presidenta del Organismo Aut\u00f3nomo de Fiestas y Actividades Recreativas de Santa Cruz de Tenerife) ... Read more","og_url":"https:\/\/elcotarro.com\/?p=6599","og_site_name":"El Cotarro","article_publisher":"https:\/\/www.facebook.com\/ElCotarro.Tenerife","article_published_time":"2019-03-24T11:03:39+00:00","og_image":[{"url":"https:\/\/elcotarro.com\/wp-content\/uploads\/2019\/03\/FOTO-3.-ALFONSO-Y-GLADYS.jpg","type":"","width":"","height":""}],"author":"Jos\u00e9 Carlos Marrero Gonz\u00e1lez","twitter_misc":{"Escrito por":"Jos\u00e9 Carlos Marrero Gonz\u00e1lez","Tiempo de lectura":"1 minuto"},"schema":{"@context":"https:\/\/schema.org","@graph":[{"@type":"Article","@id":"https:\/\/elcotarro.com\/?p=6599#article","isPartOf":{"@id":"https:\/\/elcotarro.com\/?p=6599"},"author":{"name":"Jos\u00e9 Carlos Marrero Gonz\u00e1lez","@id":"https:\/\/elcotarro.com\/#\/schema\/person\/af537ee7d60d15984c7e0affcd8a918b"},"headline":"EL CARNAVAL A\u00daPA A GLADYS Y ALFONSO","datePublished":"2019-03-24T11:03:39+00:00","mainEntityOfPage":{"@id":"https:\/\/elcotarro.com\/?p=6599"},"wordCount":253,"commentCount":0,"publisher":{"@id":"https:\/\/elcotarro.com\/#organization"},"image":{"@id":"https:\/\/elcotarro.com\/?p=6599#primaryimage"},"thumbnailUrl":"https:\/\/elcotarro.com\/wp-content\/uploads\/2019\/03\/FOTO-3.-ALFONSO-Y-GLADYS.jpg","inLanguage":"es","potentialAction":[{"@type":"CommentAction","name":"Comment","target":["https:\/\/elcotarro.com\/?p=6599#respond"]}]},{"@type":"WebPage","@id":"https:\/\/elcotarro.com\/?p=6599","url":"https:\/\/elcotarro.com\/?p=6599","name":"EL CARNAVAL A\u00daPA A GLADYS Y ALFONSO - El Cotarro","isPartOf":{"@id":"https:\/\/elcotarro.com\/#website"},"primaryImageOfPage":{"@id":"https:\/\/elcotarro.com\/?p=6599#primaryimage"},"image":{"@id":"https:\/\/elcotarro.com\/?p=6599#primaryimage"},"thumbnailUrl":"https:\/\/elcotarro.com\/wp-content\/uploads\/2019\/03\/FOTO-3.-ALFONSO-Y-GLADYS.jpg","datePublished":"2019-03-24T11:03:39+00:00","breadcrumb":{"@id":"https:\/\/elcotarro.com\/?p=6599#breadcrumb"},"inLanguage":"es","potentialAction":[{"@type":"ReadAction","target":["https:\/\/elcotarro.com\/?p=6599"]}]},{"@type":"ImageObject","inLanguage":"es","@id":"https:\/\/elcotarro.com\/?p=6599#primaryimage","url":"https:\/\/elcotarro.com\/wp-content\/uploads\/2019\/03\/FOTO-3.-ALFONSO-Y-GLADYS.jpg","contentUrl":"https:\/\/elcotarro.com\/wp-content\/uploads\/2019\/03\/FOTO-3.-ALFONSO-Y-GLADYS.jpg","width":637,"height":831},{"@type":"BreadcrumbList","@id":"https:\/\/elcotarro.com\/?p=6599#breadcrumb","itemListElement":[{"@type":"ListItem","position":1,"name":"Portada","item":"https:\/\/elcotarro.com\/"},{"@type":"ListItem","position":2,"name":"EL CARNAVAL A\u00daPA A GLADYS Y ALFONSO"}]},{"@type":"WebSite","@id":"https:\/\/elcotarro.com\/#website","url":"https:\/\/elcotarro.com\/","name":"El Cotarro","description":"Peri\u00f3dico Digital Independiente dirigido por Jos\u00e9 Carlos Marrero","publisher":{"@id":"https:\/\/elcotarro.com\/#organization"},"potentialAction":[{"@type":"SearchAction","target":{"@type":"EntryPoint","urlTemplate":"https:\/\/elcotarro.com\/?s={search_term_string}"},"query-input":{"@type":"PropertyValueSpecification","valueRequired":true,"valueName":"search_term_string"}}],"inLanguage":"es"},{"@type":"Organization","@id":"https:\/\/elcotarro.com\/#organization","name":"El Cotarro","url":"https:\/\/elcotarro.com\/","logo":{"@type":"ImageObject","inLanguage":"es","@id":"https:\/\/elcotarro.com\/#\/schema\/logo\/image\/","url":"https:\/\/elcotarro.com\/wp-content\/uploads\/2014\/09\/Cabecera_El_Cotarro_v2.jpg","contentUrl":"https:\/\/elcotarro.com\/wp-content\/uploads\/2014\/09\/Cabecera_El_Cotarro_v2.jpg","width":3540,"height":441,"caption":"El Cotarro"},"image":{"@id":"https:\/\/elcotarro.com\/#\/schema\/logo\/image\/"},"sameAs":["https:\/\/www.facebook.com\/ElCotarro.Tenerife"]},{"@type":"Person","@id":"https:\/\/elcotarro.com\/#\/schema\/person\/af537ee7d60d15984c7e0affcd8a918b","name":"Jos\u00e9 Carlos Marrero Gonz\u00e1lez","image":{"@type":"ImageObject","inLanguage":"es","@id":"https:\/\/elcotarro.com\/#\/schema\/person\/image\/","url":"https:\/\/secure.gravatar.com\/avatar\/def4da036efb5d32c74d49c351f6dccc064dd69ad9f3aadc295c5a9a5391ca01?s=96&d=mm&r=g","contentUrl":"https:\/\/secure.gravatar.com\/avatar\/def4da036efb5d32c74d49c351f6dccc064dd69ad9f3aadc295c5a9a5391ca01?s=96&d=mm&r=g","caption":"Jos\u00e9 Carlos Marrero Gonz\u00e1lez"},"sameAs":["https:\/\/elcotarro.com"],"url":"https:\/\/elcotarro.com\/?author=2"}]}},"jetpack_featured_media_url":"","jetpack_sharing_enabled":true,"_links":{"self":[{"href":"https:\/\/elcotarro.com\/index.php?rest_route=\/wp\/v2\/posts\/6599","targetHints":{"allow":["GET"]}}],"collection":[{"href":"https:\/\/elcotarro.com\/index.php?rest_route=\/wp\/v2\/posts"}],"about":[{"href":"https:\/\/elcotarro.com\/index.php?rest_route=\/wp\/v2\/types\/post"}],"author":[{"embeddable":true,"href":"https:\/\/elcotarro.com\/index.php?rest_route=\/wp\/v2\/users\/2"}],"replies":[{"embeddable":true,"href":"https:\/\/elcotarro.com\/index.php?rest_route=%2Fwp%2Fv2%2Fcomments&post=6599"}],"version-history":[{"count":1,"href":"https:\/\/elcotarro.com\/index.php?rest_route=\/wp\/v2\/posts\/6599\/revisions"}],"predecessor-version":[{"id":6601,"href":"https:\/\/elcotarro.com\/index.php?rest_route=\/wp\/v2\/posts\/6599\/revisions\/6601"}],"wp:attachment":[{"href":"https:\/\/elcotarro.com\/index.php?rest_route=%2Fwp%2Fv2%2Fmedia&parent=6599"}],"wp:term":[{"taxonomy":"category","embeddable":true,"href":"https:\/\/elcotarro.com\/index.php?rest_route=%2Fwp%2Fv2%2Fcategories&post=6599"},{"taxonomy":"post_tag","embeddable":true,"href":"https:\/\/elcotarro.com\/index.php?rest_route=%2Fwp%2Fv2%2Ftags&post=6599"}],"curies":[{"name":"wp","href":"https:\/\/api.w.org\/{rel}","templated":true}]}}