{"id":660,"date":"2015-01-11T12:02:48","date_gmt":"2015-01-11T12:02:48","guid":{"rendered":"https:\/\/elcotarro.com\/?p=660"},"modified":"2015-01-11T10:33:09","modified_gmt":"2015-01-11T10:33:09","slug":"respuesta-a-la-verguenza-del-muro","status":"publish","type":"post","link":"https:\/\/elcotarro.com\/?p=660","title":{"rendered":"RESPUESTA A LA VERG\u00dcENZA DEL MURO"},"content":{"rendered":"<p>\u2666\u00a0En respuesta al problema y la situaci\u00f3n de peligro que est\u00e1 generando el ya bautizado como \u00abmuro de la verg\u00fcenza\u00bb, en el acceso a la autopista TF5 desde la carretera de San Miguel de Geneto, y que directamente afecta al colapso matinal de la mencionada TF5, el r\u00e1pido director general de Obras e Infraestructuras del Ayuntamiento de La Laguna, <strong>Jonathan Dom\u00ednguez Roger-Bess\u00fa<\/strong> (CC) ha tenido a bien enviarme un <em>WhatsApp<\/em> con el siguiente mensaje: <em>\u00abNi la petici\u00f3n del muro ha llegado jam\u00e1s al Ayuntamiento, ni el muro es nuestro. Tanto la TF5 como la carretera de San Miguel de Geneto son competencia del Cabildo. De hecho, hace unos meses unos vecinos solicitaron hacer un paso por la zona ajardinada desde la urbanizaci\u00f3n hasta la rotonda y el Cabildo respondi\u00f3 por escrito que no. Esa zona es de aproximaci\u00f3n a la TF5 y todo, sea o no de ellos, lo tienen que autorizar. No obstante, si me facilitan los datos exactos del muro, ma\u00f1ana me pongo en contacto con <strong>Jos\u00e9 Luis Delgado<\/strong> y hago la gesti\u00f3n correspondiente como Ayuntamiento para solicitarlo, que yo con ese hombre ni me llevo mal ni me llevo bien, \u00a1v\u00e1lgame Dios! Saludos\u00bb\u2026<\/em> De entrada, se agradece que d\u00e9 la cara y se manifieste de forma clara, directa y sin tapujos.<\/p>\n<table align=\"center\">\n<tbody>\n<tr>\n<td><a href=\"https:\/\/elcotarro.com\/wp-content\/uploads\/2015\/01\/Foto-7.-Jonathan-Dom\u00ednguez-Roger-Bess\u00fa.jpg\"><img loading=\"lazy\" decoding=\"async\" class=\"aligncenter size-full wp-image-638\" src=\"https:\/\/elcotarro.com\/wp-content\/uploads\/2015\/01\/Foto-7.-Jonathan-Dom\u00ednguez-Roger-Bess\u00fa.jpg\" alt=\"Foto 7.- Jonathan Dom\u00ednguez Roger-Bess\u00fa\" width=\"875\" height=\"860\" srcset=\"https:\/\/elcotarro.com\/wp-content\/uploads\/2015\/01\/Foto-7.-Jonathan-Dom\u00ednguez-Roger-Bess\u00fa.jpg 875w, https:\/\/elcotarro.com\/wp-content\/uploads\/2015\/01\/Foto-7.-Jonathan-Dom\u00ednguez-Roger-Bess\u00fa-300x295.jpg 300w\" sizes=\"auto, (max-width: 875px) 100vw, 875px\" \/><\/a><\/td>\n<td><a href=\"https:\/\/elcotarro.com\/wp-content\/uploads\/2015\/01\/Foto-6.-Jos\u00e9-Luis-Delgado-S\u00e1nchez.jpg\"><img loading=\"lazy\" decoding=\"async\" class=\"aligncenter size-full wp-image-637\" src=\"https:\/\/elcotarro.com\/wp-content\/uploads\/2015\/01\/Foto-6.-Jos\u00e9-Luis-Delgado-S\u00e1nchez.jpg\" alt=\"5 Jos\u00e9 Luis Delgado S\u00e1nchez.JPG\" width=\"600\" height=\"688\" srcset=\"https:\/\/elcotarro.com\/wp-content\/uploads\/2015\/01\/Foto-6.-Jos\u00e9-Luis-Delgado-S\u00e1nchez.jpg 600w, https:\/\/elcotarro.com\/wp-content\/uploads\/2015\/01\/Foto-6.-Jos\u00e9-Luis-Delgado-S\u00e1nchez-262x300.jpg 262w\" sizes=\"auto, (max-width: 600px) 100vw, 600px\" \/><\/a><\/td>\n<\/tr>\n<\/tbody>\n<\/table>\n<p class=\"comentario\" style=\"text-align: center;\">Jonathan Dom\u00ednguez (i) ha contestado bien. Jos\u00e9 Luis Delgado (d) est\u00e1 en ello<\/p>\n","protected":false},"excerpt":{"rendered":"<p>\u2666\u00a0En respuesta al problema y la situaci\u00f3n de peligro que est\u00e1 generando el ya bautizado como \u00abmuro de la verg\u00fcenza\u00bb, en el acceso a la autopista TF5 desde la carretera de San Miguel de Geneto, y que directamente afecta al colapso matinal de la mencionada TF5, el r\u00e1pido director general de Obras e Infraestructuras del &#8230; <a class=\"read-more\" href=\"https:\/\/elcotarro.com\/?p=660\">Read more<\/a><\/p>\n","protected":false},"author":2,"featured_media":0,"comment_status":"open","ping_status":"open","sticky":false,"template":"","format":"standard","meta":{"_jetpack_memberships_contains_paid_content":false,"footnotes":""},"categories":[314],"tags":[328,315],"class_list":["post-660","post","type-post","status-publish","format-standard","hentry","category-denuncias","tag-jonathan-dominguez-roger-bessu","tag-jose-luis-delgado"],"yoast_head":"<!-- This site is optimized with the Yoast SEO plugin v27.0 - https:\/\/yoast.com\/product\/yoast-seo-wordpress\/ -->\n<title>RESPUESTA A LA VERG\u00dcENZA DEL MURO - El Cotarrro<\/title>\n<meta name=\"description\" content=\"En respuesta al problema y la situaci\u00f3n de peligro que est\u00e1 generando el ya bautizado como &quot;muro de la verg\u00fcenza&quot;, en el acceso a la autopista TF5 desde l\" \/>\n<meta name=\"robots\" content=\"index, follow, max-snippet:-1, max-image-preview:large, max-video-preview:-1\" \/>\n<link rel=\"canonical\" href=\"https:\/\/elcotarro.com\/?p=660\" \/>\n<meta property=\"og:locale\" content=\"es_ES\" \/>\n<meta property=\"og:type\" content=\"article\" \/>\n<meta property=\"og:title\" content=\"RESPUESTA A LA VERG\u00dcENZA DEL MURO - El Cotarrro\" \/>\n<meta property=\"og:description\" content=\"En respuesta al problema y la situaci\u00f3n de peligro que est\u00e1 generando el ya bautizado como &quot;muro de la verg\u00fcenza&quot;, en el acceso a la autopista TF5 desde l\" \/>\n<meta property=\"og:url\" content=\"https:\/\/elcotarro.com\/?p=660\" \/>\n<meta property=\"og:site_name\" content=\"El Cotarro\" \/>\n<meta property=\"article:publisher\" content=\"https:\/\/www.facebook.com\/ElCotarro.Tenerife\" \/>\n<meta property=\"article:published_time\" content=\"2015-01-11T12:02:48+00:00\" \/>\n<meta name=\"author\" content=\"Jos\u00e9 Carlos Marrero Gonz\u00e1lez\" \/>\n<meta name=\"twitter:label1\" content=\"Escrito por\" \/>\n\t<meta name=\"twitter:data1\" content=\"Jos\u00e9 Carlos Marrero Gonz\u00e1lez\" \/>\n\t<meta name=\"twitter:label2\" content=\"Tiempo de lectura\" \/>\n\t<meta name=\"twitter:data2\" content=\"1 minuto\" \/>\n<script type=\"application\/ld+json\" class=\"yoast-schema-graph\">{\"@context\":\"https:\/\/schema.org\",\"@graph\":[{\"@type\":\"Article\",\"@id\":\"https:\/\/elcotarro.com\/?p=660#article\",\"isPartOf\":{\"@id\":\"https:\/\/elcotarro.com\/?p=660\"},\"author\":{\"name\":\"Jos\u00e9 Carlos Marrero Gonz\u00e1lez\",\"@id\":\"https:\/\/elcotarro.com\/#\/schema\/person\/af537ee7d60d15984c7e0affcd8a918b\"},\"headline\":\"RESPUESTA A LA VERG\u00dcENZA DEL MURO\",\"datePublished\":\"2015-01-11T12:02:48+00:00\",\"mainEntityOfPage\":{\"@id\":\"https:\/\/elcotarro.com\/?p=660\"},\"wordCount\":246,\"commentCount\":0,\"publisher\":{\"@id\":\"https:\/\/elcotarro.com\/#organization\"},\"keywords\":[\"Jonathan Dom\u00ednguez Roger-Bess\u00fa\",\"Jos\u00e9 Luis Delgado\"],\"articleSection\":[\"Denuncias\"],\"inLanguage\":\"es\",\"potentialAction\":[{\"@type\":\"CommentAction\",\"name\":\"Comment\",\"target\":[\"https:\/\/elcotarro.com\/?p=660#respond\"]}]},{\"@type\":\"WebPage\",\"@id\":\"https:\/\/elcotarro.com\/?p=660\",\"url\":\"https:\/\/elcotarro.com\/?p=660\",\"name\":\"RESPUESTA A LA VERG\u00dcENZA DEL MURO - El Cotarrro\",\"isPartOf\":{\"@id\":\"https:\/\/elcotarro.com\/#website\"},\"datePublished\":\"2015-01-11T12:02:48+00:00\",\"description\":\"En respuesta al problema y la situaci\u00f3n de peligro que est\u00e1 generando el ya bautizado como \\\"muro de la verg\u00fcenza\\\", en el acceso a la autopista TF5 desde l\",\"breadcrumb\":{\"@id\":\"https:\/\/elcotarro.com\/?p=660#breadcrumb\"},\"inLanguage\":\"es\",\"potentialAction\":[{\"@type\":\"ReadAction\",\"target\":[\"https:\/\/elcotarro.com\/?p=660\"]}]},{\"@type\":\"BreadcrumbList\",\"@id\":\"https:\/\/elcotarro.com\/?p=660#breadcrumb\",\"itemListElement\":[{\"@type\":\"ListItem\",\"position\":1,\"name\":\"Portada\",\"item\":\"https:\/\/elcotarro.com\/\"},{\"@type\":\"ListItem\",\"position\":2,\"name\":\"RESPUESTA A LA VERG\u00dcENZA DEL MURO\"}]},{\"@type\":\"WebSite\",\"@id\":\"https:\/\/elcotarro.com\/#website\",\"url\":\"https:\/\/elcotarro.com\/\",\"name\":\"El Cotarro\",\"description\":\"Peri\u00f3dico Digital Independiente dirigido por Jos\u00e9 Carlos Marrero\",\"publisher\":{\"@id\":\"https:\/\/elcotarro.com\/#organization\"},\"potentialAction\":[{\"@type\":\"SearchAction\",\"target\":{\"@type\":\"EntryPoint\",\"urlTemplate\":\"https:\/\/elcotarro.com\/?s={search_term_string}\"},\"query-input\":{\"@type\":\"PropertyValueSpecification\",\"valueRequired\":true,\"valueName\":\"search_term_string\"}}],\"inLanguage\":\"es\"},{\"@type\":\"Organization\",\"@id\":\"https:\/\/elcotarro.com\/#organization\",\"name\":\"El Cotarro\",\"url\":\"https:\/\/elcotarro.com\/\",\"logo\":{\"@type\":\"ImageObject\",\"inLanguage\":\"es\",\"@id\":\"https:\/\/elcotarro.com\/#\/schema\/logo\/image\/\",\"url\":\"https:\/\/elcotarro.com\/wp-content\/uploads\/2014\/09\/Cabecera_El_Cotarro_v2.jpg\",\"contentUrl\":\"https:\/\/elcotarro.com\/wp-content\/uploads\/2014\/09\/Cabecera_El_Cotarro_v2.jpg\",\"width\":3540,\"height\":441,\"caption\":\"El Cotarro\"},\"image\":{\"@id\":\"https:\/\/elcotarro.com\/#\/schema\/logo\/image\/\"},\"sameAs\":[\"https:\/\/www.facebook.com\/ElCotarro.Tenerife\"]},{\"@type\":\"Person\",\"@id\":\"https:\/\/elcotarro.com\/#\/schema\/person\/af537ee7d60d15984c7e0affcd8a918b\",\"name\":\"Jos\u00e9 Carlos Marrero Gonz\u00e1lez\",\"image\":{\"@type\":\"ImageObject\",\"inLanguage\":\"es\",\"@id\":\"https:\/\/elcotarro.com\/#\/schema\/person\/image\/\",\"url\":\"https:\/\/secure.gravatar.com\/avatar\/def4da036efb5d32c74d49c351f6dccc064dd69ad9f3aadc295c5a9a5391ca01?s=96&d=mm&r=g\",\"contentUrl\":\"https:\/\/secure.gravatar.com\/avatar\/def4da036efb5d32c74d49c351f6dccc064dd69ad9f3aadc295c5a9a5391ca01?s=96&d=mm&r=g\",\"caption\":\"Jos\u00e9 Carlos Marrero Gonz\u00e1lez\"},\"sameAs\":[\"https:\/\/elcotarro.com\"],\"url\":\"https:\/\/elcotarro.com\/?author=2\"}]}<\/script>\n<!-- \/ Yoast SEO plugin. -->","yoast_head_json":{"title":"RESPUESTA A LA VERG\u00dcENZA DEL MURO - El Cotarrro","description":"En respuesta al problema y la situaci\u00f3n de peligro que est\u00e1 generando el ya bautizado como \"muro de la verg\u00fcenza\", en el acceso a la autopista TF5 desde l","robots":{"index":"index","follow":"follow","max-snippet":"max-snippet:-1","max-image-preview":"max-image-preview:large","max-video-preview":"max-video-preview:-1"},"canonical":"https:\/\/elcotarro.com\/?p=660","og_locale":"es_ES","og_type":"article","og_title":"RESPUESTA A LA VERG\u00dcENZA DEL MURO - El Cotarrro","og_description":"En respuesta al problema y la situaci\u00f3n de peligro que est\u00e1 generando el ya bautizado como \"muro de la verg\u00fcenza\", en el acceso a la autopista TF5 desde l","og_url":"https:\/\/elcotarro.com\/?p=660","og_site_name":"El Cotarro","article_publisher":"https:\/\/www.facebook.com\/ElCotarro.Tenerife","article_published_time":"2015-01-11T12:02:48+00:00","author":"Jos\u00e9 Carlos Marrero Gonz\u00e1lez","twitter_misc":{"Escrito por":"Jos\u00e9 Carlos Marrero Gonz\u00e1lez","Tiempo de lectura":"1 minuto"},"schema":{"@context":"https:\/\/schema.org","@graph":[{"@type":"Article","@id":"https:\/\/elcotarro.com\/?p=660#article","isPartOf":{"@id":"https:\/\/elcotarro.com\/?p=660"},"author":{"name":"Jos\u00e9 Carlos Marrero Gonz\u00e1lez","@id":"https:\/\/elcotarro.com\/#\/schema\/person\/af537ee7d60d15984c7e0affcd8a918b"},"headline":"RESPUESTA A LA VERG\u00dcENZA DEL MURO","datePublished":"2015-01-11T12:02:48+00:00","mainEntityOfPage":{"@id":"https:\/\/elcotarro.com\/?p=660"},"wordCount":246,"commentCount":0,"publisher":{"@id":"https:\/\/elcotarro.com\/#organization"},"keywords":["Jonathan Dom\u00ednguez Roger-Bess\u00fa","Jos\u00e9 Luis Delgado"],"articleSection":["Denuncias"],"inLanguage":"es","potentialAction":[{"@type":"CommentAction","name":"Comment","target":["https:\/\/elcotarro.com\/?p=660#respond"]}]},{"@type":"WebPage","@id":"https:\/\/elcotarro.com\/?p=660","url":"https:\/\/elcotarro.com\/?p=660","name":"RESPUESTA A LA VERG\u00dcENZA DEL MURO - El Cotarrro","isPartOf":{"@id":"https:\/\/elcotarro.com\/#website"},"datePublished":"2015-01-11T12:02:48+00:00","description":"En respuesta al problema y la situaci\u00f3n de peligro que est\u00e1 generando el ya bautizado como \"muro de la verg\u00fcenza\", en el acceso a la autopista TF5 desde l","breadcrumb":{"@id":"https:\/\/elcotarro.com\/?p=660#breadcrumb"},"inLanguage":"es","potentialAction":[{"@type":"ReadAction","target":["https:\/\/elcotarro.com\/?p=660"]}]},{"@type":"BreadcrumbList","@id":"https:\/\/elcotarro.com\/?p=660#breadcrumb","itemListElement":[{"@type":"ListItem","position":1,"name":"Portada","item":"https:\/\/elcotarro.com\/"},{"@type":"ListItem","position":2,"name":"RESPUESTA A LA VERG\u00dcENZA DEL MURO"}]},{"@type":"WebSite","@id":"https:\/\/elcotarro.com\/#website","url":"https:\/\/elcotarro.com\/","name":"El Cotarro","description":"Peri\u00f3dico Digital Independiente dirigido por Jos\u00e9 Carlos Marrero","publisher":{"@id":"https:\/\/elcotarro.com\/#organization"},"potentialAction":[{"@type":"SearchAction","target":{"@type":"EntryPoint","urlTemplate":"https:\/\/elcotarro.com\/?s={search_term_string}"},"query-input":{"@type":"PropertyValueSpecification","valueRequired":true,"valueName":"search_term_string"}}],"inLanguage":"es"},{"@type":"Organization","@id":"https:\/\/elcotarro.com\/#organization","name":"El Cotarro","url":"https:\/\/elcotarro.com\/","logo":{"@type":"ImageObject","inLanguage":"es","@id":"https:\/\/elcotarro.com\/#\/schema\/logo\/image\/","url":"https:\/\/elcotarro.com\/wp-content\/uploads\/2014\/09\/Cabecera_El_Cotarro_v2.jpg","contentUrl":"https:\/\/elcotarro.com\/wp-content\/uploads\/2014\/09\/Cabecera_El_Cotarro_v2.jpg","width":3540,"height":441,"caption":"El Cotarro"},"image":{"@id":"https:\/\/elcotarro.com\/#\/schema\/logo\/image\/"},"sameAs":["https:\/\/www.facebook.com\/ElCotarro.Tenerife"]},{"@type":"Person","@id":"https:\/\/elcotarro.com\/#\/schema\/person\/af537ee7d60d15984c7e0affcd8a918b","name":"Jos\u00e9 Carlos Marrero Gonz\u00e1lez","image":{"@type":"ImageObject","inLanguage":"es","@id":"https:\/\/elcotarro.com\/#\/schema\/person\/image\/","url":"https:\/\/secure.gravatar.com\/avatar\/def4da036efb5d32c74d49c351f6dccc064dd69ad9f3aadc295c5a9a5391ca01?s=96&d=mm&r=g","contentUrl":"https:\/\/secure.gravatar.com\/avatar\/def4da036efb5d32c74d49c351f6dccc064dd69ad9f3aadc295c5a9a5391ca01?s=96&d=mm&r=g","caption":"Jos\u00e9 Carlos Marrero Gonz\u00e1lez"},"sameAs":["https:\/\/elcotarro.com"],"url":"https:\/\/elcotarro.com\/?author=2"}]}},"jetpack_featured_media_url":"","jetpack_sharing_enabled":true,"_links":{"self":[{"href":"https:\/\/elcotarro.com\/index.php?rest_route=\/wp\/v2\/posts\/660","targetHints":{"allow":["GET"]}}],"collection":[{"href":"https:\/\/elcotarro.com\/index.php?rest_route=\/wp\/v2\/posts"}],"about":[{"href":"https:\/\/elcotarro.com\/index.php?rest_route=\/wp\/v2\/types\/post"}],"author":[{"embeddable":true,"href":"https:\/\/elcotarro.com\/index.php?rest_route=\/wp\/v2\/users\/2"}],"replies":[{"embeddable":true,"href":"https:\/\/elcotarro.com\/index.php?rest_route=%2Fwp%2Fv2%2Fcomments&post=660"}],"version-history":[{"count":1,"href":"https:\/\/elcotarro.com\/index.php?rest_route=\/wp\/v2\/posts\/660\/revisions"}],"predecessor-version":[{"id":661,"href":"https:\/\/elcotarro.com\/index.php?rest_route=\/wp\/v2\/posts\/660\/revisions\/661"}],"wp:attachment":[{"href":"https:\/\/elcotarro.com\/index.php?rest_route=%2Fwp%2Fv2%2Fmedia&parent=660"}],"wp:term":[{"taxonomy":"category","embeddable":true,"href":"https:\/\/elcotarro.com\/index.php?rest_route=%2Fwp%2Fv2%2Fcategories&post=660"},{"taxonomy":"post_tag","embeddable":true,"href":"https:\/\/elcotarro.com\/index.php?rest_route=%2Fwp%2Fv2%2Ftags&post=660"}],"curies":[{"name":"wp","href":"https:\/\/api.w.org\/{rel}","templated":true}]}}