{"id":6633,"date":"2019-03-31T11:00:40","date_gmt":"2019-03-31T10:00:40","guid":{"rendered":"https:\/\/elcotarro.com\/?p=6633"},"modified":"2019-03-31T10:35:02","modified_gmt":"2019-03-31T09:35:02","slug":"la-facultad-de-medicina-cumple-50-anos","status":"publish","type":"post","link":"https:\/\/elcotarro.com\/?p=6633","title":{"rendered":"LA FACULTAD DE MEDICINA CUMPLE 50 A\u00d1OS"},"content":{"rendered":"<p>Parece que fue ayer, pero este curso 2018\/2019 se celebran, nada m\u00e1s y nada menos, que los 50 a\u00f1os de la creaci\u00f3n de la Facultad de Medicina de nuestra Universidad de La Laguna (ULL). En aquel primer curso de Medicina, un grupo de alumnos entre los que estaban <strong>Paco Fern\u00e1ndez Robayna, Luis Artiles, Carlos Casanova, C\u00e9sar Garc\u00eda, Rafa Alarc\u00f3, Casto Viejo, Manuel Gonz\u00e1lez de la Rosa, Miguel Serrano\u00a0<\/strong>y algunos m\u00e1s, formaron la hoy denominada Muy Ilustre, Decana, Nocturna y Andariega Tuna de Medicina de la Universidad de la ULL, que actualmente preside <strong>Jos\u00e9 \u00c1ngel Torres De Dios <em>\u201cGroucho\u201d<\/em><\/strong><em>.\u00a0<\/em>O sea, que est\u00e1n compartiendo cincuentenario y celebrando sus \u201cBodas de Oro\u201d, paralela y simult\u00e1neamente, la Facultad y nuestra decana Tuna. \u00a1Felicidades a las dos!<\/p>\n<p style=\"text-align: center\"><a href=\"https:\/\/elcotarro.com\/wp-content\/uploads\/2019\/03\/FOTO-6.-CENA-TUNA.jpg\"><img loading=\"lazy\" decoding=\"async\" class=\"aligncenter size-full wp-image-6634\" src=\"https:\/\/elcotarro.com\/wp-content\/uploads\/2019\/03\/FOTO-6.-CENA-TUNA.jpg\" alt=\"FOTO 6.- CENA TUNA\" width=\"1600\" height=\"900\" srcset=\"https:\/\/elcotarro.com\/wp-content\/uploads\/2019\/03\/FOTO-6.-CENA-TUNA.jpg 1600w, https:\/\/elcotarro.com\/wp-content\/uploads\/2019\/03\/FOTO-6.-CENA-TUNA-300x169.jpg 300w, https:\/\/elcotarro.com\/wp-content\/uploads\/2019\/03\/FOTO-6.-CENA-TUNA-1024x576.jpg 1024w\" sizes=\"auto, (max-width: 1600px) 100vw, 1600px\" \/><\/a><\/p>\n<p style=\"text-align: center\"><em>La muy ilustre, decana, nocturna y andariega Tuna de Medicina de la Universidad de La Laguna (ya cincuentenaria, como su Facultad), homenaje\u00f3 a sus profesores.<\/em><\/p>\n","protected":false},"excerpt":{"rendered":"<p>Parece que fue ayer, pero este curso 2018\/2019 se celebran, nada m\u00e1s y nada menos, que los 50 a\u00f1os de la creaci\u00f3n de la Facultad de Medicina de nuestra Universidad de La Laguna (ULL). En aquel primer curso de Medicina, un grupo de alumnos entre los que estaban Paco Fern\u00e1ndez Robayna, Luis Artiles, Carlos Casanova, &#8230; <a class=\"read-more\" href=\"https:\/\/elcotarro.com\/?p=6633\">Read more<\/a><\/p>\n","protected":false},"author":2,"featured_media":0,"comment_status":"open","ping_status":"open","sticky":false,"template":"","format":"standard","meta":{"_jetpack_memberships_contains_paid_content":false,"footnotes":""},"categories":[1],"tags":[],"class_list":["post-6633","post","type-post","status-publish","format-standard","hentry","category-sin-categoria"],"yoast_head":"<!-- This site is optimized with the Yoast SEO plugin v27.0 - https:\/\/yoast.com\/product\/yoast-seo-wordpress\/ -->\n<title>LA FACULTAD DE MEDICINA CUMPLE 50 A\u00d1OS - El Cotarro<\/title>\n<meta name=\"robots\" content=\"index, follow, max-snippet:-1, max-image-preview:large, max-video-preview:-1\" \/>\n<link rel=\"canonical\" href=\"https:\/\/elcotarro.com\/?p=6633\" \/>\n<meta property=\"og:locale\" content=\"es_ES\" \/>\n<meta property=\"og:type\" content=\"article\" \/>\n<meta property=\"og:title\" content=\"LA FACULTAD DE MEDICINA CUMPLE 50 A\u00d1OS - El Cotarro\" \/>\n<meta property=\"og:description\" content=\"Parece que fue ayer, pero este curso 2018\/2019 se celebran, nada m\u00e1s y nada menos, que los 50 a\u00f1os de la creaci\u00f3n de la Facultad de Medicina de nuestra Universidad de La Laguna (ULL). En aquel primer curso de Medicina, un grupo de alumnos entre los que estaban Paco Fern\u00e1ndez Robayna, Luis Artiles, Carlos Casanova, ... Read more\" \/>\n<meta property=\"og:url\" content=\"https:\/\/elcotarro.com\/?p=6633\" \/>\n<meta property=\"og:site_name\" content=\"El Cotarro\" \/>\n<meta property=\"article:publisher\" content=\"https:\/\/www.facebook.com\/ElCotarro.Tenerife\" \/>\n<meta property=\"article:published_time\" content=\"2019-03-31T10:00:40+00:00\" \/>\n<meta property=\"og:image\" content=\"https:\/\/elcotarro.com\/wp-content\/uploads\/2019\/03\/FOTO-6.-CENA-TUNA.jpg\" \/>\n<meta name=\"author\" content=\"Jos\u00e9 Carlos Marrero Gonz\u00e1lez\" \/>\n<meta name=\"twitter:label1\" content=\"Escrito por\" \/>\n\t<meta name=\"twitter:data1\" content=\"Jos\u00e9 Carlos Marrero Gonz\u00e1lez\" \/>\n\t<meta name=\"twitter:label2\" content=\"Tiempo de lectura\" \/>\n\t<meta name=\"twitter:data2\" content=\"1 minuto\" \/>\n<script type=\"application\/ld+json\" class=\"yoast-schema-graph\">{\"@context\":\"https:\/\/schema.org\",\"@graph\":[{\"@type\":\"Article\",\"@id\":\"https:\/\/elcotarro.com\/?p=6633#article\",\"isPartOf\":{\"@id\":\"https:\/\/elcotarro.com\/?p=6633\"},\"author\":{\"name\":\"Jos\u00e9 Carlos Marrero Gonz\u00e1lez\",\"@id\":\"https:\/\/elcotarro.com\/#\/schema\/person\/af537ee7d60d15984c7e0affcd8a918b\"},\"headline\":\"LA FACULTAD DE MEDICINA CUMPLE 50 A\u00d1OS\",\"datePublished\":\"2019-03-31T10:00:40+00:00\",\"mainEntityOfPage\":{\"@id\":\"https:\/\/elcotarro.com\/?p=6633\"},\"wordCount\":164,\"commentCount\":0,\"publisher\":{\"@id\":\"https:\/\/elcotarro.com\/#organization\"},\"image\":{\"@id\":\"https:\/\/elcotarro.com\/?p=6633#primaryimage\"},\"thumbnailUrl\":\"https:\/\/elcotarro.com\/wp-content\/uploads\/2019\/03\/FOTO-6.-CENA-TUNA.jpg\",\"inLanguage\":\"es\",\"potentialAction\":[{\"@type\":\"CommentAction\",\"name\":\"Comment\",\"target\":[\"https:\/\/elcotarro.com\/?p=6633#respond\"]}]},{\"@type\":\"WebPage\",\"@id\":\"https:\/\/elcotarro.com\/?p=6633\",\"url\":\"https:\/\/elcotarro.com\/?p=6633\",\"name\":\"LA FACULTAD DE MEDICINA CUMPLE 50 A\u00d1OS - El Cotarro\",\"isPartOf\":{\"@id\":\"https:\/\/elcotarro.com\/#website\"},\"primaryImageOfPage\":{\"@id\":\"https:\/\/elcotarro.com\/?p=6633#primaryimage\"},\"image\":{\"@id\":\"https:\/\/elcotarro.com\/?p=6633#primaryimage\"},\"thumbnailUrl\":\"https:\/\/elcotarro.com\/wp-content\/uploads\/2019\/03\/FOTO-6.-CENA-TUNA.jpg\",\"datePublished\":\"2019-03-31T10:00:40+00:00\",\"breadcrumb\":{\"@id\":\"https:\/\/elcotarro.com\/?p=6633#breadcrumb\"},\"inLanguage\":\"es\",\"potentialAction\":[{\"@type\":\"ReadAction\",\"target\":[\"https:\/\/elcotarro.com\/?p=6633\"]}]},{\"@type\":\"ImageObject\",\"inLanguage\":\"es\",\"@id\":\"https:\/\/elcotarro.com\/?p=6633#primaryimage\",\"url\":\"https:\/\/elcotarro.com\/wp-content\/uploads\/2019\/03\/FOTO-6.-CENA-TUNA.jpg\",\"contentUrl\":\"https:\/\/elcotarro.com\/wp-content\/uploads\/2019\/03\/FOTO-6.-CENA-TUNA.jpg\",\"width\":1600,\"height\":900},{\"@type\":\"BreadcrumbList\",\"@id\":\"https:\/\/elcotarro.com\/?p=6633#breadcrumb\",\"itemListElement\":[{\"@type\":\"ListItem\",\"position\":1,\"name\":\"Portada\",\"item\":\"https:\/\/elcotarro.com\/\"},{\"@type\":\"ListItem\",\"position\":2,\"name\":\"LA FACULTAD DE MEDICINA CUMPLE 50 A\u00d1OS\"}]},{\"@type\":\"WebSite\",\"@id\":\"https:\/\/elcotarro.com\/#website\",\"url\":\"https:\/\/elcotarro.com\/\",\"name\":\"El Cotarro\",\"description\":\"Peri\u00f3dico Digital Independiente dirigido por Jos\u00e9 Carlos Marrero\",\"publisher\":{\"@id\":\"https:\/\/elcotarro.com\/#organization\"},\"potentialAction\":[{\"@type\":\"SearchAction\",\"target\":{\"@type\":\"EntryPoint\",\"urlTemplate\":\"https:\/\/elcotarro.com\/?s={search_term_string}\"},\"query-input\":{\"@type\":\"PropertyValueSpecification\",\"valueRequired\":true,\"valueName\":\"search_term_string\"}}],\"inLanguage\":\"es\"},{\"@type\":\"Organization\",\"@id\":\"https:\/\/elcotarro.com\/#organization\",\"name\":\"El Cotarro\",\"url\":\"https:\/\/elcotarro.com\/\",\"logo\":{\"@type\":\"ImageObject\",\"inLanguage\":\"es\",\"@id\":\"https:\/\/elcotarro.com\/#\/schema\/logo\/image\/\",\"url\":\"https:\/\/elcotarro.com\/wp-content\/uploads\/2014\/09\/Cabecera_El_Cotarro_v2.jpg\",\"contentUrl\":\"https:\/\/elcotarro.com\/wp-content\/uploads\/2014\/09\/Cabecera_El_Cotarro_v2.jpg\",\"width\":3540,\"height\":441,\"caption\":\"El Cotarro\"},\"image\":{\"@id\":\"https:\/\/elcotarro.com\/#\/schema\/logo\/image\/\"},\"sameAs\":[\"https:\/\/www.facebook.com\/ElCotarro.Tenerife\"]},{\"@type\":\"Person\",\"@id\":\"https:\/\/elcotarro.com\/#\/schema\/person\/af537ee7d60d15984c7e0affcd8a918b\",\"name\":\"Jos\u00e9 Carlos Marrero Gonz\u00e1lez\",\"image\":{\"@type\":\"ImageObject\",\"inLanguage\":\"es\",\"@id\":\"https:\/\/elcotarro.com\/#\/schema\/person\/image\/\",\"url\":\"https:\/\/secure.gravatar.com\/avatar\/def4da036efb5d32c74d49c351f6dccc064dd69ad9f3aadc295c5a9a5391ca01?s=96&d=mm&r=g\",\"contentUrl\":\"https:\/\/secure.gravatar.com\/avatar\/def4da036efb5d32c74d49c351f6dccc064dd69ad9f3aadc295c5a9a5391ca01?s=96&d=mm&r=g\",\"caption\":\"Jos\u00e9 Carlos Marrero Gonz\u00e1lez\"},\"sameAs\":[\"https:\/\/elcotarro.com\"],\"url\":\"https:\/\/elcotarro.com\/?author=2\"}]}<\/script>\n<!-- \/ Yoast SEO plugin. -->","yoast_head_json":{"title":"LA FACULTAD DE MEDICINA CUMPLE 50 A\u00d1OS - El Cotarro","robots":{"index":"index","follow":"follow","max-snippet":"max-snippet:-1","max-image-preview":"max-image-preview:large","max-video-preview":"max-video-preview:-1"},"canonical":"https:\/\/elcotarro.com\/?p=6633","og_locale":"es_ES","og_type":"article","og_title":"LA FACULTAD DE MEDICINA CUMPLE 50 A\u00d1OS - El Cotarro","og_description":"Parece que fue ayer, pero este curso 2018\/2019 se celebran, nada m\u00e1s y nada menos, que los 50 a\u00f1os de la creaci\u00f3n de la Facultad de Medicina de nuestra Universidad de La Laguna (ULL). En aquel primer curso de Medicina, un grupo de alumnos entre los que estaban Paco Fern\u00e1ndez Robayna, Luis Artiles, Carlos Casanova, ... Read more","og_url":"https:\/\/elcotarro.com\/?p=6633","og_site_name":"El Cotarro","article_publisher":"https:\/\/www.facebook.com\/ElCotarro.Tenerife","article_published_time":"2019-03-31T10:00:40+00:00","og_image":[{"url":"https:\/\/elcotarro.com\/wp-content\/uploads\/2019\/03\/FOTO-6.-CENA-TUNA.jpg","type":"","width":"","height":""}],"author":"Jos\u00e9 Carlos Marrero Gonz\u00e1lez","twitter_misc":{"Escrito por":"Jos\u00e9 Carlos Marrero Gonz\u00e1lez","Tiempo de lectura":"1 minuto"},"schema":{"@context":"https:\/\/schema.org","@graph":[{"@type":"Article","@id":"https:\/\/elcotarro.com\/?p=6633#article","isPartOf":{"@id":"https:\/\/elcotarro.com\/?p=6633"},"author":{"name":"Jos\u00e9 Carlos Marrero Gonz\u00e1lez","@id":"https:\/\/elcotarro.com\/#\/schema\/person\/af537ee7d60d15984c7e0affcd8a918b"},"headline":"LA FACULTAD DE MEDICINA CUMPLE 50 A\u00d1OS","datePublished":"2019-03-31T10:00:40+00:00","mainEntityOfPage":{"@id":"https:\/\/elcotarro.com\/?p=6633"},"wordCount":164,"commentCount":0,"publisher":{"@id":"https:\/\/elcotarro.com\/#organization"},"image":{"@id":"https:\/\/elcotarro.com\/?p=6633#primaryimage"},"thumbnailUrl":"https:\/\/elcotarro.com\/wp-content\/uploads\/2019\/03\/FOTO-6.-CENA-TUNA.jpg","inLanguage":"es","potentialAction":[{"@type":"CommentAction","name":"Comment","target":["https:\/\/elcotarro.com\/?p=6633#respond"]}]},{"@type":"WebPage","@id":"https:\/\/elcotarro.com\/?p=6633","url":"https:\/\/elcotarro.com\/?p=6633","name":"LA FACULTAD DE MEDICINA CUMPLE 50 A\u00d1OS - El Cotarro","isPartOf":{"@id":"https:\/\/elcotarro.com\/#website"},"primaryImageOfPage":{"@id":"https:\/\/elcotarro.com\/?p=6633#primaryimage"},"image":{"@id":"https:\/\/elcotarro.com\/?p=6633#primaryimage"},"thumbnailUrl":"https:\/\/elcotarro.com\/wp-content\/uploads\/2019\/03\/FOTO-6.-CENA-TUNA.jpg","datePublished":"2019-03-31T10:00:40+00:00","breadcrumb":{"@id":"https:\/\/elcotarro.com\/?p=6633#breadcrumb"},"inLanguage":"es","potentialAction":[{"@type":"ReadAction","target":["https:\/\/elcotarro.com\/?p=6633"]}]},{"@type":"ImageObject","inLanguage":"es","@id":"https:\/\/elcotarro.com\/?p=6633#primaryimage","url":"https:\/\/elcotarro.com\/wp-content\/uploads\/2019\/03\/FOTO-6.-CENA-TUNA.jpg","contentUrl":"https:\/\/elcotarro.com\/wp-content\/uploads\/2019\/03\/FOTO-6.-CENA-TUNA.jpg","width":1600,"height":900},{"@type":"BreadcrumbList","@id":"https:\/\/elcotarro.com\/?p=6633#breadcrumb","itemListElement":[{"@type":"ListItem","position":1,"name":"Portada","item":"https:\/\/elcotarro.com\/"},{"@type":"ListItem","position":2,"name":"LA FACULTAD DE MEDICINA CUMPLE 50 A\u00d1OS"}]},{"@type":"WebSite","@id":"https:\/\/elcotarro.com\/#website","url":"https:\/\/elcotarro.com\/","name":"El Cotarro","description":"Peri\u00f3dico Digital Independiente dirigido por Jos\u00e9 Carlos Marrero","publisher":{"@id":"https:\/\/elcotarro.com\/#organization"},"potentialAction":[{"@type":"SearchAction","target":{"@type":"EntryPoint","urlTemplate":"https:\/\/elcotarro.com\/?s={search_term_string}"},"query-input":{"@type":"PropertyValueSpecification","valueRequired":true,"valueName":"search_term_string"}}],"inLanguage":"es"},{"@type":"Organization","@id":"https:\/\/elcotarro.com\/#organization","name":"El Cotarro","url":"https:\/\/elcotarro.com\/","logo":{"@type":"ImageObject","inLanguage":"es","@id":"https:\/\/elcotarro.com\/#\/schema\/logo\/image\/","url":"https:\/\/elcotarro.com\/wp-content\/uploads\/2014\/09\/Cabecera_El_Cotarro_v2.jpg","contentUrl":"https:\/\/elcotarro.com\/wp-content\/uploads\/2014\/09\/Cabecera_El_Cotarro_v2.jpg","width":3540,"height":441,"caption":"El Cotarro"},"image":{"@id":"https:\/\/elcotarro.com\/#\/schema\/logo\/image\/"},"sameAs":["https:\/\/www.facebook.com\/ElCotarro.Tenerife"]},{"@type":"Person","@id":"https:\/\/elcotarro.com\/#\/schema\/person\/af537ee7d60d15984c7e0affcd8a918b","name":"Jos\u00e9 Carlos Marrero Gonz\u00e1lez","image":{"@type":"ImageObject","inLanguage":"es","@id":"https:\/\/elcotarro.com\/#\/schema\/person\/image\/","url":"https:\/\/secure.gravatar.com\/avatar\/def4da036efb5d32c74d49c351f6dccc064dd69ad9f3aadc295c5a9a5391ca01?s=96&d=mm&r=g","contentUrl":"https:\/\/secure.gravatar.com\/avatar\/def4da036efb5d32c74d49c351f6dccc064dd69ad9f3aadc295c5a9a5391ca01?s=96&d=mm&r=g","caption":"Jos\u00e9 Carlos Marrero Gonz\u00e1lez"},"sameAs":["https:\/\/elcotarro.com"],"url":"https:\/\/elcotarro.com\/?author=2"}]}},"jetpack_featured_media_url":"","jetpack_sharing_enabled":true,"_links":{"self":[{"href":"https:\/\/elcotarro.com\/index.php?rest_route=\/wp\/v2\/posts\/6633","targetHints":{"allow":["GET"]}}],"collection":[{"href":"https:\/\/elcotarro.com\/index.php?rest_route=\/wp\/v2\/posts"}],"about":[{"href":"https:\/\/elcotarro.com\/index.php?rest_route=\/wp\/v2\/types\/post"}],"author":[{"embeddable":true,"href":"https:\/\/elcotarro.com\/index.php?rest_route=\/wp\/v2\/users\/2"}],"replies":[{"embeddable":true,"href":"https:\/\/elcotarro.com\/index.php?rest_route=%2Fwp%2Fv2%2Fcomments&post=6633"}],"version-history":[{"count":1,"href":"https:\/\/elcotarro.com\/index.php?rest_route=\/wp\/v2\/posts\/6633\/revisions"}],"predecessor-version":[{"id":6635,"href":"https:\/\/elcotarro.com\/index.php?rest_route=\/wp\/v2\/posts\/6633\/revisions\/6635"}],"wp:attachment":[{"href":"https:\/\/elcotarro.com\/index.php?rest_route=%2Fwp%2Fv2%2Fmedia&parent=6633"}],"wp:term":[{"taxonomy":"category","embeddable":true,"href":"https:\/\/elcotarro.com\/index.php?rest_route=%2Fwp%2Fv2%2Fcategories&post=6633"},{"taxonomy":"post_tag","embeddable":true,"href":"https:\/\/elcotarro.com\/index.php?rest_route=%2Fwp%2Fv2%2Ftags&post=6633"}],"curies":[{"name":"wp","href":"https:\/\/api.w.org\/{rel}","templated":true}]}}