{"id":6669,"date":"2019-04-14T11:04:35","date_gmt":"2019-04-14T10:04:35","guid":{"rendered":"https:\/\/elcotarro.com\/?p=6669"},"modified":"2019-04-13T14:04:05","modified_gmt":"2019-04-13T13:04:05","slug":"clavelitos-a-la-patrona-de-canarias","status":"publish","type":"post","link":"https:\/\/elcotarro.com\/?p=6669","title":{"rendered":"\u201cCLAVELITOS\u201d A LA PATRONA DE CANARIAS"},"content":{"rendered":"<p>Los feligreses que acababan de asistir a la misa del mediod\u00eda se quedaron gratamente sorprendidos cuando, al terminar la celebraci\u00f3n, sintieron los sones del pasacalle \u201cLlega la Tuna\u201d y vieron entrar por el pasillo central de la bas\u00edlica a casi 50 tunos ataviados con sus tradicionales trajes y capas cantando hacia el altar mayor. All\u00ed un novato de la actual tuna deposit\u00f3 un gran ramo de flores ante la Patrona de todos los canarios, mientras la tuna cantaba las \u201cCintas de mi capa\u201d, el \u201cAmor Canario\u201d y la \u201cVieja Farola del Mar\u201d. El padre prior, <strong>Daniel L\u00f3pez Mir\u00f3n<\/strong>, agradeci\u00f3 el gesto y los feligreses lo aplaudieron mientras la tuna se sacaba la foto de familia que les pongo arriba. el broche de oro, cantado por todos, fue el tradicional \u201cClavelitos\u201d cantado a la Virgen.<\/p>\n<p style=\"text-align: center\"><a href=\"https:\/\/elcotarro.com\/wp-content\/uploads\/2019\/04\/FOTO-2.-VETERANOS.jpg\"><img loading=\"lazy\" decoding=\"async\" class=\"aligncenter size-full wp-image-6670\" src=\"https:\/\/elcotarro.com\/wp-content\/uploads\/2019\/04\/FOTO-2.-VETERANOS.jpg\" alt=\"FOTO 2.- VETERANOS\" width=\"1229\" height=\"849\" srcset=\"https:\/\/elcotarro.com\/wp-content\/uploads\/2019\/04\/FOTO-2.-VETERANOS.jpg 1229w, https:\/\/elcotarro.com\/wp-content\/uploads\/2019\/04\/FOTO-2.-VETERANOS-300x207.jpg 300w, https:\/\/elcotarro.com\/wp-content\/uploads\/2019\/04\/FOTO-2.-VETERANOS-1024x707.jpg 1024w\" sizes=\"auto, (max-width: 1229px) 100vw, 1229px\" \/><\/a><\/p>\n<p style=\"text-align: center\"><em>Algunos de los m\u00e1s \u201cveteranos\u201d de la Tuna de Medicina de la ULL, el pasado s\u00e1bado en la Plaza de la Patrona de Canarias<\/em><\/p>\n","protected":false},"excerpt":{"rendered":"<p>Los feligreses que acababan de asistir a la misa del mediod\u00eda se quedaron gratamente sorprendidos cuando, al terminar la celebraci\u00f3n, sintieron los sones del pasacalle \u201cLlega la Tuna\u201d y vieron entrar por el pasillo central de la bas\u00edlica a casi 50 tunos ataviados con sus tradicionales trajes y capas cantando hacia el altar mayor. All\u00ed &#8230; <a class=\"read-more\" href=\"https:\/\/elcotarro.com\/?p=6669\">Read more<\/a><\/p>\n","protected":false},"author":2,"featured_media":0,"comment_status":"open","ping_status":"open","sticky":false,"template":"","format":"standard","meta":{"_jetpack_memberships_contains_paid_content":false,"footnotes":""},"categories":[1],"tags":[],"class_list":["post-6669","post","type-post","status-publish","format-standard","hentry","category-sin-categoria"],"yoast_head":"<!-- This site is optimized with the Yoast SEO plugin v27.0 - https:\/\/yoast.com\/product\/yoast-seo-wordpress\/ -->\n<title>\u201cCLAVELITOS\u201d A LA PATRONA DE CANARIAS - El Cotarro<\/title>\n<meta name=\"robots\" content=\"index, follow, max-snippet:-1, max-image-preview:large, max-video-preview:-1\" \/>\n<link rel=\"canonical\" href=\"https:\/\/elcotarro.com\/?p=6669\" \/>\n<meta property=\"og:locale\" content=\"es_ES\" \/>\n<meta property=\"og:type\" content=\"article\" \/>\n<meta property=\"og:title\" content=\"\u201cCLAVELITOS\u201d A LA PATRONA DE CANARIAS - El Cotarro\" \/>\n<meta property=\"og:description\" content=\"Los feligreses que acababan de asistir a la misa del mediod\u00eda se quedaron gratamente sorprendidos cuando, al terminar la celebraci\u00f3n, sintieron los sones del pasacalle \u201cLlega la Tuna\u201d y vieron entrar por el pasillo central de la bas\u00edlica a casi 50 tunos ataviados con sus tradicionales trajes y capas cantando hacia el altar mayor. All\u00ed ... Read more\" \/>\n<meta property=\"og:url\" content=\"https:\/\/elcotarro.com\/?p=6669\" \/>\n<meta property=\"og:site_name\" content=\"El Cotarro\" \/>\n<meta property=\"article:publisher\" content=\"https:\/\/www.facebook.com\/ElCotarro.Tenerife\" \/>\n<meta property=\"article:published_time\" content=\"2019-04-14T10:04:35+00:00\" \/>\n<meta property=\"og:image\" content=\"https:\/\/elcotarro.com\/wp-content\/uploads\/2019\/04\/FOTO-2.-VETERANOS.jpg\" \/>\n<meta name=\"author\" content=\"Jos\u00e9 Carlos Marrero Gonz\u00e1lez\" \/>\n<meta name=\"twitter:label1\" content=\"Escrito por\" \/>\n\t<meta name=\"twitter:data1\" content=\"Jos\u00e9 Carlos Marrero Gonz\u00e1lez\" \/>\n\t<meta name=\"twitter:label2\" content=\"Tiempo de lectura\" \/>\n\t<meta name=\"twitter:data2\" content=\"1 minuto\" \/>\n<script type=\"application\/ld+json\" class=\"yoast-schema-graph\">{\"@context\":\"https:\/\/schema.org\",\"@graph\":[{\"@type\":\"Article\",\"@id\":\"https:\/\/elcotarro.com\/?p=6669#article\",\"isPartOf\":{\"@id\":\"https:\/\/elcotarro.com\/?p=6669\"},\"author\":{\"name\":\"Jos\u00e9 Carlos Marrero Gonz\u00e1lez\",\"@id\":\"https:\/\/elcotarro.com\/#\/schema\/person\/af537ee7d60d15984c7e0affcd8a918b\"},\"headline\":\"\u201cCLAVELITOS\u201d A LA PATRONA DE CANARIAS\",\"datePublished\":\"2019-04-14T10:04:35+00:00\",\"mainEntityOfPage\":{\"@id\":\"https:\/\/elcotarro.com\/?p=6669\"},\"wordCount\":170,\"commentCount\":0,\"publisher\":{\"@id\":\"https:\/\/elcotarro.com\/#organization\"},\"image\":{\"@id\":\"https:\/\/elcotarro.com\/?p=6669#primaryimage\"},\"thumbnailUrl\":\"https:\/\/elcotarro.com\/wp-content\/uploads\/2019\/04\/FOTO-2.-VETERANOS.jpg\",\"inLanguage\":\"es\",\"potentialAction\":[{\"@type\":\"CommentAction\",\"name\":\"Comment\",\"target\":[\"https:\/\/elcotarro.com\/?p=6669#respond\"]}]},{\"@type\":\"WebPage\",\"@id\":\"https:\/\/elcotarro.com\/?p=6669\",\"url\":\"https:\/\/elcotarro.com\/?p=6669\",\"name\":\"\u201cCLAVELITOS\u201d A LA PATRONA DE CANARIAS - El Cotarro\",\"isPartOf\":{\"@id\":\"https:\/\/elcotarro.com\/#website\"},\"primaryImageOfPage\":{\"@id\":\"https:\/\/elcotarro.com\/?p=6669#primaryimage\"},\"image\":{\"@id\":\"https:\/\/elcotarro.com\/?p=6669#primaryimage\"},\"thumbnailUrl\":\"https:\/\/elcotarro.com\/wp-content\/uploads\/2019\/04\/FOTO-2.-VETERANOS.jpg\",\"datePublished\":\"2019-04-14T10:04:35+00:00\",\"breadcrumb\":{\"@id\":\"https:\/\/elcotarro.com\/?p=6669#breadcrumb\"},\"inLanguage\":\"es\",\"potentialAction\":[{\"@type\":\"ReadAction\",\"target\":[\"https:\/\/elcotarro.com\/?p=6669\"]}]},{\"@type\":\"ImageObject\",\"inLanguage\":\"es\",\"@id\":\"https:\/\/elcotarro.com\/?p=6669#primaryimage\",\"url\":\"https:\/\/elcotarro.com\/wp-content\/uploads\/2019\/04\/FOTO-2.-VETERANOS.jpg\",\"contentUrl\":\"https:\/\/elcotarro.com\/wp-content\/uploads\/2019\/04\/FOTO-2.-VETERANOS.jpg\",\"width\":1229,\"height\":849},{\"@type\":\"BreadcrumbList\",\"@id\":\"https:\/\/elcotarro.com\/?p=6669#breadcrumb\",\"itemListElement\":[{\"@type\":\"ListItem\",\"position\":1,\"name\":\"Portada\",\"item\":\"https:\/\/elcotarro.com\/\"},{\"@type\":\"ListItem\",\"position\":2,\"name\":\"\u201cCLAVELITOS\u201d A LA PATRONA DE CANARIAS\"}]},{\"@type\":\"WebSite\",\"@id\":\"https:\/\/elcotarro.com\/#website\",\"url\":\"https:\/\/elcotarro.com\/\",\"name\":\"El Cotarro\",\"description\":\"Peri\u00f3dico Digital Independiente dirigido por Jos\u00e9 Carlos Marrero\",\"publisher\":{\"@id\":\"https:\/\/elcotarro.com\/#organization\"},\"potentialAction\":[{\"@type\":\"SearchAction\",\"target\":{\"@type\":\"EntryPoint\",\"urlTemplate\":\"https:\/\/elcotarro.com\/?s={search_term_string}\"},\"query-input\":{\"@type\":\"PropertyValueSpecification\",\"valueRequired\":true,\"valueName\":\"search_term_string\"}}],\"inLanguage\":\"es\"},{\"@type\":\"Organization\",\"@id\":\"https:\/\/elcotarro.com\/#organization\",\"name\":\"El Cotarro\",\"url\":\"https:\/\/elcotarro.com\/\",\"logo\":{\"@type\":\"ImageObject\",\"inLanguage\":\"es\",\"@id\":\"https:\/\/elcotarro.com\/#\/schema\/logo\/image\/\",\"url\":\"https:\/\/elcotarro.com\/wp-content\/uploads\/2014\/09\/Cabecera_El_Cotarro_v2.jpg\",\"contentUrl\":\"https:\/\/elcotarro.com\/wp-content\/uploads\/2014\/09\/Cabecera_El_Cotarro_v2.jpg\",\"width\":3540,\"height\":441,\"caption\":\"El Cotarro\"},\"image\":{\"@id\":\"https:\/\/elcotarro.com\/#\/schema\/logo\/image\/\"},\"sameAs\":[\"https:\/\/www.facebook.com\/ElCotarro.Tenerife\"]},{\"@type\":\"Person\",\"@id\":\"https:\/\/elcotarro.com\/#\/schema\/person\/af537ee7d60d15984c7e0affcd8a918b\",\"name\":\"Jos\u00e9 Carlos Marrero Gonz\u00e1lez\",\"image\":{\"@type\":\"ImageObject\",\"inLanguage\":\"es\",\"@id\":\"https:\/\/elcotarro.com\/#\/schema\/person\/image\/\",\"url\":\"https:\/\/secure.gravatar.com\/avatar\/def4da036efb5d32c74d49c351f6dccc064dd69ad9f3aadc295c5a9a5391ca01?s=96&d=mm&r=g\",\"contentUrl\":\"https:\/\/secure.gravatar.com\/avatar\/def4da036efb5d32c74d49c351f6dccc064dd69ad9f3aadc295c5a9a5391ca01?s=96&d=mm&r=g\",\"caption\":\"Jos\u00e9 Carlos Marrero Gonz\u00e1lez\"},\"sameAs\":[\"https:\/\/elcotarro.com\"],\"url\":\"https:\/\/elcotarro.com\/?author=2\"}]}<\/script>\n<!-- \/ Yoast SEO plugin. -->","yoast_head_json":{"title":"\u201cCLAVELITOS\u201d A LA PATRONA DE CANARIAS - El Cotarro","robots":{"index":"index","follow":"follow","max-snippet":"max-snippet:-1","max-image-preview":"max-image-preview:large","max-video-preview":"max-video-preview:-1"},"canonical":"https:\/\/elcotarro.com\/?p=6669","og_locale":"es_ES","og_type":"article","og_title":"\u201cCLAVELITOS\u201d A LA PATRONA DE CANARIAS - El Cotarro","og_description":"Los feligreses que acababan de asistir a la misa del mediod\u00eda se quedaron gratamente sorprendidos cuando, al terminar la celebraci\u00f3n, sintieron los sones del pasacalle \u201cLlega la Tuna\u201d y vieron entrar por el pasillo central de la bas\u00edlica a casi 50 tunos ataviados con sus tradicionales trajes y capas cantando hacia el altar mayor. All\u00ed ... Read more","og_url":"https:\/\/elcotarro.com\/?p=6669","og_site_name":"El Cotarro","article_publisher":"https:\/\/www.facebook.com\/ElCotarro.Tenerife","article_published_time":"2019-04-14T10:04:35+00:00","og_image":[{"url":"https:\/\/elcotarro.com\/wp-content\/uploads\/2019\/04\/FOTO-2.-VETERANOS.jpg","type":"","width":"","height":""}],"author":"Jos\u00e9 Carlos Marrero Gonz\u00e1lez","twitter_misc":{"Escrito por":"Jos\u00e9 Carlos Marrero Gonz\u00e1lez","Tiempo de lectura":"1 minuto"},"schema":{"@context":"https:\/\/schema.org","@graph":[{"@type":"Article","@id":"https:\/\/elcotarro.com\/?p=6669#article","isPartOf":{"@id":"https:\/\/elcotarro.com\/?p=6669"},"author":{"name":"Jos\u00e9 Carlos Marrero Gonz\u00e1lez","@id":"https:\/\/elcotarro.com\/#\/schema\/person\/af537ee7d60d15984c7e0affcd8a918b"},"headline":"\u201cCLAVELITOS\u201d A LA PATRONA DE CANARIAS","datePublished":"2019-04-14T10:04:35+00:00","mainEntityOfPage":{"@id":"https:\/\/elcotarro.com\/?p=6669"},"wordCount":170,"commentCount":0,"publisher":{"@id":"https:\/\/elcotarro.com\/#organization"},"image":{"@id":"https:\/\/elcotarro.com\/?p=6669#primaryimage"},"thumbnailUrl":"https:\/\/elcotarro.com\/wp-content\/uploads\/2019\/04\/FOTO-2.-VETERANOS.jpg","inLanguage":"es","potentialAction":[{"@type":"CommentAction","name":"Comment","target":["https:\/\/elcotarro.com\/?p=6669#respond"]}]},{"@type":"WebPage","@id":"https:\/\/elcotarro.com\/?p=6669","url":"https:\/\/elcotarro.com\/?p=6669","name":"\u201cCLAVELITOS\u201d A LA PATRONA DE CANARIAS - El Cotarro","isPartOf":{"@id":"https:\/\/elcotarro.com\/#website"},"primaryImageOfPage":{"@id":"https:\/\/elcotarro.com\/?p=6669#primaryimage"},"image":{"@id":"https:\/\/elcotarro.com\/?p=6669#primaryimage"},"thumbnailUrl":"https:\/\/elcotarro.com\/wp-content\/uploads\/2019\/04\/FOTO-2.-VETERANOS.jpg","datePublished":"2019-04-14T10:04:35+00:00","breadcrumb":{"@id":"https:\/\/elcotarro.com\/?p=6669#breadcrumb"},"inLanguage":"es","potentialAction":[{"@type":"ReadAction","target":["https:\/\/elcotarro.com\/?p=6669"]}]},{"@type":"ImageObject","inLanguage":"es","@id":"https:\/\/elcotarro.com\/?p=6669#primaryimage","url":"https:\/\/elcotarro.com\/wp-content\/uploads\/2019\/04\/FOTO-2.-VETERANOS.jpg","contentUrl":"https:\/\/elcotarro.com\/wp-content\/uploads\/2019\/04\/FOTO-2.-VETERANOS.jpg","width":1229,"height":849},{"@type":"BreadcrumbList","@id":"https:\/\/elcotarro.com\/?p=6669#breadcrumb","itemListElement":[{"@type":"ListItem","position":1,"name":"Portada","item":"https:\/\/elcotarro.com\/"},{"@type":"ListItem","position":2,"name":"\u201cCLAVELITOS\u201d A LA PATRONA DE CANARIAS"}]},{"@type":"WebSite","@id":"https:\/\/elcotarro.com\/#website","url":"https:\/\/elcotarro.com\/","name":"El Cotarro","description":"Peri\u00f3dico Digital Independiente dirigido por Jos\u00e9 Carlos Marrero","publisher":{"@id":"https:\/\/elcotarro.com\/#organization"},"potentialAction":[{"@type":"SearchAction","target":{"@type":"EntryPoint","urlTemplate":"https:\/\/elcotarro.com\/?s={search_term_string}"},"query-input":{"@type":"PropertyValueSpecification","valueRequired":true,"valueName":"search_term_string"}}],"inLanguage":"es"},{"@type":"Organization","@id":"https:\/\/elcotarro.com\/#organization","name":"El Cotarro","url":"https:\/\/elcotarro.com\/","logo":{"@type":"ImageObject","inLanguage":"es","@id":"https:\/\/elcotarro.com\/#\/schema\/logo\/image\/","url":"https:\/\/elcotarro.com\/wp-content\/uploads\/2014\/09\/Cabecera_El_Cotarro_v2.jpg","contentUrl":"https:\/\/elcotarro.com\/wp-content\/uploads\/2014\/09\/Cabecera_El_Cotarro_v2.jpg","width":3540,"height":441,"caption":"El Cotarro"},"image":{"@id":"https:\/\/elcotarro.com\/#\/schema\/logo\/image\/"},"sameAs":["https:\/\/www.facebook.com\/ElCotarro.Tenerife"]},{"@type":"Person","@id":"https:\/\/elcotarro.com\/#\/schema\/person\/af537ee7d60d15984c7e0affcd8a918b","name":"Jos\u00e9 Carlos Marrero Gonz\u00e1lez","image":{"@type":"ImageObject","inLanguage":"es","@id":"https:\/\/elcotarro.com\/#\/schema\/person\/image\/","url":"https:\/\/secure.gravatar.com\/avatar\/def4da036efb5d32c74d49c351f6dccc064dd69ad9f3aadc295c5a9a5391ca01?s=96&d=mm&r=g","contentUrl":"https:\/\/secure.gravatar.com\/avatar\/def4da036efb5d32c74d49c351f6dccc064dd69ad9f3aadc295c5a9a5391ca01?s=96&d=mm&r=g","caption":"Jos\u00e9 Carlos Marrero Gonz\u00e1lez"},"sameAs":["https:\/\/elcotarro.com"],"url":"https:\/\/elcotarro.com\/?author=2"}]}},"jetpack_featured_media_url":"","jetpack_sharing_enabled":true,"_links":{"self":[{"href":"https:\/\/elcotarro.com\/index.php?rest_route=\/wp\/v2\/posts\/6669","targetHints":{"allow":["GET"]}}],"collection":[{"href":"https:\/\/elcotarro.com\/index.php?rest_route=\/wp\/v2\/posts"}],"about":[{"href":"https:\/\/elcotarro.com\/index.php?rest_route=\/wp\/v2\/types\/post"}],"author":[{"embeddable":true,"href":"https:\/\/elcotarro.com\/index.php?rest_route=\/wp\/v2\/users\/2"}],"replies":[{"embeddable":true,"href":"https:\/\/elcotarro.com\/index.php?rest_route=%2Fwp%2Fv2%2Fcomments&post=6669"}],"version-history":[{"count":1,"href":"https:\/\/elcotarro.com\/index.php?rest_route=\/wp\/v2\/posts\/6669\/revisions"}],"predecessor-version":[{"id":6671,"href":"https:\/\/elcotarro.com\/index.php?rest_route=\/wp\/v2\/posts\/6669\/revisions\/6671"}],"wp:attachment":[{"href":"https:\/\/elcotarro.com\/index.php?rest_route=%2Fwp%2Fv2%2Fmedia&parent=6669"}],"wp:term":[{"taxonomy":"category","embeddable":true,"href":"https:\/\/elcotarro.com\/index.php?rest_route=%2Fwp%2Fv2%2Fcategories&post=6669"},{"taxonomy":"post_tag","embeddable":true,"href":"https:\/\/elcotarro.com\/index.php?rest_route=%2Fwp%2Fv2%2Ftags&post=6669"}],"curies":[{"name":"wp","href":"https:\/\/api.w.org\/{rel}","templated":true}]}}