{"id":6672,"date":"2019-04-14T11:03:11","date_gmt":"2019-04-14T10:03:11","guid":{"rendered":"https:\/\/elcotarro.com\/?p=6672"},"modified":"2019-04-13T14:04:49","modified_gmt":"2019-04-13T13:04:49","slug":"baez-historia-viva-del-motor-isleno","status":"publish","type":"post","link":"https:\/\/elcotarro.com\/?p=6672","title":{"rendered":"B\u00c1EZ, HISTORIA VIVA DEL MOTOR ISLE\u00d1O"},"content":{"rendered":"<p>Hoy traigo a la palestra de\u00a0<strong><em>El Cotarro\u00a0<\/em><\/strong>a otro grande de \u201clos nuestros\u201d en la persona del puntal <strong>Jos\u00e9 Miguel B\u00e1ez Calvo<\/strong>, quien, democr\u00e1ticamente y por m\u00e9ritos propios, es desde 1989 el respetado (y a veces envidiado) presidente de la Confederaci\u00f3n Nacional de Autoescuelas de Espa\u00f1a (CNAE). El bueno de <strong>Jos\u00e9 Miguel B\u00e1ez<\/strong>, \u201calma p\u00e1ter\u201d de autoescuelas V\u00e9lox, es historia viva del automovilismo tinerfe\u00f1o y canario. Justo en lo alto de la antigua autoescuela V\u00e9lox, en la calle del Doctor Jos\u00e9 Naveiras, muchos de los cronometradores veteranos de Canarias hicimos el curso de comisarios t\u00e9cnicos y entramos, gracias a \u00e9l, en el fant\u00e1stico mundo del motor.<\/p>\n<p style=\"text-align: center\"><a href=\"https:\/\/elcotarro.com\/wp-content\/uploads\/2019\/04\/FOTO-3.-B\u00c1EZ-CALVO.jpg\"><img loading=\"lazy\" decoding=\"async\" class=\"aligncenter size-full wp-image-6673\" src=\"https:\/\/elcotarro.com\/wp-content\/uploads\/2019\/04\/FOTO-3.-B\u00c1EZ-CALVO.jpg\" alt=\"FOTO 3.- B\u00c1EZ CALVO\" width=\"600\" height=\"468\" srcset=\"https:\/\/elcotarro.com\/wp-content\/uploads\/2019\/04\/FOTO-3.-B\u00c1EZ-CALVO.jpg 600w, https:\/\/elcotarro.com\/wp-content\/uploads\/2019\/04\/FOTO-3.-B\u00c1EZ-CALVO-300x234.jpg 300w\" sizes=\"auto, (max-width: 600px) 100vw, 600px\" \/><\/a><\/p>\n<p style=\"text-align: center\"><em>Nuestro paisano tinerfe\u00f1o, Jos\u00e9 Miguel B\u00e1ez Calvo, actual presidente de la CNAE<\/em><\/p>\n","protected":false},"excerpt":{"rendered":"<p>Hoy traigo a la palestra de\u00a0El Cotarro\u00a0a otro grande de \u201clos nuestros\u201d en la persona del puntal Jos\u00e9 Miguel B\u00e1ez Calvo, quien, democr\u00e1ticamente y por m\u00e9ritos propios, es desde 1989 el respetado (y a veces envidiado) presidente de la Confederaci\u00f3n Nacional de Autoescuelas de Espa\u00f1a (CNAE). El bueno de Jos\u00e9 Miguel B\u00e1ez, \u201calma p\u00e1ter\u201d de &#8230; <a class=\"read-more\" href=\"https:\/\/elcotarro.com\/?p=6672\">Read more<\/a><\/p>\n","protected":false},"author":2,"featured_media":0,"comment_status":"open","ping_status":"open","sticky":false,"template":"","format":"standard","meta":{"_jetpack_memberships_contains_paid_content":false,"footnotes":""},"categories":[1],"tags":[],"class_list":["post-6672","post","type-post","status-publish","format-standard","hentry","category-sin-categoria"],"yoast_head":"<!-- This site is optimized with the Yoast SEO plugin v27.0 - https:\/\/yoast.com\/product\/yoast-seo-wordpress\/ -->\n<title>B\u00c1EZ, HISTORIA VIVA DEL MOTOR ISLE\u00d1O - El Cotarro<\/title>\n<meta name=\"robots\" content=\"index, follow, max-snippet:-1, max-image-preview:large, max-video-preview:-1\" \/>\n<link rel=\"canonical\" href=\"https:\/\/elcotarro.com\/?p=6672\" \/>\n<meta property=\"og:locale\" content=\"es_ES\" \/>\n<meta property=\"og:type\" content=\"article\" \/>\n<meta property=\"og:title\" content=\"B\u00c1EZ, HISTORIA VIVA DEL MOTOR ISLE\u00d1O - El Cotarro\" \/>\n<meta property=\"og:description\" content=\"Hoy traigo a la palestra de\u00a0El Cotarro\u00a0a otro grande de \u201clos nuestros\u201d en la persona del puntal Jos\u00e9 Miguel B\u00e1ez Calvo, quien, democr\u00e1ticamente y por m\u00e9ritos propios, es desde 1989 el respetado (y a veces envidiado) presidente de la Confederaci\u00f3n Nacional de Autoescuelas de Espa\u00f1a (CNAE). El bueno de Jos\u00e9 Miguel B\u00e1ez, \u201calma p\u00e1ter\u201d de ... Read more\" \/>\n<meta property=\"og:url\" content=\"https:\/\/elcotarro.com\/?p=6672\" \/>\n<meta property=\"og:site_name\" content=\"El Cotarro\" \/>\n<meta property=\"article:publisher\" content=\"https:\/\/www.facebook.com\/ElCotarro.Tenerife\" \/>\n<meta property=\"article:published_time\" content=\"2019-04-14T10:03:11+00:00\" \/>\n<meta name=\"author\" content=\"Jos\u00e9 Carlos Marrero Gonz\u00e1lez\" \/>\n<meta name=\"twitter:label1\" content=\"Escrito por\" \/>\n\t<meta name=\"twitter:data1\" content=\"Jos\u00e9 Carlos Marrero Gonz\u00e1lez\" \/>\n\t<meta name=\"twitter:label2\" content=\"Tiempo de lectura\" \/>\n\t<meta name=\"twitter:data2\" content=\"1 minuto\" \/>\n<script type=\"application\/ld+json\" class=\"yoast-schema-graph\">{\"@context\":\"https:\/\/schema.org\",\"@graph\":[{\"@type\":\"Article\",\"@id\":\"https:\/\/elcotarro.com\/?p=6672#article\",\"isPartOf\":{\"@id\":\"https:\/\/elcotarro.com\/?p=6672\"},\"author\":{\"name\":\"Jos\u00e9 Carlos Marrero Gonz\u00e1lez\",\"@id\":\"https:\/\/elcotarro.com\/#\/schema\/person\/af537ee7d60d15984c7e0affcd8a918b\"},\"headline\":\"B\u00c1EZ, HISTORIA VIVA DEL MOTOR ISLE\u00d1O\",\"datePublished\":\"2019-04-14T10:03:11+00:00\",\"mainEntityOfPage\":{\"@id\":\"https:\/\/elcotarro.com\/?p=6672\"},\"wordCount\":140,\"commentCount\":0,\"publisher\":{\"@id\":\"https:\/\/elcotarro.com\/#organization\"},\"inLanguage\":\"es\",\"potentialAction\":[{\"@type\":\"CommentAction\",\"name\":\"Comment\",\"target\":[\"https:\/\/elcotarro.com\/?p=6672#respond\"]}]},{\"@type\":\"WebPage\",\"@id\":\"https:\/\/elcotarro.com\/?p=6672\",\"url\":\"https:\/\/elcotarro.com\/?p=6672\",\"name\":\"B\u00c1EZ, HISTORIA VIVA DEL MOTOR ISLE\u00d1O - El Cotarro\",\"isPartOf\":{\"@id\":\"https:\/\/elcotarro.com\/#website\"},\"datePublished\":\"2019-04-14T10:03:11+00:00\",\"breadcrumb\":{\"@id\":\"https:\/\/elcotarro.com\/?p=6672#breadcrumb\"},\"inLanguage\":\"es\",\"potentialAction\":[{\"@type\":\"ReadAction\",\"target\":[\"https:\/\/elcotarro.com\/?p=6672\"]}]},{\"@type\":\"BreadcrumbList\",\"@id\":\"https:\/\/elcotarro.com\/?p=6672#breadcrumb\",\"itemListElement\":[{\"@type\":\"ListItem\",\"position\":1,\"name\":\"Portada\",\"item\":\"https:\/\/elcotarro.com\/\"},{\"@type\":\"ListItem\",\"position\":2,\"name\":\"B\u00c1EZ, HISTORIA VIVA DEL MOTOR ISLE\u00d1O\"}]},{\"@type\":\"WebSite\",\"@id\":\"https:\/\/elcotarro.com\/#website\",\"url\":\"https:\/\/elcotarro.com\/\",\"name\":\"El Cotarro\",\"description\":\"Peri\u00f3dico Digital Independiente dirigido por Jos\u00e9 Carlos Marrero\",\"publisher\":{\"@id\":\"https:\/\/elcotarro.com\/#organization\"},\"potentialAction\":[{\"@type\":\"SearchAction\",\"target\":{\"@type\":\"EntryPoint\",\"urlTemplate\":\"https:\/\/elcotarro.com\/?s={search_term_string}\"},\"query-input\":{\"@type\":\"PropertyValueSpecification\",\"valueRequired\":true,\"valueName\":\"search_term_string\"}}],\"inLanguage\":\"es\"},{\"@type\":\"Organization\",\"@id\":\"https:\/\/elcotarro.com\/#organization\",\"name\":\"El Cotarro\",\"url\":\"https:\/\/elcotarro.com\/\",\"logo\":{\"@type\":\"ImageObject\",\"inLanguage\":\"es\",\"@id\":\"https:\/\/elcotarro.com\/#\/schema\/logo\/image\/\",\"url\":\"https:\/\/elcotarro.com\/wp-content\/uploads\/2014\/09\/Cabecera_El_Cotarro_v2.jpg\",\"contentUrl\":\"https:\/\/elcotarro.com\/wp-content\/uploads\/2014\/09\/Cabecera_El_Cotarro_v2.jpg\",\"width\":3540,\"height\":441,\"caption\":\"El Cotarro\"},\"image\":{\"@id\":\"https:\/\/elcotarro.com\/#\/schema\/logo\/image\/\"},\"sameAs\":[\"https:\/\/www.facebook.com\/ElCotarro.Tenerife\"]},{\"@type\":\"Person\",\"@id\":\"https:\/\/elcotarro.com\/#\/schema\/person\/af537ee7d60d15984c7e0affcd8a918b\",\"name\":\"Jos\u00e9 Carlos Marrero Gonz\u00e1lez\",\"image\":{\"@type\":\"ImageObject\",\"inLanguage\":\"es\",\"@id\":\"https:\/\/elcotarro.com\/#\/schema\/person\/image\/\",\"url\":\"https:\/\/secure.gravatar.com\/avatar\/def4da036efb5d32c74d49c351f6dccc064dd69ad9f3aadc295c5a9a5391ca01?s=96&d=mm&r=g\",\"contentUrl\":\"https:\/\/secure.gravatar.com\/avatar\/def4da036efb5d32c74d49c351f6dccc064dd69ad9f3aadc295c5a9a5391ca01?s=96&d=mm&r=g\",\"caption\":\"Jos\u00e9 Carlos Marrero Gonz\u00e1lez\"},\"sameAs\":[\"https:\/\/elcotarro.com\"],\"url\":\"https:\/\/elcotarro.com\/?author=2\"}]}<\/script>\n<!-- \/ Yoast SEO plugin. -->","yoast_head_json":{"title":"B\u00c1EZ, HISTORIA VIVA DEL MOTOR ISLE\u00d1O - El Cotarro","robots":{"index":"index","follow":"follow","max-snippet":"max-snippet:-1","max-image-preview":"max-image-preview:large","max-video-preview":"max-video-preview:-1"},"canonical":"https:\/\/elcotarro.com\/?p=6672","og_locale":"es_ES","og_type":"article","og_title":"B\u00c1EZ, HISTORIA VIVA DEL MOTOR ISLE\u00d1O - El Cotarro","og_description":"Hoy traigo a la palestra de\u00a0El Cotarro\u00a0a otro grande de \u201clos nuestros\u201d en la persona del puntal Jos\u00e9 Miguel B\u00e1ez Calvo, quien, democr\u00e1ticamente y por m\u00e9ritos propios, es desde 1989 el respetado (y a veces envidiado) presidente de la Confederaci\u00f3n Nacional de Autoescuelas de Espa\u00f1a (CNAE). El bueno de Jos\u00e9 Miguel B\u00e1ez, \u201calma p\u00e1ter\u201d de ... Read more","og_url":"https:\/\/elcotarro.com\/?p=6672","og_site_name":"El Cotarro","article_publisher":"https:\/\/www.facebook.com\/ElCotarro.Tenerife","article_published_time":"2019-04-14T10:03:11+00:00","author":"Jos\u00e9 Carlos Marrero Gonz\u00e1lez","twitter_misc":{"Escrito por":"Jos\u00e9 Carlos Marrero Gonz\u00e1lez","Tiempo de lectura":"1 minuto"},"schema":{"@context":"https:\/\/schema.org","@graph":[{"@type":"Article","@id":"https:\/\/elcotarro.com\/?p=6672#article","isPartOf":{"@id":"https:\/\/elcotarro.com\/?p=6672"},"author":{"name":"Jos\u00e9 Carlos Marrero Gonz\u00e1lez","@id":"https:\/\/elcotarro.com\/#\/schema\/person\/af537ee7d60d15984c7e0affcd8a918b"},"headline":"B\u00c1EZ, HISTORIA VIVA DEL MOTOR ISLE\u00d1O","datePublished":"2019-04-14T10:03:11+00:00","mainEntityOfPage":{"@id":"https:\/\/elcotarro.com\/?p=6672"},"wordCount":140,"commentCount":0,"publisher":{"@id":"https:\/\/elcotarro.com\/#organization"},"inLanguage":"es","potentialAction":[{"@type":"CommentAction","name":"Comment","target":["https:\/\/elcotarro.com\/?p=6672#respond"]}]},{"@type":"WebPage","@id":"https:\/\/elcotarro.com\/?p=6672","url":"https:\/\/elcotarro.com\/?p=6672","name":"B\u00c1EZ, HISTORIA VIVA DEL MOTOR ISLE\u00d1O - El Cotarro","isPartOf":{"@id":"https:\/\/elcotarro.com\/#website"},"datePublished":"2019-04-14T10:03:11+00:00","breadcrumb":{"@id":"https:\/\/elcotarro.com\/?p=6672#breadcrumb"},"inLanguage":"es","potentialAction":[{"@type":"ReadAction","target":["https:\/\/elcotarro.com\/?p=6672"]}]},{"@type":"BreadcrumbList","@id":"https:\/\/elcotarro.com\/?p=6672#breadcrumb","itemListElement":[{"@type":"ListItem","position":1,"name":"Portada","item":"https:\/\/elcotarro.com\/"},{"@type":"ListItem","position":2,"name":"B\u00c1EZ, HISTORIA VIVA DEL MOTOR ISLE\u00d1O"}]},{"@type":"WebSite","@id":"https:\/\/elcotarro.com\/#website","url":"https:\/\/elcotarro.com\/","name":"El Cotarro","description":"Peri\u00f3dico Digital Independiente dirigido por Jos\u00e9 Carlos Marrero","publisher":{"@id":"https:\/\/elcotarro.com\/#organization"},"potentialAction":[{"@type":"SearchAction","target":{"@type":"EntryPoint","urlTemplate":"https:\/\/elcotarro.com\/?s={search_term_string}"},"query-input":{"@type":"PropertyValueSpecification","valueRequired":true,"valueName":"search_term_string"}}],"inLanguage":"es"},{"@type":"Organization","@id":"https:\/\/elcotarro.com\/#organization","name":"El Cotarro","url":"https:\/\/elcotarro.com\/","logo":{"@type":"ImageObject","inLanguage":"es","@id":"https:\/\/elcotarro.com\/#\/schema\/logo\/image\/","url":"https:\/\/elcotarro.com\/wp-content\/uploads\/2014\/09\/Cabecera_El_Cotarro_v2.jpg","contentUrl":"https:\/\/elcotarro.com\/wp-content\/uploads\/2014\/09\/Cabecera_El_Cotarro_v2.jpg","width":3540,"height":441,"caption":"El Cotarro"},"image":{"@id":"https:\/\/elcotarro.com\/#\/schema\/logo\/image\/"},"sameAs":["https:\/\/www.facebook.com\/ElCotarro.Tenerife"]},{"@type":"Person","@id":"https:\/\/elcotarro.com\/#\/schema\/person\/af537ee7d60d15984c7e0affcd8a918b","name":"Jos\u00e9 Carlos Marrero Gonz\u00e1lez","image":{"@type":"ImageObject","inLanguage":"es","@id":"https:\/\/elcotarro.com\/#\/schema\/person\/image\/","url":"https:\/\/secure.gravatar.com\/avatar\/def4da036efb5d32c74d49c351f6dccc064dd69ad9f3aadc295c5a9a5391ca01?s=96&d=mm&r=g","contentUrl":"https:\/\/secure.gravatar.com\/avatar\/def4da036efb5d32c74d49c351f6dccc064dd69ad9f3aadc295c5a9a5391ca01?s=96&d=mm&r=g","caption":"Jos\u00e9 Carlos Marrero Gonz\u00e1lez"},"sameAs":["https:\/\/elcotarro.com"],"url":"https:\/\/elcotarro.com\/?author=2"}]}},"jetpack_featured_media_url":"","jetpack_sharing_enabled":true,"_links":{"self":[{"href":"https:\/\/elcotarro.com\/index.php?rest_route=\/wp\/v2\/posts\/6672","targetHints":{"allow":["GET"]}}],"collection":[{"href":"https:\/\/elcotarro.com\/index.php?rest_route=\/wp\/v2\/posts"}],"about":[{"href":"https:\/\/elcotarro.com\/index.php?rest_route=\/wp\/v2\/types\/post"}],"author":[{"embeddable":true,"href":"https:\/\/elcotarro.com\/index.php?rest_route=\/wp\/v2\/users\/2"}],"replies":[{"embeddable":true,"href":"https:\/\/elcotarro.com\/index.php?rest_route=%2Fwp%2Fv2%2Fcomments&post=6672"}],"version-history":[{"count":1,"href":"https:\/\/elcotarro.com\/index.php?rest_route=\/wp\/v2\/posts\/6672\/revisions"}],"predecessor-version":[{"id":6674,"href":"https:\/\/elcotarro.com\/index.php?rest_route=\/wp\/v2\/posts\/6672\/revisions\/6674"}],"wp:attachment":[{"href":"https:\/\/elcotarro.com\/index.php?rest_route=%2Fwp%2Fv2%2Fmedia&parent=6672"}],"wp:term":[{"taxonomy":"category","embeddable":true,"href":"https:\/\/elcotarro.com\/index.php?rest_route=%2Fwp%2Fv2%2Fcategories&post=6672"},{"taxonomy":"post_tag","embeddable":true,"href":"https:\/\/elcotarro.com\/index.php?rest_route=%2Fwp%2Fv2%2Ftags&post=6672"}],"curies":[{"name":"wp","href":"https:\/\/api.w.org\/{rel}","templated":true}]}}