{"id":6684,"date":"2019-04-14T10:59:46","date_gmt":"2019-04-14T09:59:46","guid":{"rendered":"https:\/\/elcotarro.com\/?p=6684"},"modified":"2019-04-14T11:17:05","modified_gmt":"2019-04-14T10:17:05","slug":"la-cocina-de-patrick-jarno-para-bajar","status":"publish","type":"post","link":"https:\/\/elcotarro.com\/?p=6684","title":{"rendered":"LA COCINA DE PATRICK JARNO PARA BAJAR"},"content":{"rendered":"<p>Se trata de una cuidada propuesta que ayudar\u00e1 a recuperar una figura esbelta y el tono muscular, adem\u00e1s de la vitalidad y la energ\u00eda que proporcionaran el bienestar y el equilibrio de cuerpo y mente. El propio <strong>Wolfgang Kiessling\u00a0<\/strong>confes\u00f3 que al menos una vez al a\u00f1o intenta bajar \u201cesos kilitos de m\u00e1s\u201d, que no le gusta hacer cinta ni bicicleta est\u00e1tica y que ha sufrido las dietas radicales de algunos centros que denomin\u00f3 de forma simp\u00e1tica como \u201cmanicomios para adelgazar\u201d. Con el proyecto que propone en el Bot\u00e1nico a partir del d\u00eda 1 de junio, afirma que en tan solo una semana se pueden bajar hasta 5 o 7 kilitos, degustando los platos elaborados por el gran equipo de cocina del Bot\u00e1nico con la filosof\u00eda del chef <strong>Patrick Jarno.<\/strong><\/p>\n<p style=\"text-align: center;\"><a href=\"https:\/\/elcotarro.com\/wp-content\/uploads\/2019\/04\/FOTO-7.-EQUIPO-BOT\u00c1NICO.jpeg\"><img loading=\"lazy\" decoding=\"async\" class=\"aligncenter size-full wp-image-6685\" src=\"https:\/\/elcotarro.com\/wp-content\/uploads\/2019\/04\/FOTO-7.-EQUIPO-BOT\u00c1NICO.jpeg\" alt=\"FOTO 7.- EQUIPO BOT\u00c1NICO\" width=\"2048\" height=\"1536\" srcset=\"https:\/\/elcotarro.com\/wp-content\/uploads\/2019\/04\/FOTO-7.-EQUIPO-BOT\u00c1NICO.jpeg 2048w, https:\/\/elcotarro.com\/wp-content\/uploads\/2019\/04\/FOTO-7.-EQUIPO-BOT\u00c1NICO-300x225.jpeg 300w, https:\/\/elcotarro.com\/wp-content\/uploads\/2019\/04\/FOTO-7.-EQUIPO-BOT\u00c1NICO-1024x768.jpeg 1024w\" sizes=\"auto, (max-width: 2048px) 100vw, 2048px\" \/><\/a><\/p>\n<p style=\"text-align: center;\"><em>El equipo de cocina del Hotel Bot\u00e1nico, junto con Wolfang Kiessling (c), el chef Patrick Jarno a su derecha y la directora del Spa del Bot\u00e1nico, a su izquierda.<\/em><\/p>\n<p style=\"text-align: center;\"><a href=\"http:\/\/www.careca.es\/\" target=\"_blank\"><img loading=\"lazy\" decoding=\"async\" class=\"size-full wp-image-2216 aligncenter\" src=\"https:\/\/elcotarro.com\/wp-content\/uploads\/2016\/07\/InsulacafeElCotarro.jpg\" alt=\"Bnn_Careca\" width=\"750\" height=\"150\" \/><\/a><\/p>\n","protected":false},"excerpt":{"rendered":"<p>Se trata de una cuidada propuesta que ayudar\u00e1 a recuperar una figura esbelta y el tono muscular, adem\u00e1s de la vitalidad y la energ\u00eda que proporcionaran el bienestar y el equilibrio de cuerpo y mente. El propio Wolfgang Kiessling\u00a0confes\u00f3 que al menos una vez al a\u00f1o intenta bajar \u201cesos kilitos de m\u00e1s\u201d, que no le &#8230; <a class=\"read-more\" href=\"https:\/\/elcotarro.com\/?p=6684\">Read more<\/a><\/p>\n","protected":false},"author":2,"featured_media":0,"comment_status":"open","ping_status":"open","sticky":false,"template":"","format":"standard","meta":{"_jetpack_memberships_contains_paid_content":false,"footnotes":""},"categories":[1],"tags":[],"class_list":["post-6684","post","type-post","status-publish","format-standard","hentry","category-sin-categoria"],"yoast_head":"<!-- This site is optimized with the Yoast SEO plugin v27.0 - https:\/\/yoast.com\/product\/yoast-seo-wordpress\/ -->\n<title>LA COCINA DE PATRICK JARNO PARA BAJAR - El Cotarro<\/title>\n<meta name=\"robots\" content=\"index, follow, max-snippet:-1, max-image-preview:large, max-video-preview:-1\" \/>\n<link rel=\"canonical\" href=\"https:\/\/elcotarro.com\/?p=6684\" \/>\n<meta property=\"og:locale\" content=\"es_ES\" \/>\n<meta property=\"og:type\" content=\"article\" \/>\n<meta property=\"og:title\" content=\"LA COCINA DE PATRICK JARNO PARA BAJAR - El Cotarro\" \/>\n<meta property=\"og:description\" content=\"Se trata de una cuidada propuesta que ayudar\u00e1 a recuperar una figura esbelta y el tono muscular, adem\u00e1s de la vitalidad y la energ\u00eda que proporcionaran el bienestar y el equilibrio de cuerpo y mente. El propio Wolfgang Kiessling\u00a0confes\u00f3 que al menos una vez al a\u00f1o intenta bajar \u201cesos kilitos de m\u00e1s\u201d, que no le ... Read more\" \/>\n<meta property=\"og:url\" content=\"https:\/\/elcotarro.com\/?p=6684\" \/>\n<meta property=\"og:site_name\" content=\"El Cotarro\" \/>\n<meta property=\"article:publisher\" content=\"https:\/\/www.facebook.com\/ElCotarro.Tenerife\" \/>\n<meta property=\"article:published_time\" content=\"2019-04-14T09:59:46+00:00\" \/>\n<meta property=\"article:modified_time\" content=\"2019-04-14T10:17:05+00:00\" \/>\n<meta property=\"og:image\" content=\"https:\/\/elcotarro.com\/wp-content\/uploads\/2016\/07\/InsulacafeElCotarro.jpg\" \/>\n<meta name=\"author\" content=\"Jos\u00e9 Carlos Marrero Gonz\u00e1lez\" \/>\n<meta name=\"twitter:label1\" content=\"Escrito por\" \/>\n\t<meta name=\"twitter:data1\" content=\"Jos\u00e9 Carlos Marrero Gonz\u00e1lez\" \/>\n\t<meta name=\"twitter:label2\" content=\"Tiempo de lectura\" \/>\n\t<meta name=\"twitter:data2\" content=\"1 minuto\" \/>\n<script type=\"application\/ld+json\" class=\"yoast-schema-graph\">{\"@context\":\"https:\/\/schema.org\",\"@graph\":[{\"@type\":\"Article\",\"@id\":\"https:\/\/elcotarro.com\/?p=6684#article\",\"isPartOf\":{\"@id\":\"https:\/\/elcotarro.com\/?p=6684\"},\"author\":{\"name\":\"Jos\u00e9 Carlos Marrero Gonz\u00e1lez\",\"@id\":\"https:\/\/elcotarro.com\/#\/schema\/person\/af537ee7d60d15984c7e0affcd8a918b\"},\"headline\":\"LA COCINA DE PATRICK JARNO PARA BAJAR\",\"datePublished\":\"2019-04-14T09:59:46+00:00\",\"dateModified\":\"2019-04-14T10:17:05+00:00\",\"mainEntityOfPage\":{\"@id\":\"https:\/\/elcotarro.com\/?p=6684\"},\"wordCount\":175,\"commentCount\":0,\"publisher\":{\"@id\":\"https:\/\/elcotarro.com\/#organization\"},\"image\":{\"@id\":\"https:\/\/elcotarro.com\/?p=6684#primaryimage\"},\"thumbnailUrl\":\"https:\/\/elcotarro.com\/wp-content\/uploads\/2016\/07\/InsulacafeElCotarro.jpg\",\"inLanguage\":\"es\",\"potentialAction\":[{\"@type\":\"CommentAction\",\"name\":\"Comment\",\"target\":[\"https:\/\/elcotarro.com\/?p=6684#respond\"]}]},{\"@type\":\"WebPage\",\"@id\":\"https:\/\/elcotarro.com\/?p=6684\",\"url\":\"https:\/\/elcotarro.com\/?p=6684\",\"name\":\"LA COCINA DE PATRICK JARNO PARA BAJAR - El Cotarro\",\"isPartOf\":{\"@id\":\"https:\/\/elcotarro.com\/#website\"},\"primaryImageOfPage\":{\"@id\":\"https:\/\/elcotarro.com\/?p=6684#primaryimage\"},\"image\":{\"@id\":\"https:\/\/elcotarro.com\/?p=6684#primaryimage\"},\"thumbnailUrl\":\"https:\/\/elcotarro.com\/wp-content\/uploads\/2016\/07\/InsulacafeElCotarro.jpg\",\"datePublished\":\"2019-04-14T09:59:46+00:00\",\"dateModified\":\"2019-04-14T10:17:05+00:00\",\"breadcrumb\":{\"@id\":\"https:\/\/elcotarro.com\/?p=6684#breadcrumb\"},\"inLanguage\":\"es\",\"potentialAction\":[{\"@type\":\"ReadAction\",\"target\":[\"https:\/\/elcotarro.com\/?p=6684\"]}]},{\"@type\":\"ImageObject\",\"inLanguage\":\"es\",\"@id\":\"https:\/\/elcotarro.com\/?p=6684#primaryimage\",\"url\":\"https:\/\/elcotarro.com\/wp-content\/uploads\/2016\/07\/InsulacafeElCotarro.jpg\",\"contentUrl\":\"https:\/\/elcotarro.com\/wp-content\/uploads\/2016\/07\/InsulacafeElCotarro.jpg\",\"width\":750,\"height\":153},{\"@type\":\"BreadcrumbList\",\"@id\":\"https:\/\/elcotarro.com\/?p=6684#breadcrumb\",\"itemListElement\":[{\"@type\":\"ListItem\",\"position\":1,\"name\":\"Portada\",\"item\":\"https:\/\/elcotarro.com\/\"},{\"@type\":\"ListItem\",\"position\":2,\"name\":\"LA COCINA DE PATRICK JARNO PARA BAJAR\"}]},{\"@type\":\"WebSite\",\"@id\":\"https:\/\/elcotarro.com\/#website\",\"url\":\"https:\/\/elcotarro.com\/\",\"name\":\"El Cotarro\",\"description\":\"Peri\u00f3dico Digital Independiente dirigido por Jos\u00e9 Carlos Marrero\",\"publisher\":{\"@id\":\"https:\/\/elcotarro.com\/#organization\"},\"potentialAction\":[{\"@type\":\"SearchAction\",\"target\":{\"@type\":\"EntryPoint\",\"urlTemplate\":\"https:\/\/elcotarro.com\/?s={search_term_string}\"},\"query-input\":{\"@type\":\"PropertyValueSpecification\",\"valueRequired\":true,\"valueName\":\"search_term_string\"}}],\"inLanguage\":\"es\"},{\"@type\":\"Organization\",\"@id\":\"https:\/\/elcotarro.com\/#organization\",\"name\":\"El Cotarro\",\"url\":\"https:\/\/elcotarro.com\/\",\"logo\":{\"@type\":\"ImageObject\",\"inLanguage\":\"es\",\"@id\":\"https:\/\/elcotarro.com\/#\/schema\/logo\/image\/\",\"url\":\"https:\/\/elcotarro.com\/wp-content\/uploads\/2014\/09\/Cabecera_El_Cotarro_v2.jpg\",\"contentUrl\":\"https:\/\/elcotarro.com\/wp-content\/uploads\/2014\/09\/Cabecera_El_Cotarro_v2.jpg\",\"width\":3540,\"height\":441,\"caption\":\"El Cotarro\"},\"image\":{\"@id\":\"https:\/\/elcotarro.com\/#\/schema\/logo\/image\/\"},\"sameAs\":[\"https:\/\/www.facebook.com\/ElCotarro.Tenerife\"]},{\"@type\":\"Person\",\"@id\":\"https:\/\/elcotarro.com\/#\/schema\/person\/af537ee7d60d15984c7e0affcd8a918b\",\"name\":\"Jos\u00e9 Carlos Marrero Gonz\u00e1lez\",\"image\":{\"@type\":\"ImageObject\",\"inLanguage\":\"es\",\"@id\":\"https:\/\/elcotarro.com\/#\/schema\/person\/image\/\",\"url\":\"https:\/\/secure.gravatar.com\/avatar\/def4da036efb5d32c74d49c351f6dccc064dd69ad9f3aadc295c5a9a5391ca01?s=96&d=mm&r=g\",\"contentUrl\":\"https:\/\/secure.gravatar.com\/avatar\/def4da036efb5d32c74d49c351f6dccc064dd69ad9f3aadc295c5a9a5391ca01?s=96&d=mm&r=g\",\"caption\":\"Jos\u00e9 Carlos Marrero Gonz\u00e1lez\"},\"sameAs\":[\"https:\/\/elcotarro.com\"],\"url\":\"https:\/\/elcotarro.com\/?author=2\"}]}<\/script>\n<!-- \/ Yoast SEO plugin. -->","yoast_head_json":{"title":"LA COCINA DE PATRICK JARNO PARA BAJAR - El Cotarro","robots":{"index":"index","follow":"follow","max-snippet":"max-snippet:-1","max-image-preview":"max-image-preview:large","max-video-preview":"max-video-preview:-1"},"canonical":"https:\/\/elcotarro.com\/?p=6684","og_locale":"es_ES","og_type":"article","og_title":"LA COCINA DE PATRICK JARNO PARA BAJAR - El Cotarro","og_description":"Se trata de una cuidada propuesta que ayudar\u00e1 a recuperar una figura esbelta y el tono muscular, adem\u00e1s de la vitalidad y la energ\u00eda que proporcionaran el bienestar y el equilibrio de cuerpo y mente. El propio Wolfgang Kiessling\u00a0confes\u00f3 que al menos una vez al a\u00f1o intenta bajar \u201cesos kilitos de m\u00e1s\u201d, que no le ... Read more","og_url":"https:\/\/elcotarro.com\/?p=6684","og_site_name":"El Cotarro","article_publisher":"https:\/\/www.facebook.com\/ElCotarro.Tenerife","article_published_time":"2019-04-14T09:59:46+00:00","article_modified_time":"2019-04-14T10:17:05+00:00","og_image":[{"url":"https:\/\/elcotarro.com\/wp-content\/uploads\/2016\/07\/InsulacafeElCotarro.jpg","type":"","width":"","height":""}],"author":"Jos\u00e9 Carlos Marrero Gonz\u00e1lez","twitter_misc":{"Escrito por":"Jos\u00e9 Carlos Marrero Gonz\u00e1lez","Tiempo de lectura":"1 minuto"},"schema":{"@context":"https:\/\/schema.org","@graph":[{"@type":"Article","@id":"https:\/\/elcotarro.com\/?p=6684#article","isPartOf":{"@id":"https:\/\/elcotarro.com\/?p=6684"},"author":{"name":"Jos\u00e9 Carlos Marrero Gonz\u00e1lez","@id":"https:\/\/elcotarro.com\/#\/schema\/person\/af537ee7d60d15984c7e0affcd8a918b"},"headline":"LA COCINA DE PATRICK JARNO PARA BAJAR","datePublished":"2019-04-14T09:59:46+00:00","dateModified":"2019-04-14T10:17:05+00:00","mainEntityOfPage":{"@id":"https:\/\/elcotarro.com\/?p=6684"},"wordCount":175,"commentCount":0,"publisher":{"@id":"https:\/\/elcotarro.com\/#organization"},"image":{"@id":"https:\/\/elcotarro.com\/?p=6684#primaryimage"},"thumbnailUrl":"https:\/\/elcotarro.com\/wp-content\/uploads\/2016\/07\/InsulacafeElCotarro.jpg","inLanguage":"es","potentialAction":[{"@type":"CommentAction","name":"Comment","target":["https:\/\/elcotarro.com\/?p=6684#respond"]}]},{"@type":"WebPage","@id":"https:\/\/elcotarro.com\/?p=6684","url":"https:\/\/elcotarro.com\/?p=6684","name":"LA COCINA DE PATRICK JARNO PARA BAJAR - El Cotarro","isPartOf":{"@id":"https:\/\/elcotarro.com\/#website"},"primaryImageOfPage":{"@id":"https:\/\/elcotarro.com\/?p=6684#primaryimage"},"image":{"@id":"https:\/\/elcotarro.com\/?p=6684#primaryimage"},"thumbnailUrl":"https:\/\/elcotarro.com\/wp-content\/uploads\/2016\/07\/InsulacafeElCotarro.jpg","datePublished":"2019-04-14T09:59:46+00:00","dateModified":"2019-04-14T10:17:05+00:00","breadcrumb":{"@id":"https:\/\/elcotarro.com\/?p=6684#breadcrumb"},"inLanguage":"es","potentialAction":[{"@type":"ReadAction","target":["https:\/\/elcotarro.com\/?p=6684"]}]},{"@type":"ImageObject","inLanguage":"es","@id":"https:\/\/elcotarro.com\/?p=6684#primaryimage","url":"https:\/\/elcotarro.com\/wp-content\/uploads\/2016\/07\/InsulacafeElCotarro.jpg","contentUrl":"https:\/\/elcotarro.com\/wp-content\/uploads\/2016\/07\/InsulacafeElCotarro.jpg","width":750,"height":153},{"@type":"BreadcrumbList","@id":"https:\/\/elcotarro.com\/?p=6684#breadcrumb","itemListElement":[{"@type":"ListItem","position":1,"name":"Portada","item":"https:\/\/elcotarro.com\/"},{"@type":"ListItem","position":2,"name":"LA COCINA DE PATRICK JARNO PARA BAJAR"}]},{"@type":"WebSite","@id":"https:\/\/elcotarro.com\/#website","url":"https:\/\/elcotarro.com\/","name":"El Cotarro","description":"Peri\u00f3dico Digital Independiente dirigido por Jos\u00e9 Carlos Marrero","publisher":{"@id":"https:\/\/elcotarro.com\/#organization"},"potentialAction":[{"@type":"SearchAction","target":{"@type":"EntryPoint","urlTemplate":"https:\/\/elcotarro.com\/?s={search_term_string}"},"query-input":{"@type":"PropertyValueSpecification","valueRequired":true,"valueName":"search_term_string"}}],"inLanguage":"es"},{"@type":"Organization","@id":"https:\/\/elcotarro.com\/#organization","name":"El Cotarro","url":"https:\/\/elcotarro.com\/","logo":{"@type":"ImageObject","inLanguage":"es","@id":"https:\/\/elcotarro.com\/#\/schema\/logo\/image\/","url":"https:\/\/elcotarro.com\/wp-content\/uploads\/2014\/09\/Cabecera_El_Cotarro_v2.jpg","contentUrl":"https:\/\/elcotarro.com\/wp-content\/uploads\/2014\/09\/Cabecera_El_Cotarro_v2.jpg","width":3540,"height":441,"caption":"El Cotarro"},"image":{"@id":"https:\/\/elcotarro.com\/#\/schema\/logo\/image\/"},"sameAs":["https:\/\/www.facebook.com\/ElCotarro.Tenerife"]},{"@type":"Person","@id":"https:\/\/elcotarro.com\/#\/schema\/person\/af537ee7d60d15984c7e0affcd8a918b","name":"Jos\u00e9 Carlos Marrero Gonz\u00e1lez","image":{"@type":"ImageObject","inLanguage":"es","@id":"https:\/\/elcotarro.com\/#\/schema\/person\/image\/","url":"https:\/\/secure.gravatar.com\/avatar\/def4da036efb5d32c74d49c351f6dccc064dd69ad9f3aadc295c5a9a5391ca01?s=96&d=mm&r=g","contentUrl":"https:\/\/secure.gravatar.com\/avatar\/def4da036efb5d32c74d49c351f6dccc064dd69ad9f3aadc295c5a9a5391ca01?s=96&d=mm&r=g","caption":"Jos\u00e9 Carlos Marrero Gonz\u00e1lez"},"sameAs":["https:\/\/elcotarro.com"],"url":"https:\/\/elcotarro.com\/?author=2"}]}},"jetpack_featured_media_url":"","jetpack_sharing_enabled":true,"_links":{"self":[{"href":"https:\/\/elcotarro.com\/index.php?rest_route=\/wp\/v2\/posts\/6684","targetHints":{"allow":["GET"]}}],"collection":[{"href":"https:\/\/elcotarro.com\/index.php?rest_route=\/wp\/v2\/posts"}],"about":[{"href":"https:\/\/elcotarro.com\/index.php?rest_route=\/wp\/v2\/types\/post"}],"author":[{"embeddable":true,"href":"https:\/\/elcotarro.com\/index.php?rest_route=\/wp\/v2\/users\/2"}],"replies":[{"embeddable":true,"href":"https:\/\/elcotarro.com\/index.php?rest_route=%2Fwp%2Fv2%2Fcomments&post=6684"}],"version-history":[{"count":2,"href":"https:\/\/elcotarro.com\/index.php?rest_route=\/wp\/v2\/posts\/6684\/revisions"}],"predecessor-version":[{"id":6696,"href":"https:\/\/elcotarro.com\/index.php?rest_route=\/wp\/v2\/posts\/6684\/revisions\/6696"}],"wp:attachment":[{"href":"https:\/\/elcotarro.com\/index.php?rest_route=%2Fwp%2Fv2%2Fmedia&parent=6684"}],"wp:term":[{"taxonomy":"category","embeddable":true,"href":"https:\/\/elcotarro.com\/index.php?rest_route=%2Fwp%2Fv2%2Fcategories&post=6684"},{"taxonomy":"post_tag","embeddable":true,"href":"https:\/\/elcotarro.com\/index.php?rest_route=%2Fwp%2Fv2%2Ftags&post=6684"}],"curies":[{"name":"wp","href":"https:\/\/api.w.org\/{rel}","templated":true}]}}