{"id":6759,"date":"2019-04-21T11:01:57","date_gmt":"2019-04-21T10:01:57","guid":{"rendered":"https:\/\/elcotarro.com\/?p=6759"},"modified":"2019-04-21T09:56:16","modified_gmt":"2019-04-21T08:56:16","slug":"aviso-a-buenos-cocineros-y-cocineras","status":"publish","type":"post","link":"https:\/\/elcotarro.com\/?p=6759","title":{"rendered":"AVISO A BUENOS COCINEROS Y COCINERAS"},"content":{"rendered":"<p>Perm\u00edtanme que hoy llame la atenci\u00f3n (en el mejor sentido de la expresi\u00f3n) a todas las buenas cocineras y cocineros de Canarias, record\u00e1ndoles que ya est\u00e1 abierto el plazo de inscripci\u00f3n para los distintos campeonatos que se van a celebrar dentro del 6\u00ba Sal\u00f3n Gastron\u00f3mico de Canarias \u2013 GastroCanarias 2019, certamen que se celebrar\u00e1 dentro de exactamente, 30 d\u00edas.\u00a0Entre ellos estar\u00e1 como el m\u00e1s veterano, el 15\u00ba Campeonato de Canarias Absoluto de Cocina- Gran Premio Cabildo de Tenerife (que el pasado a\u00f1o gan\u00f3 el \u201cconejero\u201d <strong>Joao Henrique Faraco<\/strong>). Todos los a\u00f1os tengo que repetir que las canarias y canarios en general (y las cocineras y cocineros en particular) muchas veces nos subestimamos y nos \u201cachicamos\u201d sin raz\u00f3n alguna o, como dec\u00eda el mago, \u201csin necesidad ninguna\u201d &#8230;<\/p>\n<p style=\"text-align: center\"><a href=\"https:\/\/elcotarro.com\/wp-content\/uploads\/2019\/04\/FOTO-5.-PODIO-2018.jpg\"><img loading=\"lazy\" decoding=\"async\" class=\"aligncenter size-full wp-image-6760\" src=\"https:\/\/elcotarro.com\/wp-content\/uploads\/2019\/04\/FOTO-5.-PODIO-2018.jpg\" alt=\"FOTO 5.- PODIO 2018\" width=\"1700\" height=\"1131\" srcset=\"https:\/\/elcotarro.com\/wp-content\/uploads\/2019\/04\/FOTO-5.-PODIO-2018.jpg 1700w, https:\/\/elcotarro.com\/wp-content\/uploads\/2019\/04\/FOTO-5.-PODIO-2018-300x200.jpg 300w, https:\/\/elcotarro.com\/wp-content\/uploads\/2019\/04\/FOTO-5.-PODIO-2018-1024x681.jpg 1024w\" sizes=\"auto, (max-width: 1700px) 100vw, 1700px\" \/><\/a><\/p>\n<p style=\"text-align: center\"><em>Podio del 14\u00ba Campeonato de Cocineros 2018: Juan Manuel Bertol\u00edn (2\u00ba), Joao Henrique Faraco (1\u00ba) y Eliana Real (3\u00aa)<\/em><\/p>\n","protected":false},"excerpt":{"rendered":"<p>Perm\u00edtanme que hoy llame la atenci\u00f3n (en el mejor sentido de la expresi\u00f3n) a todas las buenas cocineras y cocineros de Canarias, record\u00e1ndoles que ya est\u00e1 abierto el plazo de inscripci\u00f3n para los distintos campeonatos que se van a celebrar dentro del 6\u00ba Sal\u00f3n Gastron\u00f3mico de Canarias \u2013 GastroCanarias 2019, certamen que se celebrar\u00e1 dentro &#8230; <a class=\"read-more\" href=\"https:\/\/elcotarro.com\/?p=6759\">Read more<\/a><\/p>\n","protected":false},"author":2,"featured_media":0,"comment_status":"open","ping_status":"open","sticky":false,"template":"","format":"standard","meta":{"_jetpack_memberships_contains_paid_content":false,"footnotes":""},"categories":[1],"tags":[],"class_list":["post-6759","post","type-post","status-publish","format-standard","hentry","category-sin-categoria"],"yoast_head":"<!-- This site is optimized with the Yoast SEO plugin v27.0 - https:\/\/yoast.com\/product\/yoast-seo-wordpress\/ -->\n<title>AVISO A BUENOS COCINEROS Y COCINERAS - El Cotarro<\/title>\n<meta name=\"robots\" content=\"index, follow, max-snippet:-1, max-image-preview:large, max-video-preview:-1\" \/>\n<link rel=\"canonical\" href=\"https:\/\/elcotarro.com\/?p=6759\" \/>\n<meta property=\"og:locale\" content=\"es_ES\" \/>\n<meta property=\"og:type\" content=\"article\" \/>\n<meta property=\"og:title\" content=\"AVISO A BUENOS COCINEROS Y COCINERAS - El Cotarro\" \/>\n<meta property=\"og:description\" content=\"Perm\u00edtanme que hoy llame la atenci\u00f3n (en el mejor sentido de la expresi\u00f3n) a todas las buenas cocineras y cocineros de Canarias, record\u00e1ndoles que ya est\u00e1 abierto el plazo de inscripci\u00f3n para los distintos campeonatos que se van a celebrar dentro del 6\u00ba Sal\u00f3n Gastron\u00f3mico de Canarias \u2013 GastroCanarias 2019, certamen que se celebrar\u00e1 dentro ... Read more\" \/>\n<meta property=\"og:url\" content=\"https:\/\/elcotarro.com\/?p=6759\" \/>\n<meta property=\"og:site_name\" content=\"El Cotarro\" \/>\n<meta property=\"article:publisher\" content=\"https:\/\/www.facebook.com\/ElCotarro.Tenerife\" \/>\n<meta property=\"article:published_time\" content=\"2019-04-21T10:01:57+00:00\" \/>\n<meta property=\"og:image\" content=\"https:\/\/elcotarro.com\/wp-content\/uploads\/2019\/04\/FOTO-5.-PODIO-2018.jpg\" \/>\n<meta name=\"author\" content=\"Jos\u00e9 Carlos Marrero Gonz\u00e1lez\" \/>\n<meta name=\"twitter:label1\" content=\"Escrito por\" \/>\n\t<meta name=\"twitter:data1\" content=\"Jos\u00e9 Carlos Marrero Gonz\u00e1lez\" \/>\n\t<meta name=\"twitter:label2\" content=\"Tiempo de lectura\" \/>\n\t<meta name=\"twitter:data2\" content=\"1 minuto\" \/>\n<script type=\"application\/ld+json\" class=\"yoast-schema-graph\">{\"@context\":\"https:\/\/schema.org\",\"@graph\":[{\"@type\":\"Article\",\"@id\":\"https:\/\/elcotarro.com\/?p=6759#article\",\"isPartOf\":{\"@id\":\"https:\/\/elcotarro.com\/?p=6759\"},\"author\":{\"name\":\"Jos\u00e9 Carlos Marrero Gonz\u00e1lez\",\"@id\":\"https:\/\/elcotarro.com\/#\/schema\/person\/af537ee7d60d15984c7e0affcd8a918b\"},\"headline\":\"AVISO A BUENOS COCINEROS Y COCINERAS\",\"datePublished\":\"2019-04-21T10:01:57+00:00\",\"mainEntityOfPage\":{\"@id\":\"https:\/\/elcotarro.com\/?p=6759\"},\"wordCount\":156,\"commentCount\":0,\"publisher\":{\"@id\":\"https:\/\/elcotarro.com\/#organization\"},\"image\":{\"@id\":\"https:\/\/elcotarro.com\/?p=6759#primaryimage\"},\"thumbnailUrl\":\"https:\/\/elcotarro.com\/wp-content\/uploads\/2019\/04\/FOTO-5.-PODIO-2018.jpg\",\"inLanguage\":\"es\",\"potentialAction\":[{\"@type\":\"CommentAction\",\"name\":\"Comment\",\"target\":[\"https:\/\/elcotarro.com\/?p=6759#respond\"]}]},{\"@type\":\"WebPage\",\"@id\":\"https:\/\/elcotarro.com\/?p=6759\",\"url\":\"https:\/\/elcotarro.com\/?p=6759\",\"name\":\"AVISO A BUENOS COCINEROS Y COCINERAS - El Cotarro\",\"isPartOf\":{\"@id\":\"https:\/\/elcotarro.com\/#website\"},\"primaryImageOfPage\":{\"@id\":\"https:\/\/elcotarro.com\/?p=6759#primaryimage\"},\"image\":{\"@id\":\"https:\/\/elcotarro.com\/?p=6759#primaryimage\"},\"thumbnailUrl\":\"https:\/\/elcotarro.com\/wp-content\/uploads\/2019\/04\/FOTO-5.-PODIO-2018.jpg\",\"datePublished\":\"2019-04-21T10:01:57+00:00\",\"breadcrumb\":{\"@id\":\"https:\/\/elcotarro.com\/?p=6759#breadcrumb\"},\"inLanguage\":\"es\",\"potentialAction\":[{\"@type\":\"ReadAction\",\"target\":[\"https:\/\/elcotarro.com\/?p=6759\"]}]},{\"@type\":\"ImageObject\",\"inLanguage\":\"es\",\"@id\":\"https:\/\/elcotarro.com\/?p=6759#primaryimage\",\"url\":\"https:\/\/elcotarro.com\/wp-content\/uploads\/2019\/04\/FOTO-5.-PODIO-2018.jpg\",\"contentUrl\":\"https:\/\/elcotarro.com\/wp-content\/uploads\/2019\/04\/FOTO-5.-PODIO-2018.jpg\",\"width\":1700,\"height\":1131},{\"@type\":\"BreadcrumbList\",\"@id\":\"https:\/\/elcotarro.com\/?p=6759#breadcrumb\",\"itemListElement\":[{\"@type\":\"ListItem\",\"position\":1,\"name\":\"Portada\",\"item\":\"https:\/\/elcotarro.com\/\"},{\"@type\":\"ListItem\",\"position\":2,\"name\":\"AVISO A BUENOS COCINEROS Y COCINERAS\"}]},{\"@type\":\"WebSite\",\"@id\":\"https:\/\/elcotarro.com\/#website\",\"url\":\"https:\/\/elcotarro.com\/\",\"name\":\"El Cotarro\",\"description\":\"Peri\u00f3dico Digital Independiente dirigido por Jos\u00e9 Carlos Marrero\",\"publisher\":{\"@id\":\"https:\/\/elcotarro.com\/#organization\"},\"potentialAction\":[{\"@type\":\"SearchAction\",\"target\":{\"@type\":\"EntryPoint\",\"urlTemplate\":\"https:\/\/elcotarro.com\/?s={search_term_string}\"},\"query-input\":{\"@type\":\"PropertyValueSpecification\",\"valueRequired\":true,\"valueName\":\"search_term_string\"}}],\"inLanguage\":\"es\"},{\"@type\":\"Organization\",\"@id\":\"https:\/\/elcotarro.com\/#organization\",\"name\":\"El Cotarro\",\"url\":\"https:\/\/elcotarro.com\/\",\"logo\":{\"@type\":\"ImageObject\",\"inLanguage\":\"es\",\"@id\":\"https:\/\/elcotarro.com\/#\/schema\/logo\/image\/\",\"url\":\"https:\/\/elcotarro.com\/wp-content\/uploads\/2014\/09\/Cabecera_El_Cotarro_v2.jpg\",\"contentUrl\":\"https:\/\/elcotarro.com\/wp-content\/uploads\/2014\/09\/Cabecera_El_Cotarro_v2.jpg\",\"width\":3540,\"height\":441,\"caption\":\"El Cotarro\"},\"image\":{\"@id\":\"https:\/\/elcotarro.com\/#\/schema\/logo\/image\/\"},\"sameAs\":[\"https:\/\/www.facebook.com\/ElCotarro.Tenerife\"]},{\"@type\":\"Person\",\"@id\":\"https:\/\/elcotarro.com\/#\/schema\/person\/af537ee7d60d15984c7e0affcd8a918b\",\"name\":\"Jos\u00e9 Carlos Marrero Gonz\u00e1lez\",\"image\":{\"@type\":\"ImageObject\",\"inLanguage\":\"es\",\"@id\":\"https:\/\/elcotarro.com\/#\/schema\/person\/image\/\",\"url\":\"https:\/\/secure.gravatar.com\/avatar\/def4da036efb5d32c74d49c351f6dccc064dd69ad9f3aadc295c5a9a5391ca01?s=96&d=mm&r=g\",\"contentUrl\":\"https:\/\/secure.gravatar.com\/avatar\/def4da036efb5d32c74d49c351f6dccc064dd69ad9f3aadc295c5a9a5391ca01?s=96&d=mm&r=g\",\"caption\":\"Jos\u00e9 Carlos Marrero Gonz\u00e1lez\"},\"sameAs\":[\"https:\/\/elcotarro.com\"],\"url\":\"https:\/\/elcotarro.com\/?author=2\"}]}<\/script>\n<!-- \/ Yoast SEO plugin. -->","yoast_head_json":{"title":"AVISO A BUENOS COCINEROS Y COCINERAS - El Cotarro","robots":{"index":"index","follow":"follow","max-snippet":"max-snippet:-1","max-image-preview":"max-image-preview:large","max-video-preview":"max-video-preview:-1"},"canonical":"https:\/\/elcotarro.com\/?p=6759","og_locale":"es_ES","og_type":"article","og_title":"AVISO A BUENOS COCINEROS Y COCINERAS - El Cotarro","og_description":"Perm\u00edtanme que hoy llame la atenci\u00f3n (en el mejor sentido de la expresi\u00f3n) a todas las buenas cocineras y cocineros de Canarias, record\u00e1ndoles que ya est\u00e1 abierto el plazo de inscripci\u00f3n para los distintos campeonatos que se van a celebrar dentro del 6\u00ba Sal\u00f3n Gastron\u00f3mico de Canarias \u2013 GastroCanarias 2019, certamen que se celebrar\u00e1 dentro ... Read more","og_url":"https:\/\/elcotarro.com\/?p=6759","og_site_name":"El Cotarro","article_publisher":"https:\/\/www.facebook.com\/ElCotarro.Tenerife","article_published_time":"2019-04-21T10:01:57+00:00","og_image":[{"url":"https:\/\/elcotarro.com\/wp-content\/uploads\/2019\/04\/FOTO-5.-PODIO-2018.jpg","type":"","width":"","height":""}],"author":"Jos\u00e9 Carlos Marrero Gonz\u00e1lez","twitter_misc":{"Escrito por":"Jos\u00e9 Carlos Marrero Gonz\u00e1lez","Tiempo de lectura":"1 minuto"},"schema":{"@context":"https:\/\/schema.org","@graph":[{"@type":"Article","@id":"https:\/\/elcotarro.com\/?p=6759#article","isPartOf":{"@id":"https:\/\/elcotarro.com\/?p=6759"},"author":{"name":"Jos\u00e9 Carlos Marrero Gonz\u00e1lez","@id":"https:\/\/elcotarro.com\/#\/schema\/person\/af537ee7d60d15984c7e0affcd8a918b"},"headline":"AVISO A BUENOS COCINEROS Y COCINERAS","datePublished":"2019-04-21T10:01:57+00:00","mainEntityOfPage":{"@id":"https:\/\/elcotarro.com\/?p=6759"},"wordCount":156,"commentCount":0,"publisher":{"@id":"https:\/\/elcotarro.com\/#organization"},"image":{"@id":"https:\/\/elcotarro.com\/?p=6759#primaryimage"},"thumbnailUrl":"https:\/\/elcotarro.com\/wp-content\/uploads\/2019\/04\/FOTO-5.-PODIO-2018.jpg","inLanguage":"es","potentialAction":[{"@type":"CommentAction","name":"Comment","target":["https:\/\/elcotarro.com\/?p=6759#respond"]}]},{"@type":"WebPage","@id":"https:\/\/elcotarro.com\/?p=6759","url":"https:\/\/elcotarro.com\/?p=6759","name":"AVISO A BUENOS COCINEROS Y COCINERAS - El Cotarro","isPartOf":{"@id":"https:\/\/elcotarro.com\/#website"},"primaryImageOfPage":{"@id":"https:\/\/elcotarro.com\/?p=6759#primaryimage"},"image":{"@id":"https:\/\/elcotarro.com\/?p=6759#primaryimage"},"thumbnailUrl":"https:\/\/elcotarro.com\/wp-content\/uploads\/2019\/04\/FOTO-5.-PODIO-2018.jpg","datePublished":"2019-04-21T10:01:57+00:00","breadcrumb":{"@id":"https:\/\/elcotarro.com\/?p=6759#breadcrumb"},"inLanguage":"es","potentialAction":[{"@type":"ReadAction","target":["https:\/\/elcotarro.com\/?p=6759"]}]},{"@type":"ImageObject","inLanguage":"es","@id":"https:\/\/elcotarro.com\/?p=6759#primaryimage","url":"https:\/\/elcotarro.com\/wp-content\/uploads\/2019\/04\/FOTO-5.-PODIO-2018.jpg","contentUrl":"https:\/\/elcotarro.com\/wp-content\/uploads\/2019\/04\/FOTO-5.-PODIO-2018.jpg","width":1700,"height":1131},{"@type":"BreadcrumbList","@id":"https:\/\/elcotarro.com\/?p=6759#breadcrumb","itemListElement":[{"@type":"ListItem","position":1,"name":"Portada","item":"https:\/\/elcotarro.com\/"},{"@type":"ListItem","position":2,"name":"AVISO A BUENOS COCINEROS Y COCINERAS"}]},{"@type":"WebSite","@id":"https:\/\/elcotarro.com\/#website","url":"https:\/\/elcotarro.com\/","name":"El Cotarro","description":"Peri\u00f3dico Digital Independiente dirigido por Jos\u00e9 Carlos Marrero","publisher":{"@id":"https:\/\/elcotarro.com\/#organization"},"potentialAction":[{"@type":"SearchAction","target":{"@type":"EntryPoint","urlTemplate":"https:\/\/elcotarro.com\/?s={search_term_string}"},"query-input":{"@type":"PropertyValueSpecification","valueRequired":true,"valueName":"search_term_string"}}],"inLanguage":"es"},{"@type":"Organization","@id":"https:\/\/elcotarro.com\/#organization","name":"El Cotarro","url":"https:\/\/elcotarro.com\/","logo":{"@type":"ImageObject","inLanguage":"es","@id":"https:\/\/elcotarro.com\/#\/schema\/logo\/image\/","url":"https:\/\/elcotarro.com\/wp-content\/uploads\/2014\/09\/Cabecera_El_Cotarro_v2.jpg","contentUrl":"https:\/\/elcotarro.com\/wp-content\/uploads\/2014\/09\/Cabecera_El_Cotarro_v2.jpg","width":3540,"height":441,"caption":"El Cotarro"},"image":{"@id":"https:\/\/elcotarro.com\/#\/schema\/logo\/image\/"},"sameAs":["https:\/\/www.facebook.com\/ElCotarro.Tenerife"]},{"@type":"Person","@id":"https:\/\/elcotarro.com\/#\/schema\/person\/af537ee7d60d15984c7e0affcd8a918b","name":"Jos\u00e9 Carlos Marrero Gonz\u00e1lez","image":{"@type":"ImageObject","inLanguage":"es","@id":"https:\/\/elcotarro.com\/#\/schema\/person\/image\/","url":"https:\/\/secure.gravatar.com\/avatar\/def4da036efb5d32c74d49c351f6dccc064dd69ad9f3aadc295c5a9a5391ca01?s=96&d=mm&r=g","contentUrl":"https:\/\/secure.gravatar.com\/avatar\/def4da036efb5d32c74d49c351f6dccc064dd69ad9f3aadc295c5a9a5391ca01?s=96&d=mm&r=g","caption":"Jos\u00e9 Carlos Marrero Gonz\u00e1lez"},"sameAs":["https:\/\/elcotarro.com"],"url":"https:\/\/elcotarro.com\/?author=2"}]}},"jetpack_featured_media_url":"","jetpack_sharing_enabled":true,"_links":{"self":[{"href":"https:\/\/elcotarro.com\/index.php?rest_route=\/wp\/v2\/posts\/6759","targetHints":{"allow":["GET"]}}],"collection":[{"href":"https:\/\/elcotarro.com\/index.php?rest_route=\/wp\/v2\/posts"}],"about":[{"href":"https:\/\/elcotarro.com\/index.php?rest_route=\/wp\/v2\/types\/post"}],"author":[{"embeddable":true,"href":"https:\/\/elcotarro.com\/index.php?rest_route=\/wp\/v2\/users\/2"}],"replies":[{"embeddable":true,"href":"https:\/\/elcotarro.com\/index.php?rest_route=%2Fwp%2Fv2%2Fcomments&post=6759"}],"version-history":[{"count":1,"href":"https:\/\/elcotarro.com\/index.php?rest_route=\/wp\/v2\/posts\/6759\/revisions"}],"predecessor-version":[{"id":6761,"href":"https:\/\/elcotarro.com\/index.php?rest_route=\/wp\/v2\/posts\/6759\/revisions\/6761"}],"wp:attachment":[{"href":"https:\/\/elcotarro.com\/index.php?rest_route=%2Fwp%2Fv2%2Fmedia&parent=6759"}],"wp:term":[{"taxonomy":"category","embeddable":true,"href":"https:\/\/elcotarro.com\/index.php?rest_route=%2Fwp%2Fv2%2Fcategories&post=6759"},{"taxonomy":"post_tag","embeddable":true,"href":"https:\/\/elcotarro.com\/index.php?rest_route=%2Fwp%2Fv2%2Ftags&post=6759"}],"curies":[{"name":"wp","href":"https:\/\/api.w.org\/{rel}","templated":true}]}}