{"id":6780,"date":"2019-04-28T11:03:41","date_gmt":"2019-04-28T10:03:41","guid":{"rendered":"https:\/\/elcotarro.com\/?p=6780"},"modified":"2019-04-28T10:07:38","modified_gmt":"2019-04-28T09:07:38","slug":"la-gastronomia-unio-a-los-politicos","status":"publish","type":"post","link":"https:\/\/elcotarro.com\/?p=6780","title":{"rendered":"LA GASTRONOM\u00cdA UNI\u00d3 A LOS POL\u00cdTICOS"},"content":{"rendered":"<p>Me paso ahora al sabroso espect\u00e1culo de la Gastronom\u00eda, que, una vez m\u00e1s ha unido a pol\u00edticos de distintos partidos o cuyas relaciones no pasan por su mejor momento. Fue el pasado martes en territorio herre\u00f1o, donde se present\u00f3 el 6\u00ba Sal\u00f3n Gastron\u00f3mico de Canarias &#8211; GastroCanarias 2019 y en el que, precisamente, El Hierro ser\u00e1 la \u201cIsla Invitada\u201d oficial. En un sencillo acto celebrado en el Mirador de La Pe\u00f1a, asisti\u00f3 la presidenta del cabildo, <strong>Bel\u00e9n Allende Riera<\/strong>, estuvieron invitados los alcaldes de los tres municipios herre\u00f1os y, un a\u00f1o m\u00e1s (cosa que le honra) estuvo presente <strong>Carlos Alonso Rodr\u00edguez\u00a0<\/strong>(presidente del Cabildo de Tenerife) que quiso corresponder as\u00ed el gesto de su colega y amiga, <strong>Bel\u00e9n Allende<\/strong>, quien tambi\u00e9n en su momento tuvo el detalle de desplazarse a Tenerife para asistir, como m\u00e1xima representante de la \u201cIsla Invitada\u201d a la presentaci\u00f3n oficial del GastroCanarias 2019 en el cabildo tinerfe\u00f1o.<\/p>\n<p style=\"text-align: center\"><a href=\"https:\/\/elcotarro.com\/wp-content\/uploads\/2019\/04\/FOTO-5.-SELFIE-HERRE\u00d1O.jpeg\"><img loading=\"lazy\" decoding=\"async\" class=\"aligncenter size-full wp-image-6783\" src=\"https:\/\/elcotarro.com\/wp-content\/uploads\/2019\/04\/FOTO-5.-SELFIE-HERRE\u00d1O.jpeg\" alt=\"FOTO 5.- SELFIE HERRE\u00d1O\" width=\"2048\" height=\"1536\" srcset=\"https:\/\/elcotarro.com\/wp-content\/uploads\/2019\/04\/FOTO-5.-SELFIE-HERRE\u00d1O.jpeg 2048w, https:\/\/elcotarro.com\/wp-content\/uploads\/2019\/04\/FOTO-5.-SELFIE-HERRE\u00d1O-300x225.jpeg 300w, https:\/\/elcotarro.com\/wp-content\/uploads\/2019\/04\/FOTO-5.-SELFIE-HERRE\u00d1O-1024x768.jpeg 1024w\" sizes=\"auto, (max-width: 2048px) 100vw, 2048px\" \/><\/a><\/p>\n<p style=\"text-align: center\"><em>Juan Pedro S\u00e1nchez (consejero de Cabildo herre\u00f1o), Narvay Quintero (consejero de Agricultura del Gobierno canario) Bel\u00e9n Allende, Daniel Morales, Miguel \u00c1ngel Acosta (alcalde de La Frontera) y Carlos Alonso, sac\u00e1ndose un selfie, junto a una muestra de productos de El Hierro.<\/em><\/p>\n<p style=\"text-align: center\">\n","protected":false},"excerpt":{"rendered":"<p>Me paso ahora al sabroso espect\u00e1culo de la Gastronom\u00eda, que, una vez m\u00e1s ha unido a pol\u00edticos de distintos partidos o cuyas relaciones no pasan por su mejor momento. Fue el pasado martes en territorio herre\u00f1o, donde se present\u00f3 el 6\u00ba Sal\u00f3n Gastron\u00f3mico de Canarias &#8211; GastroCanarias 2019 y en el que, precisamente, El Hierro &#8230; <a class=\"read-more\" href=\"https:\/\/elcotarro.com\/?p=6780\">Read more<\/a><\/p>\n","protected":false},"author":2,"featured_media":0,"comment_status":"open","ping_status":"open","sticky":false,"template":"","format":"standard","meta":{"_jetpack_memberships_contains_paid_content":false,"footnotes":""},"categories":[1],"tags":[],"class_list":["post-6780","post","type-post","status-publish","format-standard","hentry","category-sin-categoria"],"yoast_head":"<!-- This site is optimized with the Yoast SEO plugin v27.0 - https:\/\/yoast.com\/product\/yoast-seo-wordpress\/ -->\n<title>LA GASTRONOM\u00cdA UNI\u00d3 A LOS POL\u00cdTICOS - El Cotarro<\/title>\n<meta name=\"robots\" content=\"index, follow, max-snippet:-1, max-image-preview:large, max-video-preview:-1\" \/>\n<link rel=\"canonical\" href=\"https:\/\/elcotarro.com\/?p=6780\" \/>\n<meta property=\"og:locale\" content=\"es_ES\" \/>\n<meta property=\"og:type\" content=\"article\" \/>\n<meta property=\"og:title\" content=\"LA GASTRONOM\u00cdA UNI\u00d3 A LOS POL\u00cdTICOS - El Cotarro\" \/>\n<meta property=\"og:description\" content=\"Me paso ahora al sabroso espect\u00e1culo de la Gastronom\u00eda, que, una vez m\u00e1s ha unido a pol\u00edticos de distintos partidos o cuyas relaciones no pasan por su mejor momento. Fue el pasado martes en territorio herre\u00f1o, donde se present\u00f3 el 6\u00ba Sal\u00f3n Gastron\u00f3mico de Canarias &#8211; GastroCanarias 2019 y en el que, precisamente, El Hierro ... Read more\" \/>\n<meta property=\"og:url\" content=\"https:\/\/elcotarro.com\/?p=6780\" \/>\n<meta property=\"og:site_name\" content=\"El Cotarro\" \/>\n<meta property=\"article:publisher\" content=\"https:\/\/www.facebook.com\/ElCotarro.Tenerife\" \/>\n<meta property=\"article:published_time\" content=\"2019-04-28T10:03:41+00:00\" \/>\n<meta name=\"author\" content=\"Jos\u00e9 Carlos Marrero Gonz\u00e1lez\" \/>\n<meta name=\"twitter:label1\" content=\"Escrito por\" \/>\n\t<meta name=\"twitter:data1\" content=\"Jos\u00e9 Carlos Marrero Gonz\u00e1lez\" \/>\n\t<meta name=\"twitter:label2\" content=\"Tiempo de lectura\" \/>\n\t<meta name=\"twitter:data2\" content=\"1 minuto\" \/>\n<script type=\"application\/ld+json\" class=\"yoast-schema-graph\">{\"@context\":\"https:\/\/schema.org\",\"@graph\":[{\"@type\":\"Article\",\"@id\":\"https:\/\/elcotarro.com\/?p=6780#article\",\"isPartOf\":{\"@id\":\"https:\/\/elcotarro.com\/?p=6780\"},\"author\":{\"name\":\"Jos\u00e9 Carlos Marrero Gonz\u00e1lez\",\"@id\":\"https:\/\/elcotarro.com\/#\/schema\/person\/af537ee7d60d15984c7e0affcd8a918b\"},\"headline\":\"LA GASTRONOM\u00cdA UNI\u00d3 A LOS POL\u00cdTICOS\",\"datePublished\":\"2019-04-28T10:03:41+00:00\",\"mainEntityOfPage\":{\"@id\":\"https:\/\/elcotarro.com\/?p=6780\"},\"wordCount\":219,\"commentCount\":0,\"publisher\":{\"@id\":\"https:\/\/elcotarro.com\/#organization\"},\"inLanguage\":\"es\",\"potentialAction\":[{\"@type\":\"CommentAction\",\"name\":\"Comment\",\"target\":[\"https:\/\/elcotarro.com\/?p=6780#respond\"]}]},{\"@type\":\"WebPage\",\"@id\":\"https:\/\/elcotarro.com\/?p=6780\",\"url\":\"https:\/\/elcotarro.com\/?p=6780\",\"name\":\"LA GASTRONOM\u00cdA UNI\u00d3 A LOS POL\u00cdTICOS - El Cotarro\",\"isPartOf\":{\"@id\":\"https:\/\/elcotarro.com\/#website\"},\"datePublished\":\"2019-04-28T10:03:41+00:00\",\"breadcrumb\":{\"@id\":\"https:\/\/elcotarro.com\/?p=6780#breadcrumb\"},\"inLanguage\":\"es\",\"potentialAction\":[{\"@type\":\"ReadAction\",\"target\":[\"https:\/\/elcotarro.com\/?p=6780\"]}]},{\"@type\":\"BreadcrumbList\",\"@id\":\"https:\/\/elcotarro.com\/?p=6780#breadcrumb\",\"itemListElement\":[{\"@type\":\"ListItem\",\"position\":1,\"name\":\"Portada\",\"item\":\"https:\/\/elcotarro.com\/\"},{\"@type\":\"ListItem\",\"position\":2,\"name\":\"LA GASTRONOM\u00cdA UNI\u00d3 A LOS POL\u00cdTICOS\"}]},{\"@type\":\"WebSite\",\"@id\":\"https:\/\/elcotarro.com\/#website\",\"url\":\"https:\/\/elcotarro.com\/\",\"name\":\"El Cotarro\",\"description\":\"Peri\u00f3dico Digital Independiente dirigido por Jos\u00e9 Carlos Marrero\",\"publisher\":{\"@id\":\"https:\/\/elcotarro.com\/#organization\"},\"potentialAction\":[{\"@type\":\"SearchAction\",\"target\":{\"@type\":\"EntryPoint\",\"urlTemplate\":\"https:\/\/elcotarro.com\/?s={search_term_string}\"},\"query-input\":{\"@type\":\"PropertyValueSpecification\",\"valueRequired\":true,\"valueName\":\"search_term_string\"}}],\"inLanguage\":\"es\"},{\"@type\":\"Organization\",\"@id\":\"https:\/\/elcotarro.com\/#organization\",\"name\":\"El Cotarro\",\"url\":\"https:\/\/elcotarro.com\/\",\"logo\":{\"@type\":\"ImageObject\",\"inLanguage\":\"es\",\"@id\":\"https:\/\/elcotarro.com\/#\/schema\/logo\/image\/\",\"url\":\"https:\/\/elcotarro.com\/wp-content\/uploads\/2014\/09\/Cabecera_El_Cotarro_v2.jpg\",\"contentUrl\":\"https:\/\/elcotarro.com\/wp-content\/uploads\/2014\/09\/Cabecera_El_Cotarro_v2.jpg\",\"width\":3540,\"height\":441,\"caption\":\"El Cotarro\"},\"image\":{\"@id\":\"https:\/\/elcotarro.com\/#\/schema\/logo\/image\/\"},\"sameAs\":[\"https:\/\/www.facebook.com\/ElCotarro.Tenerife\"]},{\"@type\":\"Person\",\"@id\":\"https:\/\/elcotarro.com\/#\/schema\/person\/af537ee7d60d15984c7e0affcd8a918b\",\"name\":\"Jos\u00e9 Carlos Marrero Gonz\u00e1lez\",\"image\":{\"@type\":\"ImageObject\",\"inLanguage\":\"es\",\"@id\":\"https:\/\/elcotarro.com\/#\/schema\/person\/image\/\",\"url\":\"https:\/\/secure.gravatar.com\/avatar\/def4da036efb5d32c74d49c351f6dccc064dd69ad9f3aadc295c5a9a5391ca01?s=96&d=mm&r=g\",\"contentUrl\":\"https:\/\/secure.gravatar.com\/avatar\/def4da036efb5d32c74d49c351f6dccc064dd69ad9f3aadc295c5a9a5391ca01?s=96&d=mm&r=g\",\"caption\":\"Jos\u00e9 Carlos Marrero Gonz\u00e1lez\"},\"sameAs\":[\"https:\/\/elcotarro.com\"],\"url\":\"https:\/\/elcotarro.com\/?author=2\"}]}<\/script>\n<!-- \/ Yoast SEO plugin. -->","yoast_head_json":{"title":"LA GASTRONOM\u00cdA UNI\u00d3 A LOS POL\u00cdTICOS - El Cotarro","robots":{"index":"index","follow":"follow","max-snippet":"max-snippet:-1","max-image-preview":"max-image-preview:large","max-video-preview":"max-video-preview:-1"},"canonical":"https:\/\/elcotarro.com\/?p=6780","og_locale":"es_ES","og_type":"article","og_title":"LA GASTRONOM\u00cdA UNI\u00d3 A LOS POL\u00cdTICOS - El Cotarro","og_description":"Me paso ahora al sabroso espect\u00e1culo de la Gastronom\u00eda, que, una vez m\u00e1s ha unido a pol\u00edticos de distintos partidos o cuyas relaciones no pasan por su mejor momento. Fue el pasado martes en territorio herre\u00f1o, donde se present\u00f3 el 6\u00ba Sal\u00f3n Gastron\u00f3mico de Canarias &#8211; GastroCanarias 2019 y en el que, precisamente, El Hierro ... Read more","og_url":"https:\/\/elcotarro.com\/?p=6780","og_site_name":"El Cotarro","article_publisher":"https:\/\/www.facebook.com\/ElCotarro.Tenerife","article_published_time":"2019-04-28T10:03:41+00:00","author":"Jos\u00e9 Carlos Marrero Gonz\u00e1lez","twitter_misc":{"Escrito por":"Jos\u00e9 Carlos Marrero Gonz\u00e1lez","Tiempo de lectura":"1 minuto"},"schema":{"@context":"https:\/\/schema.org","@graph":[{"@type":"Article","@id":"https:\/\/elcotarro.com\/?p=6780#article","isPartOf":{"@id":"https:\/\/elcotarro.com\/?p=6780"},"author":{"name":"Jos\u00e9 Carlos Marrero Gonz\u00e1lez","@id":"https:\/\/elcotarro.com\/#\/schema\/person\/af537ee7d60d15984c7e0affcd8a918b"},"headline":"LA GASTRONOM\u00cdA UNI\u00d3 A LOS POL\u00cdTICOS","datePublished":"2019-04-28T10:03:41+00:00","mainEntityOfPage":{"@id":"https:\/\/elcotarro.com\/?p=6780"},"wordCount":219,"commentCount":0,"publisher":{"@id":"https:\/\/elcotarro.com\/#organization"},"inLanguage":"es","potentialAction":[{"@type":"CommentAction","name":"Comment","target":["https:\/\/elcotarro.com\/?p=6780#respond"]}]},{"@type":"WebPage","@id":"https:\/\/elcotarro.com\/?p=6780","url":"https:\/\/elcotarro.com\/?p=6780","name":"LA GASTRONOM\u00cdA UNI\u00d3 A LOS POL\u00cdTICOS - El Cotarro","isPartOf":{"@id":"https:\/\/elcotarro.com\/#website"},"datePublished":"2019-04-28T10:03:41+00:00","breadcrumb":{"@id":"https:\/\/elcotarro.com\/?p=6780#breadcrumb"},"inLanguage":"es","potentialAction":[{"@type":"ReadAction","target":["https:\/\/elcotarro.com\/?p=6780"]}]},{"@type":"BreadcrumbList","@id":"https:\/\/elcotarro.com\/?p=6780#breadcrumb","itemListElement":[{"@type":"ListItem","position":1,"name":"Portada","item":"https:\/\/elcotarro.com\/"},{"@type":"ListItem","position":2,"name":"LA GASTRONOM\u00cdA UNI\u00d3 A LOS POL\u00cdTICOS"}]},{"@type":"WebSite","@id":"https:\/\/elcotarro.com\/#website","url":"https:\/\/elcotarro.com\/","name":"El Cotarro","description":"Peri\u00f3dico Digital Independiente dirigido por Jos\u00e9 Carlos Marrero","publisher":{"@id":"https:\/\/elcotarro.com\/#organization"},"potentialAction":[{"@type":"SearchAction","target":{"@type":"EntryPoint","urlTemplate":"https:\/\/elcotarro.com\/?s={search_term_string}"},"query-input":{"@type":"PropertyValueSpecification","valueRequired":true,"valueName":"search_term_string"}}],"inLanguage":"es"},{"@type":"Organization","@id":"https:\/\/elcotarro.com\/#organization","name":"El Cotarro","url":"https:\/\/elcotarro.com\/","logo":{"@type":"ImageObject","inLanguage":"es","@id":"https:\/\/elcotarro.com\/#\/schema\/logo\/image\/","url":"https:\/\/elcotarro.com\/wp-content\/uploads\/2014\/09\/Cabecera_El_Cotarro_v2.jpg","contentUrl":"https:\/\/elcotarro.com\/wp-content\/uploads\/2014\/09\/Cabecera_El_Cotarro_v2.jpg","width":3540,"height":441,"caption":"El Cotarro"},"image":{"@id":"https:\/\/elcotarro.com\/#\/schema\/logo\/image\/"},"sameAs":["https:\/\/www.facebook.com\/ElCotarro.Tenerife"]},{"@type":"Person","@id":"https:\/\/elcotarro.com\/#\/schema\/person\/af537ee7d60d15984c7e0affcd8a918b","name":"Jos\u00e9 Carlos Marrero Gonz\u00e1lez","image":{"@type":"ImageObject","inLanguage":"es","@id":"https:\/\/elcotarro.com\/#\/schema\/person\/image\/","url":"https:\/\/secure.gravatar.com\/avatar\/def4da036efb5d32c74d49c351f6dccc064dd69ad9f3aadc295c5a9a5391ca01?s=96&d=mm&r=g","contentUrl":"https:\/\/secure.gravatar.com\/avatar\/def4da036efb5d32c74d49c351f6dccc064dd69ad9f3aadc295c5a9a5391ca01?s=96&d=mm&r=g","caption":"Jos\u00e9 Carlos Marrero Gonz\u00e1lez"},"sameAs":["https:\/\/elcotarro.com"],"url":"https:\/\/elcotarro.com\/?author=2"}]}},"jetpack_featured_media_url":"","jetpack_sharing_enabled":true,"_links":{"self":[{"href":"https:\/\/elcotarro.com\/index.php?rest_route=\/wp\/v2\/posts\/6780","targetHints":{"allow":["GET"]}}],"collection":[{"href":"https:\/\/elcotarro.com\/index.php?rest_route=\/wp\/v2\/posts"}],"about":[{"href":"https:\/\/elcotarro.com\/index.php?rest_route=\/wp\/v2\/types\/post"}],"author":[{"embeddable":true,"href":"https:\/\/elcotarro.com\/index.php?rest_route=\/wp\/v2\/users\/2"}],"replies":[{"embeddable":true,"href":"https:\/\/elcotarro.com\/index.php?rest_route=%2Fwp%2Fv2%2Fcomments&post=6780"}],"version-history":[{"count":1,"href":"https:\/\/elcotarro.com\/index.php?rest_route=\/wp\/v2\/posts\/6780\/revisions"}],"predecessor-version":[{"id":6784,"href":"https:\/\/elcotarro.com\/index.php?rest_route=\/wp\/v2\/posts\/6780\/revisions\/6784"}],"wp:attachment":[{"href":"https:\/\/elcotarro.com\/index.php?rest_route=%2Fwp%2Fv2%2Fmedia&parent=6780"}],"wp:term":[{"taxonomy":"category","embeddable":true,"href":"https:\/\/elcotarro.com\/index.php?rest_route=%2Fwp%2Fv2%2Fcategories&post=6780"},{"taxonomy":"post_tag","embeddable":true,"href":"https:\/\/elcotarro.com\/index.php?rest_route=%2Fwp%2Fv2%2Ftags&post=6780"}],"curies":[{"name":"wp","href":"https:\/\/api.w.org\/{rel}","templated":true}]}}