{"id":6829,"date":"2019-05-12T11:04:10","date_gmt":"2019-05-12T10:04:10","guid":{"rendered":"https:\/\/elcotarro.com\/?p=6829"},"modified":"2019-05-12T09:24:10","modified_gmt":"2019-05-12T08:24:10","slug":"el-guru-javier-fernandez-andrino","status":"publish","type":"post","link":"https:\/\/elcotarro.com\/?p=6829","title":{"rendered":"EL \u201cGUR\u00da\u201d JAVIER FERN\u00c1NDEZ ANDRINO"},"content":{"rendered":"<p>Cautiv\u00f3\u00a0<strong>Javier Fern\u00e1ndez\u00a0Andrino\u00a0<\/strong>por su alto conocimiento del sector y su visi\u00f3n de lo que debe hacer Canarias en el futuro inmediato, en el que, dijo, <em>\u201cno se trata de cambiar el modelo tur\u00edstico sino de complementarlo con otros canales\u201d<\/em>. Cont\u00f3 que <em>\u201c\u00c1frica es el punto emergente m\u00e1s importante del planeta, que es nuestra gran desconocida y que, m\u00e1s pronto que tarde, con una clase media emergente y unas cifras absolutas de poblaci\u00f3n al alza y que, en su \u2018despegue, Canarias tiene un gran potencial como destino de turismo de compras\u201d<\/em>. Adem\u00e1s, <strong>Javier Fern\u00e1ndez\u00a0<\/strong>asegur\u00f3 que, <em>\u201cse puede crecer mucho por la v\u00eda del turismo de salud, en el que Espa\u00f1a y Canarias somos potencia\u201d.<\/em>Pero avis\u00f3 de que existe un grave problema con los visados para extranjeros, que dificulta su llegada a Canarias. Ojo con esto, porque impedir\u00eda hacer realidad todo lo dem\u00e1s. Por su parte, <strong>Pablo Landrau<\/strong>, jefe de Desarrollo de Mercados de Binter, habl\u00f3 de su historia, presente y futuro de Binter y por qu\u00e9 es clave en el futuro con \u00c1frica. Todos elogiaron que Canarias disponga de una compa\u00f1\u00eda a\u00e9rea propia, como lo es Binter, que garantiza nuestra conectividad.<\/p>\n<p style=\"text-align: center\"><a href=\"https:\/\/elcotarro.com\/wp-content\/uploads\/2019\/05\/FOTO-2.-JAVIER-FERN\u00c1NDEZ.jpg\"><img loading=\"lazy\" decoding=\"async\" class=\"aligncenter size-full wp-image-6830\" src=\"https:\/\/elcotarro.com\/wp-content\/uploads\/2019\/05\/FOTO-2.-JAVIER-FERN\u00c1NDEZ.jpg\" alt=\"FOTO 2.- JAVIER FERN\u00c1NDEZ\" width=\"1200\" height=\"800\" srcset=\"https:\/\/elcotarro.com\/wp-content\/uploads\/2019\/05\/FOTO-2.-JAVIER-FERN\u00c1NDEZ.jpg 1200w, https:\/\/elcotarro.com\/wp-content\/uploads\/2019\/05\/FOTO-2.-JAVIER-FERN\u00c1NDEZ-300x200.jpg 300w, https:\/\/elcotarro.com\/wp-content\/uploads\/2019\/05\/FOTO-2.-JAVIER-FERN\u00c1NDEZ-1024x683.jpg 1024w\" sizes=\"auto, (max-width: 1200px) 100vw, 1200px\" \/><\/a><\/p>\n<p style=\"text-align: center\"><em>Javier Fern\u00e1ndez Andrino (Director de Marketing Internacional y de Turismo y Lujo de El Corte Ingl\u00e9s Espa\u00f1a) dijo verdades que debemos apuntar y tener muy en cuenta.<\/em><\/p>\n","protected":false},"excerpt":{"rendered":"<p>Cautiv\u00f3\u00a0Javier Fern\u00e1ndez\u00a0Andrino\u00a0por su alto conocimiento del sector y su visi\u00f3n de lo que debe hacer Canarias en el futuro inmediato, en el que, dijo, \u201cno se trata de cambiar el modelo tur\u00edstico sino de complementarlo con otros canales\u201d. Cont\u00f3 que \u201c\u00c1frica es el punto emergente m\u00e1s importante del planeta, que es nuestra gran desconocida y &#8230; <a class=\"read-more\" href=\"https:\/\/elcotarro.com\/?p=6829\">Read more<\/a><\/p>\n","protected":false},"author":2,"featured_media":0,"comment_status":"open","ping_status":"open","sticky":false,"template":"","format":"standard","meta":{"_jetpack_memberships_contains_paid_content":false,"footnotes":""},"categories":[1],"tags":[],"class_list":["post-6829","post","type-post","status-publish","format-standard","hentry","category-sin-categoria"],"yoast_head":"<!-- This site is optimized with the Yoast SEO plugin v27.0 - https:\/\/yoast.com\/product\/yoast-seo-wordpress\/ -->\n<title>EL \u201cGUR\u00da\u201d JAVIER FERN\u00c1NDEZ ANDRINO - El Cotarro<\/title>\n<meta name=\"robots\" content=\"index, follow, max-snippet:-1, max-image-preview:large, max-video-preview:-1\" \/>\n<link rel=\"canonical\" href=\"https:\/\/elcotarro.com\/?p=6829\" \/>\n<meta property=\"og:locale\" content=\"es_ES\" \/>\n<meta property=\"og:type\" content=\"article\" \/>\n<meta property=\"og:title\" content=\"EL \u201cGUR\u00da\u201d JAVIER FERN\u00c1NDEZ ANDRINO - El Cotarro\" \/>\n<meta property=\"og:description\" content=\"Cautiv\u00f3\u00a0Javier Fern\u00e1ndez\u00a0Andrino\u00a0por su alto conocimiento del sector y su visi\u00f3n de lo que debe hacer Canarias en el futuro inmediato, en el que, dijo, \u201cno se trata de cambiar el modelo tur\u00edstico sino de complementarlo con otros canales\u201d. Cont\u00f3 que \u201c\u00c1frica es el punto emergente m\u00e1s importante del planeta, que es nuestra gran desconocida y ... Read more\" \/>\n<meta property=\"og:url\" content=\"https:\/\/elcotarro.com\/?p=6829\" \/>\n<meta property=\"og:site_name\" content=\"El Cotarro\" \/>\n<meta property=\"article:publisher\" content=\"https:\/\/www.facebook.com\/ElCotarro.Tenerife\" \/>\n<meta property=\"article:published_time\" content=\"2019-05-12T10:04:10+00:00\" \/>\n<meta name=\"author\" content=\"Jos\u00e9 Carlos Marrero Gonz\u00e1lez\" \/>\n<meta name=\"twitter:label1\" content=\"Escrito por\" \/>\n\t<meta name=\"twitter:data1\" content=\"Jos\u00e9 Carlos Marrero Gonz\u00e1lez\" \/>\n\t<meta name=\"twitter:label2\" content=\"Tiempo de lectura\" \/>\n\t<meta name=\"twitter:data2\" content=\"1 minuto\" \/>\n<script type=\"application\/ld+json\" class=\"yoast-schema-graph\">{\"@context\":\"https:\/\/schema.org\",\"@graph\":[{\"@type\":\"Article\",\"@id\":\"https:\/\/elcotarro.com\/?p=6829#article\",\"isPartOf\":{\"@id\":\"https:\/\/elcotarro.com\/?p=6829\"},\"author\":{\"name\":\"Jos\u00e9 Carlos Marrero Gonz\u00e1lez\",\"@id\":\"https:\/\/elcotarro.com\/#\/schema\/person\/af537ee7d60d15984c7e0affcd8a918b\"},\"headline\":\"EL \u201cGUR\u00da\u201d JAVIER FERN\u00c1NDEZ ANDRINO\",\"datePublished\":\"2019-05-12T10:04:10+00:00\",\"mainEntityOfPage\":{\"@id\":\"https:\/\/elcotarro.com\/?p=6829\"},\"wordCount\":244,\"commentCount\":0,\"publisher\":{\"@id\":\"https:\/\/elcotarro.com\/#organization\"},\"inLanguage\":\"es\",\"potentialAction\":[{\"@type\":\"CommentAction\",\"name\":\"Comment\",\"target\":[\"https:\/\/elcotarro.com\/?p=6829#respond\"]}]},{\"@type\":\"WebPage\",\"@id\":\"https:\/\/elcotarro.com\/?p=6829\",\"url\":\"https:\/\/elcotarro.com\/?p=6829\",\"name\":\"EL \u201cGUR\u00da\u201d JAVIER FERN\u00c1NDEZ ANDRINO - El Cotarro\",\"isPartOf\":{\"@id\":\"https:\/\/elcotarro.com\/#website\"},\"datePublished\":\"2019-05-12T10:04:10+00:00\",\"breadcrumb\":{\"@id\":\"https:\/\/elcotarro.com\/?p=6829#breadcrumb\"},\"inLanguage\":\"es\",\"potentialAction\":[{\"@type\":\"ReadAction\",\"target\":[\"https:\/\/elcotarro.com\/?p=6829\"]}]},{\"@type\":\"BreadcrumbList\",\"@id\":\"https:\/\/elcotarro.com\/?p=6829#breadcrumb\",\"itemListElement\":[{\"@type\":\"ListItem\",\"position\":1,\"name\":\"Portada\",\"item\":\"https:\/\/elcotarro.com\/\"},{\"@type\":\"ListItem\",\"position\":2,\"name\":\"EL \u201cGUR\u00da\u201d JAVIER FERN\u00c1NDEZ ANDRINO\"}]},{\"@type\":\"WebSite\",\"@id\":\"https:\/\/elcotarro.com\/#website\",\"url\":\"https:\/\/elcotarro.com\/\",\"name\":\"El Cotarro\",\"description\":\"Peri\u00f3dico Digital Independiente dirigido por Jos\u00e9 Carlos Marrero\",\"publisher\":{\"@id\":\"https:\/\/elcotarro.com\/#organization\"},\"potentialAction\":[{\"@type\":\"SearchAction\",\"target\":{\"@type\":\"EntryPoint\",\"urlTemplate\":\"https:\/\/elcotarro.com\/?s={search_term_string}\"},\"query-input\":{\"@type\":\"PropertyValueSpecification\",\"valueRequired\":true,\"valueName\":\"search_term_string\"}}],\"inLanguage\":\"es\"},{\"@type\":\"Organization\",\"@id\":\"https:\/\/elcotarro.com\/#organization\",\"name\":\"El Cotarro\",\"url\":\"https:\/\/elcotarro.com\/\",\"logo\":{\"@type\":\"ImageObject\",\"inLanguage\":\"es\",\"@id\":\"https:\/\/elcotarro.com\/#\/schema\/logo\/image\/\",\"url\":\"https:\/\/elcotarro.com\/wp-content\/uploads\/2014\/09\/Cabecera_El_Cotarro_v2.jpg\",\"contentUrl\":\"https:\/\/elcotarro.com\/wp-content\/uploads\/2014\/09\/Cabecera_El_Cotarro_v2.jpg\",\"width\":3540,\"height\":441,\"caption\":\"El Cotarro\"},\"image\":{\"@id\":\"https:\/\/elcotarro.com\/#\/schema\/logo\/image\/\"},\"sameAs\":[\"https:\/\/www.facebook.com\/ElCotarro.Tenerife\"]},{\"@type\":\"Person\",\"@id\":\"https:\/\/elcotarro.com\/#\/schema\/person\/af537ee7d60d15984c7e0affcd8a918b\",\"name\":\"Jos\u00e9 Carlos Marrero Gonz\u00e1lez\",\"image\":{\"@type\":\"ImageObject\",\"inLanguage\":\"es\",\"@id\":\"https:\/\/elcotarro.com\/#\/schema\/person\/image\/\",\"url\":\"https:\/\/secure.gravatar.com\/avatar\/def4da036efb5d32c74d49c351f6dccc064dd69ad9f3aadc295c5a9a5391ca01?s=96&d=mm&r=g\",\"contentUrl\":\"https:\/\/secure.gravatar.com\/avatar\/def4da036efb5d32c74d49c351f6dccc064dd69ad9f3aadc295c5a9a5391ca01?s=96&d=mm&r=g\",\"caption\":\"Jos\u00e9 Carlos Marrero Gonz\u00e1lez\"},\"sameAs\":[\"https:\/\/elcotarro.com\"],\"url\":\"https:\/\/elcotarro.com\/?author=2\"}]}<\/script>\n<!-- \/ Yoast SEO plugin. -->","yoast_head_json":{"title":"EL \u201cGUR\u00da\u201d JAVIER FERN\u00c1NDEZ ANDRINO - El Cotarro","robots":{"index":"index","follow":"follow","max-snippet":"max-snippet:-1","max-image-preview":"max-image-preview:large","max-video-preview":"max-video-preview:-1"},"canonical":"https:\/\/elcotarro.com\/?p=6829","og_locale":"es_ES","og_type":"article","og_title":"EL \u201cGUR\u00da\u201d JAVIER FERN\u00c1NDEZ ANDRINO - El Cotarro","og_description":"Cautiv\u00f3\u00a0Javier Fern\u00e1ndez\u00a0Andrino\u00a0por su alto conocimiento del sector y su visi\u00f3n de lo que debe hacer Canarias en el futuro inmediato, en el que, dijo, \u201cno se trata de cambiar el modelo tur\u00edstico sino de complementarlo con otros canales\u201d. Cont\u00f3 que \u201c\u00c1frica es el punto emergente m\u00e1s importante del planeta, que es nuestra gran desconocida y ... Read more","og_url":"https:\/\/elcotarro.com\/?p=6829","og_site_name":"El Cotarro","article_publisher":"https:\/\/www.facebook.com\/ElCotarro.Tenerife","article_published_time":"2019-05-12T10:04:10+00:00","author":"Jos\u00e9 Carlos Marrero Gonz\u00e1lez","twitter_misc":{"Escrito por":"Jos\u00e9 Carlos Marrero Gonz\u00e1lez","Tiempo de lectura":"1 minuto"},"schema":{"@context":"https:\/\/schema.org","@graph":[{"@type":"Article","@id":"https:\/\/elcotarro.com\/?p=6829#article","isPartOf":{"@id":"https:\/\/elcotarro.com\/?p=6829"},"author":{"name":"Jos\u00e9 Carlos Marrero Gonz\u00e1lez","@id":"https:\/\/elcotarro.com\/#\/schema\/person\/af537ee7d60d15984c7e0affcd8a918b"},"headline":"EL \u201cGUR\u00da\u201d JAVIER FERN\u00c1NDEZ ANDRINO","datePublished":"2019-05-12T10:04:10+00:00","mainEntityOfPage":{"@id":"https:\/\/elcotarro.com\/?p=6829"},"wordCount":244,"commentCount":0,"publisher":{"@id":"https:\/\/elcotarro.com\/#organization"},"inLanguage":"es","potentialAction":[{"@type":"CommentAction","name":"Comment","target":["https:\/\/elcotarro.com\/?p=6829#respond"]}]},{"@type":"WebPage","@id":"https:\/\/elcotarro.com\/?p=6829","url":"https:\/\/elcotarro.com\/?p=6829","name":"EL \u201cGUR\u00da\u201d JAVIER FERN\u00c1NDEZ ANDRINO - El Cotarro","isPartOf":{"@id":"https:\/\/elcotarro.com\/#website"},"datePublished":"2019-05-12T10:04:10+00:00","breadcrumb":{"@id":"https:\/\/elcotarro.com\/?p=6829#breadcrumb"},"inLanguage":"es","potentialAction":[{"@type":"ReadAction","target":["https:\/\/elcotarro.com\/?p=6829"]}]},{"@type":"BreadcrumbList","@id":"https:\/\/elcotarro.com\/?p=6829#breadcrumb","itemListElement":[{"@type":"ListItem","position":1,"name":"Portada","item":"https:\/\/elcotarro.com\/"},{"@type":"ListItem","position":2,"name":"EL \u201cGUR\u00da\u201d JAVIER FERN\u00c1NDEZ ANDRINO"}]},{"@type":"WebSite","@id":"https:\/\/elcotarro.com\/#website","url":"https:\/\/elcotarro.com\/","name":"El Cotarro","description":"Peri\u00f3dico Digital Independiente dirigido por Jos\u00e9 Carlos Marrero","publisher":{"@id":"https:\/\/elcotarro.com\/#organization"},"potentialAction":[{"@type":"SearchAction","target":{"@type":"EntryPoint","urlTemplate":"https:\/\/elcotarro.com\/?s={search_term_string}"},"query-input":{"@type":"PropertyValueSpecification","valueRequired":true,"valueName":"search_term_string"}}],"inLanguage":"es"},{"@type":"Organization","@id":"https:\/\/elcotarro.com\/#organization","name":"El Cotarro","url":"https:\/\/elcotarro.com\/","logo":{"@type":"ImageObject","inLanguage":"es","@id":"https:\/\/elcotarro.com\/#\/schema\/logo\/image\/","url":"https:\/\/elcotarro.com\/wp-content\/uploads\/2014\/09\/Cabecera_El_Cotarro_v2.jpg","contentUrl":"https:\/\/elcotarro.com\/wp-content\/uploads\/2014\/09\/Cabecera_El_Cotarro_v2.jpg","width":3540,"height":441,"caption":"El Cotarro"},"image":{"@id":"https:\/\/elcotarro.com\/#\/schema\/logo\/image\/"},"sameAs":["https:\/\/www.facebook.com\/ElCotarro.Tenerife"]},{"@type":"Person","@id":"https:\/\/elcotarro.com\/#\/schema\/person\/af537ee7d60d15984c7e0affcd8a918b","name":"Jos\u00e9 Carlos Marrero Gonz\u00e1lez","image":{"@type":"ImageObject","inLanguage":"es","@id":"https:\/\/elcotarro.com\/#\/schema\/person\/image\/","url":"https:\/\/secure.gravatar.com\/avatar\/def4da036efb5d32c74d49c351f6dccc064dd69ad9f3aadc295c5a9a5391ca01?s=96&d=mm&r=g","contentUrl":"https:\/\/secure.gravatar.com\/avatar\/def4da036efb5d32c74d49c351f6dccc064dd69ad9f3aadc295c5a9a5391ca01?s=96&d=mm&r=g","caption":"Jos\u00e9 Carlos Marrero Gonz\u00e1lez"},"sameAs":["https:\/\/elcotarro.com"],"url":"https:\/\/elcotarro.com\/?author=2"}]}},"jetpack_featured_media_url":"","jetpack_sharing_enabled":true,"_links":{"self":[{"href":"https:\/\/elcotarro.com\/index.php?rest_route=\/wp\/v2\/posts\/6829","targetHints":{"allow":["GET"]}}],"collection":[{"href":"https:\/\/elcotarro.com\/index.php?rest_route=\/wp\/v2\/posts"}],"about":[{"href":"https:\/\/elcotarro.com\/index.php?rest_route=\/wp\/v2\/types\/post"}],"author":[{"embeddable":true,"href":"https:\/\/elcotarro.com\/index.php?rest_route=\/wp\/v2\/users\/2"}],"replies":[{"embeddable":true,"href":"https:\/\/elcotarro.com\/index.php?rest_route=%2Fwp%2Fv2%2Fcomments&post=6829"}],"version-history":[{"count":1,"href":"https:\/\/elcotarro.com\/index.php?rest_route=\/wp\/v2\/posts\/6829\/revisions"}],"predecessor-version":[{"id":6831,"href":"https:\/\/elcotarro.com\/index.php?rest_route=\/wp\/v2\/posts\/6829\/revisions\/6831"}],"wp:attachment":[{"href":"https:\/\/elcotarro.com\/index.php?rest_route=%2Fwp%2Fv2%2Fmedia&parent=6829"}],"wp:term":[{"taxonomy":"category","embeddable":true,"href":"https:\/\/elcotarro.com\/index.php?rest_route=%2Fwp%2Fv2%2Fcategories&post=6829"},{"taxonomy":"post_tag","embeddable":true,"href":"https:\/\/elcotarro.com\/index.php?rest_route=%2Fwp%2Fv2%2Ftags&post=6829"}],"curies":[{"name":"wp","href":"https:\/\/api.w.org\/{rel}","templated":true}]}}