{"id":6832,"date":"2019-05-12T11:03:16","date_gmt":"2019-05-12T10:03:16","guid":{"rendered":"https:\/\/elcotarro.com\/?p=6832"},"modified":"2019-05-12T09:25:30","modified_gmt":"2019-05-12T08:25:30","slug":"ole-el-cartel-del-tocuyo-se-salvara","status":"publish","type":"post","link":"https:\/\/elcotarro.com\/?p=6832","title":{"rendered":"\u00a1OL\u00c9!&#8230; EL CARTEL DEL TOCUYO SE SALVAR\u00c1"},"content":{"rendered":"<p>Hay cosas que parece que han estado ah\u00ed toda la vida y que terminamos sintiendo y asumiendo como \u201cnuestras\u201d. Los bancos de azulejos con anuncios de la santacrucera Plaza de los Patos. El anuncio de Emulsi\u00f3n Scott <em>\u201cindispensable para los ni\u00f1os, conveniente a toda edad\u201d<\/em>, que a\u00fan contin\u00faa en la calle <strong>Valent\u00edn Sanz<\/strong>, o el no menos recordado de Nitrato de Chile, que seguimos viendo en la entrada al Puerto de la Cruz por el Bot\u00e1nico. En La Laguna y desde antes de ser declarado su casco hist\u00f3rico como Bien Cultural Patrimonio de la Humanidad (en 1998) ya hab\u00edamos hecho \u201cnuestro\u201d el cartel-mural (hecho tambi\u00e9n en cer\u00e1mica y colocado en 1980) del popular y emblem\u00e1tico Bodeg\u00f3n Tocuyo (en la calle Juan de Vera), que regenta desde hace m\u00e1s de 40 a\u00f1os el incombustible <strong>Manuel Garc\u00eda<\/strong>. Parece que la nueva normativa derivada de la Declaraci\u00f3n de la Unesco (que es de 1999) obligaba a retirarlo, pero, afortunadamente, ha habido un cruce de malos entendidos, disparidad de criterios y desafortunadas acciones, que se han podido solventar y reconducir para que el cartel se respete.<\/p>\n<p style=\"text-align: center\"><a href=\"https:\/\/elcotarro.com\/wp-content\/uploads\/2019\/05\/FOTO-3.-EQUIPO-TOCUYO.jpg\"><img loading=\"lazy\" decoding=\"async\" class=\"aligncenter size-full wp-image-6833\" src=\"https:\/\/elcotarro.com\/wp-content\/uploads\/2019\/05\/FOTO-3.-EQUIPO-TOCUYO.jpg\" alt=\"FOTO 3.- EQUIPO TOCUYO\" width=\"702\" height=\"490\" srcset=\"https:\/\/elcotarro.com\/wp-content\/uploads\/2019\/05\/FOTO-3.-EQUIPO-TOCUYO.jpg 702w, https:\/\/elcotarro.com\/wp-content\/uploads\/2019\/05\/FOTO-3.-EQUIPO-TOCUYO-300x209.jpg 300w\" sizes=\"auto, (max-width: 702px) 100vw, 702px\" \/><\/a><\/p>\n<p style=\"text-align: center\"><em>El equipo de profesionales del Bodeg\u00f3n Tocuyo, con su propietario y l\u00edder en medio, Manuel Garc\u00eda, segundo por la izquierda.<\/em><\/p>\n","protected":false},"excerpt":{"rendered":"<p>Hay cosas que parece que han estado ah\u00ed toda la vida y que terminamos sintiendo y asumiendo como \u201cnuestras\u201d. Los bancos de azulejos con anuncios de la santacrucera Plaza de los Patos. El anuncio de Emulsi\u00f3n Scott \u201cindispensable para los ni\u00f1os, conveniente a toda edad\u201d, que a\u00fan contin\u00faa en la calle Valent\u00edn Sanz, o el &#8230; <a class=\"read-more\" href=\"https:\/\/elcotarro.com\/?p=6832\">Read more<\/a><\/p>\n","protected":false},"author":2,"featured_media":0,"comment_status":"open","ping_status":"open","sticky":false,"template":"","format":"standard","meta":{"_jetpack_memberships_contains_paid_content":false,"footnotes":""},"categories":[1],"tags":[],"class_list":["post-6832","post","type-post","status-publish","format-standard","hentry","category-sin-categoria"],"yoast_head":"<!-- This site is optimized with the Yoast SEO plugin v27.0 - https:\/\/yoast.com\/product\/yoast-seo-wordpress\/ -->\n<title>\u00a1OL\u00c9!... EL CARTEL DEL TOCUYO SE SALVAR\u00c1 - El Cotarro<\/title>\n<meta name=\"robots\" content=\"index, follow, max-snippet:-1, max-image-preview:large, max-video-preview:-1\" \/>\n<link rel=\"canonical\" href=\"https:\/\/elcotarro.com\/?p=6832\" \/>\n<meta property=\"og:locale\" content=\"es_ES\" \/>\n<meta property=\"og:type\" content=\"article\" \/>\n<meta property=\"og:title\" content=\"\u00a1OL\u00c9!... EL CARTEL DEL TOCUYO SE SALVAR\u00c1 - El Cotarro\" \/>\n<meta property=\"og:description\" content=\"Hay cosas que parece que han estado ah\u00ed toda la vida y que terminamos sintiendo y asumiendo como \u201cnuestras\u201d. Los bancos de azulejos con anuncios de la santacrucera Plaza de los Patos. El anuncio de Emulsi\u00f3n Scott \u201cindispensable para los ni\u00f1os, conveniente a toda edad\u201d, que a\u00fan contin\u00faa en la calle Valent\u00edn Sanz, o el ... Read more\" \/>\n<meta property=\"og:url\" content=\"https:\/\/elcotarro.com\/?p=6832\" \/>\n<meta property=\"og:site_name\" content=\"El Cotarro\" \/>\n<meta property=\"article:publisher\" content=\"https:\/\/www.facebook.com\/ElCotarro.Tenerife\" \/>\n<meta property=\"article:published_time\" content=\"2019-05-12T10:03:16+00:00\" \/>\n<meta property=\"og:image\" content=\"https:\/\/elcotarro.com\/wp-content\/uploads\/2019\/05\/FOTO-3.-EQUIPO-TOCUYO.jpg\" \/>\n<meta name=\"author\" content=\"Jos\u00e9 Carlos Marrero Gonz\u00e1lez\" \/>\n<meta name=\"twitter:label1\" content=\"Escrito por\" \/>\n\t<meta name=\"twitter:data1\" content=\"Jos\u00e9 Carlos Marrero Gonz\u00e1lez\" \/>\n\t<meta name=\"twitter:label2\" content=\"Tiempo de lectura\" \/>\n\t<meta name=\"twitter:data2\" content=\"1 minuto\" \/>\n<script type=\"application\/ld+json\" class=\"yoast-schema-graph\">{\"@context\":\"https:\/\/schema.org\",\"@graph\":[{\"@type\":\"Article\",\"@id\":\"https:\/\/elcotarro.com\/?p=6832#article\",\"isPartOf\":{\"@id\":\"https:\/\/elcotarro.com\/?p=6832\"},\"author\":{\"name\":\"Jos\u00e9 Carlos Marrero Gonz\u00e1lez\",\"@id\":\"https:\/\/elcotarro.com\/#\/schema\/person\/af537ee7d60d15984c7e0affcd8a918b\"},\"headline\":\"\u00a1OL\u00c9!&#8230; EL CARTEL DEL TOCUYO SE SALVAR\u00c1\",\"datePublished\":\"2019-05-12T10:03:16+00:00\",\"mainEntityOfPage\":{\"@id\":\"https:\/\/elcotarro.com\/?p=6832\"},\"wordCount\":224,\"commentCount\":0,\"publisher\":{\"@id\":\"https:\/\/elcotarro.com\/#organization\"},\"image\":{\"@id\":\"https:\/\/elcotarro.com\/?p=6832#primaryimage\"},\"thumbnailUrl\":\"https:\/\/elcotarro.com\/wp-content\/uploads\/2019\/05\/FOTO-3.-EQUIPO-TOCUYO.jpg\",\"inLanguage\":\"es\",\"potentialAction\":[{\"@type\":\"CommentAction\",\"name\":\"Comment\",\"target\":[\"https:\/\/elcotarro.com\/?p=6832#respond\"]}]},{\"@type\":\"WebPage\",\"@id\":\"https:\/\/elcotarro.com\/?p=6832\",\"url\":\"https:\/\/elcotarro.com\/?p=6832\",\"name\":\"\u00a1OL\u00c9!... EL CARTEL DEL TOCUYO SE SALVAR\u00c1 - El Cotarro\",\"isPartOf\":{\"@id\":\"https:\/\/elcotarro.com\/#website\"},\"primaryImageOfPage\":{\"@id\":\"https:\/\/elcotarro.com\/?p=6832#primaryimage\"},\"image\":{\"@id\":\"https:\/\/elcotarro.com\/?p=6832#primaryimage\"},\"thumbnailUrl\":\"https:\/\/elcotarro.com\/wp-content\/uploads\/2019\/05\/FOTO-3.-EQUIPO-TOCUYO.jpg\",\"datePublished\":\"2019-05-12T10:03:16+00:00\",\"breadcrumb\":{\"@id\":\"https:\/\/elcotarro.com\/?p=6832#breadcrumb\"},\"inLanguage\":\"es\",\"potentialAction\":[{\"@type\":\"ReadAction\",\"target\":[\"https:\/\/elcotarro.com\/?p=6832\"]}]},{\"@type\":\"ImageObject\",\"inLanguage\":\"es\",\"@id\":\"https:\/\/elcotarro.com\/?p=6832#primaryimage\",\"url\":\"https:\/\/elcotarro.com\/wp-content\/uploads\/2019\/05\/FOTO-3.-EQUIPO-TOCUYO.jpg\",\"contentUrl\":\"https:\/\/elcotarro.com\/wp-content\/uploads\/2019\/05\/FOTO-3.-EQUIPO-TOCUYO.jpg\",\"width\":702,\"height\":490},{\"@type\":\"BreadcrumbList\",\"@id\":\"https:\/\/elcotarro.com\/?p=6832#breadcrumb\",\"itemListElement\":[{\"@type\":\"ListItem\",\"position\":1,\"name\":\"Portada\",\"item\":\"https:\/\/elcotarro.com\/\"},{\"@type\":\"ListItem\",\"position\":2,\"name\":\"\u00a1OL\u00c9!&#8230; EL CARTEL DEL TOCUYO SE SALVAR\u00c1\"}]},{\"@type\":\"WebSite\",\"@id\":\"https:\/\/elcotarro.com\/#website\",\"url\":\"https:\/\/elcotarro.com\/\",\"name\":\"El Cotarro\",\"description\":\"Peri\u00f3dico Digital Independiente dirigido por Jos\u00e9 Carlos Marrero\",\"publisher\":{\"@id\":\"https:\/\/elcotarro.com\/#organization\"},\"potentialAction\":[{\"@type\":\"SearchAction\",\"target\":{\"@type\":\"EntryPoint\",\"urlTemplate\":\"https:\/\/elcotarro.com\/?s={search_term_string}\"},\"query-input\":{\"@type\":\"PropertyValueSpecification\",\"valueRequired\":true,\"valueName\":\"search_term_string\"}}],\"inLanguage\":\"es\"},{\"@type\":\"Organization\",\"@id\":\"https:\/\/elcotarro.com\/#organization\",\"name\":\"El Cotarro\",\"url\":\"https:\/\/elcotarro.com\/\",\"logo\":{\"@type\":\"ImageObject\",\"inLanguage\":\"es\",\"@id\":\"https:\/\/elcotarro.com\/#\/schema\/logo\/image\/\",\"url\":\"https:\/\/elcotarro.com\/wp-content\/uploads\/2014\/09\/Cabecera_El_Cotarro_v2.jpg\",\"contentUrl\":\"https:\/\/elcotarro.com\/wp-content\/uploads\/2014\/09\/Cabecera_El_Cotarro_v2.jpg\",\"width\":3540,\"height\":441,\"caption\":\"El Cotarro\"},\"image\":{\"@id\":\"https:\/\/elcotarro.com\/#\/schema\/logo\/image\/\"},\"sameAs\":[\"https:\/\/www.facebook.com\/ElCotarro.Tenerife\"]},{\"@type\":\"Person\",\"@id\":\"https:\/\/elcotarro.com\/#\/schema\/person\/af537ee7d60d15984c7e0affcd8a918b\",\"name\":\"Jos\u00e9 Carlos Marrero Gonz\u00e1lez\",\"image\":{\"@type\":\"ImageObject\",\"inLanguage\":\"es\",\"@id\":\"https:\/\/elcotarro.com\/#\/schema\/person\/image\/\",\"url\":\"https:\/\/secure.gravatar.com\/avatar\/def4da036efb5d32c74d49c351f6dccc064dd69ad9f3aadc295c5a9a5391ca01?s=96&d=mm&r=g\",\"contentUrl\":\"https:\/\/secure.gravatar.com\/avatar\/def4da036efb5d32c74d49c351f6dccc064dd69ad9f3aadc295c5a9a5391ca01?s=96&d=mm&r=g\",\"caption\":\"Jos\u00e9 Carlos Marrero Gonz\u00e1lez\"},\"sameAs\":[\"https:\/\/elcotarro.com\"],\"url\":\"https:\/\/elcotarro.com\/?author=2\"}]}<\/script>\n<!-- \/ Yoast SEO plugin. -->","yoast_head_json":{"title":"\u00a1OL\u00c9!... EL CARTEL DEL TOCUYO SE SALVAR\u00c1 - El Cotarro","robots":{"index":"index","follow":"follow","max-snippet":"max-snippet:-1","max-image-preview":"max-image-preview:large","max-video-preview":"max-video-preview:-1"},"canonical":"https:\/\/elcotarro.com\/?p=6832","og_locale":"es_ES","og_type":"article","og_title":"\u00a1OL\u00c9!... EL CARTEL DEL TOCUYO SE SALVAR\u00c1 - El Cotarro","og_description":"Hay cosas que parece que han estado ah\u00ed toda la vida y que terminamos sintiendo y asumiendo como \u201cnuestras\u201d. Los bancos de azulejos con anuncios de la santacrucera Plaza de los Patos. El anuncio de Emulsi\u00f3n Scott \u201cindispensable para los ni\u00f1os, conveniente a toda edad\u201d, que a\u00fan contin\u00faa en la calle Valent\u00edn Sanz, o el ... Read more","og_url":"https:\/\/elcotarro.com\/?p=6832","og_site_name":"El Cotarro","article_publisher":"https:\/\/www.facebook.com\/ElCotarro.Tenerife","article_published_time":"2019-05-12T10:03:16+00:00","og_image":[{"url":"https:\/\/elcotarro.com\/wp-content\/uploads\/2019\/05\/FOTO-3.-EQUIPO-TOCUYO.jpg","type":"","width":"","height":""}],"author":"Jos\u00e9 Carlos Marrero Gonz\u00e1lez","twitter_misc":{"Escrito por":"Jos\u00e9 Carlos Marrero Gonz\u00e1lez","Tiempo de lectura":"1 minuto"},"schema":{"@context":"https:\/\/schema.org","@graph":[{"@type":"Article","@id":"https:\/\/elcotarro.com\/?p=6832#article","isPartOf":{"@id":"https:\/\/elcotarro.com\/?p=6832"},"author":{"name":"Jos\u00e9 Carlos Marrero Gonz\u00e1lez","@id":"https:\/\/elcotarro.com\/#\/schema\/person\/af537ee7d60d15984c7e0affcd8a918b"},"headline":"\u00a1OL\u00c9!&#8230; EL CARTEL DEL TOCUYO SE SALVAR\u00c1","datePublished":"2019-05-12T10:03:16+00:00","mainEntityOfPage":{"@id":"https:\/\/elcotarro.com\/?p=6832"},"wordCount":224,"commentCount":0,"publisher":{"@id":"https:\/\/elcotarro.com\/#organization"},"image":{"@id":"https:\/\/elcotarro.com\/?p=6832#primaryimage"},"thumbnailUrl":"https:\/\/elcotarro.com\/wp-content\/uploads\/2019\/05\/FOTO-3.-EQUIPO-TOCUYO.jpg","inLanguage":"es","potentialAction":[{"@type":"CommentAction","name":"Comment","target":["https:\/\/elcotarro.com\/?p=6832#respond"]}]},{"@type":"WebPage","@id":"https:\/\/elcotarro.com\/?p=6832","url":"https:\/\/elcotarro.com\/?p=6832","name":"\u00a1OL\u00c9!... EL CARTEL DEL TOCUYO SE SALVAR\u00c1 - El Cotarro","isPartOf":{"@id":"https:\/\/elcotarro.com\/#website"},"primaryImageOfPage":{"@id":"https:\/\/elcotarro.com\/?p=6832#primaryimage"},"image":{"@id":"https:\/\/elcotarro.com\/?p=6832#primaryimage"},"thumbnailUrl":"https:\/\/elcotarro.com\/wp-content\/uploads\/2019\/05\/FOTO-3.-EQUIPO-TOCUYO.jpg","datePublished":"2019-05-12T10:03:16+00:00","breadcrumb":{"@id":"https:\/\/elcotarro.com\/?p=6832#breadcrumb"},"inLanguage":"es","potentialAction":[{"@type":"ReadAction","target":["https:\/\/elcotarro.com\/?p=6832"]}]},{"@type":"ImageObject","inLanguage":"es","@id":"https:\/\/elcotarro.com\/?p=6832#primaryimage","url":"https:\/\/elcotarro.com\/wp-content\/uploads\/2019\/05\/FOTO-3.-EQUIPO-TOCUYO.jpg","contentUrl":"https:\/\/elcotarro.com\/wp-content\/uploads\/2019\/05\/FOTO-3.-EQUIPO-TOCUYO.jpg","width":702,"height":490},{"@type":"BreadcrumbList","@id":"https:\/\/elcotarro.com\/?p=6832#breadcrumb","itemListElement":[{"@type":"ListItem","position":1,"name":"Portada","item":"https:\/\/elcotarro.com\/"},{"@type":"ListItem","position":2,"name":"\u00a1OL\u00c9!&#8230; EL CARTEL DEL TOCUYO SE SALVAR\u00c1"}]},{"@type":"WebSite","@id":"https:\/\/elcotarro.com\/#website","url":"https:\/\/elcotarro.com\/","name":"El Cotarro","description":"Peri\u00f3dico Digital Independiente dirigido por Jos\u00e9 Carlos Marrero","publisher":{"@id":"https:\/\/elcotarro.com\/#organization"},"potentialAction":[{"@type":"SearchAction","target":{"@type":"EntryPoint","urlTemplate":"https:\/\/elcotarro.com\/?s={search_term_string}"},"query-input":{"@type":"PropertyValueSpecification","valueRequired":true,"valueName":"search_term_string"}}],"inLanguage":"es"},{"@type":"Organization","@id":"https:\/\/elcotarro.com\/#organization","name":"El Cotarro","url":"https:\/\/elcotarro.com\/","logo":{"@type":"ImageObject","inLanguage":"es","@id":"https:\/\/elcotarro.com\/#\/schema\/logo\/image\/","url":"https:\/\/elcotarro.com\/wp-content\/uploads\/2014\/09\/Cabecera_El_Cotarro_v2.jpg","contentUrl":"https:\/\/elcotarro.com\/wp-content\/uploads\/2014\/09\/Cabecera_El_Cotarro_v2.jpg","width":3540,"height":441,"caption":"El Cotarro"},"image":{"@id":"https:\/\/elcotarro.com\/#\/schema\/logo\/image\/"},"sameAs":["https:\/\/www.facebook.com\/ElCotarro.Tenerife"]},{"@type":"Person","@id":"https:\/\/elcotarro.com\/#\/schema\/person\/af537ee7d60d15984c7e0affcd8a918b","name":"Jos\u00e9 Carlos Marrero Gonz\u00e1lez","image":{"@type":"ImageObject","inLanguage":"es","@id":"https:\/\/elcotarro.com\/#\/schema\/person\/image\/","url":"https:\/\/secure.gravatar.com\/avatar\/def4da036efb5d32c74d49c351f6dccc064dd69ad9f3aadc295c5a9a5391ca01?s=96&d=mm&r=g","contentUrl":"https:\/\/secure.gravatar.com\/avatar\/def4da036efb5d32c74d49c351f6dccc064dd69ad9f3aadc295c5a9a5391ca01?s=96&d=mm&r=g","caption":"Jos\u00e9 Carlos Marrero Gonz\u00e1lez"},"sameAs":["https:\/\/elcotarro.com"],"url":"https:\/\/elcotarro.com\/?author=2"}]}},"jetpack_featured_media_url":"","jetpack_sharing_enabled":true,"_links":{"self":[{"href":"https:\/\/elcotarro.com\/index.php?rest_route=\/wp\/v2\/posts\/6832","targetHints":{"allow":["GET"]}}],"collection":[{"href":"https:\/\/elcotarro.com\/index.php?rest_route=\/wp\/v2\/posts"}],"about":[{"href":"https:\/\/elcotarro.com\/index.php?rest_route=\/wp\/v2\/types\/post"}],"author":[{"embeddable":true,"href":"https:\/\/elcotarro.com\/index.php?rest_route=\/wp\/v2\/users\/2"}],"replies":[{"embeddable":true,"href":"https:\/\/elcotarro.com\/index.php?rest_route=%2Fwp%2Fv2%2Fcomments&post=6832"}],"version-history":[{"count":1,"href":"https:\/\/elcotarro.com\/index.php?rest_route=\/wp\/v2\/posts\/6832\/revisions"}],"predecessor-version":[{"id":6834,"href":"https:\/\/elcotarro.com\/index.php?rest_route=\/wp\/v2\/posts\/6832\/revisions\/6834"}],"wp:attachment":[{"href":"https:\/\/elcotarro.com\/index.php?rest_route=%2Fwp%2Fv2%2Fmedia&parent=6832"}],"wp:term":[{"taxonomy":"category","embeddable":true,"href":"https:\/\/elcotarro.com\/index.php?rest_route=%2Fwp%2Fv2%2Fcategories&post=6832"},{"taxonomy":"post_tag","embeddable":true,"href":"https:\/\/elcotarro.com\/index.php?rest_route=%2Fwp%2Fv2%2Ftags&post=6832"}],"curies":[{"name":"wp","href":"https:\/\/api.w.org\/{rel}","templated":true}]}}