{"id":6838,"date":"2019-05-12T11:01:52","date_gmt":"2019-05-12T10:01:52","guid":{"rendered":"https:\/\/elcotarro.com\/?p=6838"},"modified":"2019-05-12T09:27:44","modified_gmt":"2019-05-12T08:27:44","slug":"jose-alberto-de-nuevo-en-el-consenso","status":"publish","type":"post","link":"https:\/\/elcotarro.com\/?p=6838","title":{"rendered":"JOS\u00c9 ALBERTO DE NUEVO EN EL CONSENSO"},"content":{"rendered":"<p>De su di\u00e1logo con todas las partes, pudo verse la problem\u00e1tica desde otro punto y entenderse con otro criterio, todo ello bajo la rigurosa profesionalidad de los funcionarios t\u00e9cnicos de la Gerencia de Urbanismo y, por supuesto, desde la m\u00e1s estricta legalidad. La cosa es que, m\u00e1s que retirar \u201cel\u201d cartel, parece que lo que se solicitaba era retirar \u201cuno\u201d de los \u201cdos\u201d carteles que ten\u00eda el Tocuyo en su fachada, para quedarse solo con uno, como el resto de los establecimientos del casco hist\u00f3rico. Dicho y hecho. Aclarada la cosa y conseguido el consenso con la ayuda del alcalde, el propio equipo que lidera <strong>Manuel Garc\u00eda\u00a0<\/strong>se ocup\u00f3 el viernes de retirar el cartel que estaba sobre el dintel de la puerta y, de rebote, que quedara \u201csalvado\u201d para siempre el emblem\u00e1tico de azulejos y cer\u00e1mica. Creo que, por consenso, todos nos merecemos unos berberechos brindando con una cervecita o con una copa de \u201cvino con vino\u201d, las cascaras de los manises al suelo y que el cartel del Tocuyo siga en la pared por siempre.<\/p>\n<p style=\"text-align: center\"><a href=\"https:\/\/elcotarro.com\/wp-content\/uploads\/2019\/05\/FOTO-5.-FANS-TOCUYO.jpg\"><img loading=\"lazy\" decoding=\"async\" class=\"aligncenter size-full wp-image-6839\" src=\"https:\/\/elcotarro.com\/wp-content\/uploads\/2019\/05\/FOTO-5.-FANS-TOCUYO.jpg\" alt=\"FOTO 5.- FANS TOCUYO\" width=\"1600\" height=\"1200\" srcset=\"https:\/\/elcotarro.com\/wp-content\/uploads\/2019\/05\/FOTO-5.-FANS-TOCUYO.jpg 1600w, https:\/\/elcotarro.com\/wp-content\/uploads\/2019\/05\/FOTO-5.-FANS-TOCUYO-300x225.jpg 300w, https:\/\/elcotarro.com\/wp-content\/uploads\/2019\/05\/FOTO-5.-FANS-TOCUYO-1024x768.jpg 1024w\" sizes=\"auto, (max-width: 1600px) 100vw, 1600px\" \/><\/a><\/p>\n<p style=\"text-align: center\"><em>Clientes y fans del Tocuyo, contentos con la salvaci\u00f3n del cartel-mural de casi 40 a\u00f1os<\/em><\/p>\n","protected":false},"excerpt":{"rendered":"<p>De su di\u00e1logo con todas las partes, pudo verse la problem\u00e1tica desde otro punto y entenderse con otro criterio, todo ello bajo la rigurosa profesionalidad de los funcionarios t\u00e9cnicos de la Gerencia de Urbanismo y, por supuesto, desde la m\u00e1s estricta legalidad. La cosa es que, m\u00e1s que retirar \u201cel\u201d cartel, parece que lo que &#8230; <a class=\"read-more\" href=\"https:\/\/elcotarro.com\/?p=6838\">Read more<\/a><\/p>\n","protected":false},"author":2,"featured_media":0,"comment_status":"open","ping_status":"open","sticky":false,"template":"","format":"standard","meta":{"_jetpack_memberships_contains_paid_content":false,"footnotes":""},"categories":[1],"tags":[],"class_list":["post-6838","post","type-post","status-publish","format-standard","hentry","category-sin-categoria"],"yoast_head":"<!-- This site is optimized with the Yoast SEO plugin v27.0 - https:\/\/yoast.com\/product\/yoast-seo-wordpress\/ -->\n<title>JOS\u00c9 ALBERTO DE NUEVO EN EL CONSENSO - El Cotarro<\/title>\n<meta name=\"robots\" content=\"index, follow, max-snippet:-1, max-image-preview:large, max-video-preview:-1\" \/>\n<link rel=\"canonical\" href=\"https:\/\/elcotarro.com\/?p=6838\" \/>\n<meta property=\"og:locale\" content=\"es_ES\" \/>\n<meta property=\"og:type\" content=\"article\" \/>\n<meta property=\"og:title\" content=\"JOS\u00c9 ALBERTO DE NUEVO EN EL CONSENSO - El Cotarro\" \/>\n<meta property=\"og:description\" content=\"De su di\u00e1logo con todas las partes, pudo verse la problem\u00e1tica desde otro punto y entenderse con otro criterio, todo ello bajo la rigurosa profesionalidad de los funcionarios t\u00e9cnicos de la Gerencia de Urbanismo y, por supuesto, desde la m\u00e1s estricta legalidad. La cosa es que, m\u00e1s que retirar \u201cel\u201d cartel, parece que lo que ... Read more\" \/>\n<meta property=\"og:url\" content=\"https:\/\/elcotarro.com\/?p=6838\" \/>\n<meta property=\"og:site_name\" content=\"El Cotarro\" \/>\n<meta property=\"article:publisher\" content=\"https:\/\/www.facebook.com\/ElCotarro.Tenerife\" \/>\n<meta property=\"article:published_time\" content=\"2019-05-12T10:01:52+00:00\" \/>\n<meta property=\"og:image\" content=\"https:\/\/elcotarro.com\/wp-content\/uploads\/2019\/05\/FOTO-5.-FANS-TOCUYO.jpg\" \/>\n<meta name=\"author\" content=\"Jos\u00e9 Carlos Marrero Gonz\u00e1lez\" \/>\n<meta name=\"twitter:label1\" content=\"Escrito por\" \/>\n\t<meta name=\"twitter:data1\" content=\"Jos\u00e9 Carlos Marrero Gonz\u00e1lez\" \/>\n\t<meta name=\"twitter:label2\" content=\"Tiempo de lectura\" \/>\n\t<meta name=\"twitter:data2\" content=\"1 minuto\" \/>\n<script type=\"application\/ld+json\" class=\"yoast-schema-graph\">{\"@context\":\"https:\/\/schema.org\",\"@graph\":[{\"@type\":\"Article\",\"@id\":\"https:\/\/elcotarro.com\/?p=6838#article\",\"isPartOf\":{\"@id\":\"https:\/\/elcotarro.com\/?p=6838\"},\"author\":{\"name\":\"Jos\u00e9 Carlos Marrero Gonz\u00e1lez\",\"@id\":\"https:\/\/elcotarro.com\/#\/schema\/person\/af537ee7d60d15984c7e0affcd8a918b\"},\"headline\":\"JOS\u00c9 ALBERTO DE NUEVO EN EL CONSENSO\",\"datePublished\":\"2019-05-12T10:01:52+00:00\",\"mainEntityOfPage\":{\"@id\":\"https:\/\/elcotarro.com\/?p=6838\"},\"wordCount\":210,\"commentCount\":0,\"publisher\":{\"@id\":\"https:\/\/elcotarro.com\/#organization\"},\"image\":{\"@id\":\"https:\/\/elcotarro.com\/?p=6838#primaryimage\"},\"thumbnailUrl\":\"https:\/\/elcotarro.com\/wp-content\/uploads\/2019\/05\/FOTO-5.-FANS-TOCUYO.jpg\",\"inLanguage\":\"es\",\"potentialAction\":[{\"@type\":\"CommentAction\",\"name\":\"Comment\",\"target\":[\"https:\/\/elcotarro.com\/?p=6838#respond\"]}]},{\"@type\":\"WebPage\",\"@id\":\"https:\/\/elcotarro.com\/?p=6838\",\"url\":\"https:\/\/elcotarro.com\/?p=6838\",\"name\":\"JOS\u00c9 ALBERTO DE NUEVO EN EL CONSENSO - El Cotarro\",\"isPartOf\":{\"@id\":\"https:\/\/elcotarro.com\/#website\"},\"primaryImageOfPage\":{\"@id\":\"https:\/\/elcotarro.com\/?p=6838#primaryimage\"},\"image\":{\"@id\":\"https:\/\/elcotarro.com\/?p=6838#primaryimage\"},\"thumbnailUrl\":\"https:\/\/elcotarro.com\/wp-content\/uploads\/2019\/05\/FOTO-5.-FANS-TOCUYO.jpg\",\"datePublished\":\"2019-05-12T10:01:52+00:00\",\"breadcrumb\":{\"@id\":\"https:\/\/elcotarro.com\/?p=6838#breadcrumb\"},\"inLanguage\":\"es\",\"potentialAction\":[{\"@type\":\"ReadAction\",\"target\":[\"https:\/\/elcotarro.com\/?p=6838\"]}]},{\"@type\":\"ImageObject\",\"inLanguage\":\"es\",\"@id\":\"https:\/\/elcotarro.com\/?p=6838#primaryimage\",\"url\":\"https:\/\/elcotarro.com\/wp-content\/uploads\/2019\/05\/FOTO-5.-FANS-TOCUYO.jpg\",\"contentUrl\":\"https:\/\/elcotarro.com\/wp-content\/uploads\/2019\/05\/FOTO-5.-FANS-TOCUYO.jpg\",\"width\":1600,\"height\":1200},{\"@type\":\"BreadcrumbList\",\"@id\":\"https:\/\/elcotarro.com\/?p=6838#breadcrumb\",\"itemListElement\":[{\"@type\":\"ListItem\",\"position\":1,\"name\":\"Portada\",\"item\":\"https:\/\/elcotarro.com\/\"},{\"@type\":\"ListItem\",\"position\":2,\"name\":\"JOS\u00c9 ALBERTO DE NUEVO EN EL CONSENSO\"}]},{\"@type\":\"WebSite\",\"@id\":\"https:\/\/elcotarro.com\/#website\",\"url\":\"https:\/\/elcotarro.com\/\",\"name\":\"El Cotarro\",\"description\":\"Peri\u00f3dico Digital Independiente dirigido por Jos\u00e9 Carlos Marrero\",\"publisher\":{\"@id\":\"https:\/\/elcotarro.com\/#organization\"},\"potentialAction\":[{\"@type\":\"SearchAction\",\"target\":{\"@type\":\"EntryPoint\",\"urlTemplate\":\"https:\/\/elcotarro.com\/?s={search_term_string}\"},\"query-input\":{\"@type\":\"PropertyValueSpecification\",\"valueRequired\":true,\"valueName\":\"search_term_string\"}}],\"inLanguage\":\"es\"},{\"@type\":\"Organization\",\"@id\":\"https:\/\/elcotarro.com\/#organization\",\"name\":\"El Cotarro\",\"url\":\"https:\/\/elcotarro.com\/\",\"logo\":{\"@type\":\"ImageObject\",\"inLanguage\":\"es\",\"@id\":\"https:\/\/elcotarro.com\/#\/schema\/logo\/image\/\",\"url\":\"https:\/\/elcotarro.com\/wp-content\/uploads\/2014\/09\/Cabecera_El_Cotarro_v2.jpg\",\"contentUrl\":\"https:\/\/elcotarro.com\/wp-content\/uploads\/2014\/09\/Cabecera_El_Cotarro_v2.jpg\",\"width\":3540,\"height\":441,\"caption\":\"El Cotarro\"},\"image\":{\"@id\":\"https:\/\/elcotarro.com\/#\/schema\/logo\/image\/\"},\"sameAs\":[\"https:\/\/www.facebook.com\/ElCotarro.Tenerife\"]},{\"@type\":\"Person\",\"@id\":\"https:\/\/elcotarro.com\/#\/schema\/person\/af537ee7d60d15984c7e0affcd8a918b\",\"name\":\"Jos\u00e9 Carlos Marrero Gonz\u00e1lez\",\"image\":{\"@type\":\"ImageObject\",\"inLanguage\":\"es\",\"@id\":\"https:\/\/elcotarro.com\/#\/schema\/person\/image\/\",\"url\":\"https:\/\/secure.gravatar.com\/avatar\/def4da036efb5d32c74d49c351f6dccc064dd69ad9f3aadc295c5a9a5391ca01?s=96&d=mm&r=g\",\"contentUrl\":\"https:\/\/secure.gravatar.com\/avatar\/def4da036efb5d32c74d49c351f6dccc064dd69ad9f3aadc295c5a9a5391ca01?s=96&d=mm&r=g\",\"caption\":\"Jos\u00e9 Carlos Marrero Gonz\u00e1lez\"},\"sameAs\":[\"https:\/\/elcotarro.com\"],\"url\":\"https:\/\/elcotarro.com\/?author=2\"}]}<\/script>\n<!-- \/ Yoast SEO plugin. -->","yoast_head_json":{"title":"JOS\u00c9 ALBERTO DE NUEVO EN EL CONSENSO - El Cotarro","robots":{"index":"index","follow":"follow","max-snippet":"max-snippet:-1","max-image-preview":"max-image-preview:large","max-video-preview":"max-video-preview:-1"},"canonical":"https:\/\/elcotarro.com\/?p=6838","og_locale":"es_ES","og_type":"article","og_title":"JOS\u00c9 ALBERTO DE NUEVO EN EL CONSENSO - El Cotarro","og_description":"De su di\u00e1logo con todas las partes, pudo verse la problem\u00e1tica desde otro punto y entenderse con otro criterio, todo ello bajo la rigurosa profesionalidad de los funcionarios t\u00e9cnicos de la Gerencia de Urbanismo y, por supuesto, desde la m\u00e1s estricta legalidad. La cosa es que, m\u00e1s que retirar \u201cel\u201d cartel, parece que lo que ... Read more","og_url":"https:\/\/elcotarro.com\/?p=6838","og_site_name":"El Cotarro","article_publisher":"https:\/\/www.facebook.com\/ElCotarro.Tenerife","article_published_time":"2019-05-12T10:01:52+00:00","og_image":[{"url":"https:\/\/elcotarro.com\/wp-content\/uploads\/2019\/05\/FOTO-5.-FANS-TOCUYO.jpg","type":"","width":"","height":""}],"author":"Jos\u00e9 Carlos Marrero Gonz\u00e1lez","twitter_misc":{"Escrito por":"Jos\u00e9 Carlos Marrero Gonz\u00e1lez","Tiempo de lectura":"1 minuto"},"schema":{"@context":"https:\/\/schema.org","@graph":[{"@type":"Article","@id":"https:\/\/elcotarro.com\/?p=6838#article","isPartOf":{"@id":"https:\/\/elcotarro.com\/?p=6838"},"author":{"name":"Jos\u00e9 Carlos Marrero Gonz\u00e1lez","@id":"https:\/\/elcotarro.com\/#\/schema\/person\/af537ee7d60d15984c7e0affcd8a918b"},"headline":"JOS\u00c9 ALBERTO DE NUEVO EN EL CONSENSO","datePublished":"2019-05-12T10:01:52+00:00","mainEntityOfPage":{"@id":"https:\/\/elcotarro.com\/?p=6838"},"wordCount":210,"commentCount":0,"publisher":{"@id":"https:\/\/elcotarro.com\/#organization"},"image":{"@id":"https:\/\/elcotarro.com\/?p=6838#primaryimage"},"thumbnailUrl":"https:\/\/elcotarro.com\/wp-content\/uploads\/2019\/05\/FOTO-5.-FANS-TOCUYO.jpg","inLanguage":"es","potentialAction":[{"@type":"CommentAction","name":"Comment","target":["https:\/\/elcotarro.com\/?p=6838#respond"]}]},{"@type":"WebPage","@id":"https:\/\/elcotarro.com\/?p=6838","url":"https:\/\/elcotarro.com\/?p=6838","name":"JOS\u00c9 ALBERTO DE NUEVO EN EL CONSENSO - El Cotarro","isPartOf":{"@id":"https:\/\/elcotarro.com\/#website"},"primaryImageOfPage":{"@id":"https:\/\/elcotarro.com\/?p=6838#primaryimage"},"image":{"@id":"https:\/\/elcotarro.com\/?p=6838#primaryimage"},"thumbnailUrl":"https:\/\/elcotarro.com\/wp-content\/uploads\/2019\/05\/FOTO-5.-FANS-TOCUYO.jpg","datePublished":"2019-05-12T10:01:52+00:00","breadcrumb":{"@id":"https:\/\/elcotarro.com\/?p=6838#breadcrumb"},"inLanguage":"es","potentialAction":[{"@type":"ReadAction","target":["https:\/\/elcotarro.com\/?p=6838"]}]},{"@type":"ImageObject","inLanguage":"es","@id":"https:\/\/elcotarro.com\/?p=6838#primaryimage","url":"https:\/\/elcotarro.com\/wp-content\/uploads\/2019\/05\/FOTO-5.-FANS-TOCUYO.jpg","contentUrl":"https:\/\/elcotarro.com\/wp-content\/uploads\/2019\/05\/FOTO-5.-FANS-TOCUYO.jpg","width":1600,"height":1200},{"@type":"BreadcrumbList","@id":"https:\/\/elcotarro.com\/?p=6838#breadcrumb","itemListElement":[{"@type":"ListItem","position":1,"name":"Portada","item":"https:\/\/elcotarro.com\/"},{"@type":"ListItem","position":2,"name":"JOS\u00c9 ALBERTO DE NUEVO EN EL CONSENSO"}]},{"@type":"WebSite","@id":"https:\/\/elcotarro.com\/#website","url":"https:\/\/elcotarro.com\/","name":"El Cotarro","description":"Peri\u00f3dico Digital Independiente dirigido por Jos\u00e9 Carlos Marrero","publisher":{"@id":"https:\/\/elcotarro.com\/#organization"},"potentialAction":[{"@type":"SearchAction","target":{"@type":"EntryPoint","urlTemplate":"https:\/\/elcotarro.com\/?s={search_term_string}"},"query-input":{"@type":"PropertyValueSpecification","valueRequired":true,"valueName":"search_term_string"}}],"inLanguage":"es"},{"@type":"Organization","@id":"https:\/\/elcotarro.com\/#organization","name":"El Cotarro","url":"https:\/\/elcotarro.com\/","logo":{"@type":"ImageObject","inLanguage":"es","@id":"https:\/\/elcotarro.com\/#\/schema\/logo\/image\/","url":"https:\/\/elcotarro.com\/wp-content\/uploads\/2014\/09\/Cabecera_El_Cotarro_v2.jpg","contentUrl":"https:\/\/elcotarro.com\/wp-content\/uploads\/2014\/09\/Cabecera_El_Cotarro_v2.jpg","width":3540,"height":441,"caption":"El Cotarro"},"image":{"@id":"https:\/\/elcotarro.com\/#\/schema\/logo\/image\/"},"sameAs":["https:\/\/www.facebook.com\/ElCotarro.Tenerife"]},{"@type":"Person","@id":"https:\/\/elcotarro.com\/#\/schema\/person\/af537ee7d60d15984c7e0affcd8a918b","name":"Jos\u00e9 Carlos Marrero Gonz\u00e1lez","image":{"@type":"ImageObject","inLanguage":"es","@id":"https:\/\/elcotarro.com\/#\/schema\/person\/image\/","url":"https:\/\/secure.gravatar.com\/avatar\/def4da036efb5d32c74d49c351f6dccc064dd69ad9f3aadc295c5a9a5391ca01?s=96&d=mm&r=g","contentUrl":"https:\/\/secure.gravatar.com\/avatar\/def4da036efb5d32c74d49c351f6dccc064dd69ad9f3aadc295c5a9a5391ca01?s=96&d=mm&r=g","caption":"Jos\u00e9 Carlos Marrero Gonz\u00e1lez"},"sameAs":["https:\/\/elcotarro.com"],"url":"https:\/\/elcotarro.com\/?author=2"}]}},"jetpack_featured_media_url":"","jetpack_sharing_enabled":true,"_links":{"self":[{"href":"https:\/\/elcotarro.com\/index.php?rest_route=\/wp\/v2\/posts\/6838","targetHints":{"allow":["GET"]}}],"collection":[{"href":"https:\/\/elcotarro.com\/index.php?rest_route=\/wp\/v2\/posts"}],"about":[{"href":"https:\/\/elcotarro.com\/index.php?rest_route=\/wp\/v2\/types\/post"}],"author":[{"embeddable":true,"href":"https:\/\/elcotarro.com\/index.php?rest_route=\/wp\/v2\/users\/2"}],"replies":[{"embeddable":true,"href":"https:\/\/elcotarro.com\/index.php?rest_route=%2Fwp%2Fv2%2Fcomments&post=6838"}],"version-history":[{"count":1,"href":"https:\/\/elcotarro.com\/index.php?rest_route=\/wp\/v2\/posts\/6838\/revisions"}],"predecessor-version":[{"id":6840,"href":"https:\/\/elcotarro.com\/index.php?rest_route=\/wp\/v2\/posts\/6838\/revisions\/6840"}],"wp:attachment":[{"href":"https:\/\/elcotarro.com\/index.php?rest_route=%2Fwp%2Fv2%2Fmedia&parent=6838"}],"wp:term":[{"taxonomy":"category","embeddable":true,"href":"https:\/\/elcotarro.com\/index.php?rest_route=%2Fwp%2Fv2%2Fcategories&post=6838"},{"taxonomy":"post_tag","embeddable":true,"href":"https:\/\/elcotarro.com\/index.php?rest_route=%2Fwp%2Fv2%2Ftags&post=6838"}],"curies":[{"name":"wp","href":"https:\/\/api.w.org\/{rel}","templated":true}]}}