{"id":688,"date":"2015-01-18T12:03:03","date_gmt":"2015-01-18T12:03:03","guid":{"rendered":"https:\/\/elcotarro.com\/?p=688"},"modified":"2015-01-17T22:07:48","modified_gmt":"2015-01-17T22:07:48","slug":"la-reflexion-final-del-cura-roque","status":"publish","type":"post","link":"https:\/\/elcotarro.com\/?p=688","title":{"rendered":"LA REFLEXI\u00d3N FINAL DEL CURA ROQUE"},"content":{"rendered":"<p>\u2666\u00a0Para terminar, el capell\u00e1n del H.U.C. no se corta y dice: <em>\u00abs\u00e9 que son los pol\u00edticos, fundamentalmente, los que tienen que resolver este problema, pero ellos bien sentados en sus poltronas, buscar\u00e1n y pondr\u00e1n como malos de la pel\u00edcula, a aquellos que hacen lo posible e imposible, para que esto salga adelante\u2026 Tengan verg\u00fcenza, se\u00f1ores pol\u00edticos, dejen de enga\u00f1arnos y de prometer lo que no van a hacer o no saben hacer. Y si no, m\u00e1ndense a mudar, no se les ocurra, venir a prometernos lo que nunca har\u00e1n\u00bb<\/em>\u2026 y <strong>Roque Rodr\u00edguez<\/strong> remata su reflexi\u00f3n diciendo: <em>\u00abY a los compa\u00f1eros de trabajo en sus distintas responsabilidades, \u00e1nimo y a seguir, porque al final lo que vale es la satisfacci\u00f3n de haber hecho las cosas lo mejor posible. Y estoy seguro, y lo afirmo, que a pesar de los pesares, por encima de todo, los distintos trabajadores, est\u00e1n dando lo mejor de s\u00ed, e incluso m\u00e1s, para que las cosas salgan adelante, y darle a los enfermos y familiares, lo que vienen a buscar al H.U.C., que es su salud y el bienestar de ellos\u2026 Por supuesto, a todos, paciencia, el gran ingrediente, para evitar estar en situaciones tensas que no conduce a nada bueno para nadie\u2026 Y como capell\u00e1n y creyente, que Dios y la Virgen les bendigan a todos<\/em>\u201d\u2026 \u00a1Ol\u00e9 tus oraciones, amigo <strong>Roque<\/strong>, que Dios te bendiga!<\/p>\n","protected":false},"excerpt":{"rendered":"<p>\u2666\u00a0Para terminar, el capell\u00e1n del H.U.C. no se corta y dice: \u00abs\u00e9 que son los pol\u00edticos, fundamentalmente, los que tienen que resolver este problema, pero ellos bien sentados en sus poltronas, buscar\u00e1n y pondr\u00e1n como malos de la pel\u00edcula, a aquellos que hacen lo posible e imposible, para que esto salga adelante\u2026 Tengan verg\u00fcenza, se\u00f1ores &#8230; <a class=\"read-more\" href=\"https:\/\/elcotarro.com\/?p=688\">Read more<\/a><\/p>\n","protected":false},"author":2,"featured_media":0,"comment_status":"open","ping_status":"open","sticky":false,"template":"","format":"standard","meta":{"_jetpack_memberships_contains_paid_content":false,"footnotes":""},"categories":[314,54,38],"tags":[336],"class_list":["post-688","post","type-post","status-publish","format-standard","hentry","category-denuncias","category-personajes","category-sanidad","tag-roque-rodriguez"],"yoast_head":"<!-- This site is optimized with the Yoast SEO plugin v27.0 - https:\/\/yoast.com\/product\/yoast-seo-wordpress\/ -->\n<title>LA REFLEXI\u00d3N FINAL DEL CURA ROQUE - El Cotarrro<\/title>\n<meta name=\"description\" content=\"Para terminar, el capell\u00e1n del H.U.C. no se corta y dice: &quot;s\u00e9 que son los pol\u00edticos, fundamentalmente, los que tienen que resolver este problema, pero ell\" \/>\n<meta name=\"robots\" content=\"index, follow, max-snippet:-1, max-image-preview:large, max-video-preview:-1\" \/>\n<link rel=\"canonical\" href=\"https:\/\/elcotarro.com\/?p=688\" \/>\n<meta property=\"og:locale\" content=\"es_ES\" \/>\n<meta property=\"og:type\" content=\"article\" \/>\n<meta property=\"og:title\" content=\"LA REFLEXI\u00d3N FINAL DEL CURA ROQUE - El Cotarrro\" \/>\n<meta property=\"og:description\" content=\"Para terminar, el capell\u00e1n del H.U.C. no se corta y dice: &quot;s\u00e9 que son los pol\u00edticos, fundamentalmente, los que tienen que resolver este problema, pero ell\" \/>\n<meta property=\"og:url\" content=\"https:\/\/elcotarro.com\/?p=688\" \/>\n<meta property=\"og:site_name\" content=\"El Cotarro\" \/>\n<meta property=\"article:publisher\" content=\"https:\/\/www.facebook.com\/ElCotarro.Tenerife\" \/>\n<meta property=\"article:published_time\" content=\"2015-01-18T12:03:03+00:00\" \/>\n<meta name=\"author\" content=\"Jos\u00e9 Carlos Marrero Gonz\u00e1lez\" \/>\n<meta name=\"twitter:label1\" content=\"Escrito por\" \/>\n\t<meta name=\"twitter:data1\" content=\"Jos\u00e9 Carlos Marrero Gonz\u00e1lez\" \/>\n\t<meta name=\"twitter:label2\" content=\"Tiempo de lectura\" \/>\n\t<meta name=\"twitter:data2\" content=\"1 minuto\" \/>\n<script type=\"application\/ld+json\" class=\"yoast-schema-graph\">{\"@context\":\"https:\/\/schema.org\",\"@graph\":[{\"@type\":\"Article\",\"@id\":\"https:\/\/elcotarro.com\/?p=688#article\",\"isPartOf\":{\"@id\":\"https:\/\/elcotarro.com\/?p=688\"},\"author\":{\"name\":\"Jos\u00e9 Carlos Marrero Gonz\u00e1lez\",\"@id\":\"https:\/\/elcotarro.com\/#\/schema\/person\/af537ee7d60d15984c7e0affcd8a918b\"},\"headline\":\"LA REFLEXI\u00d3N FINAL DEL CURA ROQUE\",\"datePublished\":\"2015-01-18T12:03:03+00:00\",\"mainEntityOfPage\":{\"@id\":\"https:\/\/elcotarro.com\/?p=688\"},\"wordCount\":258,\"commentCount\":0,\"publisher\":{\"@id\":\"https:\/\/elcotarro.com\/#organization\"},\"keywords\":[\"Roque Rodr\u00edguez\"],\"articleSection\":[\"Denuncias\",\"Personajes\",\"Sanidad\"],\"inLanguage\":\"es\",\"potentialAction\":[{\"@type\":\"CommentAction\",\"name\":\"Comment\",\"target\":[\"https:\/\/elcotarro.com\/?p=688#respond\"]}]},{\"@type\":\"WebPage\",\"@id\":\"https:\/\/elcotarro.com\/?p=688\",\"url\":\"https:\/\/elcotarro.com\/?p=688\",\"name\":\"LA REFLEXI\u00d3N FINAL DEL CURA ROQUE - El Cotarrro\",\"isPartOf\":{\"@id\":\"https:\/\/elcotarro.com\/#website\"},\"datePublished\":\"2015-01-18T12:03:03+00:00\",\"description\":\"Para terminar, el capell\u00e1n del H.U.C. no se corta y dice: \\\"s\u00e9 que son los pol\u00edticos, fundamentalmente, los que tienen que resolver este problema, pero ell\",\"breadcrumb\":{\"@id\":\"https:\/\/elcotarro.com\/?p=688#breadcrumb\"},\"inLanguage\":\"es\",\"potentialAction\":[{\"@type\":\"ReadAction\",\"target\":[\"https:\/\/elcotarro.com\/?p=688\"]}]},{\"@type\":\"BreadcrumbList\",\"@id\":\"https:\/\/elcotarro.com\/?p=688#breadcrumb\",\"itemListElement\":[{\"@type\":\"ListItem\",\"position\":1,\"name\":\"Portada\",\"item\":\"https:\/\/elcotarro.com\/\"},{\"@type\":\"ListItem\",\"position\":2,\"name\":\"LA REFLEXI\u00d3N FINAL DEL CURA ROQUE\"}]},{\"@type\":\"WebSite\",\"@id\":\"https:\/\/elcotarro.com\/#website\",\"url\":\"https:\/\/elcotarro.com\/\",\"name\":\"El Cotarro\",\"description\":\"Peri\u00f3dico Digital Independiente dirigido por Jos\u00e9 Carlos Marrero\",\"publisher\":{\"@id\":\"https:\/\/elcotarro.com\/#organization\"},\"potentialAction\":[{\"@type\":\"SearchAction\",\"target\":{\"@type\":\"EntryPoint\",\"urlTemplate\":\"https:\/\/elcotarro.com\/?s={search_term_string}\"},\"query-input\":{\"@type\":\"PropertyValueSpecification\",\"valueRequired\":true,\"valueName\":\"search_term_string\"}}],\"inLanguage\":\"es\"},{\"@type\":\"Organization\",\"@id\":\"https:\/\/elcotarro.com\/#organization\",\"name\":\"El Cotarro\",\"url\":\"https:\/\/elcotarro.com\/\",\"logo\":{\"@type\":\"ImageObject\",\"inLanguage\":\"es\",\"@id\":\"https:\/\/elcotarro.com\/#\/schema\/logo\/image\/\",\"url\":\"https:\/\/elcotarro.com\/wp-content\/uploads\/2014\/09\/Cabecera_El_Cotarro_v2.jpg\",\"contentUrl\":\"https:\/\/elcotarro.com\/wp-content\/uploads\/2014\/09\/Cabecera_El_Cotarro_v2.jpg\",\"width\":3540,\"height\":441,\"caption\":\"El Cotarro\"},\"image\":{\"@id\":\"https:\/\/elcotarro.com\/#\/schema\/logo\/image\/\"},\"sameAs\":[\"https:\/\/www.facebook.com\/ElCotarro.Tenerife\"]},{\"@type\":\"Person\",\"@id\":\"https:\/\/elcotarro.com\/#\/schema\/person\/af537ee7d60d15984c7e0affcd8a918b\",\"name\":\"Jos\u00e9 Carlos Marrero Gonz\u00e1lez\",\"image\":{\"@type\":\"ImageObject\",\"inLanguage\":\"es\",\"@id\":\"https:\/\/elcotarro.com\/#\/schema\/person\/image\/\",\"url\":\"https:\/\/secure.gravatar.com\/avatar\/def4da036efb5d32c74d49c351f6dccc064dd69ad9f3aadc295c5a9a5391ca01?s=96&d=mm&r=g\",\"contentUrl\":\"https:\/\/secure.gravatar.com\/avatar\/def4da036efb5d32c74d49c351f6dccc064dd69ad9f3aadc295c5a9a5391ca01?s=96&d=mm&r=g\",\"caption\":\"Jos\u00e9 Carlos Marrero Gonz\u00e1lez\"},\"sameAs\":[\"https:\/\/elcotarro.com\"],\"url\":\"https:\/\/elcotarro.com\/?author=2\"}]}<\/script>\n<!-- \/ Yoast SEO plugin. -->","yoast_head_json":{"title":"LA REFLEXI\u00d3N FINAL DEL CURA ROQUE - El Cotarrro","description":"Para terminar, el capell\u00e1n del H.U.C. no se corta y dice: \"s\u00e9 que son los pol\u00edticos, fundamentalmente, los que tienen que resolver este problema, pero ell","robots":{"index":"index","follow":"follow","max-snippet":"max-snippet:-1","max-image-preview":"max-image-preview:large","max-video-preview":"max-video-preview:-1"},"canonical":"https:\/\/elcotarro.com\/?p=688","og_locale":"es_ES","og_type":"article","og_title":"LA REFLEXI\u00d3N FINAL DEL CURA ROQUE - El Cotarrro","og_description":"Para terminar, el capell\u00e1n del H.U.C. no se corta y dice: \"s\u00e9 que son los pol\u00edticos, fundamentalmente, los que tienen que resolver este problema, pero ell","og_url":"https:\/\/elcotarro.com\/?p=688","og_site_name":"El Cotarro","article_publisher":"https:\/\/www.facebook.com\/ElCotarro.Tenerife","article_published_time":"2015-01-18T12:03:03+00:00","author":"Jos\u00e9 Carlos Marrero Gonz\u00e1lez","twitter_misc":{"Escrito por":"Jos\u00e9 Carlos Marrero Gonz\u00e1lez","Tiempo de lectura":"1 minuto"},"schema":{"@context":"https:\/\/schema.org","@graph":[{"@type":"Article","@id":"https:\/\/elcotarro.com\/?p=688#article","isPartOf":{"@id":"https:\/\/elcotarro.com\/?p=688"},"author":{"name":"Jos\u00e9 Carlos Marrero Gonz\u00e1lez","@id":"https:\/\/elcotarro.com\/#\/schema\/person\/af537ee7d60d15984c7e0affcd8a918b"},"headline":"LA REFLEXI\u00d3N FINAL DEL CURA ROQUE","datePublished":"2015-01-18T12:03:03+00:00","mainEntityOfPage":{"@id":"https:\/\/elcotarro.com\/?p=688"},"wordCount":258,"commentCount":0,"publisher":{"@id":"https:\/\/elcotarro.com\/#organization"},"keywords":["Roque Rodr\u00edguez"],"articleSection":["Denuncias","Personajes","Sanidad"],"inLanguage":"es","potentialAction":[{"@type":"CommentAction","name":"Comment","target":["https:\/\/elcotarro.com\/?p=688#respond"]}]},{"@type":"WebPage","@id":"https:\/\/elcotarro.com\/?p=688","url":"https:\/\/elcotarro.com\/?p=688","name":"LA REFLEXI\u00d3N FINAL DEL CURA ROQUE - El Cotarrro","isPartOf":{"@id":"https:\/\/elcotarro.com\/#website"},"datePublished":"2015-01-18T12:03:03+00:00","description":"Para terminar, el capell\u00e1n del H.U.C. no se corta y dice: \"s\u00e9 que son los pol\u00edticos, fundamentalmente, los que tienen que resolver este problema, pero ell","breadcrumb":{"@id":"https:\/\/elcotarro.com\/?p=688#breadcrumb"},"inLanguage":"es","potentialAction":[{"@type":"ReadAction","target":["https:\/\/elcotarro.com\/?p=688"]}]},{"@type":"BreadcrumbList","@id":"https:\/\/elcotarro.com\/?p=688#breadcrumb","itemListElement":[{"@type":"ListItem","position":1,"name":"Portada","item":"https:\/\/elcotarro.com\/"},{"@type":"ListItem","position":2,"name":"LA REFLEXI\u00d3N FINAL DEL CURA ROQUE"}]},{"@type":"WebSite","@id":"https:\/\/elcotarro.com\/#website","url":"https:\/\/elcotarro.com\/","name":"El Cotarro","description":"Peri\u00f3dico Digital Independiente dirigido por Jos\u00e9 Carlos Marrero","publisher":{"@id":"https:\/\/elcotarro.com\/#organization"},"potentialAction":[{"@type":"SearchAction","target":{"@type":"EntryPoint","urlTemplate":"https:\/\/elcotarro.com\/?s={search_term_string}"},"query-input":{"@type":"PropertyValueSpecification","valueRequired":true,"valueName":"search_term_string"}}],"inLanguage":"es"},{"@type":"Organization","@id":"https:\/\/elcotarro.com\/#organization","name":"El Cotarro","url":"https:\/\/elcotarro.com\/","logo":{"@type":"ImageObject","inLanguage":"es","@id":"https:\/\/elcotarro.com\/#\/schema\/logo\/image\/","url":"https:\/\/elcotarro.com\/wp-content\/uploads\/2014\/09\/Cabecera_El_Cotarro_v2.jpg","contentUrl":"https:\/\/elcotarro.com\/wp-content\/uploads\/2014\/09\/Cabecera_El_Cotarro_v2.jpg","width":3540,"height":441,"caption":"El Cotarro"},"image":{"@id":"https:\/\/elcotarro.com\/#\/schema\/logo\/image\/"},"sameAs":["https:\/\/www.facebook.com\/ElCotarro.Tenerife"]},{"@type":"Person","@id":"https:\/\/elcotarro.com\/#\/schema\/person\/af537ee7d60d15984c7e0affcd8a918b","name":"Jos\u00e9 Carlos Marrero Gonz\u00e1lez","image":{"@type":"ImageObject","inLanguage":"es","@id":"https:\/\/elcotarro.com\/#\/schema\/person\/image\/","url":"https:\/\/secure.gravatar.com\/avatar\/def4da036efb5d32c74d49c351f6dccc064dd69ad9f3aadc295c5a9a5391ca01?s=96&d=mm&r=g","contentUrl":"https:\/\/secure.gravatar.com\/avatar\/def4da036efb5d32c74d49c351f6dccc064dd69ad9f3aadc295c5a9a5391ca01?s=96&d=mm&r=g","caption":"Jos\u00e9 Carlos Marrero Gonz\u00e1lez"},"sameAs":["https:\/\/elcotarro.com"],"url":"https:\/\/elcotarro.com\/?author=2"}]}},"jetpack_featured_media_url":"","jetpack_sharing_enabled":true,"_links":{"self":[{"href":"https:\/\/elcotarro.com\/index.php?rest_route=\/wp\/v2\/posts\/688","targetHints":{"allow":["GET"]}}],"collection":[{"href":"https:\/\/elcotarro.com\/index.php?rest_route=\/wp\/v2\/posts"}],"about":[{"href":"https:\/\/elcotarro.com\/index.php?rest_route=\/wp\/v2\/types\/post"}],"author":[{"embeddable":true,"href":"https:\/\/elcotarro.com\/index.php?rest_route=\/wp\/v2\/users\/2"}],"replies":[{"embeddable":true,"href":"https:\/\/elcotarro.com\/index.php?rest_route=%2Fwp%2Fv2%2Fcomments&post=688"}],"version-history":[{"count":1,"href":"https:\/\/elcotarro.com\/index.php?rest_route=\/wp\/v2\/posts\/688\/revisions"}],"predecessor-version":[{"id":689,"href":"https:\/\/elcotarro.com\/index.php?rest_route=\/wp\/v2\/posts\/688\/revisions\/689"}],"wp:attachment":[{"href":"https:\/\/elcotarro.com\/index.php?rest_route=%2Fwp%2Fv2%2Fmedia&parent=688"}],"wp:term":[{"taxonomy":"category","embeddable":true,"href":"https:\/\/elcotarro.com\/index.php?rest_route=%2Fwp%2Fv2%2Fcategories&post=688"},{"taxonomy":"post_tag","embeddable":true,"href":"https:\/\/elcotarro.com\/index.php?rest_route=%2Fwp%2Fv2%2Ftags&post=688"}],"curies":[{"name":"wp","href":"https:\/\/api.w.org\/{rel}","templated":true}]}}