{"id":6883,"date":"2019-05-26T11:02:47","date_gmt":"2019-05-26T10:02:47","guid":{"rendered":"https:\/\/elcotarro.com\/?p=6883"},"modified":"2019-05-26T10:24:54","modified_gmt":"2019-05-26T09:24:54","slug":"los-85-anos-grandes-de-radio-club","status":"publish","type":"post","link":"https:\/\/elcotarro.com\/?p=6883","title":{"rendered":"LOS 85 A\u00d1OS GRANDES DE RADIO CLUB"},"content":{"rendered":"<p>No quiero terminar sin sumarme a la celebraci\u00f3n de dos grandes aniversarios. El primero, un importante aniversario que, en esta ocasi\u00f3n, coincide con la querida emisora que me dio pie (a trav\u00e9s de <strong>Francisco \u201cPaco\u201d\u2008Padr\u00f3n Garc\u00eda<\/strong>, como director) de entrar el a\u00f1o 1979 en el apasionante mundo del periodismo.\u2008Me refiero a la celebraci\u00f3n del 85 aniversario de la creaci\u00f3n de Radio Club Tenerife (Emisora EAJ-43), hoy una de las principales de la Cadena SER en Espa\u00f1a. En un sencillo pero entra\u00f1able acto desarrollado el pasado fin de semana en el TEA, veteranos de la gran familia de Radio Club, los actuales profesionales que hoy la hacen posible, con <strong>Lourdes Santana\u00a0<\/strong>al frente como directora regional, liderando la SER en Canarias, clientes, anunciantes, autoridades y oyentes celebraron los \u201c85 a\u00f1os contigo\u201d (o sea, con todos nosotros) de Radio Club Tenerife. Felicidades, mil gracias y a por los 100 a\u00f1os.<\/p>\n<p style=\"text-align: center\"><a href=\"https:\/\/elcotarro.com\/wp-content\/uploads\/2019\/05\/FOTO-4.-RADIO-CLUB.jpeg\"><img loading=\"lazy\" decoding=\"async\" class=\"aligncenter size-full wp-image-6884\" src=\"https:\/\/elcotarro.com\/wp-content\/uploads\/2019\/05\/FOTO-4.-RADIO-CLUB.jpeg\" alt=\"FOTO 4.- RADIO CLUB\" width=\"2048\" height=\"1536\" srcset=\"https:\/\/elcotarro.com\/wp-content\/uploads\/2019\/05\/FOTO-4.-RADIO-CLUB.jpeg 2048w, https:\/\/elcotarro.com\/wp-content\/uploads\/2019\/05\/FOTO-4.-RADIO-CLUB-300x225.jpeg 300w, https:\/\/elcotarro.com\/wp-content\/uploads\/2019\/05\/FOTO-4.-RADIO-CLUB-1024x768.jpeg 1024w\" sizes=\"auto, (max-width: 2048px) 100vw, 2048px\" \/><\/a><\/p>\n<p style=\"text-align: center\"><em>Celebrando los 85 a\u00f1os de Radio Club, Lourdes Santana, directora de la SER en Canarias, habla rodeada por parte de su magn\u00edfico equipo.<\/em><\/p>\n","protected":false},"excerpt":{"rendered":"<p>No quiero terminar sin sumarme a la celebraci\u00f3n de dos grandes aniversarios. El primero, un importante aniversario que, en esta ocasi\u00f3n, coincide con la querida emisora que me dio pie (a trav\u00e9s de Francisco \u201cPaco\u201d\u2008Padr\u00f3n Garc\u00eda, como director) de entrar el a\u00f1o 1979 en el apasionante mundo del periodismo.\u2008Me refiero a la celebraci\u00f3n del 85 &#8230; <a class=\"read-more\" href=\"https:\/\/elcotarro.com\/?p=6883\">Read more<\/a><\/p>\n","protected":false},"author":2,"featured_media":0,"comment_status":"open","ping_status":"open","sticky":false,"template":"","format":"standard","meta":{"_jetpack_memberships_contains_paid_content":false,"footnotes":""},"categories":[1],"tags":[],"class_list":["post-6883","post","type-post","status-publish","format-standard","hentry","category-sin-categoria"],"yoast_head":"<!-- This site is optimized with the Yoast SEO plugin v27.0 - https:\/\/yoast.com\/product\/yoast-seo-wordpress\/ -->\n<title>LOS 85 A\u00d1OS GRANDES DE RADIO CLUB - El Cotarro<\/title>\n<meta name=\"robots\" content=\"index, follow, max-snippet:-1, max-image-preview:large, max-video-preview:-1\" \/>\n<link rel=\"canonical\" href=\"https:\/\/elcotarro.com\/?p=6883\" \/>\n<meta property=\"og:locale\" content=\"es_ES\" \/>\n<meta property=\"og:type\" content=\"article\" \/>\n<meta property=\"og:title\" content=\"LOS 85 A\u00d1OS GRANDES DE RADIO CLUB - El Cotarro\" \/>\n<meta property=\"og:description\" content=\"No quiero terminar sin sumarme a la celebraci\u00f3n de dos grandes aniversarios. El primero, un importante aniversario que, en esta ocasi\u00f3n, coincide con la querida emisora que me dio pie (a trav\u00e9s de Francisco \u201cPaco\u201d\u2008Padr\u00f3n Garc\u00eda, como director) de entrar el a\u00f1o 1979 en el apasionante mundo del periodismo.\u2008Me refiero a la celebraci\u00f3n del 85 ... Read more\" \/>\n<meta property=\"og:url\" content=\"https:\/\/elcotarro.com\/?p=6883\" \/>\n<meta property=\"og:site_name\" content=\"El Cotarro\" \/>\n<meta property=\"article:publisher\" content=\"https:\/\/www.facebook.com\/ElCotarro.Tenerife\" \/>\n<meta property=\"article:published_time\" content=\"2019-05-26T10:02:47+00:00\" \/>\n<meta property=\"og:image\" content=\"https:\/\/elcotarro.com\/wp-content\/uploads\/2019\/05\/FOTO-4.-RADIO-CLUB.jpeg\" \/>\n<meta name=\"author\" content=\"Jos\u00e9 Carlos Marrero Gonz\u00e1lez\" \/>\n<meta name=\"twitter:label1\" content=\"Escrito por\" \/>\n\t<meta name=\"twitter:data1\" content=\"Jos\u00e9 Carlos Marrero Gonz\u00e1lez\" \/>\n\t<meta name=\"twitter:label2\" content=\"Tiempo de lectura\" \/>\n\t<meta name=\"twitter:data2\" content=\"1 minuto\" \/>\n<script type=\"application\/ld+json\" class=\"yoast-schema-graph\">{\"@context\":\"https:\/\/schema.org\",\"@graph\":[{\"@type\":\"Article\",\"@id\":\"https:\/\/elcotarro.com\/?p=6883#article\",\"isPartOf\":{\"@id\":\"https:\/\/elcotarro.com\/?p=6883\"},\"author\":{\"name\":\"Jos\u00e9 Carlos Marrero Gonz\u00e1lez\",\"@id\":\"https:\/\/elcotarro.com\/#\/schema\/person\/af537ee7d60d15984c7e0affcd8a918b\"},\"headline\":\"LOS 85 A\u00d1OS GRANDES DE RADIO CLUB\",\"datePublished\":\"2019-05-26T10:02:47+00:00\",\"mainEntityOfPage\":{\"@id\":\"https:\/\/elcotarro.com\/?p=6883\"},\"wordCount\":189,\"commentCount\":0,\"publisher\":{\"@id\":\"https:\/\/elcotarro.com\/#organization\"},\"image\":{\"@id\":\"https:\/\/elcotarro.com\/?p=6883#primaryimage\"},\"thumbnailUrl\":\"https:\/\/elcotarro.com\/wp-content\/uploads\/2019\/05\/FOTO-4.-RADIO-CLUB.jpeg\",\"inLanguage\":\"es\",\"potentialAction\":[{\"@type\":\"CommentAction\",\"name\":\"Comment\",\"target\":[\"https:\/\/elcotarro.com\/?p=6883#respond\"]}]},{\"@type\":\"WebPage\",\"@id\":\"https:\/\/elcotarro.com\/?p=6883\",\"url\":\"https:\/\/elcotarro.com\/?p=6883\",\"name\":\"LOS 85 A\u00d1OS GRANDES DE RADIO CLUB - El Cotarro\",\"isPartOf\":{\"@id\":\"https:\/\/elcotarro.com\/#website\"},\"primaryImageOfPage\":{\"@id\":\"https:\/\/elcotarro.com\/?p=6883#primaryimage\"},\"image\":{\"@id\":\"https:\/\/elcotarro.com\/?p=6883#primaryimage\"},\"thumbnailUrl\":\"https:\/\/elcotarro.com\/wp-content\/uploads\/2019\/05\/FOTO-4.-RADIO-CLUB.jpeg\",\"datePublished\":\"2019-05-26T10:02:47+00:00\",\"breadcrumb\":{\"@id\":\"https:\/\/elcotarro.com\/?p=6883#breadcrumb\"},\"inLanguage\":\"es\",\"potentialAction\":[{\"@type\":\"ReadAction\",\"target\":[\"https:\/\/elcotarro.com\/?p=6883\"]}]},{\"@type\":\"ImageObject\",\"inLanguage\":\"es\",\"@id\":\"https:\/\/elcotarro.com\/?p=6883#primaryimage\",\"url\":\"https:\/\/elcotarro.com\/wp-content\/uploads\/2019\/05\/FOTO-4.-RADIO-CLUB.jpeg\",\"contentUrl\":\"https:\/\/elcotarro.com\/wp-content\/uploads\/2019\/05\/FOTO-4.-RADIO-CLUB.jpeg\",\"width\":2048,\"height\":1536},{\"@type\":\"BreadcrumbList\",\"@id\":\"https:\/\/elcotarro.com\/?p=6883#breadcrumb\",\"itemListElement\":[{\"@type\":\"ListItem\",\"position\":1,\"name\":\"Portada\",\"item\":\"https:\/\/elcotarro.com\/\"},{\"@type\":\"ListItem\",\"position\":2,\"name\":\"LOS 85 A\u00d1OS GRANDES DE RADIO CLUB\"}]},{\"@type\":\"WebSite\",\"@id\":\"https:\/\/elcotarro.com\/#website\",\"url\":\"https:\/\/elcotarro.com\/\",\"name\":\"El Cotarro\",\"description\":\"Peri\u00f3dico Digital Independiente dirigido por Jos\u00e9 Carlos Marrero\",\"publisher\":{\"@id\":\"https:\/\/elcotarro.com\/#organization\"},\"potentialAction\":[{\"@type\":\"SearchAction\",\"target\":{\"@type\":\"EntryPoint\",\"urlTemplate\":\"https:\/\/elcotarro.com\/?s={search_term_string}\"},\"query-input\":{\"@type\":\"PropertyValueSpecification\",\"valueRequired\":true,\"valueName\":\"search_term_string\"}}],\"inLanguage\":\"es\"},{\"@type\":\"Organization\",\"@id\":\"https:\/\/elcotarro.com\/#organization\",\"name\":\"El Cotarro\",\"url\":\"https:\/\/elcotarro.com\/\",\"logo\":{\"@type\":\"ImageObject\",\"inLanguage\":\"es\",\"@id\":\"https:\/\/elcotarro.com\/#\/schema\/logo\/image\/\",\"url\":\"https:\/\/elcotarro.com\/wp-content\/uploads\/2014\/09\/Cabecera_El_Cotarro_v2.jpg\",\"contentUrl\":\"https:\/\/elcotarro.com\/wp-content\/uploads\/2014\/09\/Cabecera_El_Cotarro_v2.jpg\",\"width\":3540,\"height\":441,\"caption\":\"El Cotarro\"},\"image\":{\"@id\":\"https:\/\/elcotarro.com\/#\/schema\/logo\/image\/\"},\"sameAs\":[\"https:\/\/www.facebook.com\/ElCotarro.Tenerife\"]},{\"@type\":\"Person\",\"@id\":\"https:\/\/elcotarro.com\/#\/schema\/person\/af537ee7d60d15984c7e0affcd8a918b\",\"name\":\"Jos\u00e9 Carlos Marrero Gonz\u00e1lez\",\"image\":{\"@type\":\"ImageObject\",\"inLanguage\":\"es\",\"@id\":\"https:\/\/elcotarro.com\/#\/schema\/person\/image\/\",\"url\":\"https:\/\/secure.gravatar.com\/avatar\/def4da036efb5d32c74d49c351f6dccc064dd69ad9f3aadc295c5a9a5391ca01?s=96&d=mm&r=g\",\"contentUrl\":\"https:\/\/secure.gravatar.com\/avatar\/def4da036efb5d32c74d49c351f6dccc064dd69ad9f3aadc295c5a9a5391ca01?s=96&d=mm&r=g\",\"caption\":\"Jos\u00e9 Carlos Marrero Gonz\u00e1lez\"},\"sameAs\":[\"https:\/\/elcotarro.com\"],\"url\":\"https:\/\/elcotarro.com\/?author=2\"}]}<\/script>\n<!-- \/ Yoast SEO plugin. -->","yoast_head_json":{"title":"LOS 85 A\u00d1OS GRANDES DE RADIO CLUB - El Cotarro","robots":{"index":"index","follow":"follow","max-snippet":"max-snippet:-1","max-image-preview":"max-image-preview:large","max-video-preview":"max-video-preview:-1"},"canonical":"https:\/\/elcotarro.com\/?p=6883","og_locale":"es_ES","og_type":"article","og_title":"LOS 85 A\u00d1OS GRANDES DE RADIO CLUB - El Cotarro","og_description":"No quiero terminar sin sumarme a la celebraci\u00f3n de dos grandes aniversarios. El primero, un importante aniversario que, en esta ocasi\u00f3n, coincide con la querida emisora que me dio pie (a trav\u00e9s de Francisco \u201cPaco\u201d\u2008Padr\u00f3n Garc\u00eda, como director) de entrar el a\u00f1o 1979 en el apasionante mundo del periodismo.\u2008Me refiero a la celebraci\u00f3n del 85 ... Read more","og_url":"https:\/\/elcotarro.com\/?p=6883","og_site_name":"El Cotarro","article_publisher":"https:\/\/www.facebook.com\/ElCotarro.Tenerife","article_published_time":"2019-05-26T10:02:47+00:00","og_image":[{"url":"https:\/\/elcotarro.com\/wp-content\/uploads\/2019\/05\/FOTO-4.-RADIO-CLUB.jpeg","type":"","width":"","height":""}],"author":"Jos\u00e9 Carlos Marrero Gonz\u00e1lez","twitter_misc":{"Escrito por":"Jos\u00e9 Carlos Marrero Gonz\u00e1lez","Tiempo de lectura":"1 minuto"},"schema":{"@context":"https:\/\/schema.org","@graph":[{"@type":"Article","@id":"https:\/\/elcotarro.com\/?p=6883#article","isPartOf":{"@id":"https:\/\/elcotarro.com\/?p=6883"},"author":{"name":"Jos\u00e9 Carlos Marrero Gonz\u00e1lez","@id":"https:\/\/elcotarro.com\/#\/schema\/person\/af537ee7d60d15984c7e0affcd8a918b"},"headline":"LOS 85 A\u00d1OS GRANDES DE RADIO CLUB","datePublished":"2019-05-26T10:02:47+00:00","mainEntityOfPage":{"@id":"https:\/\/elcotarro.com\/?p=6883"},"wordCount":189,"commentCount":0,"publisher":{"@id":"https:\/\/elcotarro.com\/#organization"},"image":{"@id":"https:\/\/elcotarro.com\/?p=6883#primaryimage"},"thumbnailUrl":"https:\/\/elcotarro.com\/wp-content\/uploads\/2019\/05\/FOTO-4.-RADIO-CLUB.jpeg","inLanguage":"es","potentialAction":[{"@type":"CommentAction","name":"Comment","target":["https:\/\/elcotarro.com\/?p=6883#respond"]}]},{"@type":"WebPage","@id":"https:\/\/elcotarro.com\/?p=6883","url":"https:\/\/elcotarro.com\/?p=6883","name":"LOS 85 A\u00d1OS GRANDES DE RADIO CLUB - El Cotarro","isPartOf":{"@id":"https:\/\/elcotarro.com\/#website"},"primaryImageOfPage":{"@id":"https:\/\/elcotarro.com\/?p=6883#primaryimage"},"image":{"@id":"https:\/\/elcotarro.com\/?p=6883#primaryimage"},"thumbnailUrl":"https:\/\/elcotarro.com\/wp-content\/uploads\/2019\/05\/FOTO-4.-RADIO-CLUB.jpeg","datePublished":"2019-05-26T10:02:47+00:00","breadcrumb":{"@id":"https:\/\/elcotarro.com\/?p=6883#breadcrumb"},"inLanguage":"es","potentialAction":[{"@type":"ReadAction","target":["https:\/\/elcotarro.com\/?p=6883"]}]},{"@type":"ImageObject","inLanguage":"es","@id":"https:\/\/elcotarro.com\/?p=6883#primaryimage","url":"https:\/\/elcotarro.com\/wp-content\/uploads\/2019\/05\/FOTO-4.-RADIO-CLUB.jpeg","contentUrl":"https:\/\/elcotarro.com\/wp-content\/uploads\/2019\/05\/FOTO-4.-RADIO-CLUB.jpeg","width":2048,"height":1536},{"@type":"BreadcrumbList","@id":"https:\/\/elcotarro.com\/?p=6883#breadcrumb","itemListElement":[{"@type":"ListItem","position":1,"name":"Portada","item":"https:\/\/elcotarro.com\/"},{"@type":"ListItem","position":2,"name":"LOS 85 A\u00d1OS GRANDES DE RADIO CLUB"}]},{"@type":"WebSite","@id":"https:\/\/elcotarro.com\/#website","url":"https:\/\/elcotarro.com\/","name":"El Cotarro","description":"Peri\u00f3dico Digital Independiente dirigido por Jos\u00e9 Carlos Marrero","publisher":{"@id":"https:\/\/elcotarro.com\/#organization"},"potentialAction":[{"@type":"SearchAction","target":{"@type":"EntryPoint","urlTemplate":"https:\/\/elcotarro.com\/?s={search_term_string}"},"query-input":{"@type":"PropertyValueSpecification","valueRequired":true,"valueName":"search_term_string"}}],"inLanguage":"es"},{"@type":"Organization","@id":"https:\/\/elcotarro.com\/#organization","name":"El Cotarro","url":"https:\/\/elcotarro.com\/","logo":{"@type":"ImageObject","inLanguage":"es","@id":"https:\/\/elcotarro.com\/#\/schema\/logo\/image\/","url":"https:\/\/elcotarro.com\/wp-content\/uploads\/2014\/09\/Cabecera_El_Cotarro_v2.jpg","contentUrl":"https:\/\/elcotarro.com\/wp-content\/uploads\/2014\/09\/Cabecera_El_Cotarro_v2.jpg","width":3540,"height":441,"caption":"El Cotarro"},"image":{"@id":"https:\/\/elcotarro.com\/#\/schema\/logo\/image\/"},"sameAs":["https:\/\/www.facebook.com\/ElCotarro.Tenerife"]},{"@type":"Person","@id":"https:\/\/elcotarro.com\/#\/schema\/person\/af537ee7d60d15984c7e0affcd8a918b","name":"Jos\u00e9 Carlos Marrero Gonz\u00e1lez","image":{"@type":"ImageObject","inLanguage":"es","@id":"https:\/\/elcotarro.com\/#\/schema\/person\/image\/","url":"https:\/\/secure.gravatar.com\/avatar\/def4da036efb5d32c74d49c351f6dccc064dd69ad9f3aadc295c5a9a5391ca01?s=96&d=mm&r=g","contentUrl":"https:\/\/secure.gravatar.com\/avatar\/def4da036efb5d32c74d49c351f6dccc064dd69ad9f3aadc295c5a9a5391ca01?s=96&d=mm&r=g","caption":"Jos\u00e9 Carlos Marrero Gonz\u00e1lez"},"sameAs":["https:\/\/elcotarro.com"],"url":"https:\/\/elcotarro.com\/?author=2"}]}},"jetpack_featured_media_url":"","jetpack_sharing_enabled":true,"_links":{"self":[{"href":"https:\/\/elcotarro.com\/index.php?rest_route=\/wp\/v2\/posts\/6883","targetHints":{"allow":["GET"]}}],"collection":[{"href":"https:\/\/elcotarro.com\/index.php?rest_route=\/wp\/v2\/posts"}],"about":[{"href":"https:\/\/elcotarro.com\/index.php?rest_route=\/wp\/v2\/types\/post"}],"author":[{"embeddable":true,"href":"https:\/\/elcotarro.com\/index.php?rest_route=\/wp\/v2\/users\/2"}],"replies":[{"embeddable":true,"href":"https:\/\/elcotarro.com\/index.php?rest_route=%2Fwp%2Fv2%2Fcomments&post=6883"}],"version-history":[{"count":1,"href":"https:\/\/elcotarro.com\/index.php?rest_route=\/wp\/v2\/posts\/6883\/revisions"}],"predecessor-version":[{"id":6885,"href":"https:\/\/elcotarro.com\/index.php?rest_route=\/wp\/v2\/posts\/6883\/revisions\/6885"}],"wp:attachment":[{"href":"https:\/\/elcotarro.com\/index.php?rest_route=%2Fwp%2Fv2%2Fmedia&parent=6883"}],"wp:term":[{"taxonomy":"category","embeddable":true,"href":"https:\/\/elcotarro.com\/index.php?rest_route=%2Fwp%2Fv2%2Fcategories&post=6883"},{"taxonomy":"post_tag","embeddable":true,"href":"https:\/\/elcotarro.com\/index.php?rest_route=%2Fwp%2Fv2%2Ftags&post=6883"}],"curies":[{"name":"wp","href":"https:\/\/api.w.org\/{rel}","templated":true}]}}