{"id":6886,"date":"2019-05-26T11:01:58","date_gmt":"2019-05-26T10:01:58","guid":{"rendered":"https:\/\/elcotarro.com\/?p=6886"},"modified":"2024-03-17T10:20:21","modified_gmt":"2024-03-17T10:20:21","slug":"50-anos-de-tuna-de-medicina-y-facultad","status":"publish","type":"post","link":"https:\/\/elcotarro.com\/?p=6886","title":{"rendered":"50 A\u00d1OS DE TUNA DE MEDICINA Y FACULTAD"},"content":{"rendered":"<p>Termino con una foto que en si misma lo dice todo. 50 a\u00f1os de la fundaci\u00f3n de nuestra Tuna de Medicina, que se unen a los mismos 50 a\u00f1os de la creaci\u00f3n de la propia Facultad de Medicina de nuestra Universidad de La Laguna. En la foto se pueden ver a los que, de alguna manera, son historia viva de la \u201cTuna Decana\u201d de Canarias. Bajo sus capas y la beca amarilla, est\u00e1n grandes profesionales de la Medicina que todav\u00eda en la actualidad siguen siendo referencia en nuestros hospitales y centros de salud, o como profesores y catedr\u00e1ticos de la propia Facultad. Gracias entre otros a <strong>Jos\u00e9 Manuel Pe\u00f1a <em>\u201cMonaguillo\u201d<\/em><\/strong><em>,\u00a0<\/em>casi un centenar se reunieron (como pueden ver en la foto exclusiva). Es imposible nombrarlos uno a uno, pero, a trav\u00e9s <strong>Paco Fern\u00e1ndez Robayna<\/strong>, uno de los fundadores, y de <strong>Jos\u00e9 \u00c1ngel Torres Dios <em>\u201cGroucho\u201d\u00a0<\/em><\/strong>el actual presidente, nuestra felicitaci\u00f3n a todos y larga vida a la Tuna de Medicina con Salud. \u00bfQui\u00e9n domina?&#8230; \u00a1\u00a1Medicina!!&#8230; \u00a1A\u00fapa, Tuna!<\/p>\n<p style=\"text-align: center\"><a href=\"https:\/\/elcotarro.com\/wp-content\/uploads\/2019\/05\/FOTO-5.-TUNA-DE-MEDICINA.jpg\"><img loading=\"lazy\" decoding=\"async\" class=\"aligncenter size-full wp-image-6887\" src=\"https:\/\/elcotarro.com\/wp-content\/uploads\/2019\/05\/FOTO-5.-TUNA-DE-MEDICINA.jpg\" alt=\"FOTO 5.- TUNA DE MEDICINA\" width=\"1829\" height=\"798\" srcset=\"https:\/\/elcotarro.com\/wp-content\/uploads\/2019\/05\/FOTO-5.-TUNA-DE-MEDICINA.jpg 1829w, https:\/\/elcotarro.com\/wp-content\/uploads\/2019\/05\/FOTO-5.-TUNA-DE-MEDICINA-300x131.jpg 300w, https:\/\/elcotarro.com\/wp-content\/uploads\/2019\/05\/FOTO-5.-TUNA-DE-MEDICINA-1024x447.jpg 1024w\" sizes=\"auto, (max-width: 1829px) 100vw, 1829px\" \/><\/a><\/p>\n<p style=\"text-align: center\"><em>Foto de familia de la Muy Ilustre, Decana, Nocturna y Andariega Tuna de Medicina de la Universidad de La Laguna, tras el almuerzo por su 50 Aniversario, que coincide con el de la Facultad de Medicina de la ULL. En ella est\u00e1n m\u00e9dicos que hoy trabajan profesionalmente por Tenerife, toda Canarias e, incluso, en la pen\u00ednsula y el extranjero. En ella est\u00e1n desde muchos de los tunos fundadores hasta los actuales miembros de la llamada \u201cTuna Activa\u201d.<\/em><\/p>\n<p style=\"text-align: center\"><a href=\"http:\/\/www.careca.es\/\" target=\"_blank\" rel=\"noopener\"><img loading=\"lazy\" decoding=\"async\" class=\"size-full wp-image-2216 aligncenter\" src=\"https:\/\/elcotarro.com\/wp-content\/uploads\/2016\/07\/InsulacafeElCotarro.jpg\" alt=\"Bnn_Careca\" width=\"750\" height=\"150\" \/><\/a><\/p>\n","protected":false},"excerpt":{"rendered":"<p>Termino con una foto que en si misma lo dice todo. 50 a\u00f1os de la fundaci\u00f3n de nuestra Tuna de Medicina, que se unen a los mismos 50 a\u00f1os de la creaci\u00f3n de la propia Facultad de Medicina de nuestra Universidad de La Laguna. En la foto se pueden ver a los que, de alguna &#8230; <a class=\"read-more\" href=\"https:\/\/elcotarro.com\/?p=6886\">Read more<\/a><\/p>\n","protected":false},"author":2,"featured_media":0,"comment_status":"open","ping_status":"open","sticky":false,"template":"","format":"standard","meta":{"_jetpack_memberships_contains_paid_content":false,"footnotes":""},"categories":[1],"tags":[],"class_list":["post-6886","post","type-post","status-publish","format-standard","hentry","category-sin-categoria"],"yoast_head":"<!-- This site is optimized with the Yoast SEO plugin v27.0 - https:\/\/yoast.com\/product\/yoast-seo-wordpress\/ -->\n<title>50 A\u00d1OS DE TUNA DE MEDICINA Y FACULTAD - El Cotarro<\/title>\n<meta name=\"robots\" content=\"index, follow, max-snippet:-1, max-image-preview:large, max-video-preview:-1\" \/>\n<link rel=\"canonical\" href=\"https:\/\/elcotarro.com\/?p=6886\" \/>\n<meta property=\"og:locale\" content=\"es_ES\" \/>\n<meta property=\"og:type\" content=\"article\" \/>\n<meta property=\"og:title\" content=\"50 A\u00d1OS DE TUNA DE MEDICINA Y FACULTAD - El Cotarro\" \/>\n<meta property=\"og:description\" content=\"Termino con una foto que en si misma lo dice todo. 50 a\u00f1os de la fundaci\u00f3n de nuestra Tuna de Medicina, que se unen a los mismos 50 a\u00f1os de la creaci\u00f3n de la propia Facultad de Medicina de nuestra Universidad de La Laguna. En la foto se pueden ver a los que, de alguna ... Read more\" \/>\n<meta property=\"og:url\" content=\"https:\/\/elcotarro.com\/?p=6886\" \/>\n<meta property=\"og:site_name\" content=\"El Cotarro\" \/>\n<meta property=\"article:publisher\" content=\"https:\/\/www.facebook.com\/ElCotarro.Tenerife\" \/>\n<meta property=\"article:published_time\" content=\"2019-05-26T10:01:58+00:00\" \/>\n<meta property=\"article:modified_time\" content=\"2024-03-17T10:20:21+00:00\" \/>\n<meta property=\"og:image\" content=\"https:\/\/elcotarro.com\/wp-content\/uploads\/2019\/05\/FOTO-5.-TUNA-DE-MEDICINA.jpg\" \/>\n<meta name=\"author\" content=\"Jos\u00e9 Carlos Marrero Gonz\u00e1lez\" \/>\n<meta name=\"twitter:label1\" content=\"Escrito por\" \/>\n\t<meta name=\"twitter:data1\" content=\"Jos\u00e9 Carlos Marrero Gonz\u00e1lez\" \/>\n\t<meta name=\"twitter:label2\" content=\"Tiempo de lectura\" \/>\n\t<meta name=\"twitter:data2\" content=\"2 minutos\" \/>\n<script type=\"application\/ld+json\" class=\"yoast-schema-graph\">{\"@context\":\"https:\/\/schema.org\",\"@graph\":[{\"@type\":\"Article\",\"@id\":\"https:\/\/elcotarro.com\/?p=6886#article\",\"isPartOf\":{\"@id\":\"https:\/\/elcotarro.com\/?p=6886\"},\"author\":{\"name\":\"Jos\u00e9 Carlos Marrero Gonz\u00e1lez\",\"@id\":\"https:\/\/elcotarro.com\/#\/schema\/person\/af537ee7d60d15984c7e0affcd8a918b\"},\"headline\":\"50 A\u00d1OS DE TUNA DE MEDICINA Y FACULTAD\",\"datePublished\":\"2019-05-26T10:01:58+00:00\",\"dateModified\":\"2024-03-17T10:20:21+00:00\",\"mainEntityOfPage\":{\"@id\":\"https:\/\/elcotarro.com\/?p=6886\"},\"wordCount\":266,\"commentCount\":2,\"publisher\":{\"@id\":\"https:\/\/elcotarro.com\/#organization\"},\"image\":{\"@id\":\"https:\/\/elcotarro.com\/?p=6886#primaryimage\"},\"thumbnailUrl\":\"https:\/\/elcotarro.com\/wp-content\/uploads\/2019\/05\/FOTO-5.-TUNA-DE-MEDICINA.jpg\",\"inLanguage\":\"es\",\"potentialAction\":[{\"@type\":\"CommentAction\",\"name\":\"Comment\",\"target\":[\"https:\/\/elcotarro.com\/?p=6886#respond\"]}]},{\"@type\":\"WebPage\",\"@id\":\"https:\/\/elcotarro.com\/?p=6886\",\"url\":\"https:\/\/elcotarro.com\/?p=6886\",\"name\":\"50 A\u00d1OS DE TUNA DE MEDICINA Y FACULTAD - El Cotarro\",\"isPartOf\":{\"@id\":\"https:\/\/elcotarro.com\/#website\"},\"primaryImageOfPage\":{\"@id\":\"https:\/\/elcotarro.com\/?p=6886#primaryimage\"},\"image\":{\"@id\":\"https:\/\/elcotarro.com\/?p=6886#primaryimage\"},\"thumbnailUrl\":\"https:\/\/elcotarro.com\/wp-content\/uploads\/2019\/05\/FOTO-5.-TUNA-DE-MEDICINA.jpg\",\"datePublished\":\"2019-05-26T10:01:58+00:00\",\"dateModified\":\"2024-03-17T10:20:21+00:00\",\"breadcrumb\":{\"@id\":\"https:\/\/elcotarro.com\/?p=6886#breadcrumb\"},\"inLanguage\":\"es\",\"potentialAction\":[{\"@type\":\"ReadAction\",\"target\":[\"https:\/\/elcotarro.com\/?p=6886\"]}]},{\"@type\":\"ImageObject\",\"inLanguage\":\"es\",\"@id\":\"https:\/\/elcotarro.com\/?p=6886#primaryimage\",\"url\":\"https:\/\/elcotarro.com\/wp-content\/uploads\/2019\/05\/FOTO-5.-TUNA-DE-MEDICINA.jpg\",\"contentUrl\":\"https:\/\/elcotarro.com\/wp-content\/uploads\/2019\/05\/FOTO-5.-TUNA-DE-MEDICINA.jpg\",\"width\":1829,\"height\":798},{\"@type\":\"BreadcrumbList\",\"@id\":\"https:\/\/elcotarro.com\/?p=6886#breadcrumb\",\"itemListElement\":[{\"@type\":\"ListItem\",\"position\":1,\"name\":\"Portada\",\"item\":\"https:\/\/elcotarro.com\/\"},{\"@type\":\"ListItem\",\"position\":2,\"name\":\"50 A\u00d1OS DE TUNA DE MEDICINA Y FACULTAD\"}]},{\"@type\":\"WebSite\",\"@id\":\"https:\/\/elcotarro.com\/#website\",\"url\":\"https:\/\/elcotarro.com\/\",\"name\":\"El Cotarro\",\"description\":\"Peri\u00f3dico Digital Independiente dirigido por Jos\u00e9 Carlos Marrero\",\"publisher\":{\"@id\":\"https:\/\/elcotarro.com\/#organization\"},\"potentialAction\":[{\"@type\":\"SearchAction\",\"target\":{\"@type\":\"EntryPoint\",\"urlTemplate\":\"https:\/\/elcotarro.com\/?s={search_term_string}\"},\"query-input\":{\"@type\":\"PropertyValueSpecification\",\"valueRequired\":true,\"valueName\":\"search_term_string\"}}],\"inLanguage\":\"es\"},{\"@type\":\"Organization\",\"@id\":\"https:\/\/elcotarro.com\/#organization\",\"name\":\"El Cotarro\",\"url\":\"https:\/\/elcotarro.com\/\",\"logo\":{\"@type\":\"ImageObject\",\"inLanguage\":\"es\",\"@id\":\"https:\/\/elcotarro.com\/#\/schema\/logo\/image\/\",\"url\":\"https:\/\/elcotarro.com\/wp-content\/uploads\/2014\/09\/Cabecera_El_Cotarro_v2.jpg\",\"contentUrl\":\"https:\/\/elcotarro.com\/wp-content\/uploads\/2014\/09\/Cabecera_El_Cotarro_v2.jpg\",\"width\":3540,\"height\":441,\"caption\":\"El Cotarro\"},\"image\":{\"@id\":\"https:\/\/elcotarro.com\/#\/schema\/logo\/image\/\"},\"sameAs\":[\"https:\/\/www.facebook.com\/ElCotarro.Tenerife\"]},{\"@type\":\"Person\",\"@id\":\"https:\/\/elcotarro.com\/#\/schema\/person\/af537ee7d60d15984c7e0affcd8a918b\",\"name\":\"Jos\u00e9 Carlos Marrero Gonz\u00e1lez\",\"image\":{\"@type\":\"ImageObject\",\"inLanguage\":\"es\",\"@id\":\"https:\/\/elcotarro.com\/#\/schema\/person\/image\/\",\"url\":\"https:\/\/secure.gravatar.com\/avatar\/def4da036efb5d32c74d49c351f6dccc064dd69ad9f3aadc295c5a9a5391ca01?s=96&d=mm&r=g\",\"contentUrl\":\"https:\/\/secure.gravatar.com\/avatar\/def4da036efb5d32c74d49c351f6dccc064dd69ad9f3aadc295c5a9a5391ca01?s=96&d=mm&r=g\",\"caption\":\"Jos\u00e9 Carlos Marrero Gonz\u00e1lez\"},\"sameAs\":[\"https:\/\/elcotarro.com\"],\"url\":\"https:\/\/elcotarro.com\/?author=2\"}]}<\/script>\n<!-- \/ Yoast SEO plugin. -->","yoast_head_json":{"title":"50 A\u00d1OS DE TUNA DE MEDICINA Y FACULTAD - El Cotarro","robots":{"index":"index","follow":"follow","max-snippet":"max-snippet:-1","max-image-preview":"max-image-preview:large","max-video-preview":"max-video-preview:-1"},"canonical":"https:\/\/elcotarro.com\/?p=6886","og_locale":"es_ES","og_type":"article","og_title":"50 A\u00d1OS DE TUNA DE MEDICINA Y FACULTAD - El Cotarro","og_description":"Termino con una foto que en si misma lo dice todo. 50 a\u00f1os de la fundaci\u00f3n de nuestra Tuna de Medicina, que se unen a los mismos 50 a\u00f1os de la creaci\u00f3n de la propia Facultad de Medicina de nuestra Universidad de La Laguna. En la foto se pueden ver a los que, de alguna ... Read more","og_url":"https:\/\/elcotarro.com\/?p=6886","og_site_name":"El Cotarro","article_publisher":"https:\/\/www.facebook.com\/ElCotarro.Tenerife","article_published_time":"2019-05-26T10:01:58+00:00","article_modified_time":"2024-03-17T10:20:21+00:00","og_image":[{"url":"https:\/\/elcotarro.com\/wp-content\/uploads\/2019\/05\/FOTO-5.-TUNA-DE-MEDICINA.jpg","type":"","width":"","height":""}],"author":"Jos\u00e9 Carlos Marrero Gonz\u00e1lez","twitter_misc":{"Escrito por":"Jos\u00e9 Carlos Marrero Gonz\u00e1lez","Tiempo de lectura":"2 minutos"},"schema":{"@context":"https:\/\/schema.org","@graph":[{"@type":"Article","@id":"https:\/\/elcotarro.com\/?p=6886#article","isPartOf":{"@id":"https:\/\/elcotarro.com\/?p=6886"},"author":{"name":"Jos\u00e9 Carlos Marrero Gonz\u00e1lez","@id":"https:\/\/elcotarro.com\/#\/schema\/person\/af537ee7d60d15984c7e0affcd8a918b"},"headline":"50 A\u00d1OS DE TUNA DE MEDICINA Y FACULTAD","datePublished":"2019-05-26T10:01:58+00:00","dateModified":"2024-03-17T10:20:21+00:00","mainEntityOfPage":{"@id":"https:\/\/elcotarro.com\/?p=6886"},"wordCount":266,"commentCount":2,"publisher":{"@id":"https:\/\/elcotarro.com\/#organization"},"image":{"@id":"https:\/\/elcotarro.com\/?p=6886#primaryimage"},"thumbnailUrl":"https:\/\/elcotarro.com\/wp-content\/uploads\/2019\/05\/FOTO-5.-TUNA-DE-MEDICINA.jpg","inLanguage":"es","potentialAction":[{"@type":"CommentAction","name":"Comment","target":["https:\/\/elcotarro.com\/?p=6886#respond"]}]},{"@type":"WebPage","@id":"https:\/\/elcotarro.com\/?p=6886","url":"https:\/\/elcotarro.com\/?p=6886","name":"50 A\u00d1OS DE TUNA DE MEDICINA Y FACULTAD - El Cotarro","isPartOf":{"@id":"https:\/\/elcotarro.com\/#website"},"primaryImageOfPage":{"@id":"https:\/\/elcotarro.com\/?p=6886#primaryimage"},"image":{"@id":"https:\/\/elcotarro.com\/?p=6886#primaryimage"},"thumbnailUrl":"https:\/\/elcotarro.com\/wp-content\/uploads\/2019\/05\/FOTO-5.-TUNA-DE-MEDICINA.jpg","datePublished":"2019-05-26T10:01:58+00:00","dateModified":"2024-03-17T10:20:21+00:00","breadcrumb":{"@id":"https:\/\/elcotarro.com\/?p=6886#breadcrumb"},"inLanguage":"es","potentialAction":[{"@type":"ReadAction","target":["https:\/\/elcotarro.com\/?p=6886"]}]},{"@type":"ImageObject","inLanguage":"es","@id":"https:\/\/elcotarro.com\/?p=6886#primaryimage","url":"https:\/\/elcotarro.com\/wp-content\/uploads\/2019\/05\/FOTO-5.-TUNA-DE-MEDICINA.jpg","contentUrl":"https:\/\/elcotarro.com\/wp-content\/uploads\/2019\/05\/FOTO-5.-TUNA-DE-MEDICINA.jpg","width":1829,"height":798},{"@type":"BreadcrumbList","@id":"https:\/\/elcotarro.com\/?p=6886#breadcrumb","itemListElement":[{"@type":"ListItem","position":1,"name":"Portada","item":"https:\/\/elcotarro.com\/"},{"@type":"ListItem","position":2,"name":"50 A\u00d1OS DE TUNA DE MEDICINA Y FACULTAD"}]},{"@type":"WebSite","@id":"https:\/\/elcotarro.com\/#website","url":"https:\/\/elcotarro.com\/","name":"El Cotarro","description":"Peri\u00f3dico Digital Independiente dirigido por Jos\u00e9 Carlos Marrero","publisher":{"@id":"https:\/\/elcotarro.com\/#organization"},"potentialAction":[{"@type":"SearchAction","target":{"@type":"EntryPoint","urlTemplate":"https:\/\/elcotarro.com\/?s={search_term_string}"},"query-input":{"@type":"PropertyValueSpecification","valueRequired":true,"valueName":"search_term_string"}}],"inLanguage":"es"},{"@type":"Organization","@id":"https:\/\/elcotarro.com\/#organization","name":"El Cotarro","url":"https:\/\/elcotarro.com\/","logo":{"@type":"ImageObject","inLanguage":"es","@id":"https:\/\/elcotarro.com\/#\/schema\/logo\/image\/","url":"https:\/\/elcotarro.com\/wp-content\/uploads\/2014\/09\/Cabecera_El_Cotarro_v2.jpg","contentUrl":"https:\/\/elcotarro.com\/wp-content\/uploads\/2014\/09\/Cabecera_El_Cotarro_v2.jpg","width":3540,"height":441,"caption":"El Cotarro"},"image":{"@id":"https:\/\/elcotarro.com\/#\/schema\/logo\/image\/"},"sameAs":["https:\/\/www.facebook.com\/ElCotarro.Tenerife"]},{"@type":"Person","@id":"https:\/\/elcotarro.com\/#\/schema\/person\/af537ee7d60d15984c7e0affcd8a918b","name":"Jos\u00e9 Carlos Marrero Gonz\u00e1lez","image":{"@type":"ImageObject","inLanguage":"es","@id":"https:\/\/elcotarro.com\/#\/schema\/person\/image\/","url":"https:\/\/secure.gravatar.com\/avatar\/def4da036efb5d32c74d49c351f6dccc064dd69ad9f3aadc295c5a9a5391ca01?s=96&d=mm&r=g","contentUrl":"https:\/\/secure.gravatar.com\/avatar\/def4da036efb5d32c74d49c351f6dccc064dd69ad9f3aadc295c5a9a5391ca01?s=96&d=mm&r=g","caption":"Jos\u00e9 Carlos Marrero Gonz\u00e1lez"},"sameAs":["https:\/\/elcotarro.com"],"url":"https:\/\/elcotarro.com\/?author=2"}]}},"jetpack_featured_media_url":"","jetpack_sharing_enabled":true,"_links":{"self":[{"href":"https:\/\/elcotarro.com\/index.php?rest_route=\/wp\/v2\/posts\/6886","targetHints":{"allow":["GET"]}}],"collection":[{"href":"https:\/\/elcotarro.com\/index.php?rest_route=\/wp\/v2\/posts"}],"about":[{"href":"https:\/\/elcotarro.com\/index.php?rest_route=\/wp\/v2\/types\/post"}],"author":[{"embeddable":true,"href":"https:\/\/elcotarro.com\/index.php?rest_route=\/wp\/v2\/users\/2"}],"replies":[{"embeddable":true,"href":"https:\/\/elcotarro.com\/index.php?rest_route=%2Fwp%2Fv2%2Fcomments&post=6886"}],"version-history":[{"count":2,"href":"https:\/\/elcotarro.com\/index.php?rest_route=\/wp\/v2\/posts\/6886\/revisions"}],"predecessor-version":[{"id":10774,"href":"https:\/\/elcotarro.com\/index.php?rest_route=\/wp\/v2\/posts\/6886\/revisions\/10774"}],"wp:attachment":[{"href":"https:\/\/elcotarro.com\/index.php?rest_route=%2Fwp%2Fv2%2Fmedia&parent=6886"}],"wp:term":[{"taxonomy":"category","embeddable":true,"href":"https:\/\/elcotarro.com\/index.php?rest_route=%2Fwp%2Fv2%2Fcategories&post=6886"},{"taxonomy":"post_tag","embeddable":true,"href":"https:\/\/elcotarro.com\/index.php?rest_route=%2Fwp%2Fv2%2Ftags&post=6886"}],"curies":[{"name":"wp","href":"https:\/\/api.w.org\/{rel}","templated":true}]}}