{"id":6905,"date":"2019-06-02T11:01:19","date_gmt":"2019-06-02T10:01:19","guid":{"rendered":"https:\/\/elcotarro.com\/?p=6905"},"modified":"2019-06-02T08:37:41","modified_gmt":"2019-06-02T07:37:41","slug":"camino-de-los-40-anos-como-alcaldes","status":"publish","type":"post","link":"https:\/\/elcotarro.com\/?p=6905","title":{"rendered":"CAMINO DE LOS 40 A\u00d1OS COMO ALCALDES"},"content":{"rendered":"<p>Es de justicia felicitar a quienes, una vez m\u00e1s han revalidado sus puestos como alcaldes con mayor\u00edas absolutas:\u2008Pero sobre todo, debemos felicitar, por su triunfo arrollador y porque es de justicia, a <strong>Jos\u00e9 Miguel Rodr\u00edguez Fraga\u00a0<\/strong>(PSOE) alcalde de Adeje y a su compa\u00f1ero <strong>Ignacio Rodr\u00edguez Jorge\u00a0<\/strong>(PSOE) alcalde de La Matanza de Acentejo, que accedieron a sus respectivas alcald\u00edas el a\u00f1o 1983, que llevan 36 a\u00f1os renovando cargo con mayor\u00edas absolutas, que se encaminan hacia\u00a0los 40 a\u00f1os de alcald\u00eda ininterrumpidos, que se convierten en los alcalde m\u00e1s veteranos de Tenerife (y creo que de Canarias) y que, como dice <strong><em>Johnnie Walker<\/em><\/strong>, siguen tan campantes.<\/p>\n<p style=\"text-align: center\"><a href=\"https:\/\/elcotarro.com\/wp-content\/uploads\/2019\/06\/foto5.jpg\"><img loading=\"lazy\" decoding=\"async\" class=\"aligncenter size-full wp-image-6906\" src=\"https:\/\/elcotarro.com\/wp-content\/uploads\/2019\/06\/foto5.jpg\" alt=\"foto5\" width=\"410\" height=\"220\" srcset=\"https:\/\/elcotarro.com\/wp-content\/uploads\/2019\/06\/foto5.jpg 410w, https:\/\/elcotarro.com\/wp-content\/uploads\/2019\/06\/foto5-300x161.jpg 300w\" sizes=\"auto, (max-width: 410px) 100vw, 410px\" \/><\/a><\/p>\n<p style=\"text-align: center\"><em>Jos\u00e9 Miguel Rodr\u00edguez Fraga (i) junto a Ignacio Rodr\u00edguez Jorge, los m\u00e1s veteranos<\/em><\/p>\n","protected":false},"excerpt":{"rendered":"<p>Es de justicia felicitar a quienes, una vez m\u00e1s han revalidado sus puestos como alcaldes con mayor\u00edas absolutas:\u2008Pero sobre todo, debemos felicitar, por su triunfo arrollador y porque es de justicia, a Jos\u00e9 Miguel Rodr\u00edguez Fraga\u00a0(PSOE) alcalde de Adeje y a su compa\u00f1ero Ignacio Rodr\u00edguez Jorge\u00a0(PSOE) alcalde de La Matanza de Acentejo, que accedieron a &#8230; <a class=\"read-more\" href=\"https:\/\/elcotarro.com\/?p=6905\">Read more<\/a><\/p>\n","protected":false},"author":2,"featured_media":0,"comment_status":"open","ping_status":"open","sticky":false,"template":"","format":"standard","meta":{"_jetpack_memberships_contains_paid_content":false,"footnotes":""},"categories":[1],"tags":[],"class_list":["post-6905","post","type-post","status-publish","format-standard","hentry","category-sin-categoria"],"yoast_head":"<!-- This site is optimized with the Yoast SEO plugin v27.0 - https:\/\/yoast.com\/product\/yoast-seo-wordpress\/ -->\n<title>CAMINO DE LOS 40 A\u00d1OS COMO ALCALDES - El Cotarro<\/title>\n<meta name=\"robots\" content=\"index, follow, max-snippet:-1, max-image-preview:large, max-video-preview:-1\" \/>\n<link rel=\"canonical\" href=\"https:\/\/elcotarro.com\/?p=6905\" \/>\n<meta property=\"og:locale\" content=\"es_ES\" \/>\n<meta property=\"og:type\" content=\"article\" \/>\n<meta property=\"og:title\" content=\"CAMINO DE LOS 40 A\u00d1OS COMO ALCALDES - El Cotarro\" \/>\n<meta property=\"og:description\" content=\"Es de justicia felicitar a quienes, una vez m\u00e1s han revalidado sus puestos como alcaldes con mayor\u00edas absolutas:\u2008Pero sobre todo, debemos felicitar, por su triunfo arrollador y porque es de justicia, a Jos\u00e9 Miguel Rodr\u00edguez Fraga\u00a0(PSOE) alcalde de Adeje y a su compa\u00f1ero Ignacio Rodr\u00edguez Jorge\u00a0(PSOE) alcalde de La Matanza de Acentejo, que accedieron a ... Read more\" \/>\n<meta property=\"og:url\" content=\"https:\/\/elcotarro.com\/?p=6905\" \/>\n<meta property=\"og:site_name\" content=\"El Cotarro\" \/>\n<meta property=\"article:publisher\" content=\"https:\/\/www.facebook.com\/ElCotarro.Tenerife\" \/>\n<meta property=\"article:published_time\" content=\"2019-06-02T10:01:19+00:00\" \/>\n<meta property=\"og:image\" content=\"https:\/\/elcotarro.com\/wp-content\/uploads\/2019\/06\/foto5.jpg\" \/>\n<meta name=\"author\" content=\"Jos\u00e9 Carlos Marrero Gonz\u00e1lez\" \/>\n<meta name=\"twitter:label1\" content=\"Escrito por\" \/>\n\t<meta name=\"twitter:data1\" content=\"Jos\u00e9 Carlos Marrero Gonz\u00e1lez\" \/>\n\t<meta name=\"twitter:label2\" content=\"Tiempo de lectura\" \/>\n\t<meta name=\"twitter:data2\" content=\"1 minuto\" \/>\n<script type=\"application\/ld+json\" class=\"yoast-schema-graph\">{\"@context\":\"https:\/\/schema.org\",\"@graph\":[{\"@type\":\"Article\",\"@id\":\"https:\/\/elcotarro.com\/?p=6905#article\",\"isPartOf\":{\"@id\":\"https:\/\/elcotarro.com\/?p=6905\"},\"author\":{\"name\":\"Jos\u00e9 Carlos Marrero Gonz\u00e1lez\",\"@id\":\"https:\/\/elcotarro.com\/#\/schema\/person\/af537ee7d60d15984c7e0affcd8a918b\"},\"headline\":\"CAMINO DE LOS 40 A\u00d1OS COMO ALCALDES\",\"datePublished\":\"2019-06-02T10:01:19+00:00\",\"mainEntityOfPage\":{\"@id\":\"https:\/\/elcotarro.com\/?p=6905\"},\"wordCount\":139,\"commentCount\":0,\"publisher\":{\"@id\":\"https:\/\/elcotarro.com\/#organization\"},\"image\":{\"@id\":\"https:\/\/elcotarro.com\/?p=6905#primaryimage\"},\"thumbnailUrl\":\"https:\/\/elcotarro.com\/wp-content\/uploads\/2019\/06\/foto5.jpg\",\"inLanguage\":\"es\",\"potentialAction\":[{\"@type\":\"CommentAction\",\"name\":\"Comment\",\"target\":[\"https:\/\/elcotarro.com\/?p=6905#respond\"]}]},{\"@type\":\"WebPage\",\"@id\":\"https:\/\/elcotarro.com\/?p=6905\",\"url\":\"https:\/\/elcotarro.com\/?p=6905\",\"name\":\"CAMINO DE LOS 40 A\u00d1OS COMO ALCALDES - El Cotarro\",\"isPartOf\":{\"@id\":\"https:\/\/elcotarro.com\/#website\"},\"primaryImageOfPage\":{\"@id\":\"https:\/\/elcotarro.com\/?p=6905#primaryimage\"},\"image\":{\"@id\":\"https:\/\/elcotarro.com\/?p=6905#primaryimage\"},\"thumbnailUrl\":\"https:\/\/elcotarro.com\/wp-content\/uploads\/2019\/06\/foto5.jpg\",\"datePublished\":\"2019-06-02T10:01:19+00:00\",\"breadcrumb\":{\"@id\":\"https:\/\/elcotarro.com\/?p=6905#breadcrumb\"},\"inLanguage\":\"es\",\"potentialAction\":[{\"@type\":\"ReadAction\",\"target\":[\"https:\/\/elcotarro.com\/?p=6905\"]}]},{\"@type\":\"ImageObject\",\"inLanguage\":\"es\",\"@id\":\"https:\/\/elcotarro.com\/?p=6905#primaryimage\",\"url\":\"https:\/\/elcotarro.com\/wp-content\/uploads\/2019\/06\/foto5.jpg\",\"contentUrl\":\"https:\/\/elcotarro.com\/wp-content\/uploads\/2019\/06\/foto5.jpg\",\"width\":410,\"height\":220},{\"@type\":\"BreadcrumbList\",\"@id\":\"https:\/\/elcotarro.com\/?p=6905#breadcrumb\",\"itemListElement\":[{\"@type\":\"ListItem\",\"position\":1,\"name\":\"Portada\",\"item\":\"https:\/\/elcotarro.com\/\"},{\"@type\":\"ListItem\",\"position\":2,\"name\":\"CAMINO DE LOS 40 A\u00d1OS COMO ALCALDES\"}]},{\"@type\":\"WebSite\",\"@id\":\"https:\/\/elcotarro.com\/#website\",\"url\":\"https:\/\/elcotarro.com\/\",\"name\":\"El Cotarro\",\"description\":\"Peri\u00f3dico Digital Independiente dirigido por Jos\u00e9 Carlos Marrero\",\"publisher\":{\"@id\":\"https:\/\/elcotarro.com\/#organization\"},\"potentialAction\":[{\"@type\":\"SearchAction\",\"target\":{\"@type\":\"EntryPoint\",\"urlTemplate\":\"https:\/\/elcotarro.com\/?s={search_term_string}\"},\"query-input\":{\"@type\":\"PropertyValueSpecification\",\"valueRequired\":true,\"valueName\":\"search_term_string\"}}],\"inLanguage\":\"es\"},{\"@type\":\"Organization\",\"@id\":\"https:\/\/elcotarro.com\/#organization\",\"name\":\"El Cotarro\",\"url\":\"https:\/\/elcotarro.com\/\",\"logo\":{\"@type\":\"ImageObject\",\"inLanguage\":\"es\",\"@id\":\"https:\/\/elcotarro.com\/#\/schema\/logo\/image\/\",\"url\":\"https:\/\/elcotarro.com\/wp-content\/uploads\/2014\/09\/Cabecera_El_Cotarro_v2.jpg\",\"contentUrl\":\"https:\/\/elcotarro.com\/wp-content\/uploads\/2014\/09\/Cabecera_El_Cotarro_v2.jpg\",\"width\":3540,\"height\":441,\"caption\":\"El Cotarro\"},\"image\":{\"@id\":\"https:\/\/elcotarro.com\/#\/schema\/logo\/image\/\"},\"sameAs\":[\"https:\/\/www.facebook.com\/ElCotarro.Tenerife\"]},{\"@type\":\"Person\",\"@id\":\"https:\/\/elcotarro.com\/#\/schema\/person\/af537ee7d60d15984c7e0affcd8a918b\",\"name\":\"Jos\u00e9 Carlos Marrero Gonz\u00e1lez\",\"image\":{\"@type\":\"ImageObject\",\"inLanguage\":\"es\",\"@id\":\"https:\/\/elcotarro.com\/#\/schema\/person\/image\/\",\"url\":\"https:\/\/secure.gravatar.com\/avatar\/def4da036efb5d32c74d49c351f6dccc064dd69ad9f3aadc295c5a9a5391ca01?s=96&d=mm&r=g\",\"contentUrl\":\"https:\/\/secure.gravatar.com\/avatar\/def4da036efb5d32c74d49c351f6dccc064dd69ad9f3aadc295c5a9a5391ca01?s=96&d=mm&r=g\",\"caption\":\"Jos\u00e9 Carlos Marrero Gonz\u00e1lez\"},\"sameAs\":[\"https:\/\/elcotarro.com\"],\"url\":\"https:\/\/elcotarro.com\/?author=2\"}]}<\/script>\n<!-- \/ Yoast SEO plugin. -->","yoast_head_json":{"title":"CAMINO DE LOS 40 A\u00d1OS COMO ALCALDES - El Cotarro","robots":{"index":"index","follow":"follow","max-snippet":"max-snippet:-1","max-image-preview":"max-image-preview:large","max-video-preview":"max-video-preview:-1"},"canonical":"https:\/\/elcotarro.com\/?p=6905","og_locale":"es_ES","og_type":"article","og_title":"CAMINO DE LOS 40 A\u00d1OS COMO ALCALDES - El Cotarro","og_description":"Es de justicia felicitar a quienes, una vez m\u00e1s han revalidado sus puestos como alcaldes con mayor\u00edas absolutas:\u2008Pero sobre todo, debemos felicitar, por su triunfo arrollador y porque es de justicia, a Jos\u00e9 Miguel Rodr\u00edguez Fraga\u00a0(PSOE) alcalde de Adeje y a su compa\u00f1ero Ignacio Rodr\u00edguez Jorge\u00a0(PSOE) alcalde de La Matanza de Acentejo, que accedieron a ... Read more","og_url":"https:\/\/elcotarro.com\/?p=6905","og_site_name":"El Cotarro","article_publisher":"https:\/\/www.facebook.com\/ElCotarro.Tenerife","article_published_time":"2019-06-02T10:01:19+00:00","og_image":[{"url":"https:\/\/elcotarro.com\/wp-content\/uploads\/2019\/06\/foto5.jpg","type":"","width":"","height":""}],"author":"Jos\u00e9 Carlos Marrero Gonz\u00e1lez","twitter_misc":{"Escrito por":"Jos\u00e9 Carlos Marrero Gonz\u00e1lez","Tiempo de lectura":"1 minuto"},"schema":{"@context":"https:\/\/schema.org","@graph":[{"@type":"Article","@id":"https:\/\/elcotarro.com\/?p=6905#article","isPartOf":{"@id":"https:\/\/elcotarro.com\/?p=6905"},"author":{"name":"Jos\u00e9 Carlos Marrero Gonz\u00e1lez","@id":"https:\/\/elcotarro.com\/#\/schema\/person\/af537ee7d60d15984c7e0affcd8a918b"},"headline":"CAMINO DE LOS 40 A\u00d1OS COMO ALCALDES","datePublished":"2019-06-02T10:01:19+00:00","mainEntityOfPage":{"@id":"https:\/\/elcotarro.com\/?p=6905"},"wordCount":139,"commentCount":0,"publisher":{"@id":"https:\/\/elcotarro.com\/#organization"},"image":{"@id":"https:\/\/elcotarro.com\/?p=6905#primaryimage"},"thumbnailUrl":"https:\/\/elcotarro.com\/wp-content\/uploads\/2019\/06\/foto5.jpg","inLanguage":"es","potentialAction":[{"@type":"CommentAction","name":"Comment","target":["https:\/\/elcotarro.com\/?p=6905#respond"]}]},{"@type":"WebPage","@id":"https:\/\/elcotarro.com\/?p=6905","url":"https:\/\/elcotarro.com\/?p=6905","name":"CAMINO DE LOS 40 A\u00d1OS COMO ALCALDES - El Cotarro","isPartOf":{"@id":"https:\/\/elcotarro.com\/#website"},"primaryImageOfPage":{"@id":"https:\/\/elcotarro.com\/?p=6905#primaryimage"},"image":{"@id":"https:\/\/elcotarro.com\/?p=6905#primaryimage"},"thumbnailUrl":"https:\/\/elcotarro.com\/wp-content\/uploads\/2019\/06\/foto5.jpg","datePublished":"2019-06-02T10:01:19+00:00","breadcrumb":{"@id":"https:\/\/elcotarro.com\/?p=6905#breadcrumb"},"inLanguage":"es","potentialAction":[{"@type":"ReadAction","target":["https:\/\/elcotarro.com\/?p=6905"]}]},{"@type":"ImageObject","inLanguage":"es","@id":"https:\/\/elcotarro.com\/?p=6905#primaryimage","url":"https:\/\/elcotarro.com\/wp-content\/uploads\/2019\/06\/foto5.jpg","contentUrl":"https:\/\/elcotarro.com\/wp-content\/uploads\/2019\/06\/foto5.jpg","width":410,"height":220},{"@type":"BreadcrumbList","@id":"https:\/\/elcotarro.com\/?p=6905#breadcrumb","itemListElement":[{"@type":"ListItem","position":1,"name":"Portada","item":"https:\/\/elcotarro.com\/"},{"@type":"ListItem","position":2,"name":"CAMINO DE LOS 40 A\u00d1OS COMO ALCALDES"}]},{"@type":"WebSite","@id":"https:\/\/elcotarro.com\/#website","url":"https:\/\/elcotarro.com\/","name":"El Cotarro","description":"Peri\u00f3dico Digital Independiente dirigido por Jos\u00e9 Carlos Marrero","publisher":{"@id":"https:\/\/elcotarro.com\/#organization"},"potentialAction":[{"@type":"SearchAction","target":{"@type":"EntryPoint","urlTemplate":"https:\/\/elcotarro.com\/?s={search_term_string}"},"query-input":{"@type":"PropertyValueSpecification","valueRequired":true,"valueName":"search_term_string"}}],"inLanguage":"es"},{"@type":"Organization","@id":"https:\/\/elcotarro.com\/#organization","name":"El Cotarro","url":"https:\/\/elcotarro.com\/","logo":{"@type":"ImageObject","inLanguage":"es","@id":"https:\/\/elcotarro.com\/#\/schema\/logo\/image\/","url":"https:\/\/elcotarro.com\/wp-content\/uploads\/2014\/09\/Cabecera_El_Cotarro_v2.jpg","contentUrl":"https:\/\/elcotarro.com\/wp-content\/uploads\/2014\/09\/Cabecera_El_Cotarro_v2.jpg","width":3540,"height":441,"caption":"El Cotarro"},"image":{"@id":"https:\/\/elcotarro.com\/#\/schema\/logo\/image\/"},"sameAs":["https:\/\/www.facebook.com\/ElCotarro.Tenerife"]},{"@type":"Person","@id":"https:\/\/elcotarro.com\/#\/schema\/person\/af537ee7d60d15984c7e0affcd8a918b","name":"Jos\u00e9 Carlos Marrero Gonz\u00e1lez","image":{"@type":"ImageObject","inLanguage":"es","@id":"https:\/\/elcotarro.com\/#\/schema\/person\/image\/","url":"https:\/\/secure.gravatar.com\/avatar\/def4da036efb5d32c74d49c351f6dccc064dd69ad9f3aadc295c5a9a5391ca01?s=96&d=mm&r=g","contentUrl":"https:\/\/secure.gravatar.com\/avatar\/def4da036efb5d32c74d49c351f6dccc064dd69ad9f3aadc295c5a9a5391ca01?s=96&d=mm&r=g","caption":"Jos\u00e9 Carlos Marrero Gonz\u00e1lez"},"sameAs":["https:\/\/elcotarro.com"],"url":"https:\/\/elcotarro.com\/?author=2"}]}},"jetpack_featured_media_url":"","jetpack_sharing_enabled":true,"_links":{"self":[{"href":"https:\/\/elcotarro.com\/index.php?rest_route=\/wp\/v2\/posts\/6905","targetHints":{"allow":["GET"]}}],"collection":[{"href":"https:\/\/elcotarro.com\/index.php?rest_route=\/wp\/v2\/posts"}],"about":[{"href":"https:\/\/elcotarro.com\/index.php?rest_route=\/wp\/v2\/types\/post"}],"author":[{"embeddable":true,"href":"https:\/\/elcotarro.com\/index.php?rest_route=\/wp\/v2\/users\/2"}],"replies":[{"embeddable":true,"href":"https:\/\/elcotarro.com\/index.php?rest_route=%2Fwp%2Fv2%2Fcomments&post=6905"}],"version-history":[{"count":1,"href":"https:\/\/elcotarro.com\/index.php?rest_route=\/wp\/v2\/posts\/6905\/revisions"}],"predecessor-version":[{"id":6907,"href":"https:\/\/elcotarro.com\/index.php?rest_route=\/wp\/v2\/posts\/6905\/revisions\/6907"}],"wp:attachment":[{"href":"https:\/\/elcotarro.com\/index.php?rest_route=%2Fwp%2Fv2%2Fmedia&parent=6905"}],"wp:term":[{"taxonomy":"category","embeddable":true,"href":"https:\/\/elcotarro.com\/index.php?rest_route=%2Fwp%2Fv2%2Fcategories&post=6905"},{"taxonomy":"post_tag","embeddable":true,"href":"https:\/\/elcotarro.com\/index.php?rest_route=%2Fwp%2Fv2%2Ftags&post=6905"}],"curies":[{"name":"wp","href":"https:\/\/api.w.org\/{rel}","templated":true}]}}