{"id":7101,"date":"2019-07-28T11:04:10","date_gmt":"2019-07-28T10:04:10","guid":{"rendered":"https:\/\/elcotarro.com\/?p=7101"},"modified":"2019-07-28T09:56:53","modified_gmt":"2019-07-28T08:56:53","slug":"los-50-anos-de-hospiten","status":"publish","type":"post","link":"https:\/\/elcotarro.com\/?p=7101","title":{"rendered":"LOS 50 A\u00d1OS DE HOSPITEN"},"content":{"rendered":"<p>Durante la recepci\u00f3n, <strong>Pedro Luis Cobiella Su\u00e1rez\u00a0<\/strong>hizo un repaso de la trayectoria del grupo hospitalario de origen canario y explic\u00f3 los planes de crecimiento de la compa\u00f1\u00eda. Le manifest\u00f3 a <strong>Felipe VI\u00a0<\/strong>que <em>\u201cpara quienes formamos parte de Hospiten es un honor ser recibidos por Su Majestad en una fecha tan significativa para nosotros como es la celebraci\u00f3n de nuestro 50 aniversario\u201d.<\/em>Y le dijo <strong>Pedro Luis Cobiella\u00a0<\/strong>que <em>\u201cHospiten es un proyecto de vida de toda una familia que empez\u00f3 con una cl\u00ednica en Puerto de la Cruz (Tenerife), y que, con mucho esfuerzo, se ha convertido en un grupo hospitalario internacional que opera en cinco pa\u00edses, a donde hemos conseguido llevar la excelencia en la atenci\u00f3n sanitaria que distingue a nuestro pa\u00eds\u201d.<\/em><\/p>\n<p style=\"text-align: center\"><a href=\"https:\/\/elcotarro.com\/wp-content\/uploads\/2019\/07\/FOTO-2.-TARTA.jpg\"><img loading=\"lazy\" decoding=\"async\" class=\"aligncenter size-full wp-image-7102\" src=\"https:\/\/elcotarro.com\/wp-content\/uploads\/2019\/07\/FOTO-2.-TARTA.jpg\" alt=\"FOTO 2.- TARTA\" width=\"3276\" height=\"2036\" srcset=\"https:\/\/elcotarro.com\/wp-content\/uploads\/2019\/07\/FOTO-2.-TARTA.jpg 3276w, https:\/\/elcotarro.com\/wp-content\/uploads\/2019\/07\/FOTO-2.-TARTA-300x186.jpg 300w, https:\/\/elcotarro.com\/wp-content\/uploads\/2019\/07\/FOTO-2.-TARTA-1024x636.jpg 1024w\" sizes=\"auto, (max-width: 3276px) 100vw, 3276px\" \/><\/a><\/p>\n<p style=\"text-align: center\"><em>Los miembros de la familia en su consejo de administraci\u00f3n, celebrando el 50\u00ba Aniversario del Grupo Hospiten.<\/em><\/p>\n","protected":false},"excerpt":{"rendered":"<p>Durante la recepci\u00f3n, Pedro Luis Cobiella Su\u00e1rez\u00a0hizo un repaso de la trayectoria del grupo hospitalario de origen canario y explic\u00f3 los planes de crecimiento de la compa\u00f1\u00eda. Le manifest\u00f3 a Felipe VI\u00a0que \u201cpara quienes formamos parte de Hospiten es un honor ser recibidos por Su Majestad en una fecha tan significativa para nosotros como es &#8230; <a class=\"read-more\" href=\"https:\/\/elcotarro.com\/?p=7101\">Read more<\/a><\/p>\n","protected":false},"author":2,"featured_media":0,"comment_status":"open","ping_status":"open","sticky":false,"template":"","format":"standard","meta":{"_jetpack_memberships_contains_paid_content":false,"footnotes":""},"categories":[1],"tags":[],"class_list":["post-7101","post","type-post","status-publish","format-standard","hentry","category-sin-categoria"],"yoast_head":"<!-- This site is optimized with the Yoast SEO plugin v27.0 - https:\/\/yoast.com\/product\/yoast-seo-wordpress\/ -->\n<title>LOS 50 A\u00d1OS DE HOSPITEN - El Cotarro<\/title>\n<meta name=\"robots\" content=\"index, follow, max-snippet:-1, max-image-preview:large, max-video-preview:-1\" \/>\n<link rel=\"canonical\" href=\"https:\/\/elcotarro.com\/?p=7101\" \/>\n<meta property=\"og:locale\" content=\"es_ES\" \/>\n<meta property=\"og:type\" content=\"article\" \/>\n<meta property=\"og:title\" content=\"LOS 50 A\u00d1OS DE HOSPITEN - El Cotarro\" \/>\n<meta property=\"og:description\" content=\"Durante la recepci\u00f3n, Pedro Luis Cobiella Su\u00e1rez\u00a0hizo un repaso de la trayectoria del grupo hospitalario de origen canario y explic\u00f3 los planes de crecimiento de la compa\u00f1\u00eda. Le manifest\u00f3 a Felipe VI\u00a0que \u201cpara quienes formamos parte de Hospiten es un honor ser recibidos por Su Majestad en una fecha tan significativa para nosotros como es ... Read more\" \/>\n<meta property=\"og:url\" content=\"https:\/\/elcotarro.com\/?p=7101\" \/>\n<meta property=\"og:site_name\" content=\"El Cotarro\" \/>\n<meta property=\"article:publisher\" content=\"https:\/\/www.facebook.com\/ElCotarro.Tenerife\" \/>\n<meta property=\"article:published_time\" content=\"2019-07-28T10:04:10+00:00\" \/>\n<meta property=\"og:image\" content=\"https:\/\/elcotarro.com\/wp-content\/uploads\/2019\/07\/FOTO-2.-TARTA.jpg\" \/>\n<meta name=\"author\" content=\"Jos\u00e9 Carlos Marrero Gonz\u00e1lez\" \/>\n<meta name=\"twitter:label1\" content=\"Escrito por\" \/>\n\t<meta name=\"twitter:data1\" content=\"Jos\u00e9 Carlos Marrero Gonz\u00e1lez\" \/>\n\t<meta name=\"twitter:label2\" content=\"Tiempo de lectura\" \/>\n\t<meta name=\"twitter:data2\" content=\"1 minuto\" \/>\n<script type=\"application\/ld+json\" class=\"yoast-schema-graph\">{\"@context\":\"https:\/\/schema.org\",\"@graph\":[{\"@type\":\"Article\",\"@id\":\"https:\/\/elcotarro.com\/?p=7101#article\",\"isPartOf\":{\"@id\":\"https:\/\/elcotarro.com\/?p=7101\"},\"author\":{\"name\":\"Jos\u00e9 Carlos Marrero Gonz\u00e1lez\",\"@id\":\"https:\/\/elcotarro.com\/#\/schema\/person\/af537ee7d60d15984c7e0affcd8a918b\"},\"headline\":\"LOS 50 A\u00d1OS DE HOSPITEN\",\"datePublished\":\"2019-07-28T10:04:10+00:00\",\"mainEntityOfPage\":{\"@id\":\"https:\/\/elcotarro.com\/?p=7101\"},\"wordCount\":154,\"commentCount\":0,\"publisher\":{\"@id\":\"https:\/\/elcotarro.com\/#organization\"},\"image\":{\"@id\":\"https:\/\/elcotarro.com\/?p=7101#primaryimage\"},\"thumbnailUrl\":\"https:\/\/elcotarro.com\/wp-content\/uploads\/2019\/07\/FOTO-2.-TARTA.jpg\",\"inLanguage\":\"es\",\"potentialAction\":[{\"@type\":\"CommentAction\",\"name\":\"Comment\",\"target\":[\"https:\/\/elcotarro.com\/?p=7101#respond\"]}]},{\"@type\":\"WebPage\",\"@id\":\"https:\/\/elcotarro.com\/?p=7101\",\"url\":\"https:\/\/elcotarro.com\/?p=7101\",\"name\":\"LOS 50 A\u00d1OS DE HOSPITEN - El Cotarro\",\"isPartOf\":{\"@id\":\"https:\/\/elcotarro.com\/#website\"},\"primaryImageOfPage\":{\"@id\":\"https:\/\/elcotarro.com\/?p=7101#primaryimage\"},\"image\":{\"@id\":\"https:\/\/elcotarro.com\/?p=7101#primaryimage\"},\"thumbnailUrl\":\"https:\/\/elcotarro.com\/wp-content\/uploads\/2019\/07\/FOTO-2.-TARTA.jpg\",\"datePublished\":\"2019-07-28T10:04:10+00:00\",\"breadcrumb\":{\"@id\":\"https:\/\/elcotarro.com\/?p=7101#breadcrumb\"},\"inLanguage\":\"es\",\"potentialAction\":[{\"@type\":\"ReadAction\",\"target\":[\"https:\/\/elcotarro.com\/?p=7101\"]}]},{\"@type\":\"ImageObject\",\"inLanguage\":\"es\",\"@id\":\"https:\/\/elcotarro.com\/?p=7101#primaryimage\",\"url\":\"https:\/\/elcotarro.com\/wp-content\/uploads\/2019\/07\/FOTO-2.-TARTA.jpg\",\"contentUrl\":\"https:\/\/elcotarro.com\/wp-content\/uploads\/2019\/07\/FOTO-2.-TARTA.jpg\",\"width\":3276,\"height\":2036},{\"@type\":\"BreadcrumbList\",\"@id\":\"https:\/\/elcotarro.com\/?p=7101#breadcrumb\",\"itemListElement\":[{\"@type\":\"ListItem\",\"position\":1,\"name\":\"Portada\",\"item\":\"https:\/\/elcotarro.com\/\"},{\"@type\":\"ListItem\",\"position\":2,\"name\":\"LOS 50 A\u00d1OS DE HOSPITEN\"}]},{\"@type\":\"WebSite\",\"@id\":\"https:\/\/elcotarro.com\/#website\",\"url\":\"https:\/\/elcotarro.com\/\",\"name\":\"El Cotarro\",\"description\":\"Peri\u00f3dico Digital Independiente dirigido por Jos\u00e9 Carlos Marrero\",\"publisher\":{\"@id\":\"https:\/\/elcotarro.com\/#organization\"},\"potentialAction\":[{\"@type\":\"SearchAction\",\"target\":{\"@type\":\"EntryPoint\",\"urlTemplate\":\"https:\/\/elcotarro.com\/?s={search_term_string}\"},\"query-input\":{\"@type\":\"PropertyValueSpecification\",\"valueRequired\":true,\"valueName\":\"search_term_string\"}}],\"inLanguage\":\"es\"},{\"@type\":\"Organization\",\"@id\":\"https:\/\/elcotarro.com\/#organization\",\"name\":\"El Cotarro\",\"url\":\"https:\/\/elcotarro.com\/\",\"logo\":{\"@type\":\"ImageObject\",\"inLanguage\":\"es\",\"@id\":\"https:\/\/elcotarro.com\/#\/schema\/logo\/image\/\",\"url\":\"https:\/\/elcotarro.com\/wp-content\/uploads\/2014\/09\/Cabecera_El_Cotarro_v2.jpg\",\"contentUrl\":\"https:\/\/elcotarro.com\/wp-content\/uploads\/2014\/09\/Cabecera_El_Cotarro_v2.jpg\",\"width\":3540,\"height\":441,\"caption\":\"El Cotarro\"},\"image\":{\"@id\":\"https:\/\/elcotarro.com\/#\/schema\/logo\/image\/\"},\"sameAs\":[\"https:\/\/www.facebook.com\/ElCotarro.Tenerife\"]},{\"@type\":\"Person\",\"@id\":\"https:\/\/elcotarro.com\/#\/schema\/person\/af537ee7d60d15984c7e0affcd8a918b\",\"name\":\"Jos\u00e9 Carlos Marrero Gonz\u00e1lez\",\"image\":{\"@type\":\"ImageObject\",\"inLanguage\":\"es\",\"@id\":\"https:\/\/elcotarro.com\/#\/schema\/person\/image\/\",\"url\":\"https:\/\/secure.gravatar.com\/avatar\/def4da036efb5d32c74d49c351f6dccc064dd69ad9f3aadc295c5a9a5391ca01?s=96&d=mm&r=g\",\"contentUrl\":\"https:\/\/secure.gravatar.com\/avatar\/def4da036efb5d32c74d49c351f6dccc064dd69ad9f3aadc295c5a9a5391ca01?s=96&d=mm&r=g\",\"caption\":\"Jos\u00e9 Carlos Marrero Gonz\u00e1lez\"},\"sameAs\":[\"https:\/\/elcotarro.com\"],\"url\":\"https:\/\/elcotarro.com\/?author=2\"}]}<\/script>\n<!-- \/ Yoast SEO plugin. -->","yoast_head_json":{"title":"LOS 50 A\u00d1OS DE HOSPITEN - El Cotarro","robots":{"index":"index","follow":"follow","max-snippet":"max-snippet:-1","max-image-preview":"max-image-preview:large","max-video-preview":"max-video-preview:-1"},"canonical":"https:\/\/elcotarro.com\/?p=7101","og_locale":"es_ES","og_type":"article","og_title":"LOS 50 A\u00d1OS DE HOSPITEN - El Cotarro","og_description":"Durante la recepci\u00f3n, Pedro Luis Cobiella Su\u00e1rez\u00a0hizo un repaso de la trayectoria del grupo hospitalario de origen canario y explic\u00f3 los planes de crecimiento de la compa\u00f1\u00eda. Le manifest\u00f3 a Felipe VI\u00a0que \u201cpara quienes formamos parte de Hospiten es un honor ser recibidos por Su Majestad en una fecha tan significativa para nosotros como es ... Read more","og_url":"https:\/\/elcotarro.com\/?p=7101","og_site_name":"El Cotarro","article_publisher":"https:\/\/www.facebook.com\/ElCotarro.Tenerife","article_published_time":"2019-07-28T10:04:10+00:00","og_image":[{"url":"https:\/\/elcotarro.com\/wp-content\/uploads\/2019\/07\/FOTO-2.-TARTA.jpg","type":"","width":"","height":""}],"author":"Jos\u00e9 Carlos Marrero Gonz\u00e1lez","twitter_misc":{"Escrito por":"Jos\u00e9 Carlos Marrero Gonz\u00e1lez","Tiempo de lectura":"1 minuto"},"schema":{"@context":"https:\/\/schema.org","@graph":[{"@type":"Article","@id":"https:\/\/elcotarro.com\/?p=7101#article","isPartOf":{"@id":"https:\/\/elcotarro.com\/?p=7101"},"author":{"name":"Jos\u00e9 Carlos Marrero Gonz\u00e1lez","@id":"https:\/\/elcotarro.com\/#\/schema\/person\/af537ee7d60d15984c7e0affcd8a918b"},"headline":"LOS 50 A\u00d1OS DE HOSPITEN","datePublished":"2019-07-28T10:04:10+00:00","mainEntityOfPage":{"@id":"https:\/\/elcotarro.com\/?p=7101"},"wordCount":154,"commentCount":0,"publisher":{"@id":"https:\/\/elcotarro.com\/#organization"},"image":{"@id":"https:\/\/elcotarro.com\/?p=7101#primaryimage"},"thumbnailUrl":"https:\/\/elcotarro.com\/wp-content\/uploads\/2019\/07\/FOTO-2.-TARTA.jpg","inLanguage":"es","potentialAction":[{"@type":"CommentAction","name":"Comment","target":["https:\/\/elcotarro.com\/?p=7101#respond"]}]},{"@type":"WebPage","@id":"https:\/\/elcotarro.com\/?p=7101","url":"https:\/\/elcotarro.com\/?p=7101","name":"LOS 50 A\u00d1OS DE HOSPITEN - El Cotarro","isPartOf":{"@id":"https:\/\/elcotarro.com\/#website"},"primaryImageOfPage":{"@id":"https:\/\/elcotarro.com\/?p=7101#primaryimage"},"image":{"@id":"https:\/\/elcotarro.com\/?p=7101#primaryimage"},"thumbnailUrl":"https:\/\/elcotarro.com\/wp-content\/uploads\/2019\/07\/FOTO-2.-TARTA.jpg","datePublished":"2019-07-28T10:04:10+00:00","breadcrumb":{"@id":"https:\/\/elcotarro.com\/?p=7101#breadcrumb"},"inLanguage":"es","potentialAction":[{"@type":"ReadAction","target":["https:\/\/elcotarro.com\/?p=7101"]}]},{"@type":"ImageObject","inLanguage":"es","@id":"https:\/\/elcotarro.com\/?p=7101#primaryimage","url":"https:\/\/elcotarro.com\/wp-content\/uploads\/2019\/07\/FOTO-2.-TARTA.jpg","contentUrl":"https:\/\/elcotarro.com\/wp-content\/uploads\/2019\/07\/FOTO-2.-TARTA.jpg","width":3276,"height":2036},{"@type":"BreadcrumbList","@id":"https:\/\/elcotarro.com\/?p=7101#breadcrumb","itemListElement":[{"@type":"ListItem","position":1,"name":"Portada","item":"https:\/\/elcotarro.com\/"},{"@type":"ListItem","position":2,"name":"LOS 50 A\u00d1OS DE HOSPITEN"}]},{"@type":"WebSite","@id":"https:\/\/elcotarro.com\/#website","url":"https:\/\/elcotarro.com\/","name":"El Cotarro","description":"Peri\u00f3dico Digital Independiente dirigido por Jos\u00e9 Carlos Marrero","publisher":{"@id":"https:\/\/elcotarro.com\/#organization"},"potentialAction":[{"@type":"SearchAction","target":{"@type":"EntryPoint","urlTemplate":"https:\/\/elcotarro.com\/?s={search_term_string}"},"query-input":{"@type":"PropertyValueSpecification","valueRequired":true,"valueName":"search_term_string"}}],"inLanguage":"es"},{"@type":"Organization","@id":"https:\/\/elcotarro.com\/#organization","name":"El Cotarro","url":"https:\/\/elcotarro.com\/","logo":{"@type":"ImageObject","inLanguage":"es","@id":"https:\/\/elcotarro.com\/#\/schema\/logo\/image\/","url":"https:\/\/elcotarro.com\/wp-content\/uploads\/2014\/09\/Cabecera_El_Cotarro_v2.jpg","contentUrl":"https:\/\/elcotarro.com\/wp-content\/uploads\/2014\/09\/Cabecera_El_Cotarro_v2.jpg","width":3540,"height":441,"caption":"El Cotarro"},"image":{"@id":"https:\/\/elcotarro.com\/#\/schema\/logo\/image\/"},"sameAs":["https:\/\/www.facebook.com\/ElCotarro.Tenerife"]},{"@type":"Person","@id":"https:\/\/elcotarro.com\/#\/schema\/person\/af537ee7d60d15984c7e0affcd8a918b","name":"Jos\u00e9 Carlos Marrero Gonz\u00e1lez","image":{"@type":"ImageObject","inLanguage":"es","@id":"https:\/\/elcotarro.com\/#\/schema\/person\/image\/","url":"https:\/\/secure.gravatar.com\/avatar\/def4da036efb5d32c74d49c351f6dccc064dd69ad9f3aadc295c5a9a5391ca01?s=96&d=mm&r=g","contentUrl":"https:\/\/secure.gravatar.com\/avatar\/def4da036efb5d32c74d49c351f6dccc064dd69ad9f3aadc295c5a9a5391ca01?s=96&d=mm&r=g","caption":"Jos\u00e9 Carlos Marrero Gonz\u00e1lez"},"sameAs":["https:\/\/elcotarro.com"],"url":"https:\/\/elcotarro.com\/?author=2"}]}},"jetpack_featured_media_url":"","jetpack_sharing_enabled":true,"_links":{"self":[{"href":"https:\/\/elcotarro.com\/index.php?rest_route=\/wp\/v2\/posts\/7101","targetHints":{"allow":["GET"]}}],"collection":[{"href":"https:\/\/elcotarro.com\/index.php?rest_route=\/wp\/v2\/posts"}],"about":[{"href":"https:\/\/elcotarro.com\/index.php?rest_route=\/wp\/v2\/types\/post"}],"author":[{"embeddable":true,"href":"https:\/\/elcotarro.com\/index.php?rest_route=\/wp\/v2\/users\/2"}],"replies":[{"embeddable":true,"href":"https:\/\/elcotarro.com\/index.php?rest_route=%2Fwp%2Fv2%2Fcomments&post=7101"}],"version-history":[{"count":1,"href":"https:\/\/elcotarro.com\/index.php?rest_route=\/wp\/v2\/posts\/7101\/revisions"}],"predecessor-version":[{"id":7103,"href":"https:\/\/elcotarro.com\/index.php?rest_route=\/wp\/v2\/posts\/7101\/revisions\/7103"}],"wp:attachment":[{"href":"https:\/\/elcotarro.com\/index.php?rest_route=%2Fwp%2Fv2%2Fmedia&parent=7101"}],"wp:term":[{"taxonomy":"category","embeddable":true,"href":"https:\/\/elcotarro.com\/index.php?rest_route=%2Fwp%2Fv2%2Fcategories&post=7101"},{"taxonomy":"post_tag","embeddable":true,"href":"https:\/\/elcotarro.com\/index.php?rest_route=%2Fwp%2Fv2%2Ftags&post=7101"}],"curies":[{"name":"wp","href":"https:\/\/api.w.org\/{rel}","templated":true}]}}