{"id":7346,"date":"2019-09-29T11:02:22","date_gmt":"2019-09-29T10:02:22","guid":{"rendered":"https:\/\/elcotarro.com\/?p=7346"},"modified":"2019-09-28T19:01:57","modified_gmt":"2019-09-28T18:01:57","slug":"la-gastronomia-en-favor-de-los-pactos","status":"publish","type":"post","link":"https:\/\/elcotarro.com\/?p=7346","title":{"rendered":"LA GASTRONOM\u00cdA EN FAVOR DE LOS PACTOS"},"content":{"rendered":"<p>Siempre he dicho que la gastronom\u00eda (sobre todo la buena) sirve para acercar planteamientos, proyectos y voluntades. Por ello m\u00e1s de una comida canaria ha servido para unir a puntales \u201cclave\u201d de una u otra formaci\u00f3n nacionalista, en pro de una tan necesaria como demandada unidad. En Gran Canaria, hace unos d\u00edas, compartieron mesa y mantel cuatro puntales. Dos por Nueva Canarias: <strong>Francisco Zumaquero<\/strong> (exdirector de Formaci\u00f3n y Empleo con <strong>Manuel Hermoso<\/strong>, y de Transportes con <strong>Rom\u00e1n Rodr\u00edguez<\/strong>) y <strong>Aureliano Francisco Santiago Castellano<\/strong> (ex-alcalde de Telde); y dos por parte de Coalici\u00f3n Canaria:\u2008<strong>V\u00edctor D\u00edaz Dom\u00ednguez<\/strong> (ex-consejero de Empleo y Asuntos Sociales con\u2008<strong>Manuel Hermoso<\/strong>) y su hermano <strong>Jos\u00e9 Alberto D\u00edaz<\/strong> (ex-alcalde de La Laguna y hoy liderando la oposici\u00f3n lagunera) quien, una vez m\u00e1s, hizo de aglutinador y hombre de consenso. Se ve que la comida fue sabrosa (gastron\u00f3micamente hablando) y fruct\u00edfera (pol\u00edticamente).<\/p>\n<p style=\"text-align: center\"><a href=\"https:\/\/elcotarro.com\/wp-content\/uploads\/2019\/09\/foto5_29sept.jpg\"><img loading=\"lazy\" decoding=\"async\" class=\"aligncenter size-full wp-image-7347\" src=\"https:\/\/elcotarro.com\/wp-content\/uploads\/2019\/09\/foto5_29sept.jpg\" alt=\"foto5_29sept\" width=\"796\" height=\"250\" srcset=\"https:\/\/elcotarro.com\/wp-content\/uploads\/2019\/09\/foto5_29sept.jpg 796w, https:\/\/elcotarro.com\/wp-content\/uploads\/2019\/09\/foto5_29sept-300x94.jpg 300w\" sizes=\"auto, (max-width: 796px) 100vw, 796px\" \/><\/a><\/p>\n<p style=\"text-align: center\"><em>Francisco Zumaquero, Aureliano Francisco Santiago, V\u00edctor D\u00edaz y Jos\u00e9 Alberto D\u00edaz.<\/em><\/p>\n","protected":false},"excerpt":{"rendered":"<p>Siempre he dicho que la gastronom\u00eda (sobre todo la buena) sirve para acercar planteamientos, proyectos y voluntades. Por ello m\u00e1s de una comida canaria ha servido para unir a puntales \u201cclave\u201d de una u otra formaci\u00f3n nacionalista, en pro de una tan necesaria como demandada unidad. En Gran Canaria, hace unos d\u00edas, compartieron mesa y &#8230; <a class=\"read-more\" href=\"https:\/\/elcotarro.com\/?p=7346\">Read more<\/a><\/p>\n","protected":false},"author":2,"featured_media":0,"comment_status":"open","ping_status":"open","sticky":false,"template":"","format":"standard","meta":{"_jetpack_memberships_contains_paid_content":false,"footnotes":""},"categories":[1],"tags":[],"class_list":["post-7346","post","type-post","status-publish","format-standard","hentry","category-sin-categoria"],"yoast_head":"<!-- This site is optimized with the Yoast SEO plugin v27.0 - https:\/\/yoast.com\/product\/yoast-seo-wordpress\/ -->\n<title>LA GASTRONOM\u00cdA EN FAVOR DE LOS PACTOS - El Cotarro<\/title>\n<meta name=\"robots\" content=\"index, follow, max-snippet:-1, max-image-preview:large, max-video-preview:-1\" \/>\n<link rel=\"canonical\" href=\"https:\/\/elcotarro.com\/?p=7346\" \/>\n<meta property=\"og:locale\" content=\"es_ES\" \/>\n<meta property=\"og:type\" content=\"article\" \/>\n<meta property=\"og:title\" content=\"LA GASTRONOM\u00cdA EN FAVOR DE LOS PACTOS - El Cotarro\" \/>\n<meta property=\"og:description\" content=\"Siempre he dicho que la gastronom\u00eda (sobre todo la buena) sirve para acercar planteamientos, proyectos y voluntades. Por ello m\u00e1s de una comida canaria ha servido para unir a puntales \u201cclave\u201d de una u otra formaci\u00f3n nacionalista, en pro de una tan necesaria como demandada unidad. En Gran Canaria, hace unos d\u00edas, compartieron mesa y ... Read more\" \/>\n<meta property=\"og:url\" content=\"https:\/\/elcotarro.com\/?p=7346\" \/>\n<meta property=\"og:site_name\" content=\"El Cotarro\" \/>\n<meta property=\"article:publisher\" content=\"https:\/\/www.facebook.com\/ElCotarro.Tenerife\" \/>\n<meta property=\"article:published_time\" content=\"2019-09-29T10:02:22+00:00\" \/>\n<meta property=\"og:image\" content=\"https:\/\/elcotarro.com\/wp-content\/uploads\/2019\/09\/foto5_29sept.jpg\" \/>\n<meta name=\"author\" content=\"Jos\u00e9 Carlos Marrero Gonz\u00e1lez\" \/>\n<meta name=\"twitter:label1\" content=\"Escrito por\" \/>\n\t<meta name=\"twitter:data1\" content=\"Jos\u00e9 Carlos Marrero Gonz\u00e1lez\" \/>\n\t<meta name=\"twitter:label2\" content=\"Tiempo de lectura\" \/>\n\t<meta name=\"twitter:data2\" content=\"1 minuto\" \/>\n<script type=\"application\/ld+json\" class=\"yoast-schema-graph\">{\"@context\":\"https:\/\/schema.org\",\"@graph\":[{\"@type\":\"Article\",\"@id\":\"https:\/\/elcotarro.com\/?p=7346#article\",\"isPartOf\":{\"@id\":\"https:\/\/elcotarro.com\/?p=7346\"},\"author\":{\"name\":\"Jos\u00e9 Carlos Marrero Gonz\u00e1lez\",\"@id\":\"https:\/\/elcotarro.com\/#\/schema\/person\/af537ee7d60d15984c7e0affcd8a918b\"},\"headline\":\"LA GASTRONOM\u00cdA EN FAVOR DE LOS PACTOS\",\"datePublished\":\"2019-09-29T10:02:22+00:00\",\"mainEntityOfPage\":{\"@id\":\"https:\/\/elcotarro.com\/?p=7346\"},\"wordCount\":183,\"commentCount\":0,\"publisher\":{\"@id\":\"https:\/\/elcotarro.com\/#organization\"},\"image\":{\"@id\":\"https:\/\/elcotarro.com\/?p=7346#primaryimage\"},\"thumbnailUrl\":\"https:\/\/elcotarro.com\/wp-content\/uploads\/2019\/09\/foto5_29sept.jpg\",\"inLanguage\":\"es\",\"potentialAction\":[{\"@type\":\"CommentAction\",\"name\":\"Comment\",\"target\":[\"https:\/\/elcotarro.com\/?p=7346#respond\"]}]},{\"@type\":\"WebPage\",\"@id\":\"https:\/\/elcotarro.com\/?p=7346\",\"url\":\"https:\/\/elcotarro.com\/?p=7346\",\"name\":\"LA GASTRONOM\u00cdA EN FAVOR DE LOS PACTOS - El Cotarro\",\"isPartOf\":{\"@id\":\"https:\/\/elcotarro.com\/#website\"},\"primaryImageOfPage\":{\"@id\":\"https:\/\/elcotarro.com\/?p=7346#primaryimage\"},\"image\":{\"@id\":\"https:\/\/elcotarro.com\/?p=7346#primaryimage\"},\"thumbnailUrl\":\"https:\/\/elcotarro.com\/wp-content\/uploads\/2019\/09\/foto5_29sept.jpg\",\"datePublished\":\"2019-09-29T10:02:22+00:00\",\"breadcrumb\":{\"@id\":\"https:\/\/elcotarro.com\/?p=7346#breadcrumb\"},\"inLanguage\":\"es\",\"potentialAction\":[{\"@type\":\"ReadAction\",\"target\":[\"https:\/\/elcotarro.com\/?p=7346\"]}]},{\"@type\":\"ImageObject\",\"inLanguage\":\"es\",\"@id\":\"https:\/\/elcotarro.com\/?p=7346#primaryimage\",\"url\":\"https:\/\/elcotarro.com\/wp-content\/uploads\/2019\/09\/foto5_29sept.jpg\",\"contentUrl\":\"https:\/\/elcotarro.com\/wp-content\/uploads\/2019\/09\/foto5_29sept.jpg\",\"width\":796,\"height\":250},{\"@type\":\"BreadcrumbList\",\"@id\":\"https:\/\/elcotarro.com\/?p=7346#breadcrumb\",\"itemListElement\":[{\"@type\":\"ListItem\",\"position\":1,\"name\":\"Portada\",\"item\":\"https:\/\/elcotarro.com\/\"},{\"@type\":\"ListItem\",\"position\":2,\"name\":\"LA GASTRONOM\u00cdA EN FAVOR DE LOS PACTOS\"}]},{\"@type\":\"WebSite\",\"@id\":\"https:\/\/elcotarro.com\/#website\",\"url\":\"https:\/\/elcotarro.com\/\",\"name\":\"El Cotarro\",\"description\":\"Peri\u00f3dico Digital Independiente dirigido por Jos\u00e9 Carlos Marrero\",\"publisher\":{\"@id\":\"https:\/\/elcotarro.com\/#organization\"},\"potentialAction\":[{\"@type\":\"SearchAction\",\"target\":{\"@type\":\"EntryPoint\",\"urlTemplate\":\"https:\/\/elcotarro.com\/?s={search_term_string}\"},\"query-input\":{\"@type\":\"PropertyValueSpecification\",\"valueRequired\":true,\"valueName\":\"search_term_string\"}}],\"inLanguage\":\"es\"},{\"@type\":\"Organization\",\"@id\":\"https:\/\/elcotarro.com\/#organization\",\"name\":\"El Cotarro\",\"url\":\"https:\/\/elcotarro.com\/\",\"logo\":{\"@type\":\"ImageObject\",\"inLanguage\":\"es\",\"@id\":\"https:\/\/elcotarro.com\/#\/schema\/logo\/image\/\",\"url\":\"https:\/\/elcotarro.com\/wp-content\/uploads\/2014\/09\/Cabecera_El_Cotarro_v2.jpg\",\"contentUrl\":\"https:\/\/elcotarro.com\/wp-content\/uploads\/2014\/09\/Cabecera_El_Cotarro_v2.jpg\",\"width\":3540,\"height\":441,\"caption\":\"El Cotarro\"},\"image\":{\"@id\":\"https:\/\/elcotarro.com\/#\/schema\/logo\/image\/\"},\"sameAs\":[\"https:\/\/www.facebook.com\/ElCotarro.Tenerife\"]},{\"@type\":\"Person\",\"@id\":\"https:\/\/elcotarro.com\/#\/schema\/person\/af537ee7d60d15984c7e0affcd8a918b\",\"name\":\"Jos\u00e9 Carlos Marrero Gonz\u00e1lez\",\"image\":{\"@type\":\"ImageObject\",\"inLanguage\":\"es\",\"@id\":\"https:\/\/elcotarro.com\/#\/schema\/person\/image\/\",\"url\":\"https:\/\/secure.gravatar.com\/avatar\/def4da036efb5d32c74d49c351f6dccc064dd69ad9f3aadc295c5a9a5391ca01?s=96&d=mm&r=g\",\"contentUrl\":\"https:\/\/secure.gravatar.com\/avatar\/def4da036efb5d32c74d49c351f6dccc064dd69ad9f3aadc295c5a9a5391ca01?s=96&d=mm&r=g\",\"caption\":\"Jos\u00e9 Carlos Marrero Gonz\u00e1lez\"},\"sameAs\":[\"https:\/\/elcotarro.com\"],\"url\":\"https:\/\/elcotarro.com\/?author=2\"}]}<\/script>\n<!-- \/ Yoast SEO plugin. -->","yoast_head_json":{"title":"LA GASTRONOM\u00cdA EN FAVOR DE LOS PACTOS - El Cotarro","robots":{"index":"index","follow":"follow","max-snippet":"max-snippet:-1","max-image-preview":"max-image-preview:large","max-video-preview":"max-video-preview:-1"},"canonical":"https:\/\/elcotarro.com\/?p=7346","og_locale":"es_ES","og_type":"article","og_title":"LA GASTRONOM\u00cdA EN FAVOR DE LOS PACTOS - El Cotarro","og_description":"Siempre he dicho que la gastronom\u00eda (sobre todo la buena) sirve para acercar planteamientos, proyectos y voluntades. Por ello m\u00e1s de una comida canaria ha servido para unir a puntales \u201cclave\u201d de una u otra formaci\u00f3n nacionalista, en pro de una tan necesaria como demandada unidad. En Gran Canaria, hace unos d\u00edas, compartieron mesa y ... Read more","og_url":"https:\/\/elcotarro.com\/?p=7346","og_site_name":"El Cotarro","article_publisher":"https:\/\/www.facebook.com\/ElCotarro.Tenerife","article_published_time":"2019-09-29T10:02:22+00:00","og_image":[{"url":"https:\/\/elcotarro.com\/wp-content\/uploads\/2019\/09\/foto5_29sept.jpg","type":"","width":"","height":""}],"author":"Jos\u00e9 Carlos Marrero Gonz\u00e1lez","twitter_misc":{"Escrito por":"Jos\u00e9 Carlos Marrero Gonz\u00e1lez","Tiempo de lectura":"1 minuto"},"schema":{"@context":"https:\/\/schema.org","@graph":[{"@type":"Article","@id":"https:\/\/elcotarro.com\/?p=7346#article","isPartOf":{"@id":"https:\/\/elcotarro.com\/?p=7346"},"author":{"name":"Jos\u00e9 Carlos Marrero Gonz\u00e1lez","@id":"https:\/\/elcotarro.com\/#\/schema\/person\/af537ee7d60d15984c7e0affcd8a918b"},"headline":"LA GASTRONOM\u00cdA EN FAVOR DE LOS PACTOS","datePublished":"2019-09-29T10:02:22+00:00","mainEntityOfPage":{"@id":"https:\/\/elcotarro.com\/?p=7346"},"wordCount":183,"commentCount":0,"publisher":{"@id":"https:\/\/elcotarro.com\/#organization"},"image":{"@id":"https:\/\/elcotarro.com\/?p=7346#primaryimage"},"thumbnailUrl":"https:\/\/elcotarro.com\/wp-content\/uploads\/2019\/09\/foto5_29sept.jpg","inLanguage":"es","potentialAction":[{"@type":"CommentAction","name":"Comment","target":["https:\/\/elcotarro.com\/?p=7346#respond"]}]},{"@type":"WebPage","@id":"https:\/\/elcotarro.com\/?p=7346","url":"https:\/\/elcotarro.com\/?p=7346","name":"LA GASTRONOM\u00cdA EN FAVOR DE LOS PACTOS - El Cotarro","isPartOf":{"@id":"https:\/\/elcotarro.com\/#website"},"primaryImageOfPage":{"@id":"https:\/\/elcotarro.com\/?p=7346#primaryimage"},"image":{"@id":"https:\/\/elcotarro.com\/?p=7346#primaryimage"},"thumbnailUrl":"https:\/\/elcotarro.com\/wp-content\/uploads\/2019\/09\/foto5_29sept.jpg","datePublished":"2019-09-29T10:02:22+00:00","breadcrumb":{"@id":"https:\/\/elcotarro.com\/?p=7346#breadcrumb"},"inLanguage":"es","potentialAction":[{"@type":"ReadAction","target":["https:\/\/elcotarro.com\/?p=7346"]}]},{"@type":"ImageObject","inLanguage":"es","@id":"https:\/\/elcotarro.com\/?p=7346#primaryimage","url":"https:\/\/elcotarro.com\/wp-content\/uploads\/2019\/09\/foto5_29sept.jpg","contentUrl":"https:\/\/elcotarro.com\/wp-content\/uploads\/2019\/09\/foto5_29sept.jpg","width":796,"height":250},{"@type":"BreadcrumbList","@id":"https:\/\/elcotarro.com\/?p=7346#breadcrumb","itemListElement":[{"@type":"ListItem","position":1,"name":"Portada","item":"https:\/\/elcotarro.com\/"},{"@type":"ListItem","position":2,"name":"LA GASTRONOM\u00cdA EN FAVOR DE LOS PACTOS"}]},{"@type":"WebSite","@id":"https:\/\/elcotarro.com\/#website","url":"https:\/\/elcotarro.com\/","name":"El Cotarro","description":"Peri\u00f3dico Digital Independiente dirigido por Jos\u00e9 Carlos Marrero","publisher":{"@id":"https:\/\/elcotarro.com\/#organization"},"potentialAction":[{"@type":"SearchAction","target":{"@type":"EntryPoint","urlTemplate":"https:\/\/elcotarro.com\/?s={search_term_string}"},"query-input":{"@type":"PropertyValueSpecification","valueRequired":true,"valueName":"search_term_string"}}],"inLanguage":"es"},{"@type":"Organization","@id":"https:\/\/elcotarro.com\/#organization","name":"El Cotarro","url":"https:\/\/elcotarro.com\/","logo":{"@type":"ImageObject","inLanguage":"es","@id":"https:\/\/elcotarro.com\/#\/schema\/logo\/image\/","url":"https:\/\/elcotarro.com\/wp-content\/uploads\/2014\/09\/Cabecera_El_Cotarro_v2.jpg","contentUrl":"https:\/\/elcotarro.com\/wp-content\/uploads\/2014\/09\/Cabecera_El_Cotarro_v2.jpg","width":3540,"height":441,"caption":"El Cotarro"},"image":{"@id":"https:\/\/elcotarro.com\/#\/schema\/logo\/image\/"},"sameAs":["https:\/\/www.facebook.com\/ElCotarro.Tenerife"]},{"@type":"Person","@id":"https:\/\/elcotarro.com\/#\/schema\/person\/af537ee7d60d15984c7e0affcd8a918b","name":"Jos\u00e9 Carlos Marrero Gonz\u00e1lez","image":{"@type":"ImageObject","inLanguage":"es","@id":"https:\/\/elcotarro.com\/#\/schema\/person\/image\/","url":"https:\/\/secure.gravatar.com\/avatar\/def4da036efb5d32c74d49c351f6dccc064dd69ad9f3aadc295c5a9a5391ca01?s=96&d=mm&r=g","contentUrl":"https:\/\/secure.gravatar.com\/avatar\/def4da036efb5d32c74d49c351f6dccc064dd69ad9f3aadc295c5a9a5391ca01?s=96&d=mm&r=g","caption":"Jos\u00e9 Carlos Marrero Gonz\u00e1lez"},"sameAs":["https:\/\/elcotarro.com"],"url":"https:\/\/elcotarro.com\/?author=2"}]}},"jetpack_featured_media_url":"","jetpack_sharing_enabled":true,"_links":{"self":[{"href":"https:\/\/elcotarro.com\/index.php?rest_route=\/wp\/v2\/posts\/7346","targetHints":{"allow":["GET"]}}],"collection":[{"href":"https:\/\/elcotarro.com\/index.php?rest_route=\/wp\/v2\/posts"}],"about":[{"href":"https:\/\/elcotarro.com\/index.php?rest_route=\/wp\/v2\/types\/post"}],"author":[{"embeddable":true,"href":"https:\/\/elcotarro.com\/index.php?rest_route=\/wp\/v2\/users\/2"}],"replies":[{"embeddable":true,"href":"https:\/\/elcotarro.com\/index.php?rest_route=%2Fwp%2Fv2%2Fcomments&post=7346"}],"version-history":[{"count":1,"href":"https:\/\/elcotarro.com\/index.php?rest_route=\/wp\/v2\/posts\/7346\/revisions"}],"predecessor-version":[{"id":7348,"href":"https:\/\/elcotarro.com\/index.php?rest_route=\/wp\/v2\/posts\/7346\/revisions\/7348"}],"wp:attachment":[{"href":"https:\/\/elcotarro.com\/index.php?rest_route=%2Fwp%2Fv2%2Fmedia&parent=7346"}],"wp:term":[{"taxonomy":"category","embeddable":true,"href":"https:\/\/elcotarro.com\/index.php?rest_route=%2Fwp%2Fv2%2Fcategories&post=7346"},{"taxonomy":"post_tag","embeddable":true,"href":"https:\/\/elcotarro.com\/index.php?rest_route=%2Fwp%2Fv2%2Ftags&post=7346"}],"curies":[{"name":"wp","href":"https:\/\/api.w.org\/{rel}","templated":true}]}}