{"id":7411,"date":"2019-10-20T11:05:11","date_gmt":"2019-10-20T10:05:11","guid":{"rendered":"https:\/\/elcotarro.com\/?p=7411"},"modified":"2019-10-19T21:27:51","modified_gmt":"2019-10-19T20:27:51","slug":"el-clave-y-curioso-circulo-del-turismo","status":"publish","type":"post","link":"https:\/\/elcotarro.com\/?p=7411","title":{"rendered":"EL CLAVE Y CURIOSO C\u00cdRCULO DEL TURISMO"},"content":{"rendered":"<p>Dec\u00eda <b>Hans Christian Andersen<\/b> que <i>\u201cviajar es vivir\u201d \u2026<\/i> El <b>Dalai Lama<\/b> afirmaba que <i>\u201cuna vez al a\u00f1o, ve a alg\u00fan lugar en el que nunca hayas estado\u201d \u2026<\/i> Y el economista jordano, <b>Taleb Rifai,<\/b> quien fue secretario general de la Organizaci\u00f3n Mundial del Turismo (OMT), asegura que <i>\u201ccuando conectamos la educaci\u00f3n con el turismo, estamos uniendo dos fuerzas que pueden hacer de este mundo, un lugar mejor\u201d<\/i> \u2026<span class=\"Apple-converted-space\">\u00a0 <\/span>A partir de estas frases y reflexiones, el asunto es bastante curioso. El c\u00edrculo del bendito y necesario Turismo es tan sencillo de entender, como complicado de cerrar.<span class=\"Apple-converted-space\">\u00a0<\/span><\/p>\n<p style=\"text-align: center\"><a href=\"https:\/\/elcotarro.com\/wp-content\/uploads\/2019\/10\/FOTO-1.-TALEB-RIFAI.jpg\"><img loading=\"lazy\" decoding=\"async\" class=\"aligncenter size-full wp-image-7412\" src=\"https:\/\/elcotarro.com\/wp-content\/uploads\/2019\/10\/FOTO-1.-TALEB-RIFAI.jpg\" alt=\"FOTO 1.- TALEB RIFAI\" width=\"1400\" height=\"480\" srcset=\"https:\/\/elcotarro.com\/wp-content\/uploads\/2019\/10\/FOTO-1.-TALEB-RIFAI.jpg 1400w, https:\/\/elcotarro.com\/wp-content\/uploads\/2019\/10\/FOTO-1.-TALEB-RIFAI-300x103.jpg 300w, https:\/\/elcotarro.com\/wp-content\/uploads\/2019\/10\/FOTO-1.-TALEB-RIFAI-1024x351.jpg 1024w\" sizes=\"auto, (max-width: 1400px) 100vw, 1400px\" \/><\/a><\/p>\n<p style=\"text-align: center\"><i>Taleb Rifai, quien fue secretario general de la Organizaci\u00f3n Mundial del Turismo (OMT)<\/i><\/p>\n","protected":false},"excerpt":{"rendered":"<p>Dec\u00eda Hans Christian Andersen que \u201cviajar es vivir\u201d \u2026 El Dalai Lama afirmaba que \u201cuna vez al a\u00f1o, ve a alg\u00fan lugar en el que nunca hayas estado\u201d \u2026 Y el economista jordano, Taleb Rifai, quien fue secretario general de la Organizaci\u00f3n Mundial del Turismo (OMT), asegura que \u201ccuando conectamos la educaci\u00f3n con el turismo, &#8230; <a class=\"read-more\" href=\"https:\/\/elcotarro.com\/?p=7411\">Read more<\/a><\/p>\n","protected":false},"author":2,"featured_media":0,"comment_status":"open","ping_status":"open","sticky":false,"template":"","format":"standard","meta":{"_jetpack_memberships_contains_paid_content":false,"footnotes":""},"categories":[1],"tags":[],"class_list":["post-7411","post","type-post","status-publish","format-standard","hentry","category-sin-categoria"],"yoast_head":"<!-- This site is optimized with the Yoast SEO plugin v27.0 - https:\/\/yoast.com\/product\/yoast-seo-wordpress\/ -->\n<title>EL CLAVE Y CURIOSO C\u00cdRCULO DEL TURISMO - El Cotarro<\/title>\n<meta name=\"robots\" content=\"index, follow, max-snippet:-1, max-image-preview:large, max-video-preview:-1\" \/>\n<link rel=\"canonical\" href=\"https:\/\/elcotarro.com\/?p=7411\" \/>\n<meta property=\"og:locale\" content=\"es_ES\" \/>\n<meta property=\"og:type\" content=\"article\" \/>\n<meta property=\"og:title\" content=\"EL CLAVE Y CURIOSO C\u00cdRCULO DEL TURISMO - El Cotarro\" \/>\n<meta property=\"og:description\" content=\"Dec\u00eda Hans Christian Andersen que \u201cviajar es vivir\u201d \u2026 El Dalai Lama afirmaba que \u201cuna vez al a\u00f1o, ve a alg\u00fan lugar en el que nunca hayas estado\u201d \u2026 Y el economista jordano, Taleb Rifai, quien fue secretario general de la Organizaci\u00f3n Mundial del Turismo (OMT), asegura que \u201ccuando conectamos la educaci\u00f3n con el turismo, ... Read more\" \/>\n<meta property=\"og:url\" content=\"https:\/\/elcotarro.com\/?p=7411\" \/>\n<meta property=\"og:site_name\" content=\"El Cotarro\" \/>\n<meta property=\"article:publisher\" content=\"https:\/\/www.facebook.com\/ElCotarro.Tenerife\" \/>\n<meta property=\"article:published_time\" content=\"2019-10-20T10:05:11+00:00\" \/>\n<meta property=\"og:image\" content=\"https:\/\/elcotarro.com\/wp-content\/uploads\/2019\/10\/FOTO-1.-TALEB-RIFAI.jpg\" \/>\n<meta name=\"author\" content=\"Jos\u00e9 Carlos Marrero Gonz\u00e1lez\" \/>\n<meta name=\"twitter:label1\" content=\"Escrito por\" \/>\n\t<meta name=\"twitter:data1\" content=\"Jos\u00e9 Carlos Marrero Gonz\u00e1lez\" \/>\n\t<meta name=\"twitter:label2\" content=\"Tiempo de lectura\" \/>\n\t<meta name=\"twitter:data2\" content=\"1 minuto\" \/>\n<script type=\"application\/ld+json\" class=\"yoast-schema-graph\">{\"@context\":\"https:\/\/schema.org\",\"@graph\":[{\"@type\":\"Article\",\"@id\":\"https:\/\/elcotarro.com\/?p=7411#article\",\"isPartOf\":{\"@id\":\"https:\/\/elcotarro.com\/?p=7411\"},\"author\":{\"name\":\"Jos\u00e9 Carlos Marrero Gonz\u00e1lez\",\"@id\":\"https:\/\/elcotarro.com\/#\/schema\/person\/af537ee7d60d15984c7e0affcd8a918b\"},\"headline\":\"EL CLAVE Y CURIOSO C\u00cdRCULO DEL TURISMO\",\"datePublished\":\"2019-10-20T10:05:11+00:00\",\"mainEntityOfPage\":{\"@id\":\"https:\/\/elcotarro.com\/?p=7411\"},\"wordCount\":122,\"commentCount\":0,\"publisher\":{\"@id\":\"https:\/\/elcotarro.com\/#organization\"},\"image\":{\"@id\":\"https:\/\/elcotarro.com\/?p=7411#primaryimage\"},\"thumbnailUrl\":\"https:\/\/elcotarro.com\/wp-content\/uploads\/2019\/10\/FOTO-1.-TALEB-RIFAI.jpg\",\"inLanguage\":\"es\",\"potentialAction\":[{\"@type\":\"CommentAction\",\"name\":\"Comment\",\"target\":[\"https:\/\/elcotarro.com\/?p=7411#respond\"]}]},{\"@type\":\"WebPage\",\"@id\":\"https:\/\/elcotarro.com\/?p=7411\",\"url\":\"https:\/\/elcotarro.com\/?p=7411\",\"name\":\"EL CLAVE Y CURIOSO C\u00cdRCULO DEL TURISMO - El Cotarro\",\"isPartOf\":{\"@id\":\"https:\/\/elcotarro.com\/#website\"},\"primaryImageOfPage\":{\"@id\":\"https:\/\/elcotarro.com\/?p=7411#primaryimage\"},\"image\":{\"@id\":\"https:\/\/elcotarro.com\/?p=7411#primaryimage\"},\"thumbnailUrl\":\"https:\/\/elcotarro.com\/wp-content\/uploads\/2019\/10\/FOTO-1.-TALEB-RIFAI.jpg\",\"datePublished\":\"2019-10-20T10:05:11+00:00\",\"breadcrumb\":{\"@id\":\"https:\/\/elcotarro.com\/?p=7411#breadcrumb\"},\"inLanguage\":\"es\",\"potentialAction\":[{\"@type\":\"ReadAction\",\"target\":[\"https:\/\/elcotarro.com\/?p=7411\"]}]},{\"@type\":\"ImageObject\",\"inLanguage\":\"es\",\"@id\":\"https:\/\/elcotarro.com\/?p=7411#primaryimage\",\"url\":\"https:\/\/elcotarro.com\/wp-content\/uploads\/2019\/10\/FOTO-1.-TALEB-RIFAI.jpg\",\"contentUrl\":\"https:\/\/elcotarro.com\/wp-content\/uploads\/2019\/10\/FOTO-1.-TALEB-RIFAI.jpg\",\"width\":1400,\"height\":480},{\"@type\":\"BreadcrumbList\",\"@id\":\"https:\/\/elcotarro.com\/?p=7411#breadcrumb\",\"itemListElement\":[{\"@type\":\"ListItem\",\"position\":1,\"name\":\"Portada\",\"item\":\"https:\/\/elcotarro.com\/\"},{\"@type\":\"ListItem\",\"position\":2,\"name\":\"EL CLAVE Y CURIOSO C\u00cdRCULO DEL TURISMO\"}]},{\"@type\":\"WebSite\",\"@id\":\"https:\/\/elcotarro.com\/#website\",\"url\":\"https:\/\/elcotarro.com\/\",\"name\":\"El Cotarro\",\"description\":\"Peri\u00f3dico Digital Independiente dirigido por Jos\u00e9 Carlos Marrero\",\"publisher\":{\"@id\":\"https:\/\/elcotarro.com\/#organization\"},\"potentialAction\":[{\"@type\":\"SearchAction\",\"target\":{\"@type\":\"EntryPoint\",\"urlTemplate\":\"https:\/\/elcotarro.com\/?s={search_term_string}\"},\"query-input\":{\"@type\":\"PropertyValueSpecification\",\"valueRequired\":true,\"valueName\":\"search_term_string\"}}],\"inLanguage\":\"es\"},{\"@type\":\"Organization\",\"@id\":\"https:\/\/elcotarro.com\/#organization\",\"name\":\"El Cotarro\",\"url\":\"https:\/\/elcotarro.com\/\",\"logo\":{\"@type\":\"ImageObject\",\"inLanguage\":\"es\",\"@id\":\"https:\/\/elcotarro.com\/#\/schema\/logo\/image\/\",\"url\":\"https:\/\/elcotarro.com\/wp-content\/uploads\/2014\/09\/Cabecera_El_Cotarro_v2.jpg\",\"contentUrl\":\"https:\/\/elcotarro.com\/wp-content\/uploads\/2014\/09\/Cabecera_El_Cotarro_v2.jpg\",\"width\":3540,\"height\":441,\"caption\":\"El Cotarro\"},\"image\":{\"@id\":\"https:\/\/elcotarro.com\/#\/schema\/logo\/image\/\"},\"sameAs\":[\"https:\/\/www.facebook.com\/ElCotarro.Tenerife\"]},{\"@type\":\"Person\",\"@id\":\"https:\/\/elcotarro.com\/#\/schema\/person\/af537ee7d60d15984c7e0affcd8a918b\",\"name\":\"Jos\u00e9 Carlos Marrero Gonz\u00e1lez\",\"image\":{\"@type\":\"ImageObject\",\"inLanguage\":\"es\",\"@id\":\"https:\/\/elcotarro.com\/#\/schema\/person\/image\/\",\"url\":\"https:\/\/secure.gravatar.com\/avatar\/def4da036efb5d32c74d49c351f6dccc064dd69ad9f3aadc295c5a9a5391ca01?s=96&d=mm&r=g\",\"contentUrl\":\"https:\/\/secure.gravatar.com\/avatar\/def4da036efb5d32c74d49c351f6dccc064dd69ad9f3aadc295c5a9a5391ca01?s=96&d=mm&r=g\",\"caption\":\"Jos\u00e9 Carlos Marrero Gonz\u00e1lez\"},\"sameAs\":[\"https:\/\/elcotarro.com\"],\"url\":\"https:\/\/elcotarro.com\/?author=2\"}]}<\/script>\n<!-- \/ Yoast SEO plugin. -->","yoast_head_json":{"title":"EL CLAVE Y CURIOSO C\u00cdRCULO DEL TURISMO - El Cotarro","robots":{"index":"index","follow":"follow","max-snippet":"max-snippet:-1","max-image-preview":"max-image-preview:large","max-video-preview":"max-video-preview:-1"},"canonical":"https:\/\/elcotarro.com\/?p=7411","og_locale":"es_ES","og_type":"article","og_title":"EL CLAVE Y CURIOSO C\u00cdRCULO DEL TURISMO - El Cotarro","og_description":"Dec\u00eda Hans Christian Andersen que \u201cviajar es vivir\u201d \u2026 El Dalai Lama afirmaba que \u201cuna vez al a\u00f1o, ve a alg\u00fan lugar en el que nunca hayas estado\u201d \u2026 Y el economista jordano, Taleb Rifai, quien fue secretario general de la Organizaci\u00f3n Mundial del Turismo (OMT), asegura que \u201ccuando conectamos la educaci\u00f3n con el turismo, ... Read more","og_url":"https:\/\/elcotarro.com\/?p=7411","og_site_name":"El Cotarro","article_publisher":"https:\/\/www.facebook.com\/ElCotarro.Tenerife","article_published_time":"2019-10-20T10:05:11+00:00","og_image":[{"url":"https:\/\/elcotarro.com\/wp-content\/uploads\/2019\/10\/FOTO-1.-TALEB-RIFAI.jpg","type":"","width":"","height":""}],"author":"Jos\u00e9 Carlos Marrero Gonz\u00e1lez","twitter_misc":{"Escrito por":"Jos\u00e9 Carlos Marrero Gonz\u00e1lez","Tiempo de lectura":"1 minuto"},"schema":{"@context":"https:\/\/schema.org","@graph":[{"@type":"Article","@id":"https:\/\/elcotarro.com\/?p=7411#article","isPartOf":{"@id":"https:\/\/elcotarro.com\/?p=7411"},"author":{"name":"Jos\u00e9 Carlos Marrero Gonz\u00e1lez","@id":"https:\/\/elcotarro.com\/#\/schema\/person\/af537ee7d60d15984c7e0affcd8a918b"},"headline":"EL CLAVE Y CURIOSO C\u00cdRCULO DEL TURISMO","datePublished":"2019-10-20T10:05:11+00:00","mainEntityOfPage":{"@id":"https:\/\/elcotarro.com\/?p=7411"},"wordCount":122,"commentCount":0,"publisher":{"@id":"https:\/\/elcotarro.com\/#organization"},"image":{"@id":"https:\/\/elcotarro.com\/?p=7411#primaryimage"},"thumbnailUrl":"https:\/\/elcotarro.com\/wp-content\/uploads\/2019\/10\/FOTO-1.-TALEB-RIFAI.jpg","inLanguage":"es","potentialAction":[{"@type":"CommentAction","name":"Comment","target":["https:\/\/elcotarro.com\/?p=7411#respond"]}]},{"@type":"WebPage","@id":"https:\/\/elcotarro.com\/?p=7411","url":"https:\/\/elcotarro.com\/?p=7411","name":"EL CLAVE Y CURIOSO C\u00cdRCULO DEL TURISMO - El Cotarro","isPartOf":{"@id":"https:\/\/elcotarro.com\/#website"},"primaryImageOfPage":{"@id":"https:\/\/elcotarro.com\/?p=7411#primaryimage"},"image":{"@id":"https:\/\/elcotarro.com\/?p=7411#primaryimage"},"thumbnailUrl":"https:\/\/elcotarro.com\/wp-content\/uploads\/2019\/10\/FOTO-1.-TALEB-RIFAI.jpg","datePublished":"2019-10-20T10:05:11+00:00","breadcrumb":{"@id":"https:\/\/elcotarro.com\/?p=7411#breadcrumb"},"inLanguage":"es","potentialAction":[{"@type":"ReadAction","target":["https:\/\/elcotarro.com\/?p=7411"]}]},{"@type":"ImageObject","inLanguage":"es","@id":"https:\/\/elcotarro.com\/?p=7411#primaryimage","url":"https:\/\/elcotarro.com\/wp-content\/uploads\/2019\/10\/FOTO-1.-TALEB-RIFAI.jpg","contentUrl":"https:\/\/elcotarro.com\/wp-content\/uploads\/2019\/10\/FOTO-1.-TALEB-RIFAI.jpg","width":1400,"height":480},{"@type":"BreadcrumbList","@id":"https:\/\/elcotarro.com\/?p=7411#breadcrumb","itemListElement":[{"@type":"ListItem","position":1,"name":"Portada","item":"https:\/\/elcotarro.com\/"},{"@type":"ListItem","position":2,"name":"EL CLAVE Y CURIOSO C\u00cdRCULO DEL TURISMO"}]},{"@type":"WebSite","@id":"https:\/\/elcotarro.com\/#website","url":"https:\/\/elcotarro.com\/","name":"El Cotarro","description":"Peri\u00f3dico Digital Independiente dirigido por Jos\u00e9 Carlos Marrero","publisher":{"@id":"https:\/\/elcotarro.com\/#organization"},"potentialAction":[{"@type":"SearchAction","target":{"@type":"EntryPoint","urlTemplate":"https:\/\/elcotarro.com\/?s={search_term_string}"},"query-input":{"@type":"PropertyValueSpecification","valueRequired":true,"valueName":"search_term_string"}}],"inLanguage":"es"},{"@type":"Organization","@id":"https:\/\/elcotarro.com\/#organization","name":"El Cotarro","url":"https:\/\/elcotarro.com\/","logo":{"@type":"ImageObject","inLanguage":"es","@id":"https:\/\/elcotarro.com\/#\/schema\/logo\/image\/","url":"https:\/\/elcotarro.com\/wp-content\/uploads\/2014\/09\/Cabecera_El_Cotarro_v2.jpg","contentUrl":"https:\/\/elcotarro.com\/wp-content\/uploads\/2014\/09\/Cabecera_El_Cotarro_v2.jpg","width":3540,"height":441,"caption":"El Cotarro"},"image":{"@id":"https:\/\/elcotarro.com\/#\/schema\/logo\/image\/"},"sameAs":["https:\/\/www.facebook.com\/ElCotarro.Tenerife"]},{"@type":"Person","@id":"https:\/\/elcotarro.com\/#\/schema\/person\/af537ee7d60d15984c7e0affcd8a918b","name":"Jos\u00e9 Carlos Marrero Gonz\u00e1lez","image":{"@type":"ImageObject","inLanguage":"es","@id":"https:\/\/elcotarro.com\/#\/schema\/person\/image\/","url":"https:\/\/secure.gravatar.com\/avatar\/def4da036efb5d32c74d49c351f6dccc064dd69ad9f3aadc295c5a9a5391ca01?s=96&d=mm&r=g","contentUrl":"https:\/\/secure.gravatar.com\/avatar\/def4da036efb5d32c74d49c351f6dccc064dd69ad9f3aadc295c5a9a5391ca01?s=96&d=mm&r=g","caption":"Jos\u00e9 Carlos Marrero Gonz\u00e1lez"},"sameAs":["https:\/\/elcotarro.com"],"url":"https:\/\/elcotarro.com\/?author=2"}]}},"jetpack_featured_media_url":"","jetpack_sharing_enabled":true,"_links":{"self":[{"href":"https:\/\/elcotarro.com\/index.php?rest_route=\/wp\/v2\/posts\/7411","targetHints":{"allow":["GET"]}}],"collection":[{"href":"https:\/\/elcotarro.com\/index.php?rest_route=\/wp\/v2\/posts"}],"about":[{"href":"https:\/\/elcotarro.com\/index.php?rest_route=\/wp\/v2\/types\/post"}],"author":[{"embeddable":true,"href":"https:\/\/elcotarro.com\/index.php?rest_route=\/wp\/v2\/users\/2"}],"replies":[{"embeddable":true,"href":"https:\/\/elcotarro.com\/index.php?rest_route=%2Fwp%2Fv2%2Fcomments&post=7411"}],"version-history":[{"count":1,"href":"https:\/\/elcotarro.com\/index.php?rest_route=\/wp\/v2\/posts\/7411\/revisions"}],"predecessor-version":[{"id":7413,"href":"https:\/\/elcotarro.com\/index.php?rest_route=\/wp\/v2\/posts\/7411\/revisions\/7413"}],"wp:attachment":[{"href":"https:\/\/elcotarro.com\/index.php?rest_route=%2Fwp%2Fv2%2Fmedia&parent=7411"}],"wp:term":[{"taxonomy":"category","embeddable":true,"href":"https:\/\/elcotarro.com\/index.php?rest_route=%2Fwp%2Fv2%2Fcategories&post=7411"},{"taxonomy":"post_tag","embeddable":true,"href":"https:\/\/elcotarro.com\/index.php?rest_route=%2Fwp%2Fv2%2Ftags&post=7411"}],"curies":[{"name":"wp","href":"https:\/\/api.w.org\/{rel}","templated":true}]}}