{"id":7455,"date":"2019-10-27T10:59:24","date_gmt":"2019-10-27T10:59:24","guid":{"rendered":"https:\/\/elcotarro.com\/?p=7455"},"modified":"2019-10-27T10:16:17","modified_gmt":"2019-10-27T10:16:17","slug":"perdimos-hasta-la-marca-registrada","status":"publish","type":"post","link":"https:\/\/elcotarro.com\/?p=7455","title":{"rendered":"PERDIMOS HASTA LA MARCA REGISTRADA"},"content":{"rendered":"<p>En su momento (a\u00f1o 1997) la consejera <strong>Pilar Parejo<\/strong> dio la orden y el Cabildo registr\u00f3 la marca \u201cGuachinche\u201d ante la Oficina Espa\u00f1ola de Patentes y Marcas (OEPM) en 7 de las 45 clases que tiene la llamada Clasificaci\u00f3n de Niza. Diez a\u00f1os despu\u00e9s, cuando lleg\u00f3 el momento de la renovaci\u00f3n en la OEPM, los responsables en el Cabildo estaban <em>\u201cen Bel\u00e9n con los pastores\u201d<\/em>, no hicieron el tr\u00e1mite y perdieron la marca que, posteriormente, fue registrada en un par de clases, por una empresa catalana y un particular tinerfe\u00f1o. Por ello hoy \u201ctodo dios\u201d se atreve a llamarse guachinche y los tenemos \u201cmodernos\u201d, \u201cchill out\u201d, \u201cveganos\u201d, y ya, hasta se anuncian en taxis y las redes.<\/p>\n<p style=\"text-align: center\"><a href=\"https:\/\/elcotarro.com\/wp-content\/uploads\/2019\/10\/FOTO-7.-GUACHINCHE-VEGANO.jpg\"><img loading=\"lazy\" decoding=\"async\" class=\"aligncenter size-full wp-image-7456\" src=\"https:\/\/elcotarro.com\/wp-content\/uploads\/2019\/10\/FOTO-7.-GUACHINCHE-VEGANO.jpg\" alt=\"FOTO 7.- GUACHINCHE VEGANO\" width=\"550\" height=\"309\" srcset=\"https:\/\/elcotarro.com\/wp-content\/uploads\/2019\/10\/FOTO-7.-GUACHINCHE-VEGANO.jpg 550w, https:\/\/elcotarro.com\/wp-content\/uploads\/2019\/10\/FOTO-7.-GUACHINCHE-VEGANO-300x169.jpg 300w\" sizes=\"auto, (max-width: 550px) 100vw, 550px\" \/><\/a><\/p>\n<p style=\"text-align: center\"><em>Hay guachinches que se dicen \u201cveganos\u201d y hasta con terraza \u201cchill-out\u201d.<\/em><\/p>\n","protected":false},"excerpt":{"rendered":"<p>En su momento (a\u00f1o 1997) la consejera Pilar Parejo dio la orden y el Cabildo registr\u00f3 la marca \u201cGuachinche\u201d ante la Oficina Espa\u00f1ola de Patentes y Marcas (OEPM) en 7 de las 45 clases que tiene la llamada Clasificaci\u00f3n de Niza. Diez a\u00f1os despu\u00e9s, cuando lleg\u00f3 el momento de la renovaci\u00f3n en la OEPM, los &#8230; <a class=\"read-more\" href=\"https:\/\/elcotarro.com\/?p=7455\">Read more<\/a><\/p>\n","protected":false},"author":2,"featured_media":0,"comment_status":"open","ping_status":"open","sticky":false,"template":"","format":"standard","meta":{"_jetpack_memberships_contains_paid_content":false,"footnotes":""},"categories":[1],"tags":[],"class_list":["post-7455","post","type-post","status-publish","format-standard","hentry","category-sin-categoria"],"yoast_head":"<!-- This site is optimized with the Yoast SEO plugin v27.0 - https:\/\/yoast.com\/product\/yoast-seo-wordpress\/ -->\n<title>PERDIMOS HASTA LA MARCA REGISTRADA - El Cotarro<\/title>\n<meta name=\"robots\" content=\"index, follow, max-snippet:-1, max-image-preview:large, max-video-preview:-1\" \/>\n<link rel=\"canonical\" href=\"https:\/\/elcotarro.com\/?p=7455\" \/>\n<meta property=\"og:locale\" content=\"es_ES\" \/>\n<meta property=\"og:type\" content=\"article\" \/>\n<meta property=\"og:title\" content=\"PERDIMOS HASTA LA MARCA REGISTRADA - El Cotarro\" \/>\n<meta property=\"og:description\" content=\"En su momento (a\u00f1o 1997) la consejera Pilar Parejo dio la orden y el Cabildo registr\u00f3 la marca \u201cGuachinche\u201d ante la Oficina Espa\u00f1ola de Patentes y Marcas (OEPM) en 7 de las 45 clases que tiene la llamada Clasificaci\u00f3n de Niza. Diez a\u00f1os despu\u00e9s, cuando lleg\u00f3 el momento de la renovaci\u00f3n en la OEPM, los ... Read more\" \/>\n<meta property=\"og:url\" content=\"https:\/\/elcotarro.com\/?p=7455\" \/>\n<meta property=\"og:site_name\" content=\"El Cotarro\" \/>\n<meta property=\"article:publisher\" content=\"https:\/\/www.facebook.com\/ElCotarro.Tenerife\" \/>\n<meta property=\"article:published_time\" content=\"2019-10-27T10:59:24+00:00\" \/>\n<meta property=\"og:image\" content=\"https:\/\/elcotarro.com\/wp-content\/uploads\/2019\/10\/FOTO-7.-GUACHINCHE-VEGANO.jpg\" \/>\n<meta name=\"author\" content=\"Jos\u00e9 Carlos Marrero Gonz\u00e1lez\" \/>\n<meta name=\"twitter:label1\" content=\"Escrito por\" \/>\n\t<meta name=\"twitter:data1\" content=\"Jos\u00e9 Carlos Marrero Gonz\u00e1lez\" \/>\n\t<meta name=\"twitter:label2\" content=\"Tiempo de lectura\" \/>\n\t<meta name=\"twitter:data2\" content=\"1 minuto\" \/>\n<script type=\"application\/ld+json\" class=\"yoast-schema-graph\">{\"@context\":\"https:\/\/schema.org\",\"@graph\":[{\"@type\":\"Article\",\"@id\":\"https:\/\/elcotarro.com\/?p=7455#article\",\"isPartOf\":{\"@id\":\"https:\/\/elcotarro.com\/?p=7455\"},\"author\":{\"name\":\"Jos\u00e9 Carlos Marrero Gonz\u00e1lez\",\"@id\":\"https:\/\/elcotarro.com\/#\/schema\/person\/af537ee7d60d15984c7e0affcd8a918b\"},\"headline\":\"PERDIMOS HASTA LA MARCA REGISTRADA\",\"datePublished\":\"2019-10-27T10:59:24+00:00\",\"mainEntityOfPage\":{\"@id\":\"https:\/\/elcotarro.com\/?p=7455\"},\"wordCount\":139,\"commentCount\":0,\"publisher\":{\"@id\":\"https:\/\/elcotarro.com\/#organization\"},\"image\":{\"@id\":\"https:\/\/elcotarro.com\/?p=7455#primaryimage\"},\"thumbnailUrl\":\"https:\/\/elcotarro.com\/wp-content\/uploads\/2019\/10\/FOTO-7.-GUACHINCHE-VEGANO.jpg\",\"inLanguage\":\"es\",\"potentialAction\":[{\"@type\":\"CommentAction\",\"name\":\"Comment\",\"target\":[\"https:\/\/elcotarro.com\/?p=7455#respond\"]}]},{\"@type\":\"WebPage\",\"@id\":\"https:\/\/elcotarro.com\/?p=7455\",\"url\":\"https:\/\/elcotarro.com\/?p=7455\",\"name\":\"PERDIMOS HASTA LA MARCA REGISTRADA - El Cotarro\",\"isPartOf\":{\"@id\":\"https:\/\/elcotarro.com\/#website\"},\"primaryImageOfPage\":{\"@id\":\"https:\/\/elcotarro.com\/?p=7455#primaryimage\"},\"image\":{\"@id\":\"https:\/\/elcotarro.com\/?p=7455#primaryimage\"},\"thumbnailUrl\":\"https:\/\/elcotarro.com\/wp-content\/uploads\/2019\/10\/FOTO-7.-GUACHINCHE-VEGANO.jpg\",\"datePublished\":\"2019-10-27T10:59:24+00:00\",\"breadcrumb\":{\"@id\":\"https:\/\/elcotarro.com\/?p=7455#breadcrumb\"},\"inLanguage\":\"es\",\"potentialAction\":[{\"@type\":\"ReadAction\",\"target\":[\"https:\/\/elcotarro.com\/?p=7455\"]}]},{\"@type\":\"ImageObject\",\"inLanguage\":\"es\",\"@id\":\"https:\/\/elcotarro.com\/?p=7455#primaryimage\",\"url\":\"https:\/\/elcotarro.com\/wp-content\/uploads\/2019\/10\/FOTO-7.-GUACHINCHE-VEGANO.jpg\",\"contentUrl\":\"https:\/\/elcotarro.com\/wp-content\/uploads\/2019\/10\/FOTO-7.-GUACHINCHE-VEGANO.jpg\",\"width\":550,\"height\":309},{\"@type\":\"BreadcrumbList\",\"@id\":\"https:\/\/elcotarro.com\/?p=7455#breadcrumb\",\"itemListElement\":[{\"@type\":\"ListItem\",\"position\":1,\"name\":\"Portada\",\"item\":\"https:\/\/elcotarro.com\/\"},{\"@type\":\"ListItem\",\"position\":2,\"name\":\"PERDIMOS HASTA LA MARCA REGISTRADA\"}]},{\"@type\":\"WebSite\",\"@id\":\"https:\/\/elcotarro.com\/#website\",\"url\":\"https:\/\/elcotarro.com\/\",\"name\":\"El Cotarro\",\"description\":\"Peri\u00f3dico Digital Independiente dirigido por Jos\u00e9 Carlos Marrero\",\"publisher\":{\"@id\":\"https:\/\/elcotarro.com\/#organization\"},\"potentialAction\":[{\"@type\":\"SearchAction\",\"target\":{\"@type\":\"EntryPoint\",\"urlTemplate\":\"https:\/\/elcotarro.com\/?s={search_term_string}\"},\"query-input\":{\"@type\":\"PropertyValueSpecification\",\"valueRequired\":true,\"valueName\":\"search_term_string\"}}],\"inLanguage\":\"es\"},{\"@type\":\"Organization\",\"@id\":\"https:\/\/elcotarro.com\/#organization\",\"name\":\"El Cotarro\",\"url\":\"https:\/\/elcotarro.com\/\",\"logo\":{\"@type\":\"ImageObject\",\"inLanguage\":\"es\",\"@id\":\"https:\/\/elcotarro.com\/#\/schema\/logo\/image\/\",\"url\":\"https:\/\/elcotarro.com\/wp-content\/uploads\/2014\/09\/Cabecera_El_Cotarro_v2.jpg\",\"contentUrl\":\"https:\/\/elcotarro.com\/wp-content\/uploads\/2014\/09\/Cabecera_El_Cotarro_v2.jpg\",\"width\":3540,\"height\":441,\"caption\":\"El Cotarro\"},\"image\":{\"@id\":\"https:\/\/elcotarro.com\/#\/schema\/logo\/image\/\"},\"sameAs\":[\"https:\/\/www.facebook.com\/ElCotarro.Tenerife\"]},{\"@type\":\"Person\",\"@id\":\"https:\/\/elcotarro.com\/#\/schema\/person\/af537ee7d60d15984c7e0affcd8a918b\",\"name\":\"Jos\u00e9 Carlos Marrero Gonz\u00e1lez\",\"image\":{\"@type\":\"ImageObject\",\"inLanguage\":\"es\",\"@id\":\"https:\/\/elcotarro.com\/#\/schema\/person\/image\/\",\"url\":\"https:\/\/secure.gravatar.com\/avatar\/def4da036efb5d32c74d49c351f6dccc064dd69ad9f3aadc295c5a9a5391ca01?s=96&d=mm&r=g\",\"contentUrl\":\"https:\/\/secure.gravatar.com\/avatar\/def4da036efb5d32c74d49c351f6dccc064dd69ad9f3aadc295c5a9a5391ca01?s=96&d=mm&r=g\",\"caption\":\"Jos\u00e9 Carlos Marrero Gonz\u00e1lez\"},\"sameAs\":[\"https:\/\/elcotarro.com\"],\"url\":\"https:\/\/elcotarro.com\/?author=2\"}]}<\/script>\n<!-- \/ Yoast SEO plugin. -->","yoast_head_json":{"title":"PERDIMOS HASTA LA MARCA REGISTRADA - El Cotarro","robots":{"index":"index","follow":"follow","max-snippet":"max-snippet:-1","max-image-preview":"max-image-preview:large","max-video-preview":"max-video-preview:-1"},"canonical":"https:\/\/elcotarro.com\/?p=7455","og_locale":"es_ES","og_type":"article","og_title":"PERDIMOS HASTA LA MARCA REGISTRADA - El Cotarro","og_description":"En su momento (a\u00f1o 1997) la consejera Pilar Parejo dio la orden y el Cabildo registr\u00f3 la marca \u201cGuachinche\u201d ante la Oficina Espa\u00f1ola de Patentes y Marcas (OEPM) en 7 de las 45 clases que tiene la llamada Clasificaci\u00f3n de Niza. Diez a\u00f1os despu\u00e9s, cuando lleg\u00f3 el momento de la renovaci\u00f3n en la OEPM, los ... Read more","og_url":"https:\/\/elcotarro.com\/?p=7455","og_site_name":"El Cotarro","article_publisher":"https:\/\/www.facebook.com\/ElCotarro.Tenerife","article_published_time":"2019-10-27T10:59:24+00:00","og_image":[{"url":"https:\/\/elcotarro.com\/wp-content\/uploads\/2019\/10\/FOTO-7.-GUACHINCHE-VEGANO.jpg","type":"","width":"","height":""}],"author":"Jos\u00e9 Carlos Marrero Gonz\u00e1lez","twitter_misc":{"Escrito por":"Jos\u00e9 Carlos Marrero Gonz\u00e1lez","Tiempo de lectura":"1 minuto"},"schema":{"@context":"https:\/\/schema.org","@graph":[{"@type":"Article","@id":"https:\/\/elcotarro.com\/?p=7455#article","isPartOf":{"@id":"https:\/\/elcotarro.com\/?p=7455"},"author":{"name":"Jos\u00e9 Carlos Marrero Gonz\u00e1lez","@id":"https:\/\/elcotarro.com\/#\/schema\/person\/af537ee7d60d15984c7e0affcd8a918b"},"headline":"PERDIMOS HASTA LA MARCA REGISTRADA","datePublished":"2019-10-27T10:59:24+00:00","mainEntityOfPage":{"@id":"https:\/\/elcotarro.com\/?p=7455"},"wordCount":139,"commentCount":0,"publisher":{"@id":"https:\/\/elcotarro.com\/#organization"},"image":{"@id":"https:\/\/elcotarro.com\/?p=7455#primaryimage"},"thumbnailUrl":"https:\/\/elcotarro.com\/wp-content\/uploads\/2019\/10\/FOTO-7.-GUACHINCHE-VEGANO.jpg","inLanguage":"es","potentialAction":[{"@type":"CommentAction","name":"Comment","target":["https:\/\/elcotarro.com\/?p=7455#respond"]}]},{"@type":"WebPage","@id":"https:\/\/elcotarro.com\/?p=7455","url":"https:\/\/elcotarro.com\/?p=7455","name":"PERDIMOS HASTA LA MARCA REGISTRADA - El Cotarro","isPartOf":{"@id":"https:\/\/elcotarro.com\/#website"},"primaryImageOfPage":{"@id":"https:\/\/elcotarro.com\/?p=7455#primaryimage"},"image":{"@id":"https:\/\/elcotarro.com\/?p=7455#primaryimage"},"thumbnailUrl":"https:\/\/elcotarro.com\/wp-content\/uploads\/2019\/10\/FOTO-7.-GUACHINCHE-VEGANO.jpg","datePublished":"2019-10-27T10:59:24+00:00","breadcrumb":{"@id":"https:\/\/elcotarro.com\/?p=7455#breadcrumb"},"inLanguage":"es","potentialAction":[{"@type":"ReadAction","target":["https:\/\/elcotarro.com\/?p=7455"]}]},{"@type":"ImageObject","inLanguage":"es","@id":"https:\/\/elcotarro.com\/?p=7455#primaryimage","url":"https:\/\/elcotarro.com\/wp-content\/uploads\/2019\/10\/FOTO-7.-GUACHINCHE-VEGANO.jpg","contentUrl":"https:\/\/elcotarro.com\/wp-content\/uploads\/2019\/10\/FOTO-7.-GUACHINCHE-VEGANO.jpg","width":550,"height":309},{"@type":"BreadcrumbList","@id":"https:\/\/elcotarro.com\/?p=7455#breadcrumb","itemListElement":[{"@type":"ListItem","position":1,"name":"Portada","item":"https:\/\/elcotarro.com\/"},{"@type":"ListItem","position":2,"name":"PERDIMOS HASTA LA MARCA REGISTRADA"}]},{"@type":"WebSite","@id":"https:\/\/elcotarro.com\/#website","url":"https:\/\/elcotarro.com\/","name":"El Cotarro","description":"Peri\u00f3dico Digital Independiente dirigido por Jos\u00e9 Carlos Marrero","publisher":{"@id":"https:\/\/elcotarro.com\/#organization"},"potentialAction":[{"@type":"SearchAction","target":{"@type":"EntryPoint","urlTemplate":"https:\/\/elcotarro.com\/?s={search_term_string}"},"query-input":{"@type":"PropertyValueSpecification","valueRequired":true,"valueName":"search_term_string"}}],"inLanguage":"es"},{"@type":"Organization","@id":"https:\/\/elcotarro.com\/#organization","name":"El Cotarro","url":"https:\/\/elcotarro.com\/","logo":{"@type":"ImageObject","inLanguage":"es","@id":"https:\/\/elcotarro.com\/#\/schema\/logo\/image\/","url":"https:\/\/elcotarro.com\/wp-content\/uploads\/2014\/09\/Cabecera_El_Cotarro_v2.jpg","contentUrl":"https:\/\/elcotarro.com\/wp-content\/uploads\/2014\/09\/Cabecera_El_Cotarro_v2.jpg","width":3540,"height":441,"caption":"El Cotarro"},"image":{"@id":"https:\/\/elcotarro.com\/#\/schema\/logo\/image\/"},"sameAs":["https:\/\/www.facebook.com\/ElCotarro.Tenerife"]},{"@type":"Person","@id":"https:\/\/elcotarro.com\/#\/schema\/person\/af537ee7d60d15984c7e0affcd8a918b","name":"Jos\u00e9 Carlos Marrero Gonz\u00e1lez","image":{"@type":"ImageObject","inLanguage":"es","@id":"https:\/\/elcotarro.com\/#\/schema\/person\/image\/","url":"https:\/\/secure.gravatar.com\/avatar\/def4da036efb5d32c74d49c351f6dccc064dd69ad9f3aadc295c5a9a5391ca01?s=96&d=mm&r=g","contentUrl":"https:\/\/secure.gravatar.com\/avatar\/def4da036efb5d32c74d49c351f6dccc064dd69ad9f3aadc295c5a9a5391ca01?s=96&d=mm&r=g","caption":"Jos\u00e9 Carlos Marrero Gonz\u00e1lez"},"sameAs":["https:\/\/elcotarro.com"],"url":"https:\/\/elcotarro.com\/?author=2"}]}},"jetpack_featured_media_url":"","jetpack_sharing_enabled":true,"_links":{"self":[{"href":"https:\/\/elcotarro.com\/index.php?rest_route=\/wp\/v2\/posts\/7455","targetHints":{"allow":["GET"]}}],"collection":[{"href":"https:\/\/elcotarro.com\/index.php?rest_route=\/wp\/v2\/posts"}],"about":[{"href":"https:\/\/elcotarro.com\/index.php?rest_route=\/wp\/v2\/types\/post"}],"author":[{"embeddable":true,"href":"https:\/\/elcotarro.com\/index.php?rest_route=\/wp\/v2\/users\/2"}],"replies":[{"embeddable":true,"href":"https:\/\/elcotarro.com\/index.php?rest_route=%2Fwp%2Fv2%2Fcomments&post=7455"}],"version-history":[{"count":1,"href":"https:\/\/elcotarro.com\/index.php?rest_route=\/wp\/v2\/posts\/7455\/revisions"}],"predecessor-version":[{"id":7457,"href":"https:\/\/elcotarro.com\/index.php?rest_route=\/wp\/v2\/posts\/7455\/revisions\/7457"}],"wp:attachment":[{"href":"https:\/\/elcotarro.com\/index.php?rest_route=%2Fwp%2Fv2%2Fmedia&parent=7455"}],"wp:term":[{"taxonomy":"category","embeddable":true,"href":"https:\/\/elcotarro.com\/index.php?rest_route=%2Fwp%2Fv2%2Fcategories&post=7455"},{"taxonomy":"post_tag","embeddable":true,"href":"https:\/\/elcotarro.com\/index.php?rest_route=%2Fwp%2Fv2%2Ftags&post=7455"}],"curies":[{"name":"wp","href":"https:\/\/api.w.org\/{rel}","templated":true}]}}