{"id":7461,"date":"2019-10-27T10:57:12","date_gmt":"2019-10-27T10:57:12","guid":{"rendered":"https:\/\/elcotarro.com\/?p=7461"},"modified":"2019-10-27T10:18:29","modified_gmt":"2019-10-27T10:18:29","slug":"hay-solucion-si-hay-voluntad-politica","status":"publish","type":"post","link":"https:\/\/elcotarro.com\/?p=7461","title":{"rendered":"HAY SOLUCI\u00d3N, SI HAY VOLUNTAD POL\u00cdTICA"},"content":{"rendered":"<p>Pero solo si hay voluntad pol\u00edtica de verdad. Primero: creo que el presidente del cabildo tinerfe\u00f1o, <strong>Pedro Mart\u00edn<\/strong> (que tiene una oportunidad de lujo) y el consejero insular de Agricultura, <strong>Francisco Javier Parrilla\u00a0<\/strong>(que lo tiene muy claro), deber\u00edan pedir a su hom\u00f3logo canario, <strong>\u00c1ngel V\u00edctor Torres<\/strong>, que el Gobierno de Canarias se inhiba y ceda las competencias al Cabildo de Tenerife, por ser un tema exclusivo de esta isla. Segundo: redefinir claramente lo que hoy en d\u00eda es o se quiere que sea un guachinche. Tercero: retomar y solucionar de la mejor manera el registro de la marca, sabiendo (como sabemos) que en Tenerife hay una empresa (de las mejores de Espa\u00f1a, por cierto) especializada en el tema de registro y protecci\u00f3n de la Propiedad Industrial. A partir de ah\u00ed, los \u201cverdaderos\u201d que cumplan con todo, que se llamen \u201cguachinches\u201d, y al resto, cerrarlos o prohibirles (con contundencia) que usen ese gran nombre. Am\u00e9n.<\/p>\n<p style=\"text-align: center\"><a href=\"https:\/\/elcotarro.com\/wp-content\/uploads\/2019\/10\/FOTO-9.-CORPORACI\u00d3N.jpg\"><img loading=\"lazy\" decoding=\"async\" class=\"aligncenter size-full wp-image-7462\" src=\"https:\/\/elcotarro.com\/wp-content\/uploads\/2019\/10\/FOTO-9.-CORPORACI\u00d3N.jpg\" alt=\"FOTO 9.- CORPORACI\u00d3N\" width=\"578\" height=\"330\" srcset=\"https:\/\/elcotarro.com\/wp-content\/uploads\/2019\/10\/FOTO-9.-CORPORACI\u00d3N.jpg 578w, https:\/\/elcotarro.com\/wp-content\/uploads\/2019\/10\/FOTO-9.-CORPORACI\u00d3N-300x171.jpg 300w\" sizes=\"auto, (max-width: 578px) 100vw, 578px\" \/><\/a><\/p>\n<p style=\"text-align: center\"><em>La nueva corporaci\u00f3n del Cabildo de Tenerife, que preside Pedro Mart\u00edn (en el centro) tienen una oportunidad de lujo para ordenar el mundo de los guachinches.<\/em><\/p>\n<p style=\"text-align: center\"><a href=\"http:\/\/www.careca.es\/\" target=\"_blank\"><img loading=\"lazy\" decoding=\"async\" class=\"size-full wp-image-2216 aligncenter\" src=\"https:\/\/elcotarro.com\/wp-content\/uploads\/2016\/07\/InsulacafeElCotarro.jpg\" alt=\"Bnn_Careca\" width=\"750\" height=\"150\" \/><\/a><\/p>\n","protected":false},"excerpt":{"rendered":"<p>Pero solo si hay voluntad pol\u00edtica de verdad. Primero: creo que el presidente del cabildo tinerfe\u00f1o, Pedro Mart\u00edn (que tiene una oportunidad de lujo) y el consejero insular de Agricultura, Francisco Javier Parrilla\u00a0(que lo tiene muy claro), deber\u00edan pedir a su hom\u00f3logo canario, \u00c1ngel V\u00edctor Torres, que el Gobierno de Canarias se inhiba y ceda &#8230; <a class=\"read-more\" href=\"https:\/\/elcotarro.com\/?p=7461\">Read more<\/a><\/p>\n","protected":false},"author":2,"featured_media":0,"comment_status":"open","ping_status":"open","sticky":false,"template":"","format":"standard","meta":{"_jetpack_memberships_contains_paid_content":false,"footnotes":""},"categories":[1],"tags":[],"class_list":["post-7461","post","type-post","status-publish","format-standard","hentry","category-sin-categoria"],"yoast_head":"<!-- This site is optimized with the Yoast SEO plugin v27.0 - https:\/\/yoast.com\/product\/yoast-seo-wordpress\/ -->\n<title>HAY SOLUCI\u00d3N, SI HAY VOLUNTAD POL\u00cdTICA - El Cotarro<\/title>\n<meta name=\"robots\" content=\"index, follow, max-snippet:-1, max-image-preview:large, max-video-preview:-1\" \/>\n<link rel=\"canonical\" href=\"https:\/\/elcotarro.com\/?p=7461\" \/>\n<meta property=\"og:locale\" content=\"es_ES\" \/>\n<meta property=\"og:type\" content=\"article\" \/>\n<meta property=\"og:title\" content=\"HAY SOLUCI\u00d3N, SI HAY VOLUNTAD POL\u00cdTICA - El Cotarro\" \/>\n<meta property=\"og:description\" content=\"Pero solo si hay voluntad pol\u00edtica de verdad. Primero: creo que el presidente del cabildo tinerfe\u00f1o, Pedro Mart\u00edn (que tiene una oportunidad de lujo) y el consejero insular de Agricultura, Francisco Javier Parrilla\u00a0(que lo tiene muy claro), deber\u00edan pedir a su hom\u00f3logo canario, \u00c1ngel V\u00edctor Torres, que el Gobierno de Canarias se inhiba y ceda ... Read more\" \/>\n<meta property=\"og:url\" content=\"https:\/\/elcotarro.com\/?p=7461\" \/>\n<meta property=\"og:site_name\" content=\"El Cotarro\" \/>\n<meta property=\"article:publisher\" content=\"https:\/\/www.facebook.com\/ElCotarro.Tenerife\" \/>\n<meta property=\"article:published_time\" content=\"2019-10-27T10:57:12+00:00\" \/>\n<meta property=\"og:image\" content=\"https:\/\/elcotarro.com\/wp-content\/uploads\/2016\/07\/InsulacafeElCotarro.jpg\" \/>\n<meta name=\"author\" content=\"Jos\u00e9 Carlos Marrero Gonz\u00e1lez\" \/>\n<meta name=\"twitter:label1\" content=\"Escrito por\" \/>\n\t<meta name=\"twitter:data1\" content=\"Jos\u00e9 Carlos Marrero Gonz\u00e1lez\" \/>\n\t<meta name=\"twitter:label2\" content=\"Tiempo de lectura\" \/>\n\t<meta name=\"twitter:data2\" content=\"1 minuto\" \/>\n<script type=\"application\/ld+json\" class=\"yoast-schema-graph\">{\"@context\":\"https:\/\/schema.org\",\"@graph\":[{\"@type\":\"Article\",\"@id\":\"https:\/\/elcotarro.com\/?p=7461#article\",\"isPartOf\":{\"@id\":\"https:\/\/elcotarro.com\/?p=7461\"},\"author\":{\"name\":\"Jos\u00e9 Carlos Marrero Gonz\u00e1lez\",\"@id\":\"https:\/\/elcotarro.com\/#\/schema\/person\/af537ee7d60d15984c7e0affcd8a918b\"},\"headline\":\"HAY SOLUCI\u00d3N, SI HAY VOLUNTAD POL\u00cdTICA\",\"datePublished\":\"2019-10-27T10:57:12+00:00\",\"mainEntityOfPage\":{\"@id\":\"https:\/\/elcotarro.com\/?p=7461\"},\"wordCount\":201,\"commentCount\":0,\"publisher\":{\"@id\":\"https:\/\/elcotarro.com\/#organization\"},\"image\":{\"@id\":\"https:\/\/elcotarro.com\/?p=7461#primaryimage\"},\"thumbnailUrl\":\"https:\/\/elcotarro.com\/wp-content\/uploads\/2016\/07\/InsulacafeElCotarro.jpg\",\"inLanguage\":\"es\",\"potentialAction\":[{\"@type\":\"CommentAction\",\"name\":\"Comment\",\"target\":[\"https:\/\/elcotarro.com\/?p=7461#respond\"]}]},{\"@type\":\"WebPage\",\"@id\":\"https:\/\/elcotarro.com\/?p=7461\",\"url\":\"https:\/\/elcotarro.com\/?p=7461\",\"name\":\"HAY SOLUCI\u00d3N, SI HAY VOLUNTAD POL\u00cdTICA - El Cotarro\",\"isPartOf\":{\"@id\":\"https:\/\/elcotarro.com\/#website\"},\"primaryImageOfPage\":{\"@id\":\"https:\/\/elcotarro.com\/?p=7461#primaryimage\"},\"image\":{\"@id\":\"https:\/\/elcotarro.com\/?p=7461#primaryimage\"},\"thumbnailUrl\":\"https:\/\/elcotarro.com\/wp-content\/uploads\/2016\/07\/InsulacafeElCotarro.jpg\",\"datePublished\":\"2019-10-27T10:57:12+00:00\",\"breadcrumb\":{\"@id\":\"https:\/\/elcotarro.com\/?p=7461#breadcrumb\"},\"inLanguage\":\"es\",\"potentialAction\":[{\"@type\":\"ReadAction\",\"target\":[\"https:\/\/elcotarro.com\/?p=7461\"]}]},{\"@type\":\"ImageObject\",\"inLanguage\":\"es\",\"@id\":\"https:\/\/elcotarro.com\/?p=7461#primaryimage\",\"url\":\"https:\/\/elcotarro.com\/wp-content\/uploads\/2016\/07\/InsulacafeElCotarro.jpg\",\"contentUrl\":\"https:\/\/elcotarro.com\/wp-content\/uploads\/2016\/07\/InsulacafeElCotarro.jpg\",\"width\":750,\"height\":153},{\"@type\":\"BreadcrumbList\",\"@id\":\"https:\/\/elcotarro.com\/?p=7461#breadcrumb\",\"itemListElement\":[{\"@type\":\"ListItem\",\"position\":1,\"name\":\"Portada\",\"item\":\"https:\/\/elcotarro.com\/\"},{\"@type\":\"ListItem\",\"position\":2,\"name\":\"HAY SOLUCI\u00d3N, SI HAY VOLUNTAD POL\u00cdTICA\"}]},{\"@type\":\"WebSite\",\"@id\":\"https:\/\/elcotarro.com\/#website\",\"url\":\"https:\/\/elcotarro.com\/\",\"name\":\"El Cotarro\",\"description\":\"Peri\u00f3dico Digital Independiente dirigido por Jos\u00e9 Carlos Marrero\",\"publisher\":{\"@id\":\"https:\/\/elcotarro.com\/#organization\"},\"potentialAction\":[{\"@type\":\"SearchAction\",\"target\":{\"@type\":\"EntryPoint\",\"urlTemplate\":\"https:\/\/elcotarro.com\/?s={search_term_string}\"},\"query-input\":{\"@type\":\"PropertyValueSpecification\",\"valueRequired\":true,\"valueName\":\"search_term_string\"}}],\"inLanguage\":\"es\"},{\"@type\":\"Organization\",\"@id\":\"https:\/\/elcotarro.com\/#organization\",\"name\":\"El Cotarro\",\"url\":\"https:\/\/elcotarro.com\/\",\"logo\":{\"@type\":\"ImageObject\",\"inLanguage\":\"es\",\"@id\":\"https:\/\/elcotarro.com\/#\/schema\/logo\/image\/\",\"url\":\"https:\/\/elcotarro.com\/wp-content\/uploads\/2014\/09\/Cabecera_El_Cotarro_v2.jpg\",\"contentUrl\":\"https:\/\/elcotarro.com\/wp-content\/uploads\/2014\/09\/Cabecera_El_Cotarro_v2.jpg\",\"width\":3540,\"height\":441,\"caption\":\"El Cotarro\"},\"image\":{\"@id\":\"https:\/\/elcotarro.com\/#\/schema\/logo\/image\/\"},\"sameAs\":[\"https:\/\/www.facebook.com\/ElCotarro.Tenerife\"]},{\"@type\":\"Person\",\"@id\":\"https:\/\/elcotarro.com\/#\/schema\/person\/af537ee7d60d15984c7e0affcd8a918b\",\"name\":\"Jos\u00e9 Carlos Marrero Gonz\u00e1lez\",\"image\":{\"@type\":\"ImageObject\",\"inLanguage\":\"es\",\"@id\":\"https:\/\/elcotarro.com\/#\/schema\/person\/image\/\",\"url\":\"https:\/\/secure.gravatar.com\/avatar\/def4da036efb5d32c74d49c351f6dccc064dd69ad9f3aadc295c5a9a5391ca01?s=96&d=mm&r=g\",\"contentUrl\":\"https:\/\/secure.gravatar.com\/avatar\/def4da036efb5d32c74d49c351f6dccc064dd69ad9f3aadc295c5a9a5391ca01?s=96&d=mm&r=g\",\"caption\":\"Jos\u00e9 Carlos Marrero Gonz\u00e1lez\"},\"sameAs\":[\"https:\/\/elcotarro.com\"],\"url\":\"https:\/\/elcotarro.com\/?author=2\"}]}<\/script>\n<!-- \/ Yoast SEO plugin. -->","yoast_head_json":{"title":"HAY SOLUCI\u00d3N, SI HAY VOLUNTAD POL\u00cdTICA - El Cotarro","robots":{"index":"index","follow":"follow","max-snippet":"max-snippet:-1","max-image-preview":"max-image-preview:large","max-video-preview":"max-video-preview:-1"},"canonical":"https:\/\/elcotarro.com\/?p=7461","og_locale":"es_ES","og_type":"article","og_title":"HAY SOLUCI\u00d3N, SI HAY VOLUNTAD POL\u00cdTICA - El Cotarro","og_description":"Pero solo si hay voluntad pol\u00edtica de verdad. Primero: creo que el presidente del cabildo tinerfe\u00f1o, Pedro Mart\u00edn (que tiene una oportunidad de lujo) y el consejero insular de Agricultura, Francisco Javier Parrilla\u00a0(que lo tiene muy claro), deber\u00edan pedir a su hom\u00f3logo canario, \u00c1ngel V\u00edctor Torres, que el Gobierno de Canarias se inhiba y ceda ... Read more","og_url":"https:\/\/elcotarro.com\/?p=7461","og_site_name":"El Cotarro","article_publisher":"https:\/\/www.facebook.com\/ElCotarro.Tenerife","article_published_time":"2019-10-27T10:57:12+00:00","og_image":[{"url":"https:\/\/elcotarro.com\/wp-content\/uploads\/2016\/07\/InsulacafeElCotarro.jpg","type":"","width":"","height":""}],"author":"Jos\u00e9 Carlos Marrero Gonz\u00e1lez","twitter_misc":{"Escrito por":"Jos\u00e9 Carlos Marrero Gonz\u00e1lez","Tiempo de lectura":"1 minuto"},"schema":{"@context":"https:\/\/schema.org","@graph":[{"@type":"Article","@id":"https:\/\/elcotarro.com\/?p=7461#article","isPartOf":{"@id":"https:\/\/elcotarro.com\/?p=7461"},"author":{"name":"Jos\u00e9 Carlos Marrero Gonz\u00e1lez","@id":"https:\/\/elcotarro.com\/#\/schema\/person\/af537ee7d60d15984c7e0affcd8a918b"},"headline":"HAY SOLUCI\u00d3N, SI HAY VOLUNTAD POL\u00cdTICA","datePublished":"2019-10-27T10:57:12+00:00","mainEntityOfPage":{"@id":"https:\/\/elcotarro.com\/?p=7461"},"wordCount":201,"commentCount":0,"publisher":{"@id":"https:\/\/elcotarro.com\/#organization"},"image":{"@id":"https:\/\/elcotarro.com\/?p=7461#primaryimage"},"thumbnailUrl":"https:\/\/elcotarro.com\/wp-content\/uploads\/2016\/07\/InsulacafeElCotarro.jpg","inLanguage":"es","potentialAction":[{"@type":"CommentAction","name":"Comment","target":["https:\/\/elcotarro.com\/?p=7461#respond"]}]},{"@type":"WebPage","@id":"https:\/\/elcotarro.com\/?p=7461","url":"https:\/\/elcotarro.com\/?p=7461","name":"HAY SOLUCI\u00d3N, SI HAY VOLUNTAD POL\u00cdTICA - El Cotarro","isPartOf":{"@id":"https:\/\/elcotarro.com\/#website"},"primaryImageOfPage":{"@id":"https:\/\/elcotarro.com\/?p=7461#primaryimage"},"image":{"@id":"https:\/\/elcotarro.com\/?p=7461#primaryimage"},"thumbnailUrl":"https:\/\/elcotarro.com\/wp-content\/uploads\/2016\/07\/InsulacafeElCotarro.jpg","datePublished":"2019-10-27T10:57:12+00:00","breadcrumb":{"@id":"https:\/\/elcotarro.com\/?p=7461#breadcrumb"},"inLanguage":"es","potentialAction":[{"@type":"ReadAction","target":["https:\/\/elcotarro.com\/?p=7461"]}]},{"@type":"ImageObject","inLanguage":"es","@id":"https:\/\/elcotarro.com\/?p=7461#primaryimage","url":"https:\/\/elcotarro.com\/wp-content\/uploads\/2016\/07\/InsulacafeElCotarro.jpg","contentUrl":"https:\/\/elcotarro.com\/wp-content\/uploads\/2016\/07\/InsulacafeElCotarro.jpg","width":750,"height":153},{"@type":"BreadcrumbList","@id":"https:\/\/elcotarro.com\/?p=7461#breadcrumb","itemListElement":[{"@type":"ListItem","position":1,"name":"Portada","item":"https:\/\/elcotarro.com\/"},{"@type":"ListItem","position":2,"name":"HAY SOLUCI\u00d3N, SI HAY VOLUNTAD POL\u00cdTICA"}]},{"@type":"WebSite","@id":"https:\/\/elcotarro.com\/#website","url":"https:\/\/elcotarro.com\/","name":"El Cotarro","description":"Peri\u00f3dico Digital Independiente dirigido por Jos\u00e9 Carlos Marrero","publisher":{"@id":"https:\/\/elcotarro.com\/#organization"},"potentialAction":[{"@type":"SearchAction","target":{"@type":"EntryPoint","urlTemplate":"https:\/\/elcotarro.com\/?s={search_term_string}"},"query-input":{"@type":"PropertyValueSpecification","valueRequired":true,"valueName":"search_term_string"}}],"inLanguage":"es"},{"@type":"Organization","@id":"https:\/\/elcotarro.com\/#organization","name":"El Cotarro","url":"https:\/\/elcotarro.com\/","logo":{"@type":"ImageObject","inLanguage":"es","@id":"https:\/\/elcotarro.com\/#\/schema\/logo\/image\/","url":"https:\/\/elcotarro.com\/wp-content\/uploads\/2014\/09\/Cabecera_El_Cotarro_v2.jpg","contentUrl":"https:\/\/elcotarro.com\/wp-content\/uploads\/2014\/09\/Cabecera_El_Cotarro_v2.jpg","width":3540,"height":441,"caption":"El Cotarro"},"image":{"@id":"https:\/\/elcotarro.com\/#\/schema\/logo\/image\/"},"sameAs":["https:\/\/www.facebook.com\/ElCotarro.Tenerife"]},{"@type":"Person","@id":"https:\/\/elcotarro.com\/#\/schema\/person\/af537ee7d60d15984c7e0affcd8a918b","name":"Jos\u00e9 Carlos Marrero Gonz\u00e1lez","image":{"@type":"ImageObject","inLanguage":"es","@id":"https:\/\/elcotarro.com\/#\/schema\/person\/image\/","url":"https:\/\/secure.gravatar.com\/avatar\/def4da036efb5d32c74d49c351f6dccc064dd69ad9f3aadc295c5a9a5391ca01?s=96&d=mm&r=g","contentUrl":"https:\/\/secure.gravatar.com\/avatar\/def4da036efb5d32c74d49c351f6dccc064dd69ad9f3aadc295c5a9a5391ca01?s=96&d=mm&r=g","caption":"Jos\u00e9 Carlos Marrero Gonz\u00e1lez"},"sameAs":["https:\/\/elcotarro.com"],"url":"https:\/\/elcotarro.com\/?author=2"}]}},"jetpack_featured_media_url":"","jetpack_sharing_enabled":true,"_links":{"self":[{"href":"https:\/\/elcotarro.com\/index.php?rest_route=\/wp\/v2\/posts\/7461","targetHints":{"allow":["GET"]}}],"collection":[{"href":"https:\/\/elcotarro.com\/index.php?rest_route=\/wp\/v2\/posts"}],"about":[{"href":"https:\/\/elcotarro.com\/index.php?rest_route=\/wp\/v2\/types\/post"}],"author":[{"embeddable":true,"href":"https:\/\/elcotarro.com\/index.php?rest_route=\/wp\/v2\/users\/2"}],"replies":[{"embeddable":true,"href":"https:\/\/elcotarro.com\/index.php?rest_route=%2Fwp%2Fv2%2Fcomments&post=7461"}],"version-history":[{"count":1,"href":"https:\/\/elcotarro.com\/index.php?rest_route=\/wp\/v2\/posts\/7461\/revisions"}],"predecessor-version":[{"id":7463,"href":"https:\/\/elcotarro.com\/index.php?rest_route=\/wp\/v2\/posts\/7461\/revisions\/7463"}],"wp:attachment":[{"href":"https:\/\/elcotarro.com\/index.php?rest_route=%2Fwp%2Fv2%2Fmedia&parent=7461"}],"wp:term":[{"taxonomy":"category","embeddable":true,"href":"https:\/\/elcotarro.com\/index.php?rest_route=%2Fwp%2Fv2%2Fcategories&post=7461"},{"taxonomy":"post_tag","embeddable":true,"href":"https:\/\/elcotarro.com\/index.php?rest_route=%2Fwp%2Fv2%2Ftags&post=7461"}],"curies":[{"name":"wp","href":"https:\/\/api.w.org\/{rel}","templated":true}]}}