{"id":7475,"date":"2019-11-03T11:03:49","date_gmt":"2019-11-03T11:03:49","guid":{"rendered":"https:\/\/elcotarro.com\/?p=7475"},"modified":"2019-11-03T10:14:46","modified_gmt":"2019-11-03T10:14:46","slug":"encuentro-con-la-veterania-en-prensa","status":"publish","type":"post","link":"https:\/\/elcotarro.com\/?p=7475","title":{"rendered":"ENCUENTRO CON LA VETERAN\u00cdA EN PRENSA"},"content":{"rendered":"<p>Hace un par de semanas se celebr\u00f3 el encuentro de este 2019 en el tambi\u00e9n veterano restaurante <em>El Coto de Antonio<\/em>, de Santa Cruz de Tenerife, liderado por el no menos veterano <strong>Carlos Padr\u00f3n\u00a0<\/strong>(que sigue como una puncha). Actuando como anfitri\u00f3n el propio <strong>Fernando Berge Royo\u00a0<\/strong>a quien acompa\u00f1aban <strong>Manuel Del Castillo Gonz\u00e1lez\u00a0<\/strong>(director general de Cajasiete) y <strong>Jos\u00e9 Manuel Garrido Garc\u00eda\u00a0<\/strong>(director de Comunicaci\u00f3n y Relaciones Institucionales de la entidad). Se reunieron unos quince veteranos profesionales de la Prensa regional, (ex directores o subdirectores de alg\u00fan medio). En tres horas de agradable reuni\u00f3n gastron\u00f3mica, se pas\u00f3 revista a los temas m\u00e1s importantes de la actualidad siendo analizados y comentados por todos los asistentes.<\/p>\n<p style=\"text-align: center\"><a href=\"https:\/\/elcotarro.com\/wp-content\/uploads\/2019\/11\/foto21.jpg\"><img loading=\"lazy\" decoding=\"async\" class=\"aligncenter wp-image-7477 size-full\" src=\"https:\/\/elcotarro.com\/wp-content\/uploads\/2019\/11\/foto21.jpg\" alt=\"\" width=\"1280\" height=\"667\" srcset=\"https:\/\/elcotarro.com\/wp-content\/uploads\/2019\/11\/foto21.jpg 1280w, https:\/\/elcotarro.com\/wp-content\/uploads\/2019\/11\/foto21-300x156.jpg 300w, https:\/\/elcotarro.com\/wp-content\/uploads\/2019\/11\/foto21-1024x534.jpg 1024w\" sizes=\"auto, (max-width: 1280px) 100vw, 1280px\" \/><\/a><\/p>\n<p style=\"text-align: center\"><em>De Izda. a Dcha.:\u2008Fernando Berge (presidente de Cajasiete), Manuel Del Castillo (director general) y Jos\u00e9 Manuel Garrido (director de Comunicaci\u00f3n y RR.II.)<\/em><\/p>\n","protected":false},"excerpt":{"rendered":"<p>Hace un par de semanas se celebr\u00f3 el encuentro de este 2019 en el tambi\u00e9n veterano restaurante El Coto de Antonio, de Santa Cruz de Tenerife, liderado por el no menos veterano Carlos Padr\u00f3n\u00a0(que sigue como una puncha). Actuando como anfitri\u00f3n el propio Fernando Berge Royo\u00a0a quien acompa\u00f1aban Manuel Del Castillo Gonz\u00e1lez\u00a0(director general de Cajasiete) &#8230; <a class=\"read-more\" href=\"https:\/\/elcotarro.com\/?p=7475\">Read more<\/a><\/p>\n","protected":false},"author":2,"featured_media":0,"comment_status":"open","ping_status":"open","sticky":false,"template":"","format":"standard","meta":{"_jetpack_memberships_contains_paid_content":false,"footnotes":""},"categories":[1],"tags":[],"class_list":["post-7475","post","type-post","status-publish","format-standard","hentry","category-sin-categoria"],"yoast_head":"<!-- This site is optimized with the Yoast SEO plugin v27.0 - https:\/\/yoast.com\/product\/yoast-seo-wordpress\/ -->\n<title>ENCUENTRO CON LA VETERAN\u00cdA EN PRENSA - El Cotarro<\/title>\n<meta name=\"robots\" content=\"index, follow, max-snippet:-1, max-image-preview:large, max-video-preview:-1\" \/>\n<link rel=\"canonical\" href=\"https:\/\/elcotarro.com\/?p=7475\" \/>\n<meta property=\"og:locale\" content=\"es_ES\" \/>\n<meta property=\"og:type\" content=\"article\" \/>\n<meta property=\"og:title\" content=\"ENCUENTRO CON LA VETERAN\u00cdA EN PRENSA - El Cotarro\" \/>\n<meta property=\"og:description\" content=\"Hace un par de semanas se celebr\u00f3 el encuentro de este 2019 en el tambi\u00e9n veterano restaurante El Coto de Antonio, de Santa Cruz de Tenerife, liderado por el no menos veterano Carlos Padr\u00f3n\u00a0(que sigue como una puncha). Actuando como anfitri\u00f3n el propio Fernando Berge Royo\u00a0a quien acompa\u00f1aban Manuel Del Castillo Gonz\u00e1lez\u00a0(director general de Cajasiete) ... Read more\" \/>\n<meta property=\"og:url\" content=\"https:\/\/elcotarro.com\/?p=7475\" \/>\n<meta property=\"og:site_name\" content=\"El Cotarro\" \/>\n<meta property=\"article:publisher\" content=\"https:\/\/www.facebook.com\/ElCotarro.Tenerife\" \/>\n<meta property=\"article:published_time\" content=\"2019-11-03T11:03:49+00:00\" \/>\n<meta property=\"og:image\" content=\"https:\/\/elcotarro.com\/wp-content\/uploads\/2019\/11\/foto21.jpg\" \/>\n<meta name=\"author\" content=\"Jos\u00e9 Carlos Marrero Gonz\u00e1lez\" \/>\n<meta name=\"twitter:label1\" content=\"Escrito por\" \/>\n\t<meta name=\"twitter:data1\" content=\"Jos\u00e9 Carlos Marrero Gonz\u00e1lez\" \/>\n\t<meta name=\"twitter:label2\" content=\"Tiempo de lectura\" \/>\n\t<meta name=\"twitter:data2\" content=\"1 minuto\" \/>\n<script type=\"application\/ld+json\" class=\"yoast-schema-graph\">{\"@context\":\"https:\/\/schema.org\",\"@graph\":[{\"@type\":\"Article\",\"@id\":\"https:\/\/elcotarro.com\/?p=7475#article\",\"isPartOf\":{\"@id\":\"https:\/\/elcotarro.com\/?p=7475\"},\"author\":{\"name\":\"Jos\u00e9 Carlos Marrero Gonz\u00e1lez\",\"@id\":\"https:\/\/elcotarro.com\/#\/schema\/person\/af537ee7d60d15984c7e0affcd8a918b\"},\"headline\":\"ENCUENTRO CON LA VETERAN\u00cdA EN PRENSA\",\"datePublished\":\"2019-11-03T11:03:49+00:00\",\"mainEntityOfPage\":{\"@id\":\"https:\/\/elcotarro.com\/?p=7475\"},\"wordCount\":157,\"commentCount\":0,\"publisher\":{\"@id\":\"https:\/\/elcotarro.com\/#organization\"},\"image\":{\"@id\":\"https:\/\/elcotarro.com\/?p=7475#primaryimage\"},\"thumbnailUrl\":\"https:\/\/elcotarro.com\/wp-content\/uploads\/2019\/11\/foto21.jpg\",\"inLanguage\":\"es\",\"potentialAction\":[{\"@type\":\"CommentAction\",\"name\":\"Comment\",\"target\":[\"https:\/\/elcotarro.com\/?p=7475#respond\"]}]},{\"@type\":\"WebPage\",\"@id\":\"https:\/\/elcotarro.com\/?p=7475\",\"url\":\"https:\/\/elcotarro.com\/?p=7475\",\"name\":\"ENCUENTRO CON LA VETERAN\u00cdA EN PRENSA - El Cotarro\",\"isPartOf\":{\"@id\":\"https:\/\/elcotarro.com\/#website\"},\"primaryImageOfPage\":{\"@id\":\"https:\/\/elcotarro.com\/?p=7475#primaryimage\"},\"image\":{\"@id\":\"https:\/\/elcotarro.com\/?p=7475#primaryimage\"},\"thumbnailUrl\":\"https:\/\/elcotarro.com\/wp-content\/uploads\/2019\/11\/foto21.jpg\",\"datePublished\":\"2019-11-03T11:03:49+00:00\",\"breadcrumb\":{\"@id\":\"https:\/\/elcotarro.com\/?p=7475#breadcrumb\"},\"inLanguage\":\"es\",\"potentialAction\":[{\"@type\":\"ReadAction\",\"target\":[\"https:\/\/elcotarro.com\/?p=7475\"]}]},{\"@type\":\"ImageObject\",\"inLanguage\":\"es\",\"@id\":\"https:\/\/elcotarro.com\/?p=7475#primaryimage\",\"url\":\"https:\/\/elcotarro.com\/wp-content\/uploads\/2019\/11\/foto21.jpg\",\"contentUrl\":\"https:\/\/elcotarro.com\/wp-content\/uploads\/2019\/11\/foto21.jpg\",\"width\":1280,\"height\":667},{\"@type\":\"BreadcrumbList\",\"@id\":\"https:\/\/elcotarro.com\/?p=7475#breadcrumb\",\"itemListElement\":[{\"@type\":\"ListItem\",\"position\":1,\"name\":\"Portada\",\"item\":\"https:\/\/elcotarro.com\/\"},{\"@type\":\"ListItem\",\"position\":2,\"name\":\"ENCUENTRO CON LA VETERAN\u00cdA EN PRENSA\"}]},{\"@type\":\"WebSite\",\"@id\":\"https:\/\/elcotarro.com\/#website\",\"url\":\"https:\/\/elcotarro.com\/\",\"name\":\"El Cotarro\",\"description\":\"Peri\u00f3dico Digital Independiente dirigido por Jos\u00e9 Carlos Marrero\",\"publisher\":{\"@id\":\"https:\/\/elcotarro.com\/#organization\"},\"potentialAction\":[{\"@type\":\"SearchAction\",\"target\":{\"@type\":\"EntryPoint\",\"urlTemplate\":\"https:\/\/elcotarro.com\/?s={search_term_string}\"},\"query-input\":{\"@type\":\"PropertyValueSpecification\",\"valueRequired\":true,\"valueName\":\"search_term_string\"}}],\"inLanguage\":\"es\"},{\"@type\":\"Organization\",\"@id\":\"https:\/\/elcotarro.com\/#organization\",\"name\":\"El Cotarro\",\"url\":\"https:\/\/elcotarro.com\/\",\"logo\":{\"@type\":\"ImageObject\",\"inLanguage\":\"es\",\"@id\":\"https:\/\/elcotarro.com\/#\/schema\/logo\/image\/\",\"url\":\"https:\/\/elcotarro.com\/wp-content\/uploads\/2014\/09\/Cabecera_El_Cotarro_v2.jpg\",\"contentUrl\":\"https:\/\/elcotarro.com\/wp-content\/uploads\/2014\/09\/Cabecera_El_Cotarro_v2.jpg\",\"width\":3540,\"height\":441,\"caption\":\"El Cotarro\"},\"image\":{\"@id\":\"https:\/\/elcotarro.com\/#\/schema\/logo\/image\/\"},\"sameAs\":[\"https:\/\/www.facebook.com\/ElCotarro.Tenerife\"]},{\"@type\":\"Person\",\"@id\":\"https:\/\/elcotarro.com\/#\/schema\/person\/af537ee7d60d15984c7e0affcd8a918b\",\"name\":\"Jos\u00e9 Carlos Marrero Gonz\u00e1lez\",\"image\":{\"@type\":\"ImageObject\",\"inLanguage\":\"es\",\"@id\":\"https:\/\/elcotarro.com\/#\/schema\/person\/image\/\",\"url\":\"https:\/\/secure.gravatar.com\/avatar\/def4da036efb5d32c74d49c351f6dccc064dd69ad9f3aadc295c5a9a5391ca01?s=96&d=mm&r=g\",\"contentUrl\":\"https:\/\/secure.gravatar.com\/avatar\/def4da036efb5d32c74d49c351f6dccc064dd69ad9f3aadc295c5a9a5391ca01?s=96&d=mm&r=g\",\"caption\":\"Jos\u00e9 Carlos Marrero Gonz\u00e1lez\"},\"sameAs\":[\"https:\/\/elcotarro.com\"],\"url\":\"https:\/\/elcotarro.com\/?author=2\"}]}<\/script>\n<!-- \/ Yoast SEO plugin. -->","yoast_head_json":{"title":"ENCUENTRO CON LA VETERAN\u00cdA EN PRENSA - El Cotarro","robots":{"index":"index","follow":"follow","max-snippet":"max-snippet:-1","max-image-preview":"max-image-preview:large","max-video-preview":"max-video-preview:-1"},"canonical":"https:\/\/elcotarro.com\/?p=7475","og_locale":"es_ES","og_type":"article","og_title":"ENCUENTRO CON LA VETERAN\u00cdA EN PRENSA - El Cotarro","og_description":"Hace un par de semanas se celebr\u00f3 el encuentro de este 2019 en el tambi\u00e9n veterano restaurante El Coto de Antonio, de Santa Cruz de Tenerife, liderado por el no menos veterano Carlos Padr\u00f3n\u00a0(que sigue como una puncha). Actuando como anfitri\u00f3n el propio Fernando Berge Royo\u00a0a quien acompa\u00f1aban Manuel Del Castillo Gonz\u00e1lez\u00a0(director general de Cajasiete) ... Read more","og_url":"https:\/\/elcotarro.com\/?p=7475","og_site_name":"El Cotarro","article_publisher":"https:\/\/www.facebook.com\/ElCotarro.Tenerife","article_published_time":"2019-11-03T11:03:49+00:00","og_image":[{"url":"https:\/\/elcotarro.com\/wp-content\/uploads\/2019\/11\/foto21.jpg","type":"","width":"","height":""}],"author":"Jos\u00e9 Carlos Marrero Gonz\u00e1lez","twitter_misc":{"Escrito por":"Jos\u00e9 Carlos Marrero Gonz\u00e1lez","Tiempo de lectura":"1 minuto"},"schema":{"@context":"https:\/\/schema.org","@graph":[{"@type":"Article","@id":"https:\/\/elcotarro.com\/?p=7475#article","isPartOf":{"@id":"https:\/\/elcotarro.com\/?p=7475"},"author":{"name":"Jos\u00e9 Carlos Marrero Gonz\u00e1lez","@id":"https:\/\/elcotarro.com\/#\/schema\/person\/af537ee7d60d15984c7e0affcd8a918b"},"headline":"ENCUENTRO CON LA VETERAN\u00cdA EN PRENSA","datePublished":"2019-11-03T11:03:49+00:00","mainEntityOfPage":{"@id":"https:\/\/elcotarro.com\/?p=7475"},"wordCount":157,"commentCount":0,"publisher":{"@id":"https:\/\/elcotarro.com\/#organization"},"image":{"@id":"https:\/\/elcotarro.com\/?p=7475#primaryimage"},"thumbnailUrl":"https:\/\/elcotarro.com\/wp-content\/uploads\/2019\/11\/foto21.jpg","inLanguage":"es","potentialAction":[{"@type":"CommentAction","name":"Comment","target":["https:\/\/elcotarro.com\/?p=7475#respond"]}]},{"@type":"WebPage","@id":"https:\/\/elcotarro.com\/?p=7475","url":"https:\/\/elcotarro.com\/?p=7475","name":"ENCUENTRO CON LA VETERAN\u00cdA EN PRENSA - El Cotarro","isPartOf":{"@id":"https:\/\/elcotarro.com\/#website"},"primaryImageOfPage":{"@id":"https:\/\/elcotarro.com\/?p=7475#primaryimage"},"image":{"@id":"https:\/\/elcotarro.com\/?p=7475#primaryimage"},"thumbnailUrl":"https:\/\/elcotarro.com\/wp-content\/uploads\/2019\/11\/foto21.jpg","datePublished":"2019-11-03T11:03:49+00:00","breadcrumb":{"@id":"https:\/\/elcotarro.com\/?p=7475#breadcrumb"},"inLanguage":"es","potentialAction":[{"@type":"ReadAction","target":["https:\/\/elcotarro.com\/?p=7475"]}]},{"@type":"ImageObject","inLanguage":"es","@id":"https:\/\/elcotarro.com\/?p=7475#primaryimage","url":"https:\/\/elcotarro.com\/wp-content\/uploads\/2019\/11\/foto21.jpg","contentUrl":"https:\/\/elcotarro.com\/wp-content\/uploads\/2019\/11\/foto21.jpg","width":1280,"height":667},{"@type":"BreadcrumbList","@id":"https:\/\/elcotarro.com\/?p=7475#breadcrumb","itemListElement":[{"@type":"ListItem","position":1,"name":"Portada","item":"https:\/\/elcotarro.com\/"},{"@type":"ListItem","position":2,"name":"ENCUENTRO CON LA VETERAN\u00cdA EN PRENSA"}]},{"@type":"WebSite","@id":"https:\/\/elcotarro.com\/#website","url":"https:\/\/elcotarro.com\/","name":"El Cotarro","description":"Peri\u00f3dico Digital Independiente dirigido por Jos\u00e9 Carlos Marrero","publisher":{"@id":"https:\/\/elcotarro.com\/#organization"},"potentialAction":[{"@type":"SearchAction","target":{"@type":"EntryPoint","urlTemplate":"https:\/\/elcotarro.com\/?s={search_term_string}"},"query-input":{"@type":"PropertyValueSpecification","valueRequired":true,"valueName":"search_term_string"}}],"inLanguage":"es"},{"@type":"Organization","@id":"https:\/\/elcotarro.com\/#organization","name":"El Cotarro","url":"https:\/\/elcotarro.com\/","logo":{"@type":"ImageObject","inLanguage":"es","@id":"https:\/\/elcotarro.com\/#\/schema\/logo\/image\/","url":"https:\/\/elcotarro.com\/wp-content\/uploads\/2014\/09\/Cabecera_El_Cotarro_v2.jpg","contentUrl":"https:\/\/elcotarro.com\/wp-content\/uploads\/2014\/09\/Cabecera_El_Cotarro_v2.jpg","width":3540,"height":441,"caption":"El Cotarro"},"image":{"@id":"https:\/\/elcotarro.com\/#\/schema\/logo\/image\/"},"sameAs":["https:\/\/www.facebook.com\/ElCotarro.Tenerife"]},{"@type":"Person","@id":"https:\/\/elcotarro.com\/#\/schema\/person\/af537ee7d60d15984c7e0affcd8a918b","name":"Jos\u00e9 Carlos Marrero Gonz\u00e1lez","image":{"@type":"ImageObject","inLanguage":"es","@id":"https:\/\/elcotarro.com\/#\/schema\/person\/image\/","url":"https:\/\/secure.gravatar.com\/avatar\/def4da036efb5d32c74d49c351f6dccc064dd69ad9f3aadc295c5a9a5391ca01?s=96&d=mm&r=g","contentUrl":"https:\/\/secure.gravatar.com\/avatar\/def4da036efb5d32c74d49c351f6dccc064dd69ad9f3aadc295c5a9a5391ca01?s=96&d=mm&r=g","caption":"Jos\u00e9 Carlos Marrero Gonz\u00e1lez"},"sameAs":["https:\/\/elcotarro.com"],"url":"https:\/\/elcotarro.com\/?author=2"}]}},"jetpack_featured_media_url":"","jetpack_sharing_enabled":true,"_links":{"self":[{"href":"https:\/\/elcotarro.com\/index.php?rest_route=\/wp\/v2\/posts\/7475","targetHints":{"allow":["GET"]}}],"collection":[{"href":"https:\/\/elcotarro.com\/index.php?rest_route=\/wp\/v2\/posts"}],"about":[{"href":"https:\/\/elcotarro.com\/index.php?rest_route=\/wp\/v2\/types\/post"}],"author":[{"embeddable":true,"href":"https:\/\/elcotarro.com\/index.php?rest_route=\/wp\/v2\/users\/2"}],"replies":[{"embeddable":true,"href":"https:\/\/elcotarro.com\/index.php?rest_route=%2Fwp%2Fv2%2Fcomments&post=7475"}],"version-history":[{"count":1,"href":"https:\/\/elcotarro.com\/index.php?rest_route=\/wp\/v2\/posts\/7475\/revisions"}],"predecessor-version":[{"id":7478,"href":"https:\/\/elcotarro.com\/index.php?rest_route=\/wp\/v2\/posts\/7475\/revisions\/7478"}],"wp:attachment":[{"href":"https:\/\/elcotarro.com\/index.php?rest_route=%2Fwp%2Fv2%2Fmedia&parent=7475"}],"wp:term":[{"taxonomy":"category","embeddable":true,"href":"https:\/\/elcotarro.com\/index.php?rest_route=%2Fwp%2Fv2%2Fcategories&post=7475"},{"taxonomy":"post_tag","embeddable":true,"href":"https:\/\/elcotarro.com\/index.php?rest_route=%2Fwp%2Fv2%2Ftags&post=7475"}],"curies":[{"name":"wp","href":"https:\/\/api.w.org\/{rel}","templated":true}]}}