{"id":7504,"date":"2019-11-10T11:05:54","date_gmt":"2019-11-10T11:05:54","guid":{"rendered":"https:\/\/elcotarro.com\/?p=7504"},"modified":"2019-11-10T09:17:23","modified_gmt":"2019-11-10T09:17:23","slug":"fiesta-democratica-y-responsabilidad","status":"publish","type":"post","link":"https:\/\/elcotarro.com\/?p=7504","title":{"rendered":"FIESTA DEMOCR\u00c1TICA Y RESPONSABILIDAD"},"content":{"rendered":"<p>De nuevo este domingo y por segunda vez en este a\u00f1o, puede ser (y debe ser) un gran d\u00eda. Hoy celebramos lo que los dem\u00f3cratas y amantes de la libertad llamamos la \u201cFiesta de la Democracia\u201d. Una \u201cfiesta\u201d que cada cierto tiempo baja de las nubes y pone a ras de tierra a los distintos partidos pol\u00edticos. Unos partidos que, durante los \u00faltimos meses, llevan d\u00e1ndonos un triste y lamentable espect\u00e1culo. Pero, como dijo <strong>Winston Churchill<\/strong>, <em>\u201cla democracia es el menos malo de los sistemas pol\u00edticos\u201d<\/em>. Hoy la ciudadan\u00eda tiene la palabra por medio del voto, y de todos nosotros depende el viaje de futuro de nuestro pa\u00eds. Una vez m\u00e1s, debemos ir a votar libre, responsable y\u2026 hasta solidariamente.<\/p>\n<p style=\"text-align: center\"><a href=\"https:\/\/elcotarro.com\/wp-content\/uploads\/2019\/11\/FOTO-1.-CHURCHILL.jpg\"><img loading=\"lazy\" decoding=\"async\" class=\"aligncenter size-full wp-image-7505\" src=\"https:\/\/elcotarro.com\/wp-content\/uploads\/2019\/11\/FOTO-1.-CHURCHILL.jpg\" alt=\"FOTO 1.- CHURCHILL\" width=\"800\" height=\"445\" srcset=\"https:\/\/elcotarro.com\/wp-content\/uploads\/2019\/11\/FOTO-1.-CHURCHILL.jpg 800w, https:\/\/elcotarro.com\/wp-content\/uploads\/2019\/11\/FOTO-1.-CHURCHILL-300x167.jpg 300w\" sizes=\"auto, (max-width: 800px) 100vw, 800px\" \/><\/a><\/p>\n<p style=\"text-align: center\"><em>Winston Churchill\u00a0(<\/em><em>1874<\/em><em>\u00a0\u2013\u00a0<\/em><em>1965<\/em><em>) <\/em><em>pol\u00edtico<\/em><em>,\u00a0<\/em><em>estadista<\/em><em>, historiador y escritor\u00a0<\/em><em>brit\u00e1nico<\/em><em>.<\/em><\/p>\n","protected":false},"excerpt":{"rendered":"<p>De nuevo este domingo y por segunda vez en este a\u00f1o, puede ser (y debe ser) un gran d\u00eda. Hoy celebramos lo que los dem\u00f3cratas y amantes de la libertad llamamos la \u201cFiesta de la Democracia\u201d. Una \u201cfiesta\u201d que cada cierto tiempo baja de las nubes y pone a ras de tierra a los distintos &#8230; <a class=\"read-more\" href=\"https:\/\/elcotarro.com\/?p=7504\">Read more<\/a><\/p>\n","protected":false},"author":2,"featured_media":0,"comment_status":"open","ping_status":"open","sticky":false,"template":"","format":"standard","meta":{"_jetpack_memberships_contains_paid_content":false,"footnotes":""},"categories":[1],"tags":[],"class_list":["post-7504","post","type-post","status-publish","format-standard","hentry","category-sin-categoria"],"yoast_head":"<!-- This site is optimized with the Yoast SEO plugin v27.0 - https:\/\/yoast.com\/product\/yoast-seo-wordpress\/ -->\n<title>FIESTA DEMOCR\u00c1TICA Y RESPONSABILIDAD - El Cotarro<\/title>\n<meta name=\"robots\" content=\"index, follow, max-snippet:-1, max-image-preview:large, max-video-preview:-1\" \/>\n<link rel=\"canonical\" href=\"https:\/\/elcotarro.com\/?p=7504\" \/>\n<meta property=\"og:locale\" content=\"es_ES\" \/>\n<meta property=\"og:type\" content=\"article\" \/>\n<meta property=\"og:title\" content=\"FIESTA DEMOCR\u00c1TICA Y RESPONSABILIDAD - El Cotarro\" \/>\n<meta property=\"og:description\" content=\"De nuevo este domingo y por segunda vez en este a\u00f1o, puede ser (y debe ser) un gran d\u00eda. Hoy celebramos lo que los dem\u00f3cratas y amantes de la libertad llamamos la \u201cFiesta de la Democracia\u201d. Una \u201cfiesta\u201d que cada cierto tiempo baja de las nubes y pone a ras de tierra a los distintos ... Read more\" \/>\n<meta property=\"og:url\" content=\"https:\/\/elcotarro.com\/?p=7504\" \/>\n<meta property=\"og:site_name\" content=\"El Cotarro\" \/>\n<meta property=\"article:publisher\" content=\"https:\/\/www.facebook.com\/ElCotarro.Tenerife\" \/>\n<meta property=\"article:published_time\" content=\"2019-11-10T11:05:54+00:00\" \/>\n<meta property=\"og:image\" content=\"https:\/\/elcotarro.com\/wp-content\/uploads\/2019\/11\/FOTO-1.-CHURCHILL.jpg\" \/>\n<meta name=\"author\" content=\"Jos\u00e9 Carlos Marrero Gonz\u00e1lez\" \/>\n<meta name=\"twitter:label1\" content=\"Escrito por\" \/>\n\t<meta name=\"twitter:data1\" content=\"Jos\u00e9 Carlos Marrero Gonz\u00e1lez\" \/>\n\t<meta name=\"twitter:label2\" content=\"Tiempo de lectura\" \/>\n\t<meta name=\"twitter:data2\" content=\"1 minuto\" \/>\n<script type=\"application\/ld+json\" class=\"yoast-schema-graph\">{\"@context\":\"https:\/\/schema.org\",\"@graph\":[{\"@type\":\"Article\",\"@id\":\"https:\/\/elcotarro.com\/?p=7504#article\",\"isPartOf\":{\"@id\":\"https:\/\/elcotarro.com\/?p=7504\"},\"author\":{\"name\":\"Jos\u00e9 Carlos Marrero Gonz\u00e1lez\",\"@id\":\"https:\/\/elcotarro.com\/#\/schema\/person\/af537ee7d60d15984c7e0affcd8a918b\"},\"headline\":\"FIESTA DEMOCR\u00c1TICA Y RESPONSABILIDAD\",\"datePublished\":\"2019-11-10T11:05:54+00:00\",\"mainEntityOfPage\":{\"@id\":\"https:\/\/elcotarro.com\/?p=7504\"},\"wordCount\":145,\"commentCount\":0,\"publisher\":{\"@id\":\"https:\/\/elcotarro.com\/#organization\"},\"image\":{\"@id\":\"https:\/\/elcotarro.com\/?p=7504#primaryimage\"},\"thumbnailUrl\":\"https:\/\/elcotarro.com\/wp-content\/uploads\/2019\/11\/FOTO-1.-CHURCHILL.jpg\",\"inLanguage\":\"es\",\"potentialAction\":[{\"@type\":\"CommentAction\",\"name\":\"Comment\",\"target\":[\"https:\/\/elcotarro.com\/?p=7504#respond\"]}]},{\"@type\":\"WebPage\",\"@id\":\"https:\/\/elcotarro.com\/?p=7504\",\"url\":\"https:\/\/elcotarro.com\/?p=7504\",\"name\":\"FIESTA DEMOCR\u00c1TICA Y RESPONSABILIDAD - El Cotarro\",\"isPartOf\":{\"@id\":\"https:\/\/elcotarro.com\/#website\"},\"primaryImageOfPage\":{\"@id\":\"https:\/\/elcotarro.com\/?p=7504#primaryimage\"},\"image\":{\"@id\":\"https:\/\/elcotarro.com\/?p=7504#primaryimage\"},\"thumbnailUrl\":\"https:\/\/elcotarro.com\/wp-content\/uploads\/2019\/11\/FOTO-1.-CHURCHILL.jpg\",\"datePublished\":\"2019-11-10T11:05:54+00:00\",\"breadcrumb\":{\"@id\":\"https:\/\/elcotarro.com\/?p=7504#breadcrumb\"},\"inLanguage\":\"es\",\"potentialAction\":[{\"@type\":\"ReadAction\",\"target\":[\"https:\/\/elcotarro.com\/?p=7504\"]}]},{\"@type\":\"ImageObject\",\"inLanguage\":\"es\",\"@id\":\"https:\/\/elcotarro.com\/?p=7504#primaryimage\",\"url\":\"https:\/\/elcotarro.com\/wp-content\/uploads\/2019\/11\/FOTO-1.-CHURCHILL.jpg\",\"contentUrl\":\"https:\/\/elcotarro.com\/wp-content\/uploads\/2019\/11\/FOTO-1.-CHURCHILL.jpg\",\"width\":800,\"height\":445},{\"@type\":\"BreadcrumbList\",\"@id\":\"https:\/\/elcotarro.com\/?p=7504#breadcrumb\",\"itemListElement\":[{\"@type\":\"ListItem\",\"position\":1,\"name\":\"Portada\",\"item\":\"https:\/\/elcotarro.com\/\"},{\"@type\":\"ListItem\",\"position\":2,\"name\":\"FIESTA DEMOCR\u00c1TICA Y RESPONSABILIDAD\"}]},{\"@type\":\"WebSite\",\"@id\":\"https:\/\/elcotarro.com\/#website\",\"url\":\"https:\/\/elcotarro.com\/\",\"name\":\"El Cotarro\",\"description\":\"Peri\u00f3dico Digital Independiente dirigido por Jos\u00e9 Carlos Marrero\",\"publisher\":{\"@id\":\"https:\/\/elcotarro.com\/#organization\"},\"potentialAction\":[{\"@type\":\"SearchAction\",\"target\":{\"@type\":\"EntryPoint\",\"urlTemplate\":\"https:\/\/elcotarro.com\/?s={search_term_string}\"},\"query-input\":{\"@type\":\"PropertyValueSpecification\",\"valueRequired\":true,\"valueName\":\"search_term_string\"}}],\"inLanguage\":\"es\"},{\"@type\":\"Organization\",\"@id\":\"https:\/\/elcotarro.com\/#organization\",\"name\":\"El Cotarro\",\"url\":\"https:\/\/elcotarro.com\/\",\"logo\":{\"@type\":\"ImageObject\",\"inLanguage\":\"es\",\"@id\":\"https:\/\/elcotarro.com\/#\/schema\/logo\/image\/\",\"url\":\"https:\/\/elcotarro.com\/wp-content\/uploads\/2014\/09\/Cabecera_El_Cotarro_v2.jpg\",\"contentUrl\":\"https:\/\/elcotarro.com\/wp-content\/uploads\/2014\/09\/Cabecera_El_Cotarro_v2.jpg\",\"width\":3540,\"height\":441,\"caption\":\"El Cotarro\"},\"image\":{\"@id\":\"https:\/\/elcotarro.com\/#\/schema\/logo\/image\/\"},\"sameAs\":[\"https:\/\/www.facebook.com\/ElCotarro.Tenerife\"]},{\"@type\":\"Person\",\"@id\":\"https:\/\/elcotarro.com\/#\/schema\/person\/af537ee7d60d15984c7e0affcd8a918b\",\"name\":\"Jos\u00e9 Carlos Marrero Gonz\u00e1lez\",\"image\":{\"@type\":\"ImageObject\",\"inLanguage\":\"es\",\"@id\":\"https:\/\/elcotarro.com\/#\/schema\/person\/image\/\",\"url\":\"https:\/\/secure.gravatar.com\/avatar\/def4da036efb5d32c74d49c351f6dccc064dd69ad9f3aadc295c5a9a5391ca01?s=96&d=mm&r=g\",\"contentUrl\":\"https:\/\/secure.gravatar.com\/avatar\/def4da036efb5d32c74d49c351f6dccc064dd69ad9f3aadc295c5a9a5391ca01?s=96&d=mm&r=g\",\"caption\":\"Jos\u00e9 Carlos Marrero Gonz\u00e1lez\"},\"sameAs\":[\"https:\/\/elcotarro.com\"],\"url\":\"https:\/\/elcotarro.com\/?author=2\"}]}<\/script>\n<!-- \/ Yoast SEO plugin. -->","yoast_head_json":{"title":"FIESTA DEMOCR\u00c1TICA Y RESPONSABILIDAD - El Cotarro","robots":{"index":"index","follow":"follow","max-snippet":"max-snippet:-1","max-image-preview":"max-image-preview:large","max-video-preview":"max-video-preview:-1"},"canonical":"https:\/\/elcotarro.com\/?p=7504","og_locale":"es_ES","og_type":"article","og_title":"FIESTA DEMOCR\u00c1TICA Y RESPONSABILIDAD - El Cotarro","og_description":"De nuevo este domingo y por segunda vez en este a\u00f1o, puede ser (y debe ser) un gran d\u00eda. Hoy celebramos lo que los dem\u00f3cratas y amantes de la libertad llamamos la \u201cFiesta de la Democracia\u201d. Una \u201cfiesta\u201d que cada cierto tiempo baja de las nubes y pone a ras de tierra a los distintos ... Read more","og_url":"https:\/\/elcotarro.com\/?p=7504","og_site_name":"El Cotarro","article_publisher":"https:\/\/www.facebook.com\/ElCotarro.Tenerife","article_published_time":"2019-11-10T11:05:54+00:00","og_image":[{"url":"https:\/\/elcotarro.com\/wp-content\/uploads\/2019\/11\/FOTO-1.-CHURCHILL.jpg","type":"","width":"","height":""}],"author":"Jos\u00e9 Carlos Marrero Gonz\u00e1lez","twitter_misc":{"Escrito por":"Jos\u00e9 Carlos Marrero Gonz\u00e1lez","Tiempo de lectura":"1 minuto"},"schema":{"@context":"https:\/\/schema.org","@graph":[{"@type":"Article","@id":"https:\/\/elcotarro.com\/?p=7504#article","isPartOf":{"@id":"https:\/\/elcotarro.com\/?p=7504"},"author":{"name":"Jos\u00e9 Carlos Marrero Gonz\u00e1lez","@id":"https:\/\/elcotarro.com\/#\/schema\/person\/af537ee7d60d15984c7e0affcd8a918b"},"headline":"FIESTA DEMOCR\u00c1TICA Y RESPONSABILIDAD","datePublished":"2019-11-10T11:05:54+00:00","mainEntityOfPage":{"@id":"https:\/\/elcotarro.com\/?p=7504"},"wordCount":145,"commentCount":0,"publisher":{"@id":"https:\/\/elcotarro.com\/#organization"},"image":{"@id":"https:\/\/elcotarro.com\/?p=7504#primaryimage"},"thumbnailUrl":"https:\/\/elcotarro.com\/wp-content\/uploads\/2019\/11\/FOTO-1.-CHURCHILL.jpg","inLanguage":"es","potentialAction":[{"@type":"CommentAction","name":"Comment","target":["https:\/\/elcotarro.com\/?p=7504#respond"]}]},{"@type":"WebPage","@id":"https:\/\/elcotarro.com\/?p=7504","url":"https:\/\/elcotarro.com\/?p=7504","name":"FIESTA DEMOCR\u00c1TICA Y RESPONSABILIDAD - El Cotarro","isPartOf":{"@id":"https:\/\/elcotarro.com\/#website"},"primaryImageOfPage":{"@id":"https:\/\/elcotarro.com\/?p=7504#primaryimage"},"image":{"@id":"https:\/\/elcotarro.com\/?p=7504#primaryimage"},"thumbnailUrl":"https:\/\/elcotarro.com\/wp-content\/uploads\/2019\/11\/FOTO-1.-CHURCHILL.jpg","datePublished":"2019-11-10T11:05:54+00:00","breadcrumb":{"@id":"https:\/\/elcotarro.com\/?p=7504#breadcrumb"},"inLanguage":"es","potentialAction":[{"@type":"ReadAction","target":["https:\/\/elcotarro.com\/?p=7504"]}]},{"@type":"ImageObject","inLanguage":"es","@id":"https:\/\/elcotarro.com\/?p=7504#primaryimage","url":"https:\/\/elcotarro.com\/wp-content\/uploads\/2019\/11\/FOTO-1.-CHURCHILL.jpg","contentUrl":"https:\/\/elcotarro.com\/wp-content\/uploads\/2019\/11\/FOTO-1.-CHURCHILL.jpg","width":800,"height":445},{"@type":"BreadcrumbList","@id":"https:\/\/elcotarro.com\/?p=7504#breadcrumb","itemListElement":[{"@type":"ListItem","position":1,"name":"Portada","item":"https:\/\/elcotarro.com\/"},{"@type":"ListItem","position":2,"name":"FIESTA DEMOCR\u00c1TICA Y RESPONSABILIDAD"}]},{"@type":"WebSite","@id":"https:\/\/elcotarro.com\/#website","url":"https:\/\/elcotarro.com\/","name":"El Cotarro","description":"Peri\u00f3dico Digital Independiente dirigido por Jos\u00e9 Carlos Marrero","publisher":{"@id":"https:\/\/elcotarro.com\/#organization"},"potentialAction":[{"@type":"SearchAction","target":{"@type":"EntryPoint","urlTemplate":"https:\/\/elcotarro.com\/?s={search_term_string}"},"query-input":{"@type":"PropertyValueSpecification","valueRequired":true,"valueName":"search_term_string"}}],"inLanguage":"es"},{"@type":"Organization","@id":"https:\/\/elcotarro.com\/#organization","name":"El Cotarro","url":"https:\/\/elcotarro.com\/","logo":{"@type":"ImageObject","inLanguage":"es","@id":"https:\/\/elcotarro.com\/#\/schema\/logo\/image\/","url":"https:\/\/elcotarro.com\/wp-content\/uploads\/2014\/09\/Cabecera_El_Cotarro_v2.jpg","contentUrl":"https:\/\/elcotarro.com\/wp-content\/uploads\/2014\/09\/Cabecera_El_Cotarro_v2.jpg","width":3540,"height":441,"caption":"El Cotarro"},"image":{"@id":"https:\/\/elcotarro.com\/#\/schema\/logo\/image\/"},"sameAs":["https:\/\/www.facebook.com\/ElCotarro.Tenerife"]},{"@type":"Person","@id":"https:\/\/elcotarro.com\/#\/schema\/person\/af537ee7d60d15984c7e0affcd8a918b","name":"Jos\u00e9 Carlos Marrero Gonz\u00e1lez","image":{"@type":"ImageObject","inLanguage":"es","@id":"https:\/\/elcotarro.com\/#\/schema\/person\/image\/","url":"https:\/\/secure.gravatar.com\/avatar\/def4da036efb5d32c74d49c351f6dccc064dd69ad9f3aadc295c5a9a5391ca01?s=96&d=mm&r=g","contentUrl":"https:\/\/secure.gravatar.com\/avatar\/def4da036efb5d32c74d49c351f6dccc064dd69ad9f3aadc295c5a9a5391ca01?s=96&d=mm&r=g","caption":"Jos\u00e9 Carlos Marrero Gonz\u00e1lez"},"sameAs":["https:\/\/elcotarro.com"],"url":"https:\/\/elcotarro.com\/?author=2"}]}},"jetpack_featured_media_url":"","jetpack_sharing_enabled":true,"_links":{"self":[{"href":"https:\/\/elcotarro.com\/index.php?rest_route=\/wp\/v2\/posts\/7504","targetHints":{"allow":["GET"]}}],"collection":[{"href":"https:\/\/elcotarro.com\/index.php?rest_route=\/wp\/v2\/posts"}],"about":[{"href":"https:\/\/elcotarro.com\/index.php?rest_route=\/wp\/v2\/types\/post"}],"author":[{"embeddable":true,"href":"https:\/\/elcotarro.com\/index.php?rest_route=\/wp\/v2\/users\/2"}],"replies":[{"embeddable":true,"href":"https:\/\/elcotarro.com\/index.php?rest_route=%2Fwp%2Fv2%2Fcomments&post=7504"}],"version-history":[{"count":1,"href":"https:\/\/elcotarro.com\/index.php?rest_route=\/wp\/v2\/posts\/7504\/revisions"}],"predecessor-version":[{"id":7506,"href":"https:\/\/elcotarro.com\/index.php?rest_route=\/wp\/v2\/posts\/7504\/revisions\/7506"}],"wp:attachment":[{"href":"https:\/\/elcotarro.com\/index.php?rest_route=%2Fwp%2Fv2%2Fmedia&parent=7504"}],"wp:term":[{"taxonomy":"category","embeddable":true,"href":"https:\/\/elcotarro.com\/index.php?rest_route=%2Fwp%2Fv2%2Fcategories&post=7504"},{"taxonomy":"post_tag","embeddable":true,"href":"https:\/\/elcotarro.com\/index.php?rest_route=%2Fwp%2Fv2%2Ftags&post=7504"}],"curies":[{"name":"wp","href":"https:\/\/api.w.org\/{rel}","templated":true}]}}