{"id":7507,"date":"2019-11-10T11:04:27","date_gmt":"2019-11-10T11:04:27","guid":{"rendered":"https:\/\/elcotarro.com\/?p=7507"},"modified":"2019-11-10T09:18:18","modified_gmt":"2019-11-10T09:18:18","slug":"vuelve-lo-divino-de-la-pena-el-gofio","status":"publish","type":"post","link":"https:\/\/elcotarro.com\/?p=7507","title":{"rendered":"VUELVE \u201cLO DIVINO\u201d DE LA PE\u00d1A \u201cEL GOFIO\u201d"},"content":{"rendered":"<p>Y hoy, precisamente, quiero comenzar con una solidaria noticia. Mientras nuestros pol\u00edticos han seguido de campa\u00f1a electoral, los componentes de la Parranda \u201cLo Divino\u201d de la lagunera Pe\u00f1a \u201cEl Gofio\u201d han vuelto a cumplir con la tradici\u00f3n, comenzando el pasado mi\u00e9rcoles con los ensayos de lo que ser\u00e1n 46 a\u00f1os (sin faltar ni uno) cantando villancicos por el casco hist\u00f3rico de La Laguna. Esta parranda, liderada por <strong>Jos\u00e9 Luis Del Castillo y Rodr\u00edguez <\/strong>(el gran <strong>\u201cGarabote\u201d<\/strong>, para los amigos) es la decana de las de \u201cLo Divino\u201d porque fue fundada el a\u00f1o 1973, sigue cantando tan campante y adem\u00e1s, desde hace unos diez a\u00f1os, realiza paralelamente una inestimable labor solidaria.<\/p>\n<p style=\"text-align: center\"><a href=\"https:\/\/elcotarro.com\/wp-content\/uploads\/2019\/11\/FOTO-2.-JOS\u00c9-LUIS-GARABOTE.jpg\"><img loading=\"lazy\" decoding=\"async\" class=\"aligncenter size-full wp-image-7508\" src=\"https:\/\/elcotarro.com\/wp-content\/uploads\/2019\/11\/FOTO-2.-JOS\u00c9-LUIS-GARABOTE.jpg\" alt=\"FOTO 2.- JOS\u00c9 LUIS GARABOTE\" width=\"516\" height=\"302\" srcset=\"https:\/\/elcotarro.com\/wp-content\/uploads\/2019\/11\/FOTO-2.-JOS\u00c9-LUIS-GARABOTE.jpg 516w, https:\/\/elcotarro.com\/wp-content\/uploads\/2019\/11\/FOTO-2.-JOS\u00c9-LUIS-GARABOTE-300x176.jpg 300w\" sizes=\"auto, (max-width: 516px) 100vw, 516px\" \/><\/a><\/p>\n<p style=\"text-align: center\"><em>Jos\u00e9 Luis \u201cGarabote\u201d Del Castillo y Rodr\u00edguez, \u201calma p\u00e1ter\u201d de la \u201cPe\u00f1a El Gofio\u201d<\/em><\/p>\n","protected":false},"excerpt":{"rendered":"<p>Y hoy, precisamente, quiero comenzar con una solidaria noticia. Mientras nuestros pol\u00edticos han seguido de campa\u00f1a electoral, los componentes de la Parranda \u201cLo Divino\u201d de la lagunera Pe\u00f1a \u201cEl Gofio\u201d han vuelto a cumplir con la tradici\u00f3n, comenzando el pasado mi\u00e9rcoles con los ensayos de lo que ser\u00e1n 46 a\u00f1os (sin faltar ni uno) cantando &#8230; <a class=\"read-more\" href=\"https:\/\/elcotarro.com\/?p=7507\">Read more<\/a><\/p>\n","protected":false},"author":2,"featured_media":0,"comment_status":"open","ping_status":"open","sticky":false,"template":"","format":"standard","meta":{"_jetpack_memberships_contains_paid_content":false,"footnotes":""},"categories":[1],"tags":[],"class_list":["post-7507","post","type-post","status-publish","format-standard","hentry","category-sin-categoria"],"yoast_head":"<!-- This site is optimized with the Yoast SEO plugin v27.0 - https:\/\/yoast.com\/product\/yoast-seo-wordpress\/ -->\n<title>VUELVE \u201cLO DIVINO\u201d DE LA PE\u00d1A \u201cEL GOFIO\u201d - El Cotarro<\/title>\n<meta name=\"robots\" content=\"index, follow, max-snippet:-1, max-image-preview:large, max-video-preview:-1\" \/>\n<link rel=\"canonical\" href=\"https:\/\/elcotarro.com\/?p=7507\" \/>\n<meta property=\"og:locale\" content=\"es_ES\" \/>\n<meta property=\"og:type\" content=\"article\" \/>\n<meta property=\"og:title\" content=\"VUELVE \u201cLO DIVINO\u201d DE LA PE\u00d1A \u201cEL GOFIO\u201d - El Cotarro\" \/>\n<meta property=\"og:description\" content=\"Y hoy, precisamente, quiero comenzar con una solidaria noticia. Mientras nuestros pol\u00edticos han seguido de campa\u00f1a electoral, los componentes de la Parranda \u201cLo Divino\u201d de la lagunera Pe\u00f1a \u201cEl Gofio\u201d han vuelto a cumplir con la tradici\u00f3n, comenzando el pasado mi\u00e9rcoles con los ensayos de lo que ser\u00e1n 46 a\u00f1os (sin faltar ni uno) cantando ... Read more\" \/>\n<meta property=\"og:url\" content=\"https:\/\/elcotarro.com\/?p=7507\" \/>\n<meta property=\"og:site_name\" content=\"El Cotarro\" \/>\n<meta property=\"article:publisher\" content=\"https:\/\/www.facebook.com\/ElCotarro.Tenerife\" \/>\n<meta property=\"article:published_time\" content=\"2019-11-10T11:04:27+00:00\" \/>\n<meta name=\"author\" content=\"Jos\u00e9 Carlos Marrero Gonz\u00e1lez\" \/>\n<meta name=\"twitter:label1\" content=\"Escrito por\" \/>\n\t<meta name=\"twitter:data1\" content=\"Jos\u00e9 Carlos Marrero Gonz\u00e1lez\" \/>\n\t<meta name=\"twitter:label2\" content=\"Tiempo de lectura\" \/>\n\t<meta name=\"twitter:data2\" content=\"1 minuto\" \/>\n<script type=\"application\/ld+json\" class=\"yoast-schema-graph\">{\"@context\":\"https:\/\/schema.org\",\"@graph\":[{\"@type\":\"Article\",\"@id\":\"https:\/\/elcotarro.com\/?p=7507#article\",\"isPartOf\":{\"@id\":\"https:\/\/elcotarro.com\/?p=7507\"},\"author\":{\"name\":\"Jos\u00e9 Carlos Marrero Gonz\u00e1lez\",\"@id\":\"https:\/\/elcotarro.com\/#\/schema\/person\/af537ee7d60d15984c7e0affcd8a918b\"},\"headline\":\"VUELVE \u201cLO DIVINO\u201d DE LA PE\u00d1A \u201cEL GOFIO\u201d\",\"datePublished\":\"2019-11-10T11:04:27+00:00\",\"mainEntityOfPage\":{\"@id\":\"https:\/\/elcotarro.com\/?p=7507\"},\"wordCount\":146,\"commentCount\":0,\"publisher\":{\"@id\":\"https:\/\/elcotarro.com\/#organization\"},\"inLanguage\":\"es\",\"potentialAction\":[{\"@type\":\"CommentAction\",\"name\":\"Comment\",\"target\":[\"https:\/\/elcotarro.com\/?p=7507#respond\"]}]},{\"@type\":\"WebPage\",\"@id\":\"https:\/\/elcotarro.com\/?p=7507\",\"url\":\"https:\/\/elcotarro.com\/?p=7507\",\"name\":\"VUELVE \u201cLO DIVINO\u201d DE LA PE\u00d1A \u201cEL GOFIO\u201d - El Cotarro\",\"isPartOf\":{\"@id\":\"https:\/\/elcotarro.com\/#website\"},\"datePublished\":\"2019-11-10T11:04:27+00:00\",\"breadcrumb\":{\"@id\":\"https:\/\/elcotarro.com\/?p=7507#breadcrumb\"},\"inLanguage\":\"es\",\"potentialAction\":[{\"@type\":\"ReadAction\",\"target\":[\"https:\/\/elcotarro.com\/?p=7507\"]}]},{\"@type\":\"BreadcrumbList\",\"@id\":\"https:\/\/elcotarro.com\/?p=7507#breadcrumb\",\"itemListElement\":[{\"@type\":\"ListItem\",\"position\":1,\"name\":\"Portada\",\"item\":\"https:\/\/elcotarro.com\/\"},{\"@type\":\"ListItem\",\"position\":2,\"name\":\"VUELVE \u201cLO DIVINO\u201d DE LA PE\u00d1A \u201cEL GOFIO\u201d\"}]},{\"@type\":\"WebSite\",\"@id\":\"https:\/\/elcotarro.com\/#website\",\"url\":\"https:\/\/elcotarro.com\/\",\"name\":\"El Cotarro\",\"description\":\"Peri\u00f3dico Digital Independiente dirigido por Jos\u00e9 Carlos Marrero\",\"publisher\":{\"@id\":\"https:\/\/elcotarro.com\/#organization\"},\"potentialAction\":[{\"@type\":\"SearchAction\",\"target\":{\"@type\":\"EntryPoint\",\"urlTemplate\":\"https:\/\/elcotarro.com\/?s={search_term_string}\"},\"query-input\":{\"@type\":\"PropertyValueSpecification\",\"valueRequired\":true,\"valueName\":\"search_term_string\"}}],\"inLanguage\":\"es\"},{\"@type\":\"Organization\",\"@id\":\"https:\/\/elcotarro.com\/#organization\",\"name\":\"El Cotarro\",\"url\":\"https:\/\/elcotarro.com\/\",\"logo\":{\"@type\":\"ImageObject\",\"inLanguage\":\"es\",\"@id\":\"https:\/\/elcotarro.com\/#\/schema\/logo\/image\/\",\"url\":\"https:\/\/elcotarro.com\/wp-content\/uploads\/2014\/09\/Cabecera_El_Cotarro_v2.jpg\",\"contentUrl\":\"https:\/\/elcotarro.com\/wp-content\/uploads\/2014\/09\/Cabecera_El_Cotarro_v2.jpg\",\"width\":3540,\"height\":441,\"caption\":\"El Cotarro\"},\"image\":{\"@id\":\"https:\/\/elcotarro.com\/#\/schema\/logo\/image\/\"},\"sameAs\":[\"https:\/\/www.facebook.com\/ElCotarro.Tenerife\"]},{\"@type\":\"Person\",\"@id\":\"https:\/\/elcotarro.com\/#\/schema\/person\/af537ee7d60d15984c7e0affcd8a918b\",\"name\":\"Jos\u00e9 Carlos Marrero Gonz\u00e1lez\",\"image\":{\"@type\":\"ImageObject\",\"inLanguage\":\"es\",\"@id\":\"https:\/\/elcotarro.com\/#\/schema\/person\/image\/\",\"url\":\"https:\/\/secure.gravatar.com\/avatar\/def4da036efb5d32c74d49c351f6dccc064dd69ad9f3aadc295c5a9a5391ca01?s=96&d=mm&r=g\",\"contentUrl\":\"https:\/\/secure.gravatar.com\/avatar\/def4da036efb5d32c74d49c351f6dccc064dd69ad9f3aadc295c5a9a5391ca01?s=96&d=mm&r=g\",\"caption\":\"Jos\u00e9 Carlos Marrero Gonz\u00e1lez\"},\"sameAs\":[\"https:\/\/elcotarro.com\"],\"url\":\"https:\/\/elcotarro.com\/?author=2\"}]}<\/script>\n<!-- \/ Yoast SEO plugin. -->","yoast_head_json":{"title":"VUELVE \u201cLO DIVINO\u201d DE LA PE\u00d1A \u201cEL GOFIO\u201d - El Cotarro","robots":{"index":"index","follow":"follow","max-snippet":"max-snippet:-1","max-image-preview":"max-image-preview:large","max-video-preview":"max-video-preview:-1"},"canonical":"https:\/\/elcotarro.com\/?p=7507","og_locale":"es_ES","og_type":"article","og_title":"VUELVE \u201cLO DIVINO\u201d DE LA PE\u00d1A \u201cEL GOFIO\u201d - El Cotarro","og_description":"Y hoy, precisamente, quiero comenzar con una solidaria noticia. Mientras nuestros pol\u00edticos han seguido de campa\u00f1a electoral, los componentes de la Parranda \u201cLo Divino\u201d de la lagunera Pe\u00f1a \u201cEl Gofio\u201d han vuelto a cumplir con la tradici\u00f3n, comenzando el pasado mi\u00e9rcoles con los ensayos de lo que ser\u00e1n 46 a\u00f1os (sin faltar ni uno) cantando ... Read more","og_url":"https:\/\/elcotarro.com\/?p=7507","og_site_name":"El Cotarro","article_publisher":"https:\/\/www.facebook.com\/ElCotarro.Tenerife","article_published_time":"2019-11-10T11:04:27+00:00","author":"Jos\u00e9 Carlos Marrero Gonz\u00e1lez","twitter_misc":{"Escrito por":"Jos\u00e9 Carlos Marrero Gonz\u00e1lez","Tiempo de lectura":"1 minuto"},"schema":{"@context":"https:\/\/schema.org","@graph":[{"@type":"Article","@id":"https:\/\/elcotarro.com\/?p=7507#article","isPartOf":{"@id":"https:\/\/elcotarro.com\/?p=7507"},"author":{"name":"Jos\u00e9 Carlos Marrero Gonz\u00e1lez","@id":"https:\/\/elcotarro.com\/#\/schema\/person\/af537ee7d60d15984c7e0affcd8a918b"},"headline":"VUELVE \u201cLO DIVINO\u201d DE LA PE\u00d1A \u201cEL GOFIO\u201d","datePublished":"2019-11-10T11:04:27+00:00","mainEntityOfPage":{"@id":"https:\/\/elcotarro.com\/?p=7507"},"wordCount":146,"commentCount":0,"publisher":{"@id":"https:\/\/elcotarro.com\/#organization"},"inLanguage":"es","potentialAction":[{"@type":"CommentAction","name":"Comment","target":["https:\/\/elcotarro.com\/?p=7507#respond"]}]},{"@type":"WebPage","@id":"https:\/\/elcotarro.com\/?p=7507","url":"https:\/\/elcotarro.com\/?p=7507","name":"VUELVE \u201cLO DIVINO\u201d DE LA PE\u00d1A \u201cEL GOFIO\u201d - El Cotarro","isPartOf":{"@id":"https:\/\/elcotarro.com\/#website"},"datePublished":"2019-11-10T11:04:27+00:00","breadcrumb":{"@id":"https:\/\/elcotarro.com\/?p=7507#breadcrumb"},"inLanguage":"es","potentialAction":[{"@type":"ReadAction","target":["https:\/\/elcotarro.com\/?p=7507"]}]},{"@type":"BreadcrumbList","@id":"https:\/\/elcotarro.com\/?p=7507#breadcrumb","itemListElement":[{"@type":"ListItem","position":1,"name":"Portada","item":"https:\/\/elcotarro.com\/"},{"@type":"ListItem","position":2,"name":"VUELVE \u201cLO DIVINO\u201d DE LA PE\u00d1A \u201cEL GOFIO\u201d"}]},{"@type":"WebSite","@id":"https:\/\/elcotarro.com\/#website","url":"https:\/\/elcotarro.com\/","name":"El Cotarro","description":"Peri\u00f3dico Digital Independiente dirigido por Jos\u00e9 Carlos Marrero","publisher":{"@id":"https:\/\/elcotarro.com\/#organization"},"potentialAction":[{"@type":"SearchAction","target":{"@type":"EntryPoint","urlTemplate":"https:\/\/elcotarro.com\/?s={search_term_string}"},"query-input":{"@type":"PropertyValueSpecification","valueRequired":true,"valueName":"search_term_string"}}],"inLanguage":"es"},{"@type":"Organization","@id":"https:\/\/elcotarro.com\/#organization","name":"El Cotarro","url":"https:\/\/elcotarro.com\/","logo":{"@type":"ImageObject","inLanguage":"es","@id":"https:\/\/elcotarro.com\/#\/schema\/logo\/image\/","url":"https:\/\/elcotarro.com\/wp-content\/uploads\/2014\/09\/Cabecera_El_Cotarro_v2.jpg","contentUrl":"https:\/\/elcotarro.com\/wp-content\/uploads\/2014\/09\/Cabecera_El_Cotarro_v2.jpg","width":3540,"height":441,"caption":"El Cotarro"},"image":{"@id":"https:\/\/elcotarro.com\/#\/schema\/logo\/image\/"},"sameAs":["https:\/\/www.facebook.com\/ElCotarro.Tenerife"]},{"@type":"Person","@id":"https:\/\/elcotarro.com\/#\/schema\/person\/af537ee7d60d15984c7e0affcd8a918b","name":"Jos\u00e9 Carlos Marrero Gonz\u00e1lez","image":{"@type":"ImageObject","inLanguage":"es","@id":"https:\/\/elcotarro.com\/#\/schema\/person\/image\/","url":"https:\/\/secure.gravatar.com\/avatar\/def4da036efb5d32c74d49c351f6dccc064dd69ad9f3aadc295c5a9a5391ca01?s=96&d=mm&r=g","contentUrl":"https:\/\/secure.gravatar.com\/avatar\/def4da036efb5d32c74d49c351f6dccc064dd69ad9f3aadc295c5a9a5391ca01?s=96&d=mm&r=g","caption":"Jos\u00e9 Carlos Marrero Gonz\u00e1lez"},"sameAs":["https:\/\/elcotarro.com"],"url":"https:\/\/elcotarro.com\/?author=2"}]}},"jetpack_featured_media_url":"","jetpack_sharing_enabled":true,"_links":{"self":[{"href":"https:\/\/elcotarro.com\/index.php?rest_route=\/wp\/v2\/posts\/7507","targetHints":{"allow":["GET"]}}],"collection":[{"href":"https:\/\/elcotarro.com\/index.php?rest_route=\/wp\/v2\/posts"}],"about":[{"href":"https:\/\/elcotarro.com\/index.php?rest_route=\/wp\/v2\/types\/post"}],"author":[{"embeddable":true,"href":"https:\/\/elcotarro.com\/index.php?rest_route=\/wp\/v2\/users\/2"}],"replies":[{"embeddable":true,"href":"https:\/\/elcotarro.com\/index.php?rest_route=%2Fwp%2Fv2%2Fcomments&post=7507"}],"version-history":[{"count":1,"href":"https:\/\/elcotarro.com\/index.php?rest_route=\/wp\/v2\/posts\/7507\/revisions"}],"predecessor-version":[{"id":7509,"href":"https:\/\/elcotarro.com\/index.php?rest_route=\/wp\/v2\/posts\/7507\/revisions\/7509"}],"wp:attachment":[{"href":"https:\/\/elcotarro.com\/index.php?rest_route=%2Fwp%2Fv2%2Fmedia&parent=7507"}],"wp:term":[{"taxonomy":"category","embeddable":true,"href":"https:\/\/elcotarro.com\/index.php?rest_route=%2Fwp%2Fv2%2Fcategories&post=7507"},{"taxonomy":"post_tag","embeddable":true,"href":"https:\/\/elcotarro.com\/index.php?rest_route=%2Fwp%2Fv2%2Ftags&post=7507"}],"curies":[{"name":"wp","href":"https:\/\/api.w.org\/{rel}","templated":true}]}}