{"id":7536,"date":"2019-11-17T11:03:50","date_gmt":"2019-11-17T11:03:50","guid":{"rendered":"https:\/\/elcotarro.com\/?p=7536"},"modified":"2019-11-16T12:32:32","modified_gmt":"2019-11-16T12:32:32","slug":"un-alcalde-con-la-infancia-y-la-juventud","status":"publish","type":"post","link":"https:\/\/elcotarro.com\/?p=7536","title":{"rendered":"UN ALCALDE CON LA INFANCIA Y LA JUVENTUD"},"content":{"rendered":"<p>Adem\u00e1s, el inteligente <strong>Abel Caballero<\/strong> sigue siendo el tipo de alcalde, sencillo campechano, que anda por Vigo como un ciudadano m\u00e1s y centr\u00e1ndose, sobre todo, en la infancia y la juventud, que le ven como \u201cpadre\u201d y como \u201cl\u00edder\u201d\u2026 Se los ha ganado hasta el punto de lograr que todos entiendan la necesidad com\u00fan de contar con una convivencia en paz y armon\u00eda. Por ello <strong>Abel Caballero<\/strong> hasta ha se\u00f1alado las \u201czonas protexidas\u201d de Vigo, donde se vigila a\u00fan m\u00e1s la \u201cOrdenanza Reguladora de la Convivencia Ciudadana y el Ocio\u201d. Ojal\u00e1 muchos tomaran ejemplo de la forma de trabajar y hacer pol\u00edtica de este gran \u201ccaballero\u201d llamado <strong>Abel<\/strong>. Si Dios quiere y puedo, el a\u00f1o que viene me vuelvo a Vigo por Navidad para ver y disfrutar de su iluminaci\u00f3n navide\u00f1a. Porque, en cambio, volviendo a nuestra tierra, la tristeza y hasta la verg\u00fcenza se apodera de uno.<\/p>\n<p style=\"text-align: center\"><a href=\"https:\/\/elcotarro.com\/wp-content\/uploads\/2019\/11\/FOTO-4.-ZONA-PROTEGIDA.jpeg\"><img loading=\"lazy\" decoding=\"async\" class=\"aligncenter size-full wp-image-7537\" src=\"https:\/\/elcotarro.com\/wp-content\/uploads\/2019\/11\/FOTO-4.-ZONA-PROTEGIDA.jpeg\" alt=\"FOTO 4.- ZONA PROTEGIDA\" width=\"1536\" height=\"2048\" srcset=\"https:\/\/elcotarro.com\/wp-content\/uploads\/2019\/11\/FOTO-4.-ZONA-PROTEGIDA.jpeg 1536w, https:\/\/elcotarro.com\/wp-content\/uploads\/2019\/11\/FOTO-4.-ZONA-PROTEGIDA-225x300.jpeg 225w, https:\/\/elcotarro.com\/wp-content\/uploads\/2019\/11\/FOTO-4.-ZONA-PROTEGIDA-768x1024.jpeg 768w\" sizes=\"auto, (max-width: 1536px) 100vw, 1536px\" \/><\/a><\/p>\n<p style=\"text-align: center\"><em>Cartel que protege en Vigo la convivencia ciudadana y el ocio sostenido<\/em>.<\/p>\n","protected":false},"excerpt":{"rendered":"<p>Adem\u00e1s, el inteligente Abel Caballero sigue siendo el tipo de alcalde, sencillo campechano, que anda por Vigo como un ciudadano m\u00e1s y centr\u00e1ndose, sobre todo, en la infancia y la juventud, que le ven como \u201cpadre\u201d y como \u201cl\u00edder\u201d\u2026 Se los ha ganado hasta el punto de lograr que todos entiendan la necesidad com\u00fan de &#8230; <a class=\"read-more\" href=\"https:\/\/elcotarro.com\/?p=7536\">Read more<\/a><\/p>\n","protected":false},"author":2,"featured_media":0,"comment_status":"open","ping_status":"open","sticky":false,"template":"","format":"standard","meta":{"_jetpack_memberships_contains_paid_content":false,"footnotes":""},"categories":[1],"tags":[],"class_list":["post-7536","post","type-post","status-publish","format-standard","hentry","category-sin-categoria"],"yoast_head":"<!-- This site is optimized with the Yoast SEO plugin v27.0 - https:\/\/yoast.com\/product\/yoast-seo-wordpress\/ -->\n<title>UN ALCALDE CON LA INFANCIA Y LA JUVENTUD - El Cotarro<\/title>\n<meta name=\"robots\" content=\"index, follow, max-snippet:-1, max-image-preview:large, max-video-preview:-1\" \/>\n<link rel=\"canonical\" href=\"https:\/\/elcotarro.com\/?p=7536\" \/>\n<meta property=\"og:locale\" content=\"es_ES\" \/>\n<meta property=\"og:type\" content=\"article\" \/>\n<meta property=\"og:title\" content=\"UN ALCALDE CON LA INFANCIA Y LA JUVENTUD - El Cotarro\" \/>\n<meta property=\"og:description\" content=\"Adem\u00e1s, el inteligente Abel Caballero sigue siendo el tipo de alcalde, sencillo campechano, que anda por Vigo como un ciudadano m\u00e1s y centr\u00e1ndose, sobre todo, en la infancia y la juventud, que le ven como \u201cpadre\u201d y como \u201cl\u00edder\u201d\u2026 Se los ha ganado hasta el punto de lograr que todos entiendan la necesidad com\u00fan de ... Read more\" \/>\n<meta property=\"og:url\" content=\"https:\/\/elcotarro.com\/?p=7536\" \/>\n<meta property=\"og:site_name\" content=\"El Cotarro\" \/>\n<meta property=\"article:publisher\" content=\"https:\/\/www.facebook.com\/ElCotarro.Tenerife\" \/>\n<meta property=\"article:published_time\" content=\"2019-11-17T11:03:50+00:00\" \/>\n<meta property=\"og:image\" content=\"https:\/\/elcotarro.com\/wp-content\/uploads\/2019\/11\/FOTO-4.-ZONA-PROTEGIDA.jpeg\" \/>\n<meta name=\"author\" content=\"Jos\u00e9 Carlos Marrero Gonz\u00e1lez\" \/>\n<meta name=\"twitter:label1\" content=\"Escrito por\" \/>\n\t<meta name=\"twitter:data1\" content=\"Jos\u00e9 Carlos Marrero Gonz\u00e1lez\" \/>\n\t<meta name=\"twitter:label2\" content=\"Tiempo de lectura\" \/>\n\t<meta name=\"twitter:data2\" content=\"1 minuto\" \/>\n<script type=\"application\/ld+json\" class=\"yoast-schema-graph\">{\"@context\":\"https:\/\/schema.org\",\"@graph\":[{\"@type\":\"Article\",\"@id\":\"https:\/\/elcotarro.com\/?p=7536#article\",\"isPartOf\":{\"@id\":\"https:\/\/elcotarro.com\/?p=7536\"},\"author\":{\"name\":\"Jos\u00e9 Carlos Marrero Gonz\u00e1lez\",\"@id\":\"https:\/\/elcotarro.com\/#\/schema\/person\/af537ee7d60d15984c7e0affcd8a918b\"},\"headline\":\"UN ALCALDE CON LA INFANCIA Y LA JUVENTUD\",\"datePublished\":\"2019-11-17T11:03:50+00:00\",\"mainEntityOfPage\":{\"@id\":\"https:\/\/elcotarro.com\/?p=7536\"},\"wordCount\":182,\"commentCount\":0,\"publisher\":{\"@id\":\"https:\/\/elcotarro.com\/#organization\"},\"image\":{\"@id\":\"https:\/\/elcotarro.com\/?p=7536#primaryimage\"},\"thumbnailUrl\":\"https:\/\/elcotarro.com\/wp-content\/uploads\/2019\/11\/FOTO-4.-ZONA-PROTEGIDA.jpeg\",\"inLanguage\":\"es\",\"potentialAction\":[{\"@type\":\"CommentAction\",\"name\":\"Comment\",\"target\":[\"https:\/\/elcotarro.com\/?p=7536#respond\"]}]},{\"@type\":\"WebPage\",\"@id\":\"https:\/\/elcotarro.com\/?p=7536\",\"url\":\"https:\/\/elcotarro.com\/?p=7536\",\"name\":\"UN ALCALDE CON LA INFANCIA Y LA JUVENTUD - El Cotarro\",\"isPartOf\":{\"@id\":\"https:\/\/elcotarro.com\/#website\"},\"primaryImageOfPage\":{\"@id\":\"https:\/\/elcotarro.com\/?p=7536#primaryimage\"},\"image\":{\"@id\":\"https:\/\/elcotarro.com\/?p=7536#primaryimage\"},\"thumbnailUrl\":\"https:\/\/elcotarro.com\/wp-content\/uploads\/2019\/11\/FOTO-4.-ZONA-PROTEGIDA.jpeg\",\"datePublished\":\"2019-11-17T11:03:50+00:00\",\"breadcrumb\":{\"@id\":\"https:\/\/elcotarro.com\/?p=7536#breadcrumb\"},\"inLanguage\":\"es\",\"potentialAction\":[{\"@type\":\"ReadAction\",\"target\":[\"https:\/\/elcotarro.com\/?p=7536\"]}]},{\"@type\":\"ImageObject\",\"inLanguage\":\"es\",\"@id\":\"https:\/\/elcotarro.com\/?p=7536#primaryimage\",\"url\":\"https:\/\/elcotarro.com\/wp-content\/uploads\/2019\/11\/FOTO-4.-ZONA-PROTEGIDA.jpeg\",\"contentUrl\":\"https:\/\/elcotarro.com\/wp-content\/uploads\/2019\/11\/FOTO-4.-ZONA-PROTEGIDA.jpeg\",\"width\":1536,\"height\":2048},{\"@type\":\"BreadcrumbList\",\"@id\":\"https:\/\/elcotarro.com\/?p=7536#breadcrumb\",\"itemListElement\":[{\"@type\":\"ListItem\",\"position\":1,\"name\":\"Portada\",\"item\":\"https:\/\/elcotarro.com\/\"},{\"@type\":\"ListItem\",\"position\":2,\"name\":\"UN ALCALDE CON LA INFANCIA Y LA JUVENTUD\"}]},{\"@type\":\"WebSite\",\"@id\":\"https:\/\/elcotarro.com\/#website\",\"url\":\"https:\/\/elcotarro.com\/\",\"name\":\"El Cotarro\",\"description\":\"Peri\u00f3dico Digital Independiente dirigido por Jos\u00e9 Carlos Marrero\",\"publisher\":{\"@id\":\"https:\/\/elcotarro.com\/#organization\"},\"potentialAction\":[{\"@type\":\"SearchAction\",\"target\":{\"@type\":\"EntryPoint\",\"urlTemplate\":\"https:\/\/elcotarro.com\/?s={search_term_string}\"},\"query-input\":{\"@type\":\"PropertyValueSpecification\",\"valueRequired\":true,\"valueName\":\"search_term_string\"}}],\"inLanguage\":\"es\"},{\"@type\":\"Organization\",\"@id\":\"https:\/\/elcotarro.com\/#organization\",\"name\":\"El Cotarro\",\"url\":\"https:\/\/elcotarro.com\/\",\"logo\":{\"@type\":\"ImageObject\",\"inLanguage\":\"es\",\"@id\":\"https:\/\/elcotarro.com\/#\/schema\/logo\/image\/\",\"url\":\"https:\/\/elcotarro.com\/wp-content\/uploads\/2014\/09\/Cabecera_El_Cotarro_v2.jpg\",\"contentUrl\":\"https:\/\/elcotarro.com\/wp-content\/uploads\/2014\/09\/Cabecera_El_Cotarro_v2.jpg\",\"width\":3540,\"height\":441,\"caption\":\"El Cotarro\"},\"image\":{\"@id\":\"https:\/\/elcotarro.com\/#\/schema\/logo\/image\/\"},\"sameAs\":[\"https:\/\/www.facebook.com\/ElCotarro.Tenerife\"]},{\"@type\":\"Person\",\"@id\":\"https:\/\/elcotarro.com\/#\/schema\/person\/af537ee7d60d15984c7e0affcd8a918b\",\"name\":\"Jos\u00e9 Carlos Marrero Gonz\u00e1lez\",\"image\":{\"@type\":\"ImageObject\",\"inLanguage\":\"es\",\"@id\":\"https:\/\/elcotarro.com\/#\/schema\/person\/image\/\",\"url\":\"https:\/\/secure.gravatar.com\/avatar\/def4da036efb5d32c74d49c351f6dccc064dd69ad9f3aadc295c5a9a5391ca01?s=96&d=mm&r=g\",\"contentUrl\":\"https:\/\/secure.gravatar.com\/avatar\/def4da036efb5d32c74d49c351f6dccc064dd69ad9f3aadc295c5a9a5391ca01?s=96&d=mm&r=g\",\"caption\":\"Jos\u00e9 Carlos Marrero Gonz\u00e1lez\"},\"sameAs\":[\"https:\/\/elcotarro.com\"],\"url\":\"https:\/\/elcotarro.com\/?author=2\"}]}<\/script>\n<!-- \/ Yoast SEO plugin. -->","yoast_head_json":{"title":"UN ALCALDE CON LA INFANCIA Y LA JUVENTUD - El Cotarro","robots":{"index":"index","follow":"follow","max-snippet":"max-snippet:-1","max-image-preview":"max-image-preview:large","max-video-preview":"max-video-preview:-1"},"canonical":"https:\/\/elcotarro.com\/?p=7536","og_locale":"es_ES","og_type":"article","og_title":"UN ALCALDE CON LA INFANCIA Y LA JUVENTUD - El Cotarro","og_description":"Adem\u00e1s, el inteligente Abel Caballero sigue siendo el tipo de alcalde, sencillo campechano, que anda por Vigo como un ciudadano m\u00e1s y centr\u00e1ndose, sobre todo, en la infancia y la juventud, que le ven como \u201cpadre\u201d y como \u201cl\u00edder\u201d\u2026 Se los ha ganado hasta el punto de lograr que todos entiendan la necesidad com\u00fan de ... Read more","og_url":"https:\/\/elcotarro.com\/?p=7536","og_site_name":"El Cotarro","article_publisher":"https:\/\/www.facebook.com\/ElCotarro.Tenerife","article_published_time":"2019-11-17T11:03:50+00:00","og_image":[{"url":"https:\/\/elcotarro.com\/wp-content\/uploads\/2019\/11\/FOTO-4.-ZONA-PROTEGIDA.jpeg","type":"","width":"","height":""}],"author":"Jos\u00e9 Carlos Marrero Gonz\u00e1lez","twitter_misc":{"Escrito por":"Jos\u00e9 Carlos Marrero Gonz\u00e1lez","Tiempo de lectura":"1 minuto"},"schema":{"@context":"https:\/\/schema.org","@graph":[{"@type":"Article","@id":"https:\/\/elcotarro.com\/?p=7536#article","isPartOf":{"@id":"https:\/\/elcotarro.com\/?p=7536"},"author":{"name":"Jos\u00e9 Carlos Marrero Gonz\u00e1lez","@id":"https:\/\/elcotarro.com\/#\/schema\/person\/af537ee7d60d15984c7e0affcd8a918b"},"headline":"UN ALCALDE CON LA INFANCIA Y LA JUVENTUD","datePublished":"2019-11-17T11:03:50+00:00","mainEntityOfPage":{"@id":"https:\/\/elcotarro.com\/?p=7536"},"wordCount":182,"commentCount":0,"publisher":{"@id":"https:\/\/elcotarro.com\/#organization"},"image":{"@id":"https:\/\/elcotarro.com\/?p=7536#primaryimage"},"thumbnailUrl":"https:\/\/elcotarro.com\/wp-content\/uploads\/2019\/11\/FOTO-4.-ZONA-PROTEGIDA.jpeg","inLanguage":"es","potentialAction":[{"@type":"CommentAction","name":"Comment","target":["https:\/\/elcotarro.com\/?p=7536#respond"]}]},{"@type":"WebPage","@id":"https:\/\/elcotarro.com\/?p=7536","url":"https:\/\/elcotarro.com\/?p=7536","name":"UN ALCALDE CON LA INFANCIA Y LA JUVENTUD - El Cotarro","isPartOf":{"@id":"https:\/\/elcotarro.com\/#website"},"primaryImageOfPage":{"@id":"https:\/\/elcotarro.com\/?p=7536#primaryimage"},"image":{"@id":"https:\/\/elcotarro.com\/?p=7536#primaryimage"},"thumbnailUrl":"https:\/\/elcotarro.com\/wp-content\/uploads\/2019\/11\/FOTO-4.-ZONA-PROTEGIDA.jpeg","datePublished":"2019-11-17T11:03:50+00:00","breadcrumb":{"@id":"https:\/\/elcotarro.com\/?p=7536#breadcrumb"},"inLanguage":"es","potentialAction":[{"@type":"ReadAction","target":["https:\/\/elcotarro.com\/?p=7536"]}]},{"@type":"ImageObject","inLanguage":"es","@id":"https:\/\/elcotarro.com\/?p=7536#primaryimage","url":"https:\/\/elcotarro.com\/wp-content\/uploads\/2019\/11\/FOTO-4.-ZONA-PROTEGIDA.jpeg","contentUrl":"https:\/\/elcotarro.com\/wp-content\/uploads\/2019\/11\/FOTO-4.-ZONA-PROTEGIDA.jpeg","width":1536,"height":2048},{"@type":"BreadcrumbList","@id":"https:\/\/elcotarro.com\/?p=7536#breadcrumb","itemListElement":[{"@type":"ListItem","position":1,"name":"Portada","item":"https:\/\/elcotarro.com\/"},{"@type":"ListItem","position":2,"name":"UN ALCALDE CON LA INFANCIA Y LA JUVENTUD"}]},{"@type":"WebSite","@id":"https:\/\/elcotarro.com\/#website","url":"https:\/\/elcotarro.com\/","name":"El Cotarro","description":"Peri\u00f3dico Digital Independiente dirigido por Jos\u00e9 Carlos Marrero","publisher":{"@id":"https:\/\/elcotarro.com\/#organization"},"potentialAction":[{"@type":"SearchAction","target":{"@type":"EntryPoint","urlTemplate":"https:\/\/elcotarro.com\/?s={search_term_string}"},"query-input":{"@type":"PropertyValueSpecification","valueRequired":true,"valueName":"search_term_string"}}],"inLanguage":"es"},{"@type":"Organization","@id":"https:\/\/elcotarro.com\/#organization","name":"El Cotarro","url":"https:\/\/elcotarro.com\/","logo":{"@type":"ImageObject","inLanguage":"es","@id":"https:\/\/elcotarro.com\/#\/schema\/logo\/image\/","url":"https:\/\/elcotarro.com\/wp-content\/uploads\/2014\/09\/Cabecera_El_Cotarro_v2.jpg","contentUrl":"https:\/\/elcotarro.com\/wp-content\/uploads\/2014\/09\/Cabecera_El_Cotarro_v2.jpg","width":3540,"height":441,"caption":"El Cotarro"},"image":{"@id":"https:\/\/elcotarro.com\/#\/schema\/logo\/image\/"},"sameAs":["https:\/\/www.facebook.com\/ElCotarro.Tenerife"]},{"@type":"Person","@id":"https:\/\/elcotarro.com\/#\/schema\/person\/af537ee7d60d15984c7e0affcd8a918b","name":"Jos\u00e9 Carlos Marrero Gonz\u00e1lez","image":{"@type":"ImageObject","inLanguage":"es","@id":"https:\/\/elcotarro.com\/#\/schema\/person\/image\/","url":"https:\/\/secure.gravatar.com\/avatar\/def4da036efb5d32c74d49c351f6dccc064dd69ad9f3aadc295c5a9a5391ca01?s=96&d=mm&r=g","contentUrl":"https:\/\/secure.gravatar.com\/avatar\/def4da036efb5d32c74d49c351f6dccc064dd69ad9f3aadc295c5a9a5391ca01?s=96&d=mm&r=g","caption":"Jos\u00e9 Carlos Marrero Gonz\u00e1lez"},"sameAs":["https:\/\/elcotarro.com"],"url":"https:\/\/elcotarro.com\/?author=2"}]}},"jetpack_featured_media_url":"","jetpack_sharing_enabled":true,"_links":{"self":[{"href":"https:\/\/elcotarro.com\/index.php?rest_route=\/wp\/v2\/posts\/7536","targetHints":{"allow":["GET"]}}],"collection":[{"href":"https:\/\/elcotarro.com\/index.php?rest_route=\/wp\/v2\/posts"}],"about":[{"href":"https:\/\/elcotarro.com\/index.php?rest_route=\/wp\/v2\/types\/post"}],"author":[{"embeddable":true,"href":"https:\/\/elcotarro.com\/index.php?rest_route=\/wp\/v2\/users\/2"}],"replies":[{"embeddable":true,"href":"https:\/\/elcotarro.com\/index.php?rest_route=%2Fwp%2Fv2%2Fcomments&post=7536"}],"version-history":[{"count":1,"href":"https:\/\/elcotarro.com\/index.php?rest_route=\/wp\/v2\/posts\/7536\/revisions"}],"predecessor-version":[{"id":7538,"href":"https:\/\/elcotarro.com\/index.php?rest_route=\/wp\/v2\/posts\/7536\/revisions\/7538"}],"wp:attachment":[{"href":"https:\/\/elcotarro.com\/index.php?rest_route=%2Fwp%2Fv2%2Fmedia&parent=7536"}],"wp:term":[{"taxonomy":"category","embeddable":true,"href":"https:\/\/elcotarro.com\/index.php?rest_route=%2Fwp%2Fv2%2Fcategories&post=7536"},{"taxonomy":"post_tag","embeddable":true,"href":"https:\/\/elcotarro.com\/index.php?rest_route=%2Fwp%2Fv2%2Ftags&post=7536"}],"curies":[{"name":"wp","href":"https:\/\/api.w.org\/{rel}","templated":true}]}}