{"id":7539,"date":"2019-11-17T11:02:37","date_gmt":"2019-11-17T11:02:37","guid":{"rendered":"https:\/\/elcotarro.com\/?p=7539"},"modified":"2019-11-16T12:35:09","modified_gmt":"2019-11-16T12:35:09","slug":"y-la-laguna-sin-aplicar-su-ordenanza","status":"publish","type":"post","link":"https:\/\/elcotarro.com\/?p=7539","title":{"rendered":"Y LA LAGUNA SIN APLICAR SU ORDENANZA"},"content":{"rendered":"<p>Porque, mirando la Ordenanza Municipal de Convivencia de La Laguna, da tristeza ver c\u00f3mo comenz\u00f3 su elaboraci\u00f3n, all\u00e1 por el a\u00f1o 2014, estando de alcalde <strong>Fernando Clavijo<\/strong> (CC). Tras dos o tres a\u00f1os de trabajo y con la colaboraci\u00f3n de la ciudadan\u00eda, se aprob\u00f3 el 15 de junio del a\u00f1o 2016, siendo ya alcalde <strong>Jos\u00e9 Alberto D\u00edaz<\/strong> (CC). Hoy estamos en el a\u00f1o 2019, ya con <strong>Luis Yeray Guti\u00e9rrez<\/strong> (PSOE) ocupando la alcald\u00eda lagunera, y la Comisi\u00f3n Ciudadana para la Convivencia (que contempla la ordenanza para su funcionamiento) sigue sin constituirse oficialmente en tiempo y forma. Y por ello, triste y lamentablemente, la ordenanza sigue sin aplicarse. Y la Asociaci\u00f3n de Vecinos del Casco, con su presidente al frente, en Bel\u00e9n con los pastores.<\/p>\n<p style=\"text-align: center\"><a href=\"https:\/\/elcotarro.com\/wp-content\/uploads\/2019\/11\/foto22.jpg\"><img loading=\"lazy\" decoding=\"async\" class=\"aligncenter size-full wp-image-7540\" src=\"https:\/\/elcotarro.com\/wp-content\/uploads\/2019\/11\/foto22.jpg\" alt=\"foto2\" width=\"1070\" height=\"375\" srcset=\"https:\/\/elcotarro.com\/wp-content\/uploads\/2019\/11\/foto22.jpg 1070w, https:\/\/elcotarro.com\/wp-content\/uploads\/2019\/11\/foto22-300x105.jpg 300w, https:\/\/elcotarro.com\/wp-content\/uploads\/2019\/11\/foto22-1024x359.jpg 1024w\" sizes=\"auto, (max-width: 1070px) 100vw, 1070px\" \/><\/a><\/p>\n<p style=\"text-align: center\"><em>Fernando Clavijo (i), Jos\u00e9 Alberto D\u00edaz (c) y Luis Yeray Guti\u00e9rrez, tres alcaldes de La Laguna y una Ordenanza de Convivencia que contin\u00faa sin poderse aplicar desde 2016<\/em><\/p>\n","protected":false},"excerpt":{"rendered":"<p>Porque, mirando la Ordenanza Municipal de Convivencia de La Laguna, da tristeza ver c\u00f3mo comenz\u00f3 su elaboraci\u00f3n, all\u00e1 por el a\u00f1o 2014, estando de alcalde Fernando Clavijo (CC). Tras dos o tres a\u00f1os de trabajo y con la colaboraci\u00f3n de la ciudadan\u00eda, se aprob\u00f3 el 15 de junio del a\u00f1o 2016, siendo ya alcalde Jos\u00e9 &#8230; <a class=\"read-more\" href=\"https:\/\/elcotarro.com\/?p=7539\">Read more<\/a><\/p>\n","protected":false},"author":2,"featured_media":0,"comment_status":"open","ping_status":"open","sticky":false,"template":"","format":"standard","meta":{"_jetpack_memberships_contains_paid_content":false,"footnotes":""},"categories":[1],"tags":[],"class_list":["post-7539","post","type-post","status-publish","format-standard","hentry","category-sin-categoria"],"yoast_head":"<!-- This site is optimized with the Yoast SEO plugin v27.0 - https:\/\/yoast.com\/product\/yoast-seo-wordpress\/ -->\n<title>Y LA LAGUNA SIN APLICAR SU ORDENANZA - El Cotarro<\/title>\n<meta name=\"robots\" content=\"index, follow, max-snippet:-1, max-image-preview:large, max-video-preview:-1\" \/>\n<link rel=\"canonical\" href=\"https:\/\/elcotarro.com\/?p=7539\" \/>\n<meta property=\"og:locale\" content=\"es_ES\" \/>\n<meta property=\"og:type\" content=\"article\" \/>\n<meta property=\"og:title\" content=\"Y LA LAGUNA SIN APLICAR SU ORDENANZA - El Cotarro\" \/>\n<meta property=\"og:description\" content=\"Porque, mirando la Ordenanza Municipal de Convivencia de La Laguna, da tristeza ver c\u00f3mo comenz\u00f3 su elaboraci\u00f3n, all\u00e1 por el a\u00f1o 2014, estando de alcalde Fernando Clavijo (CC). Tras dos o tres a\u00f1os de trabajo y con la colaboraci\u00f3n de la ciudadan\u00eda, se aprob\u00f3 el 15 de junio del a\u00f1o 2016, siendo ya alcalde Jos\u00e9 ... Read more\" \/>\n<meta property=\"og:url\" content=\"https:\/\/elcotarro.com\/?p=7539\" \/>\n<meta property=\"og:site_name\" content=\"El Cotarro\" \/>\n<meta property=\"article:publisher\" content=\"https:\/\/www.facebook.com\/ElCotarro.Tenerife\" \/>\n<meta property=\"article:published_time\" content=\"2019-11-17T11:02:37+00:00\" \/>\n<meta property=\"og:image\" content=\"https:\/\/elcotarro.com\/wp-content\/uploads\/2019\/11\/foto22.jpg\" \/>\n<meta name=\"author\" content=\"Jos\u00e9 Carlos Marrero Gonz\u00e1lez\" \/>\n<meta name=\"twitter:label1\" content=\"Escrito por\" \/>\n\t<meta name=\"twitter:data1\" content=\"Jos\u00e9 Carlos Marrero Gonz\u00e1lez\" \/>\n\t<meta name=\"twitter:label2\" content=\"Tiempo de lectura\" \/>\n\t<meta name=\"twitter:data2\" content=\"1 minuto\" \/>\n<script type=\"application\/ld+json\" class=\"yoast-schema-graph\">{\"@context\":\"https:\/\/schema.org\",\"@graph\":[{\"@type\":\"Article\",\"@id\":\"https:\/\/elcotarro.com\/?p=7539#article\",\"isPartOf\":{\"@id\":\"https:\/\/elcotarro.com\/?p=7539\"},\"author\":{\"name\":\"Jos\u00e9 Carlos Marrero Gonz\u00e1lez\",\"@id\":\"https:\/\/elcotarro.com\/#\/schema\/person\/af537ee7d60d15984c7e0affcd8a918b\"},\"headline\":\"Y LA LAGUNA SIN APLICAR SU ORDENANZA\",\"datePublished\":\"2019-11-17T11:02:37+00:00\",\"mainEntityOfPage\":{\"@id\":\"https:\/\/elcotarro.com\/?p=7539\"},\"wordCount\":171,\"commentCount\":0,\"publisher\":{\"@id\":\"https:\/\/elcotarro.com\/#organization\"},\"image\":{\"@id\":\"https:\/\/elcotarro.com\/?p=7539#primaryimage\"},\"thumbnailUrl\":\"https:\/\/elcotarro.com\/wp-content\/uploads\/2019\/11\/foto22.jpg\",\"inLanguage\":\"es\",\"potentialAction\":[{\"@type\":\"CommentAction\",\"name\":\"Comment\",\"target\":[\"https:\/\/elcotarro.com\/?p=7539#respond\"]}]},{\"@type\":\"WebPage\",\"@id\":\"https:\/\/elcotarro.com\/?p=7539\",\"url\":\"https:\/\/elcotarro.com\/?p=7539\",\"name\":\"Y LA LAGUNA SIN APLICAR SU ORDENANZA - El Cotarro\",\"isPartOf\":{\"@id\":\"https:\/\/elcotarro.com\/#website\"},\"primaryImageOfPage\":{\"@id\":\"https:\/\/elcotarro.com\/?p=7539#primaryimage\"},\"image\":{\"@id\":\"https:\/\/elcotarro.com\/?p=7539#primaryimage\"},\"thumbnailUrl\":\"https:\/\/elcotarro.com\/wp-content\/uploads\/2019\/11\/foto22.jpg\",\"datePublished\":\"2019-11-17T11:02:37+00:00\",\"breadcrumb\":{\"@id\":\"https:\/\/elcotarro.com\/?p=7539#breadcrumb\"},\"inLanguage\":\"es\",\"potentialAction\":[{\"@type\":\"ReadAction\",\"target\":[\"https:\/\/elcotarro.com\/?p=7539\"]}]},{\"@type\":\"ImageObject\",\"inLanguage\":\"es\",\"@id\":\"https:\/\/elcotarro.com\/?p=7539#primaryimage\",\"url\":\"https:\/\/elcotarro.com\/wp-content\/uploads\/2019\/11\/foto22.jpg\",\"contentUrl\":\"https:\/\/elcotarro.com\/wp-content\/uploads\/2019\/11\/foto22.jpg\",\"width\":1070,\"height\":375},{\"@type\":\"BreadcrumbList\",\"@id\":\"https:\/\/elcotarro.com\/?p=7539#breadcrumb\",\"itemListElement\":[{\"@type\":\"ListItem\",\"position\":1,\"name\":\"Portada\",\"item\":\"https:\/\/elcotarro.com\/\"},{\"@type\":\"ListItem\",\"position\":2,\"name\":\"Y LA LAGUNA SIN APLICAR SU ORDENANZA\"}]},{\"@type\":\"WebSite\",\"@id\":\"https:\/\/elcotarro.com\/#website\",\"url\":\"https:\/\/elcotarro.com\/\",\"name\":\"El Cotarro\",\"description\":\"Peri\u00f3dico Digital Independiente dirigido por Jos\u00e9 Carlos Marrero\",\"publisher\":{\"@id\":\"https:\/\/elcotarro.com\/#organization\"},\"potentialAction\":[{\"@type\":\"SearchAction\",\"target\":{\"@type\":\"EntryPoint\",\"urlTemplate\":\"https:\/\/elcotarro.com\/?s={search_term_string}\"},\"query-input\":{\"@type\":\"PropertyValueSpecification\",\"valueRequired\":true,\"valueName\":\"search_term_string\"}}],\"inLanguage\":\"es\"},{\"@type\":\"Organization\",\"@id\":\"https:\/\/elcotarro.com\/#organization\",\"name\":\"El Cotarro\",\"url\":\"https:\/\/elcotarro.com\/\",\"logo\":{\"@type\":\"ImageObject\",\"inLanguage\":\"es\",\"@id\":\"https:\/\/elcotarro.com\/#\/schema\/logo\/image\/\",\"url\":\"https:\/\/elcotarro.com\/wp-content\/uploads\/2014\/09\/Cabecera_El_Cotarro_v2.jpg\",\"contentUrl\":\"https:\/\/elcotarro.com\/wp-content\/uploads\/2014\/09\/Cabecera_El_Cotarro_v2.jpg\",\"width\":3540,\"height\":441,\"caption\":\"El Cotarro\"},\"image\":{\"@id\":\"https:\/\/elcotarro.com\/#\/schema\/logo\/image\/\"},\"sameAs\":[\"https:\/\/www.facebook.com\/ElCotarro.Tenerife\"]},{\"@type\":\"Person\",\"@id\":\"https:\/\/elcotarro.com\/#\/schema\/person\/af537ee7d60d15984c7e0affcd8a918b\",\"name\":\"Jos\u00e9 Carlos Marrero Gonz\u00e1lez\",\"image\":{\"@type\":\"ImageObject\",\"inLanguage\":\"es\",\"@id\":\"https:\/\/elcotarro.com\/#\/schema\/person\/image\/\",\"url\":\"https:\/\/secure.gravatar.com\/avatar\/def4da036efb5d32c74d49c351f6dccc064dd69ad9f3aadc295c5a9a5391ca01?s=96&d=mm&r=g\",\"contentUrl\":\"https:\/\/secure.gravatar.com\/avatar\/def4da036efb5d32c74d49c351f6dccc064dd69ad9f3aadc295c5a9a5391ca01?s=96&d=mm&r=g\",\"caption\":\"Jos\u00e9 Carlos Marrero Gonz\u00e1lez\"},\"sameAs\":[\"https:\/\/elcotarro.com\"],\"url\":\"https:\/\/elcotarro.com\/?author=2\"}]}<\/script>\n<!-- \/ Yoast SEO plugin. -->","yoast_head_json":{"title":"Y LA LAGUNA SIN APLICAR SU ORDENANZA - El Cotarro","robots":{"index":"index","follow":"follow","max-snippet":"max-snippet:-1","max-image-preview":"max-image-preview:large","max-video-preview":"max-video-preview:-1"},"canonical":"https:\/\/elcotarro.com\/?p=7539","og_locale":"es_ES","og_type":"article","og_title":"Y LA LAGUNA SIN APLICAR SU ORDENANZA - El Cotarro","og_description":"Porque, mirando la Ordenanza Municipal de Convivencia de La Laguna, da tristeza ver c\u00f3mo comenz\u00f3 su elaboraci\u00f3n, all\u00e1 por el a\u00f1o 2014, estando de alcalde Fernando Clavijo (CC). Tras dos o tres a\u00f1os de trabajo y con la colaboraci\u00f3n de la ciudadan\u00eda, se aprob\u00f3 el 15 de junio del a\u00f1o 2016, siendo ya alcalde Jos\u00e9 ... Read more","og_url":"https:\/\/elcotarro.com\/?p=7539","og_site_name":"El Cotarro","article_publisher":"https:\/\/www.facebook.com\/ElCotarro.Tenerife","article_published_time":"2019-11-17T11:02:37+00:00","og_image":[{"url":"https:\/\/elcotarro.com\/wp-content\/uploads\/2019\/11\/foto22.jpg","type":"","width":"","height":""}],"author":"Jos\u00e9 Carlos Marrero Gonz\u00e1lez","twitter_misc":{"Escrito por":"Jos\u00e9 Carlos Marrero Gonz\u00e1lez","Tiempo de lectura":"1 minuto"},"schema":{"@context":"https:\/\/schema.org","@graph":[{"@type":"Article","@id":"https:\/\/elcotarro.com\/?p=7539#article","isPartOf":{"@id":"https:\/\/elcotarro.com\/?p=7539"},"author":{"name":"Jos\u00e9 Carlos Marrero Gonz\u00e1lez","@id":"https:\/\/elcotarro.com\/#\/schema\/person\/af537ee7d60d15984c7e0affcd8a918b"},"headline":"Y LA LAGUNA SIN APLICAR SU ORDENANZA","datePublished":"2019-11-17T11:02:37+00:00","mainEntityOfPage":{"@id":"https:\/\/elcotarro.com\/?p=7539"},"wordCount":171,"commentCount":0,"publisher":{"@id":"https:\/\/elcotarro.com\/#organization"},"image":{"@id":"https:\/\/elcotarro.com\/?p=7539#primaryimage"},"thumbnailUrl":"https:\/\/elcotarro.com\/wp-content\/uploads\/2019\/11\/foto22.jpg","inLanguage":"es","potentialAction":[{"@type":"CommentAction","name":"Comment","target":["https:\/\/elcotarro.com\/?p=7539#respond"]}]},{"@type":"WebPage","@id":"https:\/\/elcotarro.com\/?p=7539","url":"https:\/\/elcotarro.com\/?p=7539","name":"Y LA LAGUNA SIN APLICAR SU ORDENANZA - El Cotarro","isPartOf":{"@id":"https:\/\/elcotarro.com\/#website"},"primaryImageOfPage":{"@id":"https:\/\/elcotarro.com\/?p=7539#primaryimage"},"image":{"@id":"https:\/\/elcotarro.com\/?p=7539#primaryimage"},"thumbnailUrl":"https:\/\/elcotarro.com\/wp-content\/uploads\/2019\/11\/foto22.jpg","datePublished":"2019-11-17T11:02:37+00:00","breadcrumb":{"@id":"https:\/\/elcotarro.com\/?p=7539#breadcrumb"},"inLanguage":"es","potentialAction":[{"@type":"ReadAction","target":["https:\/\/elcotarro.com\/?p=7539"]}]},{"@type":"ImageObject","inLanguage":"es","@id":"https:\/\/elcotarro.com\/?p=7539#primaryimage","url":"https:\/\/elcotarro.com\/wp-content\/uploads\/2019\/11\/foto22.jpg","contentUrl":"https:\/\/elcotarro.com\/wp-content\/uploads\/2019\/11\/foto22.jpg","width":1070,"height":375},{"@type":"BreadcrumbList","@id":"https:\/\/elcotarro.com\/?p=7539#breadcrumb","itemListElement":[{"@type":"ListItem","position":1,"name":"Portada","item":"https:\/\/elcotarro.com\/"},{"@type":"ListItem","position":2,"name":"Y LA LAGUNA SIN APLICAR SU ORDENANZA"}]},{"@type":"WebSite","@id":"https:\/\/elcotarro.com\/#website","url":"https:\/\/elcotarro.com\/","name":"El Cotarro","description":"Peri\u00f3dico Digital Independiente dirigido por Jos\u00e9 Carlos Marrero","publisher":{"@id":"https:\/\/elcotarro.com\/#organization"},"potentialAction":[{"@type":"SearchAction","target":{"@type":"EntryPoint","urlTemplate":"https:\/\/elcotarro.com\/?s={search_term_string}"},"query-input":{"@type":"PropertyValueSpecification","valueRequired":true,"valueName":"search_term_string"}}],"inLanguage":"es"},{"@type":"Organization","@id":"https:\/\/elcotarro.com\/#organization","name":"El Cotarro","url":"https:\/\/elcotarro.com\/","logo":{"@type":"ImageObject","inLanguage":"es","@id":"https:\/\/elcotarro.com\/#\/schema\/logo\/image\/","url":"https:\/\/elcotarro.com\/wp-content\/uploads\/2014\/09\/Cabecera_El_Cotarro_v2.jpg","contentUrl":"https:\/\/elcotarro.com\/wp-content\/uploads\/2014\/09\/Cabecera_El_Cotarro_v2.jpg","width":3540,"height":441,"caption":"El Cotarro"},"image":{"@id":"https:\/\/elcotarro.com\/#\/schema\/logo\/image\/"},"sameAs":["https:\/\/www.facebook.com\/ElCotarro.Tenerife"]},{"@type":"Person","@id":"https:\/\/elcotarro.com\/#\/schema\/person\/af537ee7d60d15984c7e0affcd8a918b","name":"Jos\u00e9 Carlos Marrero Gonz\u00e1lez","image":{"@type":"ImageObject","inLanguage":"es","@id":"https:\/\/elcotarro.com\/#\/schema\/person\/image\/","url":"https:\/\/secure.gravatar.com\/avatar\/def4da036efb5d32c74d49c351f6dccc064dd69ad9f3aadc295c5a9a5391ca01?s=96&d=mm&r=g","contentUrl":"https:\/\/secure.gravatar.com\/avatar\/def4da036efb5d32c74d49c351f6dccc064dd69ad9f3aadc295c5a9a5391ca01?s=96&d=mm&r=g","caption":"Jos\u00e9 Carlos Marrero Gonz\u00e1lez"},"sameAs":["https:\/\/elcotarro.com"],"url":"https:\/\/elcotarro.com\/?author=2"}]}},"jetpack_featured_media_url":"","jetpack_sharing_enabled":true,"_links":{"self":[{"href":"https:\/\/elcotarro.com\/index.php?rest_route=\/wp\/v2\/posts\/7539","targetHints":{"allow":["GET"]}}],"collection":[{"href":"https:\/\/elcotarro.com\/index.php?rest_route=\/wp\/v2\/posts"}],"about":[{"href":"https:\/\/elcotarro.com\/index.php?rest_route=\/wp\/v2\/types\/post"}],"author":[{"embeddable":true,"href":"https:\/\/elcotarro.com\/index.php?rest_route=\/wp\/v2\/users\/2"}],"replies":[{"embeddable":true,"href":"https:\/\/elcotarro.com\/index.php?rest_route=%2Fwp%2Fv2%2Fcomments&post=7539"}],"version-history":[{"count":1,"href":"https:\/\/elcotarro.com\/index.php?rest_route=\/wp\/v2\/posts\/7539\/revisions"}],"predecessor-version":[{"id":7541,"href":"https:\/\/elcotarro.com\/index.php?rest_route=\/wp\/v2\/posts\/7539\/revisions\/7541"}],"wp:attachment":[{"href":"https:\/\/elcotarro.com\/index.php?rest_route=%2Fwp%2Fv2%2Fmedia&parent=7539"}],"wp:term":[{"taxonomy":"category","embeddable":true,"href":"https:\/\/elcotarro.com\/index.php?rest_route=%2Fwp%2Fv2%2Fcategories&post=7539"},{"taxonomy":"post_tag","embeddable":true,"href":"https:\/\/elcotarro.com\/index.php?rest_route=%2Fwp%2Fv2%2Ftags&post=7539"}],"curies":[{"name":"wp","href":"https:\/\/api.w.org\/{rel}","templated":true}]}}