{"id":7560,"date":"2019-11-24T05:06:49","date_gmt":"2019-11-24T05:06:49","guid":{"rendered":"https:\/\/elcotarro.com\/?p=7560"},"modified":"2019-11-23T22:09:45","modified_gmt":"2019-11-23T22:09:45","slug":"pero-nuestro-cotarro-sigue-en-digital","status":"publish","type":"post","link":"https:\/\/elcotarro.com\/?p=7560","title":{"rendered":"PERO NUESTRO COTARRO SIGUE EN DIGITAL"},"content":{"rendered":"<p>Le deseo toda la suerte del mundo a <strong>Prensa Ib\u00e9rica<\/strong>, muchos \u00e9xitos al peri\u00f3dico <strong>El D\u00eda<\/strong> en su nueva etapa y, por supuesto, larga vida. Y, con su permiso, tambi\u00e9n <strong><em>El Cotarro<\/em><\/strong> va a seguir con su larga vida&#8230; (porque, sumando sus varias etapas, ya ha cumplido m\u00e1s de 25 a\u00f1os). Por ello, desde este pr\u00f3ximo domingo, <strong><em>El Cotarro<\/em><\/strong> lo tendr\u00e1n solamente en su tambi\u00e9n tradicional y popular versi\u00f3n digital, y podr\u00e1n verlo y leerlo desde las 7:00 de la ma\u00f1ana, a trav\u00e9s de: <strong>www.elcotarro.com<\/strong>. O sea, que yo,<strong> Jos\u00e9 Carlos Marrero<\/strong>, como su director, seguir\u00e9 al pie del ca\u00f1\u00f3n, siempre independiente y siempre con la verdad, que me hace libre&#8230; Un afectuoso saludo y p\u2019alante siempre. Nos vemos y nos leemos en <strong>www.elcotarro.com.<\/strong><\/p>\n<p style=\"text-align: center\"><a href=\"https:\/\/elcotarro.com\/wp-content\/uploads\/2019\/11\/FOTO-2.-CABECERA-COTARRO.jpg\"><img loading=\"lazy\" decoding=\"async\" class=\"aligncenter size-full wp-image-7561\" src=\"https:\/\/elcotarro.com\/wp-content\/uploads\/2019\/11\/FOTO-2.-CABECERA-COTARRO.jpg\" alt=\"FOTO 2.- CABECERA COTARRO\" width=\"1412\" height=\"168\" srcset=\"https:\/\/elcotarro.com\/wp-content\/uploads\/2019\/11\/FOTO-2.-CABECERA-COTARRO.jpg 1412w, https:\/\/elcotarro.com\/wp-content\/uploads\/2019\/11\/FOTO-2.-CABECERA-COTARRO-300x36.jpg 300w, https:\/\/elcotarro.com\/wp-content\/uploads\/2019\/11\/FOTO-2.-CABECERA-COTARRO-1024x122.jpg 1024w\" sizes=\"auto, (max-width: 1412px) 100vw, 1412px\" \/><\/a><\/p>\n<p style=\"text-align: center\"><em>Cabecera de la secci\u00f3n dominical El Cotarro, que dirige Jos\u00e9 Carlos Marrero<\/em><\/p>\n","protected":false},"excerpt":{"rendered":"<p>Le deseo toda la suerte del mundo a Prensa Ib\u00e9rica, muchos \u00e9xitos al peri\u00f3dico El D\u00eda en su nueva etapa y, por supuesto, larga vida. Y, con su permiso, tambi\u00e9n El Cotarro va a seguir con su larga vida&#8230; (porque, sumando sus varias etapas, ya ha cumplido m\u00e1s de 25 a\u00f1os). Por ello, desde este &#8230; <a class=\"read-more\" href=\"https:\/\/elcotarro.com\/?p=7560\">Read more<\/a><\/p>\n","protected":false},"author":2,"featured_media":0,"comment_status":"open","ping_status":"open","sticky":false,"template":"","format":"standard","meta":{"_jetpack_memberships_contains_paid_content":false,"footnotes":""},"categories":[1],"tags":[],"class_list":["post-7560","post","type-post","status-publish","format-standard","hentry","category-sin-categoria"],"yoast_head":"<!-- This site is optimized with the Yoast SEO plugin v27.0 - https:\/\/yoast.com\/product\/yoast-seo-wordpress\/ -->\n<title>PERO NUESTRO COTARRO SIGUE EN DIGITAL - El Cotarro<\/title>\n<meta name=\"robots\" content=\"index, follow, max-snippet:-1, max-image-preview:large, max-video-preview:-1\" \/>\n<link rel=\"canonical\" href=\"https:\/\/elcotarro.com\/?p=7560\" \/>\n<meta property=\"og:locale\" content=\"es_ES\" \/>\n<meta property=\"og:type\" content=\"article\" \/>\n<meta property=\"og:title\" content=\"PERO NUESTRO COTARRO SIGUE EN DIGITAL - El Cotarro\" \/>\n<meta property=\"og:description\" content=\"Le deseo toda la suerte del mundo a Prensa Ib\u00e9rica, muchos \u00e9xitos al peri\u00f3dico El D\u00eda en su nueva etapa y, por supuesto, larga vida. Y, con su permiso, tambi\u00e9n El Cotarro va a seguir con su larga vida&#8230; (porque, sumando sus varias etapas, ya ha cumplido m\u00e1s de 25 a\u00f1os). Por ello, desde este ... Read more\" \/>\n<meta property=\"og:url\" content=\"https:\/\/elcotarro.com\/?p=7560\" \/>\n<meta property=\"og:site_name\" content=\"El Cotarro\" \/>\n<meta property=\"article:publisher\" content=\"https:\/\/www.facebook.com\/ElCotarro.Tenerife\" \/>\n<meta property=\"article:published_time\" content=\"2019-11-24T05:06:49+00:00\" \/>\n<meta property=\"og:image\" content=\"https:\/\/elcotarro.com\/wp-content\/uploads\/2019\/11\/FOTO-2.-CABECERA-COTARRO.jpg\" \/>\n<meta name=\"author\" content=\"Jos\u00e9 Carlos Marrero Gonz\u00e1lez\" \/>\n<meta name=\"twitter:label1\" content=\"Escrito por\" \/>\n\t<meta name=\"twitter:data1\" content=\"Jos\u00e9 Carlos Marrero Gonz\u00e1lez\" \/>\n\t<meta name=\"twitter:label2\" content=\"Tiempo de lectura\" \/>\n\t<meta name=\"twitter:data2\" content=\"1 minuto\" \/>\n<script type=\"application\/ld+json\" class=\"yoast-schema-graph\">{\"@context\":\"https:\/\/schema.org\",\"@graph\":[{\"@type\":\"Article\",\"@id\":\"https:\/\/elcotarro.com\/?p=7560#article\",\"isPartOf\":{\"@id\":\"https:\/\/elcotarro.com\/?p=7560\"},\"author\":{\"name\":\"Jos\u00e9 Carlos Marrero Gonz\u00e1lez\",\"@id\":\"https:\/\/elcotarro.com\/#\/schema\/person\/af537ee7d60d15984c7e0affcd8a918b\"},\"headline\":\"PERO NUESTRO COTARRO SIGUE EN DIGITAL\",\"datePublished\":\"2019-11-24T05:06:49+00:00\",\"mainEntityOfPage\":{\"@id\":\"https:\/\/elcotarro.com\/?p=7560\"},\"wordCount\":160,\"commentCount\":0,\"publisher\":{\"@id\":\"https:\/\/elcotarro.com\/#organization\"},\"image\":{\"@id\":\"https:\/\/elcotarro.com\/?p=7560#primaryimage\"},\"thumbnailUrl\":\"https:\/\/elcotarro.com\/wp-content\/uploads\/2019\/11\/FOTO-2.-CABECERA-COTARRO.jpg\",\"inLanguage\":\"es\",\"potentialAction\":[{\"@type\":\"CommentAction\",\"name\":\"Comment\",\"target\":[\"https:\/\/elcotarro.com\/?p=7560#respond\"]}]},{\"@type\":\"WebPage\",\"@id\":\"https:\/\/elcotarro.com\/?p=7560\",\"url\":\"https:\/\/elcotarro.com\/?p=7560\",\"name\":\"PERO NUESTRO COTARRO SIGUE EN DIGITAL - El Cotarro\",\"isPartOf\":{\"@id\":\"https:\/\/elcotarro.com\/#website\"},\"primaryImageOfPage\":{\"@id\":\"https:\/\/elcotarro.com\/?p=7560#primaryimage\"},\"image\":{\"@id\":\"https:\/\/elcotarro.com\/?p=7560#primaryimage\"},\"thumbnailUrl\":\"https:\/\/elcotarro.com\/wp-content\/uploads\/2019\/11\/FOTO-2.-CABECERA-COTARRO.jpg\",\"datePublished\":\"2019-11-24T05:06:49+00:00\",\"breadcrumb\":{\"@id\":\"https:\/\/elcotarro.com\/?p=7560#breadcrumb\"},\"inLanguage\":\"es\",\"potentialAction\":[{\"@type\":\"ReadAction\",\"target\":[\"https:\/\/elcotarro.com\/?p=7560\"]}]},{\"@type\":\"ImageObject\",\"inLanguage\":\"es\",\"@id\":\"https:\/\/elcotarro.com\/?p=7560#primaryimage\",\"url\":\"https:\/\/elcotarro.com\/wp-content\/uploads\/2019\/11\/FOTO-2.-CABECERA-COTARRO.jpg\",\"contentUrl\":\"https:\/\/elcotarro.com\/wp-content\/uploads\/2019\/11\/FOTO-2.-CABECERA-COTARRO.jpg\",\"width\":1412,\"height\":168},{\"@type\":\"BreadcrumbList\",\"@id\":\"https:\/\/elcotarro.com\/?p=7560#breadcrumb\",\"itemListElement\":[{\"@type\":\"ListItem\",\"position\":1,\"name\":\"Portada\",\"item\":\"https:\/\/elcotarro.com\/\"},{\"@type\":\"ListItem\",\"position\":2,\"name\":\"PERO NUESTRO COTARRO SIGUE EN DIGITAL\"}]},{\"@type\":\"WebSite\",\"@id\":\"https:\/\/elcotarro.com\/#website\",\"url\":\"https:\/\/elcotarro.com\/\",\"name\":\"El Cotarro\",\"description\":\"Peri\u00f3dico Digital Independiente dirigido por Jos\u00e9 Carlos Marrero\",\"publisher\":{\"@id\":\"https:\/\/elcotarro.com\/#organization\"},\"potentialAction\":[{\"@type\":\"SearchAction\",\"target\":{\"@type\":\"EntryPoint\",\"urlTemplate\":\"https:\/\/elcotarro.com\/?s={search_term_string}\"},\"query-input\":{\"@type\":\"PropertyValueSpecification\",\"valueRequired\":true,\"valueName\":\"search_term_string\"}}],\"inLanguage\":\"es\"},{\"@type\":\"Organization\",\"@id\":\"https:\/\/elcotarro.com\/#organization\",\"name\":\"El Cotarro\",\"url\":\"https:\/\/elcotarro.com\/\",\"logo\":{\"@type\":\"ImageObject\",\"inLanguage\":\"es\",\"@id\":\"https:\/\/elcotarro.com\/#\/schema\/logo\/image\/\",\"url\":\"https:\/\/elcotarro.com\/wp-content\/uploads\/2014\/09\/Cabecera_El_Cotarro_v2.jpg\",\"contentUrl\":\"https:\/\/elcotarro.com\/wp-content\/uploads\/2014\/09\/Cabecera_El_Cotarro_v2.jpg\",\"width\":3540,\"height\":441,\"caption\":\"El Cotarro\"},\"image\":{\"@id\":\"https:\/\/elcotarro.com\/#\/schema\/logo\/image\/\"},\"sameAs\":[\"https:\/\/www.facebook.com\/ElCotarro.Tenerife\"]},{\"@type\":\"Person\",\"@id\":\"https:\/\/elcotarro.com\/#\/schema\/person\/af537ee7d60d15984c7e0affcd8a918b\",\"name\":\"Jos\u00e9 Carlos Marrero Gonz\u00e1lez\",\"image\":{\"@type\":\"ImageObject\",\"inLanguage\":\"es\",\"@id\":\"https:\/\/elcotarro.com\/#\/schema\/person\/image\/\",\"url\":\"https:\/\/secure.gravatar.com\/avatar\/def4da036efb5d32c74d49c351f6dccc064dd69ad9f3aadc295c5a9a5391ca01?s=96&d=mm&r=g\",\"contentUrl\":\"https:\/\/secure.gravatar.com\/avatar\/def4da036efb5d32c74d49c351f6dccc064dd69ad9f3aadc295c5a9a5391ca01?s=96&d=mm&r=g\",\"caption\":\"Jos\u00e9 Carlos Marrero Gonz\u00e1lez\"},\"sameAs\":[\"https:\/\/elcotarro.com\"],\"url\":\"https:\/\/elcotarro.com\/?author=2\"}]}<\/script>\n<!-- \/ Yoast SEO plugin. -->","yoast_head_json":{"title":"PERO NUESTRO COTARRO SIGUE EN DIGITAL - El Cotarro","robots":{"index":"index","follow":"follow","max-snippet":"max-snippet:-1","max-image-preview":"max-image-preview:large","max-video-preview":"max-video-preview:-1"},"canonical":"https:\/\/elcotarro.com\/?p=7560","og_locale":"es_ES","og_type":"article","og_title":"PERO NUESTRO COTARRO SIGUE EN DIGITAL - El Cotarro","og_description":"Le deseo toda la suerte del mundo a Prensa Ib\u00e9rica, muchos \u00e9xitos al peri\u00f3dico El D\u00eda en su nueva etapa y, por supuesto, larga vida. Y, con su permiso, tambi\u00e9n El Cotarro va a seguir con su larga vida&#8230; (porque, sumando sus varias etapas, ya ha cumplido m\u00e1s de 25 a\u00f1os). Por ello, desde este ... Read more","og_url":"https:\/\/elcotarro.com\/?p=7560","og_site_name":"El Cotarro","article_publisher":"https:\/\/www.facebook.com\/ElCotarro.Tenerife","article_published_time":"2019-11-24T05:06:49+00:00","og_image":[{"url":"https:\/\/elcotarro.com\/wp-content\/uploads\/2019\/11\/FOTO-2.-CABECERA-COTARRO.jpg","type":"","width":"","height":""}],"author":"Jos\u00e9 Carlos Marrero Gonz\u00e1lez","twitter_misc":{"Escrito por":"Jos\u00e9 Carlos Marrero Gonz\u00e1lez","Tiempo de lectura":"1 minuto"},"schema":{"@context":"https:\/\/schema.org","@graph":[{"@type":"Article","@id":"https:\/\/elcotarro.com\/?p=7560#article","isPartOf":{"@id":"https:\/\/elcotarro.com\/?p=7560"},"author":{"name":"Jos\u00e9 Carlos Marrero Gonz\u00e1lez","@id":"https:\/\/elcotarro.com\/#\/schema\/person\/af537ee7d60d15984c7e0affcd8a918b"},"headline":"PERO NUESTRO COTARRO SIGUE EN DIGITAL","datePublished":"2019-11-24T05:06:49+00:00","mainEntityOfPage":{"@id":"https:\/\/elcotarro.com\/?p=7560"},"wordCount":160,"commentCount":0,"publisher":{"@id":"https:\/\/elcotarro.com\/#organization"},"image":{"@id":"https:\/\/elcotarro.com\/?p=7560#primaryimage"},"thumbnailUrl":"https:\/\/elcotarro.com\/wp-content\/uploads\/2019\/11\/FOTO-2.-CABECERA-COTARRO.jpg","inLanguage":"es","potentialAction":[{"@type":"CommentAction","name":"Comment","target":["https:\/\/elcotarro.com\/?p=7560#respond"]}]},{"@type":"WebPage","@id":"https:\/\/elcotarro.com\/?p=7560","url":"https:\/\/elcotarro.com\/?p=7560","name":"PERO NUESTRO COTARRO SIGUE EN DIGITAL - El Cotarro","isPartOf":{"@id":"https:\/\/elcotarro.com\/#website"},"primaryImageOfPage":{"@id":"https:\/\/elcotarro.com\/?p=7560#primaryimage"},"image":{"@id":"https:\/\/elcotarro.com\/?p=7560#primaryimage"},"thumbnailUrl":"https:\/\/elcotarro.com\/wp-content\/uploads\/2019\/11\/FOTO-2.-CABECERA-COTARRO.jpg","datePublished":"2019-11-24T05:06:49+00:00","breadcrumb":{"@id":"https:\/\/elcotarro.com\/?p=7560#breadcrumb"},"inLanguage":"es","potentialAction":[{"@type":"ReadAction","target":["https:\/\/elcotarro.com\/?p=7560"]}]},{"@type":"ImageObject","inLanguage":"es","@id":"https:\/\/elcotarro.com\/?p=7560#primaryimage","url":"https:\/\/elcotarro.com\/wp-content\/uploads\/2019\/11\/FOTO-2.-CABECERA-COTARRO.jpg","contentUrl":"https:\/\/elcotarro.com\/wp-content\/uploads\/2019\/11\/FOTO-2.-CABECERA-COTARRO.jpg","width":1412,"height":168},{"@type":"BreadcrumbList","@id":"https:\/\/elcotarro.com\/?p=7560#breadcrumb","itemListElement":[{"@type":"ListItem","position":1,"name":"Portada","item":"https:\/\/elcotarro.com\/"},{"@type":"ListItem","position":2,"name":"PERO NUESTRO COTARRO SIGUE EN DIGITAL"}]},{"@type":"WebSite","@id":"https:\/\/elcotarro.com\/#website","url":"https:\/\/elcotarro.com\/","name":"El Cotarro","description":"Peri\u00f3dico Digital Independiente dirigido por Jos\u00e9 Carlos Marrero","publisher":{"@id":"https:\/\/elcotarro.com\/#organization"},"potentialAction":[{"@type":"SearchAction","target":{"@type":"EntryPoint","urlTemplate":"https:\/\/elcotarro.com\/?s={search_term_string}"},"query-input":{"@type":"PropertyValueSpecification","valueRequired":true,"valueName":"search_term_string"}}],"inLanguage":"es"},{"@type":"Organization","@id":"https:\/\/elcotarro.com\/#organization","name":"El Cotarro","url":"https:\/\/elcotarro.com\/","logo":{"@type":"ImageObject","inLanguage":"es","@id":"https:\/\/elcotarro.com\/#\/schema\/logo\/image\/","url":"https:\/\/elcotarro.com\/wp-content\/uploads\/2014\/09\/Cabecera_El_Cotarro_v2.jpg","contentUrl":"https:\/\/elcotarro.com\/wp-content\/uploads\/2014\/09\/Cabecera_El_Cotarro_v2.jpg","width":3540,"height":441,"caption":"El Cotarro"},"image":{"@id":"https:\/\/elcotarro.com\/#\/schema\/logo\/image\/"},"sameAs":["https:\/\/www.facebook.com\/ElCotarro.Tenerife"]},{"@type":"Person","@id":"https:\/\/elcotarro.com\/#\/schema\/person\/af537ee7d60d15984c7e0affcd8a918b","name":"Jos\u00e9 Carlos Marrero Gonz\u00e1lez","image":{"@type":"ImageObject","inLanguage":"es","@id":"https:\/\/elcotarro.com\/#\/schema\/person\/image\/","url":"https:\/\/secure.gravatar.com\/avatar\/def4da036efb5d32c74d49c351f6dccc064dd69ad9f3aadc295c5a9a5391ca01?s=96&d=mm&r=g","contentUrl":"https:\/\/secure.gravatar.com\/avatar\/def4da036efb5d32c74d49c351f6dccc064dd69ad9f3aadc295c5a9a5391ca01?s=96&d=mm&r=g","caption":"Jos\u00e9 Carlos Marrero Gonz\u00e1lez"},"sameAs":["https:\/\/elcotarro.com"],"url":"https:\/\/elcotarro.com\/?author=2"}]}},"jetpack_featured_media_url":"","jetpack_sharing_enabled":true,"_links":{"self":[{"href":"https:\/\/elcotarro.com\/index.php?rest_route=\/wp\/v2\/posts\/7560","targetHints":{"allow":["GET"]}}],"collection":[{"href":"https:\/\/elcotarro.com\/index.php?rest_route=\/wp\/v2\/posts"}],"about":[{"href":"https:\/\/elcotarro.com\/index.php?rest_route=\/wp\/v2\/types\/post"}],"author":[{"embeddable":true,"href":"https:\/\/elcotarro.com\/index.php?rest_route=\/wp\/v2\/users\/2"}],"replies":[{"embeddable":true,"href":"https:\/\/elcotarro.com\/index.php?rest_route=%2Fwp%2Fv2%2Fcomments&post=7560"}],"version-history":[{"count":1,"href":"https:\/\/elcotarro.com\/index.php?rest_route=\/wp\/v2\/posts\/7560\/revisions"}],"predecessor-version":[{"id":7562,"href":"https:\/\/elcotarro.com\/index.php?rest_route=\/wp\/v2\/posts\/7560\/revisions\/7562"}],"wp:attachment":[{"href":"https:\/\/elcotarro.com\/index.php?rest_route=%2Fwp%2Fv2%2Fmedia&parent=7560"}],"wp:term":[{"taxonomy":"category","embeddable":true,"href":"https:\/\/elcotarro.com\/index.php?rest_route=%2Fwp%2Fv2%2Fcategories&post=7560"},{"taxonomy":"post_tag","embeddable":true,"href":"https:\/\/elcotarro.com\/index.php?rest_route=%2Fwp%2Fv2%2Ftags&post=7560"}],"curies":[{"name":"wp","href":"https:\/\/api.w.org\/{rel}","templated":true}]}}