{"id":7569,"date":"2019-11-24T05:03:17","date_gmt":"2019-11-24T05:03:17","guid":{"rendered":"https:\/\/elcotarro.com\/?p=7569"},"modified":"2019-11-23T22:19:54","modified_gmt":"2019-11-23T22:19:54","slug":"a-el-y-todos-los-que-estuvieran-como-el","status":"publish","type":"post","link":"https:\/\/elcotarro.com\/?p=7569","title":{"rendered":"A \u00c9L Y TODOS LOS QUE ESTUVIERAN COMO \u00c9L"},"content":{"rendered":"<p>No creo que sea justo que una persona con 84 a\u00f1os de edad, se llame <strong>Ignacio Gonz\u00e1lez Mart\u00edn<\/strong>, o se llame como se llame, una persona enferma de <strong>Alzheimer<\/strong> que casi no reconoce a nadie, postrada en una silla de ruedas de la que no se puede levantar sola, con crisis peri\u00f3dicas por diversas patolog\u00edas, una persona recluida en la enfermer\u00eda del centro y en la que ha habido que realizar obras para adaptar sus ba\u00f1os, siga recluido&#8230; Incomprensible. Creo que tambi\u00e9n habr\u00eda sido de justicia que <strong>Ignacio Gonz\u00e1lez Mart\u00edn<\/strong> (y todos los que est\u00e9n en sus mismas circunstancias, repito) hubieran podido pasar sus \u00faltimos d\u00edas en su casa y morir junto a los suyos.\u00a0 M\u00e1s a\u00fan cuando el criminal etarra, <strong>I\u00f1aki<\/strong> <strong>de<\/strong> <strong>Juana Chaos<\/strong> (64 a\u00f1os) con 25 asesinatos y 3.000 a\u00f1os de prisi\u00f3n, sigue vivo y en libertad. Creo que quien o quienes hayan sido responsables de esta forma de morir de <strong>Ignacio Gonz\u00e1lez<\/strong> (que hoy no deben tener su conciencia tranquila) debe hacer lo que proceda para que casos como \u00e9ste no se vuelvan a producir. Y mientras, desde aqu\u00ed, mi reconocimiento de nuevo a <strong>Ignacio Gonz\u00e1lez<\/strong> y mi sincero sentimiento de pesar para su viuda, sus hijos y su gran familia.<\/p>\n<p style=\"text-align: center\"><a href=\"https:\/\/elcotarro.com\/wp-content\/uploads\/2019\/11\/FOTO-5.-IGNACIO-GONZA\u0301LEZ-C.jpg\"><img loading=\"lazy\" decoding=\"async\" class=\"aligncenter size-full wp-image-7570\" src=\"https:\/\/elcotarro.com\/wp-content\/uploads\/2019\/11\/FOTO-5.-IGNACIO-GONZA\u0301LEZ-C.jpg\" alt=\"FOTO 5.- IGNACIO GONZA\u0301LEZ C\" width=\"1200\" height=\"799\" srcset=\"https:\/\/elcotarro.com\/wp-content\/uploads\/2019\/11\/FOTO-5.-IGNACIO-GONZA\u0301LEZ-C.jpg 1200w, https:\/\/elcotarro.com\/wp-content\/uploads\/2019\/11\/FOTO-5.-IGNACIO-GONZA\u0301LEZ-C-300x200.jpg 300w, https:\/\/elcotarro.com\/wp-content\/uploads\/2019\/11\/FOTO-5.-IGNACIO-GONZA\u0301LEZ-C-1024x682.jpg 1024w\" sizes=\"auto, (max-width: 1200px) 100vw, 1200px\" \/><\/a><\/p>\n<p style=\"text-align: center\"><em>Ignacio Gonz\u00e1lez Mart\u00edn, ya mayor.<\/em><\/p>\n","protected":false},"excerpt":{"rendered":"<p>No creo que sea justo que una persona con 84 a\u00f1os de edad, se llame Ignacio Gonz\u00e1lez Mart\u00edn, o se llame como se llame, una persona enferma de Alzheimer que casi no reconoce a nadie, postrada en una silla de ruedas de la que no se puede levantar sola, con crisis peri\u00f3dicas por diversas patolog\u00edas, &#8230; <a class=\"read-more\" href=\"https:\/\/elcotarro.com\/?p=7569\">Read more<\/a><\/p>\n","protected":false},"author":2,"featured_media":0,"comment_status":"open","ping_status":"open","sticky":false,"template":"","format":"standard","meta":{"_jetpack_memberships_contains_paid_content":false,"footnotes":""},"categories":[1],"tags":[],"class_list":["post-7569","post","type-post","status-publish","format-standard","hentry","category-sin-categoria"],"yoast_head":"<!-- This site is optimized with the Yoast SEO plugin v27.0 - https:\/\/yoast.com\/product\/yoast-seo-wordpress\/ -->\n<title>A \u00c9L Y TODOS LOS QUE ESTUVIERAN COMO \u00c9L - El Cotarro<\/title>\n<meta name=\"robots\" content=\"index, follow, max-snippet:-1, max-image-preview:large, max-video-preview:-1\" \/>\n<link rel=\"canonical\" href=\"https:\/\/elcotarro.com\/?p=7569\" \/>\n<meta property=\"og:locale\" content=\"es_ES\" \/>\n<meta property=\"og:type\" content=\"article\" \/>\n<meta property=\"og:title\" content=\"A \u00c9L Y TODOS LOS QUE ESTUVIERAN COMO \u00c9L - El Cotarro\" \/>\n<meta property=\"og:description\" content=\"No creo que sea justo que una persona con 84 a\u00f1os de edad, se llame Ignacio Gonz\u00e1lez Mart\u00edn, o se llame como se llame, una persona enferma de Alzheimer que casi no reconoce a nadie, postrada en una silla de ruedas de la que no se puede levantar sola, con crisis peri\u00f3dicas por diversas patolog\u00edas, ... Read more\" \/>\n<meta property=\"og:url\" content=\"https:\/\/elcotarro.com\/?p=7569\" \/>\n<meta property=\"og:site_name\" content=\"El Cotarro\" \/>\n<meta property=\"article:publisher\" content=\"https:\/\/www.facebook.com\/ElCotarro.Tenerife\" \/>\n<meta property=\"article:published_time\" content=\"2019-11-24T05:03:17+00:00\" \/>\n<meta name=\"author\" content=\"Jos\u00e9 Carlos Marrero Gonz\u00e1lez\" \/>\n<meta name=\"twitter:label1\" content=\"Escrito por\" \/>\n\t<meta name=\"twitter:data1\" content=\"Jos\u00e9 Carlos Marrero Gonz\u00e1lez\" \/>\n\t<meta name=\"twitter:label2\" content=\"Tiempo de lectura\" \/>\n\t<meta name=\"twitter:data2\" content=\"1 minuto\" \/>\n<script type=\"application\/ld+json\" class=\"yoast-schema-graph\">{\"@context\":\"https:\/\/schema.org\",\"@graph\":[{\"@type\":\"Article\",\"@id\":\"https:\/\/elcotarro.com\/?p=7569#article\",\"isPartOf\":{\"@id\":\"https:\/\/elcotarro.com\/?p=7569\"},\"author\":{\"name\":\"Jos\u00e9 Carlos Marrero Gonz\u00e1lez\",\"@id\":\"https:\/\/elcotarro.com\/#\/schema\/person\/af537ee7d60d15984c7e0affcd8a918b\"},\"headline\":\"A \u00c9L Y TODOS LOS QUE ESTUVIERAN COMO \u00c9L\",\"datePublished\":\"2019-11-24T05:03:17+00:00\",\"mainEntityOfPage\":{\"@id\":\"https:\/\/elcotarro.com\/?p=7569\"},\"wordCount\":238,\"commentCount\":0,\"publisher\":{\"@id\":\"https:\/\/elcotarro.com\/#organization\"},\"inLanguage\":\"es\",\"potentialAction\":[{\"@type\":\"CommentAction\",\"name\":\"Comment\",\"target\":[\"https:\/\/elcotarro.com\/?p=7569#respond\"]}]},{\"@type\":\"WebPage\",\"@id\":\"https:\/\/elcotarro.com\/?p=7569\",\"url\":\"https:\/\/elcotarro.com\/?p=7569\",\"name\":\"A \u00c9L Y TODOS LOS QUE ESTUVIERAN COMO \u00c9L - El Cotarro\",\"isPartOf\":{\"@id\":\"https:\/\/elcotarro.com\/#website\"},\"datePublished\":\"2019-11-24T05:03:17+00:00\",\"breadcrumb\":{\"@id\":\"https:\/\/elcotarro.com\/?p=7569#breadcrumb\"},\"inLanguage\":\"es\",\"potentialAction\":[{\"@type\":\"ReadAction\",\"target\":[\"https:\/\/elcotarro.com\/?p=7569\"]}]},{\"@type\":\"BreadcrumbList\",\"@id\":\"https:\/\/elcotarro.com\/?p=7569#breadcrumb\",\"itemListElement\":[{\"@type\":\"ListItem\",\"position\":1,\"name\":\"Portada\",\"item\":\"https:\/\/elcotarro.com\/\"},{\"@type\":\"ListItem\",\"position\":2,\"name\":\"A \u00c9L Y TODOS LOS QUE ESTUVIERAN COMO \u00c9L\"}]},{\"@type\":\"WebSite\",\"@id\":\"https:\/\/elcotarro.com\/#website\",\"url\":\"https:\/\/elcotarro.com\/\",\"name\":\"El Cotarro\",\"description\":\"Peri\u00f3dico Digital Independiente dirigido por Jos\u00e9 Carlos Marrero\",\"publisher\":{\"@id\":\"https:\/\/elcotarro.com\/#organization\"},\"potentialAction\":[{\"@type\":\"SearchAction\",\"target\":{\"@type\":\"EntryPoint\",\"urlTemplate\":\"https:\/\/elcotarro.com\/?s={search_term_string}\"},\"query-input\":{\"@type\":\"PropertyValueSpecification\",\"valueRequired\":true,\"valueName\":\"search_term_string\"}}],\"inLanguage\":\"es\"},{\"@type\":\"Organization\",\"@id\":\"https:\/\/elcotarro.com\/#organization\",\"name\":\"El Cotarro\",\"url\":\"https:\/\/elcotarro.com\/\",\"logo\":{\"@type\":\"ImageObject\",\"inLanguage\":\"es\",\"@id\":\"https:\/\/elcotarro.com\/#\/schema\/logo\/image\/\",\"url\":\"https:\/\/elcotarro.com\/wp-content\/uploads\/2014\/09\/Cabecera_El_Cotarro_v2.jpg\",\"contentUrl\":\"https:\/\/elcotarro.com\/wp-content\/uploads\/2014\/09\/Cabecera_El_Cotarro_v2.jpg\",\"width\":3540,\"height\":441,\"caption\":\"El Cotarro\"},\"image\":{\"@id\":\"https:\/\/elcotarro.com\/#\/schema\/logo\/image\/\"},\"sameAs\":[\"https:\/\/www.facebook.com\/ElCotarro.Tenerife\"]},{\"@type\":\"Person\",\"@id\":\"https:\/\/elcotarro.com\/#\/schema\/person\/af537ee7d60d15984c7e0affcd8a918b\",\"name\":\"Jos\u00e9 Carlos Marrero Gonz\u00e1lez\",\"image\":{\"@type\":\"ImageObject\",\"inLanguage\":\"es\",\"@id\":\"https:\/\/elcotarro.com\/#\/schema\/person\/image\/\",\"url\":\"https:\/\/secure.gravatar.com\/avatar\/def4da036efb5d32c74d49c351f6dccc064dd69ad9f3aadc295c5a9a5391ca01?s=96&d=mm&r=g\",\"contentUrl\":\"https:\/\/secure.gravatar.com\/avatar\/def4da036efb5d32c74d49c351f6dccc064dd69ad9f3aadc295c5a9a5391ca01?s=96&d=mm&r=g\",\"caption\":\"Jos\u00e9 Carlos Marrero Gonz\u00e1lez\"},\"sameAs\":[\"https:\/\/elcotarro.com\"],\"url\":\"https:\/\/elcotarro.com\/?author=2\"}]}<\/script>\n<!-- \/ Yoast SEO plugin. -->","yoast_head_json":{"title":"A \u00c9L Y TODOS LOS QUE ESTUVIERAN COMO \u00c9L - El Cotarro","robots":{"index":"index","follow":"follow","max-snippet":"max-snippet:-1","max-image-preview":"max-image-preview:large","max-video-preview":"max-video-preview:-1"},"canonical":"https:\/\/elcotarro.com\/?p=7569","og_locale":"es_ES","og_type":"article","og_title":"A \u00c9L Y TODOS LOS QUE ESTUVIERAN COMO \u00c9L - El Cotarro","og_description":"No creo que sea justo que una persona con 84 a\u00f1os de edad, se llame Ignacio Gonz\u00e1lez Mart\u00edn, o se llame como se llame, una persona enferma de Alzheimer que casi no reconoce a nadie, postrada en una silla de ruedas de la que no se puede levantar sola, con crisis peri\u00f3dicas por diversas patolog\u00edas, ... Read more","og_url":"https:\/\/elcotarro.com\/?p=7569","og_site_name":"El Cotarro","article_publisher":"https:\/\/www.facebook.com\/ElCotarro.Tenerife","article_published_time":"2019-11-24T05:03:17+00:00","author":"Jos\u00e9 Carlos Marrero Gonz\u00e1lez","twitter_misc":{"Escrito por":"Jos\u00e9 Carlos Marrero Gonz\u00e1lez","Tiempo de lectura":"1 minuto"},"schema":{"@context":"https:\/\/schema.org","@graph":[{"@type":"Article","@id":"https:\/\/elcotarro.com\/?p=7569#article","isPartOf":{"@id":"https:\/\/elcotarro.com\/?p=7569"},"author":{"name":"Jos\u00e9 Carlos Marrero Gonz\u00e1lez","@id":"https:\/\/elcotarro.com\/#\/schema\/person\/af537ee7d60d15984c7e0affcd8a918b"},"headline":"A \u00c9L Y TODOS LOS QUE ESTUVIERAN COMO \u00c9L","datePublished":"2019-11-24T05:03:17+00:00","mainEntityOfPage":{"@id":"https:\/\/elcotarro.com\/?p=7569"},"wordCount":238,"commentCount":0,"publisher":{"@id":"https:\/\/elcotarro.com\/#organization"},"inLanguage":"es","potentialAction":[{"@type":"CommentAction","name":"Comment","target":["https:\/\/elcotarro.com\/?p=7569#respond"]}]},{"@type":"WebPage","@id":"https:\/\/elcotarro.com\/?p=7569","url":"https:\/\/elcotarro.com\/?p=7569","name":"A \u00c9L Y TODOS LOS QUE ESTUVIERAN COMO \u00c9L - El Cotarro","isPartOf":{"@id":"https:\/\/elcotarro.com\/#website"},"datePublished":"2019-11-24T05:03:17+00:00","breadcrumb":{"@id":"https:\/\/elcotarro.com\/?p=7569#breadcrumb"},"inLanguage":"es","potentialAction":[{"@type":"ReadAction","target":["https:\/\/elcotarro.com\/?p=7569"]}]},{"@type":"BreadcrumbList","@id":"https:\/\/elcotarro.com\/?p=7569#breadcrumb","itemListElement":[{"@type":"ListItem","position":1,"name":"Portada","item":"https:\/\/elcotarro.com\/"},{"@type":"ListItem","position":2,"name":"A \u00c9L Y TODOS LOS QUE ESTUVIERAN COMO \u00c9L"}]},{"@type":"WebSite","@id":"https:\/\/elcotarro.com\/#website","url":"https:\/\/elcotarro.com\/","name":"El Cotarro","description":"Peri\u00f3dico Digital Independiente dirigido por Jos\u00e9 Carlos Marrero","publisher":{"@id":"https:\/\/elcotarro.com\/#organization"},"potentialAction":[{"@type":"SearchAction","target":{"@type":"EntryPoint","urlTemplate":"https:\/\/elcotarro.com\/?s={search_term_string}"},"query-input":{"@type":"PropertyValueSpecification","valueRequired":true,"valueName":"search_term_string"}}],"inLanguage":"es"},{"@type":"Organization","@id":"https:\/\/elcotarro.com\/#organization","name":"El Cotarro","url":"https:\/\/elcotarro.com\/","logo":{"@type":"ImageObject","inLanguage":"es","@id":"https:\/\/elcotarro.com\/#\/schema\/logo\/image\/","url":"https:\/\/elcotarro.com\/wp-content\/uploads\/2014\/09\/Cabecera_El_Cotarro_v2.jpg","contentUrl":"https:\/\/elcotarro.com\/wp-content\/uploads\/2014\/09\/Cabecera_El_Cotarro_v2.jpg","width":3540,"height":441,"caption":"El Cotarro"},"image":{"@id":"https:\/\/elcotarro.com\/#\/schema\/logo\/image\/"},"sameAs":["https:\/\/www.facebook.com\/ElCotarro.Tenerife"]},{"@type":"Person","@id":"https:\/\/elcotarro.com\/#\/schema\/person\/af537ee7d60d15984c7e0affcd8a918b","name":"Jos\u00e9 Carlos Marrero Gonz\u00e1lez","image":{"@type":"ImageObject","inLanguage":"es","@id":"https:\/\/elcotarro.com\/#\/schema\/person\/image\/","url":"https:\/\/secure.gravatar.com\/avatar\/def4da036efb5d32c74d49c351f6dccc064dd69ad9f3aadc295c5a9a5391ca01?s=96&d=mm&r=g","contentUrl":"https:\/\/secure.gravatar.com\/avatar\/def4da036efb5d32c74d49c351f6dccc064dd69ad9f3aadc295c5a9a5391ca01?s=96&d=mm&r=g","caption":"Jos\u00e9 Carlos Marrero Gonz\u00e1lez"},"sameAs":["https:\/\/elcotarro.com"],"url":"https:\/\/elcotarro.com\/?author=2"}]}},"jetpack_featured_media_url":"","jetpack_sharing_enabled":true,"_links":{"self":[{"href":"https:\/\/elcotarro.com\/index.php?rest_route=\/wp\/v2\/posts\/7569","targetHints":{"allow":["GET"]}}],"collection":[{"href":"https:\/\/elcotarro.com\/index.php?rest_route=\/wp\/v2\/posts"}],"about":[{"href":"https:\/\/elcotarro.com\/index.php?rest_route=\/wp\/v2\/types\/post"}],"author":[{"embeddable":true,"href":"https:\/\/elcotarro.com\/index.php?rest_route=\/wp\/v2\/users\/2"}],"replies":[{"embeddable":true,"href":"https:\/\/elcotarro.com\/index.php?rest_route=%2Fwp%2Fv2%2Fcomments&post=7569"}],"version-history":[{"count":1,"href":"https:\/\/elcotarro.com\/index.php?rest_route=\/wp\/v2\/posts\/7569\/revisions"}],"predecessor-version":[{"id":7571,"href":"https:\/\/elcotarro.com\/index.php?rest_route=\/wp\/v2\/posts\/7569\/revisions\/7571"}],"wp:attachment":[{"href":"https:\/\/elcotarro.com\/index.php?rest_route=%2Fwp%2Fv2%2Fmedia&parent=7569"}],"wp:term":[{"taxonomy":"category","embeddable":true,"href":"https:\/\/elcotarro.com\/index.php?rest_route=%2Fwp%2Fv2%2Fcategories&post=7569"},{"taxonomy":"post_tag","embeddable":true,"href":"https:\/\/elcotarro.com\/index.php?rest_route=%2Fwp%2Fv2%2Ftags&post=7569"}],"curies":[{"name":"wp","href":"https:\/\/api.w.org\/{rel}","templated":true}]}}