{"id":7572,"date":"2019-11-24T05:02:56","date_gmt":"2019-11-24T05:02:56","guid":{"rendered":"https:\/\/elcotarro.com\/?p=7572"},"modified":"2019-11-23T22:22:13","modified_gmt":"2019-11-23T22:22:13","slug":"lo-que-nunca-te-han-contado-ojo","status":"publish","type":"post","link":"https:\/\/elcotarro.com\/?p=7572","title":{"rendered":"LO QUE NUNCA TE HAN CONTADO&#8230; \u00a1OJO!"},"content":{"rendered":"<p>Cambio de tercio para decirles que, en este complicado escenario pol\u00edtico que nos est\u00e1 tocan do vivir en Espa\u00f1a. el presidente en funciones, Pedro S\u00e1nchez, est\u00e1 claro que tiene una \u201cpapa caliente\u201d con Catalu\u00f1a. cuya realidad, muchas veces, es complicado o dif\u00edcil de entender. Pero resulta que un madrile\u00f1o, <strong>\u00c1ngel Puertas<\/strong>, acaba de escribir un libro que, bajo el t\u00edtulo de \u201cLo que nunca te han contado\u201d da su versi\u00f3n de la situaci\u00f3n catalana, con el subt\u00edtulo de \u201c<em>Catalu\u00f1a vista por un madrile\u00f1o<\/em>\u201d. Con solo 51 a\u00f1os, <strong>\u00c1ngel Puertas<\/strong> es doctor en Derecho, ha sido fundador de Societat Civil Catalana, ejerce actualmente como gestor procesal en los juzgados de Sabadell, y ha escrito un libro que, dicen \u201ccambiar\u00e1 tu percepci\u00f3n del conflicto catal\u00e1n\u201d<\/p>\n<p style=\"text-align: center\"><a href=\"https:\/\/elcotarro.com\/wp-content\/uploads\/2019\/11\/FOTO-6.-PORTADA-LIBRO.jpg\"><img loading=\"lazy\" decoding=\"async\" class=\"aligncenter size-full wp-image-7573\" src=\"https:\/\/elcotarro.com\/wp-content\/uploads\/2019\/11\/FOTO-6.-PORTADA-LIBRO.jpg\" alt=\"FOTO 6.- PORTADA LIBRO\" width=\"291\" height=\"444\" srcset=\"https:\/\/elcotarro.com\/wp-content\/uploads\/2019\/11\/FOTO-6.-PORTADA-LIBRO.jpg 291w, https:\/\/elcotarro.com\/wp-content\/uploads\/2019\/11\/FOTO-6.-PORTADA-LIBRO-197x300.jpg 197w\" sizes=\"auto, (max-width: 291px) 100vw, 291px\" \/><\/a><\/p>\n<p style=\"text-align: center\"><em>Portada del libro de \u00c1ngel Puertas, \u201cLo que nunca te han contado\u201d<\/em><\/p>\n","protected":false},"excerpt":{"rendered":"<p>Cambio de tercio para decirles que, en este complicado escenario pol\u00edtico que nos est\u00e1 tocan do vivir en Espa\u00f1a. el presidente en funciones, Pedro S\u00e1nchez, est\u00e1 claro que tiene una \u201cpapa caliente\u201d con Catalu\u00f1a. cuya realidad, muchas veces, es complicado o dif\u00edcil de entender. Pero resulta que un madrile\u00f1o, \u00c1ngel Puertas, acaba de escribir un &#8230; <a class=\"read-more\" href=\"https:\/\/elcotarro.com\/?p=7572\">Read more<\/a><\/p>\n","protected":false},"author":2,"featured_media":0,"comment_status":"open","ping_status":"open","sticky":false,"template":"","format":"standard","meta":{"_jetpack_memberships_contains_paid_content":false,"footnotes":""},"categories":[1],"tags":[],"class_list":["post-7572","post","type-post","status-publish","format-standard","hentry","category-sin-categoria"],"yoast_head":"<!-- This site is optimized with the Yoast SEO plugin v27.0 - https:\/\/yoast.com\/product\/yoast-seo-wordpress\/ -->\n<title>LO QUE NUNCA TE HAN CONTADO... \u00a1OJO! - El Cotarro<\/title>\n<meta name=\"robots\" content=\"index, follow, max-snippet:-1, max-image-preview:large, max-video-preview:-1\" \/>\n<link rel=\"canonical\" href=\"https:\/\/elcotarro.com\/?p=7572\" \/>\n<meta property=\"og:locale\" content=\"es_ES\" \/>\n<meta property=\"og:type\" content=\"article\" \/>\n<meta property=\"og:title\" content=\"LO QUE NUNCA TE HAN CONTADO... \u00a1OJO! - El Cotarro\" \/>\n<meta property=\"og:description\" content=\"Cambio de tercio para decirles que, en este complicado escenario pol\u00edtico que nos est\u00e1 tocan do vivir en Espa\u00f1a. el presidente en funciones, Pedro S\u00e1nchez, est\u00e1 claro que tiene una \u201cpapa caliente\u201d con Catalu\u00f1a. cuya realidad, muchas veces, es complicado o dif\u00edcil de entender. Pero resulta que un madrile\u00f1o, \u00c1ngel Puertas, acaba de escribir un ... Read more\" \/>\n<meta property=\"og:url\" content=\"https:\/\/elcotarro.com\/?p=7572\" \/>\n<meta property=\"og:site_name\" content=\"El Cotarro\" \/>\n<meta property=\"article:publisher\" content=\"https:\/\/www.facebook.com\/ElCotarro.Tenerife\" \/>\n<meta property=\"article:published_time\" content=\"2019-11-24T05:02:56+00:00\" \/>\n<meta property=\"og:image\" content=\"https:\/\/elcotarro.com\/wp-content\/uploads\/2019\/11\/FOTO-6.-PORTADA-LIBRO.jpg\" \/>\n<meta name=\"author\" content=\"Jos\u00e9 Carlos Marrero Gonz\u00e1lez\" \/>\n<meta name=\"twitter:label1\" content=\"Escrito por\" \/>\n\t<meta name=\"twitter:data1\" content=\"Jos\u00e9 Carlos Marrero Gonz\u00e1lez\" \/>\n\t<meta name=\"twitter:label2\" content=\"Tiempo de lectura\" \/>\n\t<meta name=\"twitter:data2\" content=\"1 minuto\" \/>\n<script type=\"application\/ld+json\" class=\"yoast-schema-graph\">{\"@context\":\"https:\/\/schema.org\",\"@graph\":[{\"@type\":\"Article\",\"@id\":\"https:\/\/elcotarro.com\/?p=7572#article\",\"isPartOf\":{\"@id\":\"https:\/\/elcotarro.com\/?p=7572\"},\"author\":{\"name\":\"Jos\u00e9 Carlos Marrero Gonz\u00e1lez\",\"@id\":\"https:\/\/elcotarro.com\/#\/schema\/person\/af537ee7d60d15984c7e0affcd8a918b\"},\"headline\":\"LO QUE NUNCA TE HAN CONTADO&#8230; \u00a1OJO!\",\"datePublished\":\"2019-11-24T05:02:56+00:00\",\"mainEntityOfPage\":{\"@id\":\"https:\/\/elcotarro.com\/?p=7572\"},\"wordCount\":156,\"commentCount\":0,\"publisher\":{\"@id\":\"https:\/\/elcotarro.com\/#organization\"},\"image\":{\"@id\":\"https:\/\/elcotarro.com\/?p=7572#primaryimage\"},\"thumbnailUrl\":\"https:\/\/elcotarro.com\/wp-content\/uploads\/2019\/11\/FOTO-6.-PORTADA-LIBRO.jpg\",\"inLanguage\":\"es\",\"potentialAction\":[{\"@type\":\"CommentAction\",\"name\":\"Comment\",\"target\":[\"https:\/\/elcotarro.com\/?p=7572#respond\"]}]},{\"@type\":\"WebPage\",\"@id\":\"https:\/\/elcotarro.com\/?p=7572\",\"url\":\"https:\/\/elcotarro.com\/?p=7572\",\"name\":\"LO QUE NUNCA TE HAN CONTADO... \u00a1OJO! - El Cotarro\",\"isPartOf\":{\"@id\":\"https:\/\/elcotarro.com\/#website\"},\"primaryImageOfPage\":{\"@id\":\"https:\/\/elcotarro.com\/?p=7572#primaryimage\"},\"image\":{\"@id\":\"https:\/\/elcotarro.com\/?p=7572#primaryimage\"},\"thumbnailUrl\":\"https:\/\/elcotarro.com\/wp-content\/uploads\/2019\/11\/FOTO-6.-PORTADA-LIBRO.jpg\",\"datePublished\":\"2019-11-24T05:02:56+00:00\",\"breadcrumb\":{\"@id\":\"https:\/\/elcotarro.com\/?p=7572#breadcrumb\"},\"inLanguage\":\"es\",\"potentialAction\":[{\"@type\":\"ReadAction\",\"target\":[\"https:\/\/elcotarro.com\/?p=7572\"]}]},{\"@type\":\"ImageObject\",\"inLanguage\":\"es\",\"@id\":\"https:\/\/elcotarro.com\/?p=7572#primaryimage\",\"url\":\"https:\/\/elcotarro.com\/wp-content\/uploads\/2019\/11\/FOTO-6.-PORTADA-LIBRO.jpg\",\"contentUrl\":\"https:\/\/elcotarro.com\/wp-content\/uploads\/2019\/11\/FOTO-6.-PORTADA-LIBRO.jpg\",\"width\":291,\"height\":444},{\"@type\":\"BreadcrumbList\",\"@id\":\"https:\/\/elcotarro.com\/?p=7572#breadcrumb\",\"itemListElement\":[{\"@type\":\"ListItem\",\"position\":1,\"name\":\"Portada\",\"item\":\"https:\/\/elcotarro.com\/\"},{\"@type\":\"ListItem\",\"position\":2,\"name\":\"LO QUE NUNCA TE HAN CONTADO&#8230; \u00a1OJO!\"}]},{\"@type\":\"WebSite\",\"@id\":\"https:\/\/elcotarro.com\/#website\",\"url\":\"https:\/\/elcotarro.com\/\",\"name\":\"El Cotarro\",\"description\":\"Peri\u00f3dico Digital Independiente dirigido por Jos\u00e9 Carlos Marrero\",\"publisher\":{\"@id\":\"https:\/\/elcotarro.com\/#organization\"},\"potentialAction\":[{\"@type\":\"SearchAction\",\"target\":{\"@type\":\"EntryPoint\",\"urlTemplate\":\"https:\/\/elcotarro.com\/?s={search_term_string}\"},\"query-input\":{\"@type\":\"PropertyValueSpecification\",\"valueRequired\":true,\"valueName\":\"search_term_string\"}}],\"inLanguage\":\"es\"},{\"@type\":\"Organization\",\"@id\":\"https:\/\/elcotarro.com\/#organization\",\"name\":\"El Cotarro\",\"url\":\"https:\/\/elcotarro.com\/\",\"logo\":{\"@type\":\"ImageObject\",\"inLanguage\":\"es\",\"@id\":\"https:\/\/elcotarro.com\/#\/schema\/logo\/image\/\",\"url\":\"https:\/\/elcotarro.com\/wp-content\/uploads\/2014\/09\/Cabecera_El_Cotarro_v2.jpg\",\"contentUrl\":\"https:\/\/elcotarro.com\/wp-content\/uploads\/2014\/09\/Cabecera_El_Cotarro_v2.jpg\",\"width\":3540,\"height\":441,\"caption\":\"El Cotarro\"},\"image\":{\"@id\":\"https:\/\/elcotarro.com\/#\/schema\/logo\/image\/\"},\"sameAs\":[\"https:\/\/www.facebook.com\/ElCotarro.Tenerife\"]},{\"@type\":\"Person\",\"@id\":\"https:\/\/elcotarro.com\/#\/schema\/person\/af537ee7d60d15984c7e0affcd8a918b\",\"name\":\"Jos\u00e9 Carlos Marrero Gonz\u00e1lez\",\"image\":{\"@type\":\"ImageObject\",\"inLanguage\":\"es\",\"@id\":\"https:\/\/elcotarro.com\/#\/schema\/person\/image\/\",\"url\":\"https:\/\/secure.gravatar.com\/avatar\/def4da036efb5d32c74d49c351f6dccc064dd69ad9f3aadc295c5a9a5391ca01?s=96&d=mm&r=g\",\"contentUrl\":\"https:\/\/secure.gravatar.com\/avatar\/def4da036efb5d32c74d49c351f6dccc064dd69ad9f3aadc295c5a9a5391ca01?s=96&d=mm&r=g\",\"caption\":\"Jos\u00e9 Carlos Marrero Gonz\u00e1lez\"},\"sameAs\":[\"https:\/\/elcotarro.com\"],\"url\":\"https:\/\/elcotarro.com\/?author=2\"}]}<\/script>\n<!-- \/ Yoast SEO plugin. -->","yoast_head_json":{"title":"LO QUE NUNCA TE HAN CONTADO... \u00a1OJO! - El Cotarro","robots":{"index":"index","follow":"follow","max-snippet":"max-snippet:-1","max-image-preview":"max-image-preview:large","max-video-preview":"max-video-preview:-1"},"canonical":"https:\/\/elcotarro.com\/?p=7572","og_locale":"es_ES","og_type":"article","og_title":"LO QUE NUNCA TE HAN CONTADO... \u00a1OJO! - El Cotarro","og_description":"Cambio de tercio para decirles que, en este complicado escenario pol\u00edtico que nos est\u00e1 tocan do vivir en Espa\u00f1a. el presidente en funciones, Pedro S\u00e1nchez, est\u00e1 claro que tiene una \u201cpapa caliente\u201d con Catalu\u00f1a. cuya realidad, muchas veces, es complicado o dif\u00edcil de entender. Pero resulta que un madrile\u00f1o, \u00c1ngel Puertas, acaba de escribir un ... Read more","og_url":"https:\/\/elcotarro.com\/?p=7572","og_site_name":"El Cotarro","article_publisher":"https:\/\/www.facebook.com\/ElCotarro.Tenerife","article_published_time":"2019-11-24T05:02:56+00:00","og_image":[{"url":"https:\/\/elcotarro.com\/wp-content\/uploads\/2019\/11\/FOTO-6.-PORTADA-LIBRO.jpg","type":"","width":"","height":""}],"author":"Jos\u00e9 Carlos Marrero Gonz\u00e1lez","twitter_misc":{"Escrito por":"Jos\u00e9 Carlos Marrero Gonz\u00e1lez","Tiempo de lectura":"1 minuto"},"schema":{"@context":"https:\/\/schema.org","@graph":[{"@type":"Article","@id":"https:\/\/elcotarro.com\/?p=7572#article","isPartOf":{"@id":"https:\/\/elcotarro.com\/?p=7572"},"author":{"name":"Jos\u00e9 Carlos Marrero Gonz\u00e1lez","@id":"https:\/\/elcotarro.com\/#\/schema\/person\/af537ee7d60d15984c7e0affcd8a918b"},"headline":"LO QUE NUNCA TE HAN CONTADO&#8230; \u00a1OJO!","datePublished":"2019-11-24T05:02:56+00:00","mainEntityOfPage":{"@id":"https:\/\/elcotarro.com\/?p=7572"},"wordCount":156,"commentCount":0,"publisher":{"@id":"https:\/\/elcotarro.com\/#organization"},"image":{"@id":"https:\/\/elcotarro.com\/?p=7572#primaryimage"},"thumbnailUrl":"https:\/\/elcotarro.com\/wp-content\/uploads\/2019\/11\/FOTO-6.-PORTADA-LIBRO.jpg","inLanguage":"es","potentialAction":[{"@type":"CommentAction","name":"Comment","target":["https:\/\/elcotarro.com\/?p=7572#respond"]}]},{"@type":"WebPage","@id":"https:\/\/elcotarro.com\/?p=7572","url":"https:\/\/elcotarro.com\/?p=7572","name":"LO QUE NUNCA TE HAN CONTADO... \u00a1OJO! - El Cotarro","isPartOf":{"@id":"https:\/\/elcotarro.com\/#website"},"primaryImageOfPage":{"@id":"https:\/\/elcotarro.com\/?p=7572#primaryimage"},"image":{"@id":"https:\/\/elcotarro.com\/?p=7572#primaryimage"},"thumbnailUrl":"https:\/\/elcotarro.com\/wp-content\/uploads\/2019\/11\/FOTO-6.-PORTADA-LIBRO.jpg","datePublished":"2019-11-24T05:02:56+00:00","breadcrumb":{"@id":"https:\/\/elcotarro.com\/?p=7572#breadcrumb"},"inLanguage":"es","potentialAction":[{"@type":"ReadAction","target":["https:\/\/elcotarro.com\/?p=7572"]}]},{"@type":"ImageObject","inLanguage":"es","@id":"https:\/\/elcotarro.com\/?p=7572#primaryimage","url":"https:\/\/elcotarro.com\/wp-content\/uploads\/2019\/11\/FOTO-6.-PORTADA-LIBRO.jpg","contentUrl":"https:\/\/elcotarro.com\/wp-content\/uploads\/2019\/11\/FOTO-6.-PORTADA-LIBRO.jpg","width":291,"height":444},{"@type":"BreadcrumbList","@id":"https:\/\/elcotarro.com\/?p=7572#breadcrumb","itemListElement":[{"@type":"ListItem","position":1,"name":"Portada","item":"https:\/\/elcotarro.com\/"},{"@type":"ListItem","position":2,"name":"LO QUE NUNCA TE HAN CONTADO&#8230; \u00a1OJO!"}]},{"@type":"WebSite","@id":"https:\/\/elcotarro.com\/#website","url":"https:\/\/elcotarro.com\/","name":"El Cotarro","description":"Peri\u00f3dico Digital Independiente dirigido por Jos\u00e9 Carlos Marrero","publisher":{"@id":"https:\/\/elcotarro.com\/#organization"},"potentialAction":[{"@type":"SearchAction","target":{"@type":"EntryPoint","urlTemplate":"https:\/\/elcotarro.com\/?s={search_term_string}"},"query-input":{"@type":"PropertyValueSpecification","valueRequired":true,"valueName":"search_term_string"}}],"inLanguage":"es"},{"@type":"Organization","@id":"https:\/\/elcotarro.com\/#organization","name":"El Cotarro","url":"https:\/\/elcotarro.com\/","logo":{"@type":"ImageObject","inLanguage":"es","@id":"https:\/\/elcotarro.com\/#\/schema\/logo\/image\/","url":"https:\/\/elcotarro.com\/wp-content\/uploads\/2014\/09\/Cabecera_El_Cotarro_v2.jpg","contentUrl":"https:\/\/elcotarro.com\/wp-content\/uploads\/2014\/09\/Cabecera_El_Cotarro_v2.jpg","width":3540,"height":441,"caption":"El Cotarro"},"image":{"@id":"https:\/\/elcotarro.com\/#\/schema\/logo\/image\/"},"sameAs":["https:\/\/www.facebook.com\/ElCotarro.Tenerife"]},{"@type":"Person","@id":"https:\/\/elcotarro.com\/#\/schema\/person\/af537ee7d60d15984c7e0affcd8a918b","name":"Jos\u00e9 Carlos Marrero Gonz\u00e1lez","image":{"@type":"ImageObject","inLanguage":"es","@id":"https:\/\/elcotarro.com\/#\/schema\/person\/image\/","url":"https:\/\/secure.gravatar.com\/avatar\/def4da036efb5d32c74d49c351f6dccc064dd69ad9f3aadc295c5a9a5391ca01?s=96&d=mm&r=g","contentUrl":"https:\/\/secure.gravatar.com\/avatar\/def4da036efb5d32c74d49c351f6dccc064dd69ad9f3aadc295c5a9a5391ca01?s=96&d=mm&r=g","caption":"Jos\u00e9 Carlos Marrero Gonz\u00e1lez"},"sameAs":["https:\/\/elcotarro.com"],"url":"https:\/\/elcotarro.com\/?author=2"}]}},"jetpack_featured_media_url":"","jetpack_sharing_enabled":true,"_links":{"self":[{"href":"https:\/\/elcotarro.com\/index.php?rest_route=\/wp\/v2\/posts\/7572","targetHints":{"allow":["GET"]}}],"collection":[{"href":"https:\/\/elcotarro.com\/index.php?rest_route=\/wp\/v2\/posts"}],"about":[{"href":"https:\/\/elcotarro.com\/index.php?rest_route=\/wp\/v2\/types\/post"}],"author":[{"embeddable":true,"href":"https:\/\/elcotarro.com\/index.php?rest_route=\/wp\/v2\/users\/2"}],"replies":[{"embeddable":true,"href":"https:\/\/elcotarro.com\/index.php?rest_route=%2Fwp%2Fv2%2Fcomments&post=7572"}],"version-history":[{"count":1,"href":"https:\/\/elcotarro.com\/index.php?rest_route=\/wp\/v2\/posts\/7572\/revisions"}],"predecessor-version":[{"id":7574,"href":"https:\/\/elcotarro.com\/index.php?rest_route=\/wp\/v2\/posts\/7572\/revisions\/7574"}],"wp:attachment":[{"href":"https:\/\/elcotarro.com\/index.php?rest_route=%2Fwp%2Fv2%2Fmedia&parent=7572"}],"wp:term":[{"taxonomy":"category","embeddable":true,"href":"https:\/\/elcotarro.com\/index.php?rest_route=%2Fwp%2Fv2%2Fcategories&post=7572"},{"taxonomy":"post_tag","embeddable":true,"href":"https:\/\/elcotarro.com\/index.php?rest_route=%2Fwp%2Fv2%2Ftags&post=7572"}],"curies":[{"name":"wp","href":"https:\/\/api.w.org\/{rel}","templated":true}]}}