{"id":7578,"date":"2019-11-24T05:00:24","date_gmt":"2019-11-24T05:00:24","guid":{"rendered":"https:\/\/elcotarro.com\/?p=7578"},"modified":"2019-11-23T22:30:43","modified_gmt":"2019-11-23T22:30:43","slug":"este-domingo-saborea-el-rosario","status":"publish","type":"post","link":"https:\/\/elcotarro.com\/?p=7578","title":{"rendered":"ESTE DOMINGO\u2026 SABOREA EL ROSARIO"},"content":{"rendered":"<p>Termino El Cotarro recomend\u00e1ndoles que se den un salto a la villa de La Esperanza, donde se celebra el festival gastron\u00f3mico \u201cSaborea El Rosario\u201d, que ayer fue inaugurado en un acto presidido por el alcalde <strong>Escol\u00e1stico Gil<\/strong>. Junto al ayuntamiento esperancero y organizado por la concejal\u00eda de Cultura que regenta <strong>Yeray Guti\u00e9rrez<\/strong>, se ha dispuesto un gran espacio con una serie de carpas, donde se pueden ver, degustar y hasta comprar los productos m\u00e1s emblem\u00e1ticos de El Rosario y los de las industrias y empresas que, como <strong>Montesano<\/strong> o <strong>El Gusto por el Vino<\/strong>, est\u00e1n implantadas en el municipio. La cita termina esta tarde con lo que&#8230; \u00a1tiren ya para La Esperanza!&#8230; El que avisa no es traidor.<\/p>\n<p style=\"text-align: center\"><a href=\"https:\/\/elcotarro.com\/wp-content\/uploads\/2019\/11\/FOTO-8.-SABOREA-EL-ROSARIO.jpg\"><img loading=\"lazy\" decoding=\"async\" class=\"aligncenter size-full wp-image-7579\" src=\"https:\/\/elcotarro.com\/wp-content\/uploads\/2019\/11\/FOTO-8.-SABOREA-EL-ROSARIO.jpg\" alt=\"FOTO-8.--SABOREA-EL-ROSARIO\" width=\"1020\" height=\"680\" srcset=\"https:\/\/elcotarro.com\/wp-content\/uploads\/2019\/11\/FOTO-8.-SABOREA-EL-ROSARIO.jpg 1020w, https:\/\/elcotarro.com\/wp-content\/uploads\/2019\/11\/FOTO-8.-SABOREA-EL-ROSARIO-300x200.jpg 300w\" sizes=\"auto, (max-width: 1020px) 100vw, 1020px\" \/><\/a><\/p>\n<p style=\"text-align: center\"><em>Foto de familia de la inauguraci\u00f3n de \u201cSaborea El Rosario\u201d con el alcalde, Escol\u00e1stico Gil, en el centro, flanqueado por Efra\u00edn Medina (i) y To\u00f1o Armas (d)<\/em><\/p>\n<p style=\"text-align: center\"><a href=\"http:\/\/www.careca.es\/\" target=\"_blank\"><img loading=\"lazy\" decoding=\"async\" class=\"size-full wp-image-2216 aligncenter\" src=\"https:\/\/elcotarro.com\/wp-content\/uploads\/2016\/07\/InsulacafeElCotarro.jpg\" alt=\"Bnn_Careca\" width=\"750\" height=\"150\" \/><\/a><\/p>\n","protected":false},"excerpt":{"rendered":"<p>Termino El Cotarro recomend\u00e1ndoles que se den un salto a la villa de La Esperanza, donde se celebra el festival gastron\u00f3mico \u201cSaborea El Rosario\u201d, que ayer fue inaugurado en un acto presidido por el alcalde Escol\u00e1stico Gil. Junto al ayuntamiento esperancero y organizado por la concejal\u00eda de Cultura que regenta Yeray Guti\u00e9rrez, se ha dispuesto &#8230; <a class=\"read-more\" href=\"https:\/\/elcotarro.com\/?p=7578\">Read more<\/a><\/p>\n","protected":false},"author":2,"featured_media":0,"comment_status":"open","ping_status":"open","sticky":false,"template":"","format":"standard","meta":{"_jetpack_memberships_contains_paid_content":false,"footnotes":""},"categories":[1],"tags":[],"class_list":["post-7578","post","type-post","status-publish","format-standard","hentry","category-sin-categoria"],"yoast_head":"<!-- This site is optimized with the Yoast SEO plugin v27.0 - https:\/\/yoast.com\/product\/yoast-seo-wordpress\/ -->\n<title>ESTE DOMINGO\u2026 SABOREA EL ROSARIO - El Cotarro<\/title>\n<meta name=\"robots\" content=\"index, follow, max-snippet:-1, max-image-preview:large, max-video-preview:-1\" \/>\n<link rel=\"canonical\" href=\"https:\/\/elcotarro.com\/?p=7578\" \/>\n<meta property=\"og:locale\" content=\"es_ES\" \/>\n<meta property=\"og:type\" content=\"article\" \/>\n<meta property=\"og:title\" content=\"ESTE DOMINGO\u2026 SABOREA EL ROSARIO - El Cotarro\" \/>\n<meta property=\"og:description\" content=\"Termino El Cotarro recomend\u00e1ndoles que se den un salto a la villa de La Esperanza, donde se celebra el festival gastron\u00f3mico \u201cSaborea El Rosario\u201d, que ayer fue inaugurado en un acto presidido por el alcalde Escol\u00e1stico Gil. Junto al ayuntamiento esperancero y organizado por la concejal\u00eda de Cultura que regenta Yeray Guti\u00e9rrez, se ha dispuesto ... Read more\" \/>\n<meta property=\"og:url\" content=\"https:\/\/elcotarro.com\/?p=7578\" \/>\n<meta property=\"og:site_name\" content=\"El Cotarro\" \/>\n<meta property=\"article:publisher\" content=\"https:\/\/www.facebook.com\/ElCotarro.Tenerife\" \/>\n<meta property=\"article:published_time\" content=\"2019-11-24T05:00:24+00:00\" \/>\n<meta property=\"og:image\" content=\"https:\/\/elcotarro.com\/wp-content\/uploads\/2019\/11\/FOTO-8.-SABOREA-EL-ROSARIO.jpg\" \/>\n<meta name=\"author\" content=\"Jos\u00e9 Carlos Marrero Gonz\u00e1lez\" \/>\n<meta name=\"twitter:label1\" content=\"Escrito por\" \/>\n\t<meta name=\"twitter:data1\" content=\"Jos\u00e9 Carlos Marrero Gonz\u00e1lez\" \/>\n\t<meta name=\"twitter:label2\" content=\"Tiempo de lectura\" \/>\n\t<meta name=\"twitter:data2\" content=\"1 minuto\" \/>\n<script type=\"application\/ld+json\" class=\"yoast-schema-graph\">{\"@context\":\"https:\/\/schema.org\",\"@graph\":[{\"@type\":\"Article\",\"@id\":\"https:\/\/elcotarro.com\/?p=7578#article\",\"isPartOf\":{\"@id\":\"https:\/\/elcotarro.com\/?p=7578\"},\"author\":{\"name\":\"Jos\u00e9 Carlos Marrero Gonz\u00e1lez\",\"@id\":\"https:\/\/elcotarro.com\/#\/schema\/person\/af537ee7d60d15984c7e0affcd8a918b\"},\"headline\":\"ESTE DOMINGO\u2026 SABOREA EL ROSARIO\",\"datePublished\":\"2019-11-24T05:00:24+00:00\",\"mainEntityOfPage\":{\"@id\":\"https:\/\/elcotarro.com\/?p=7578\"},\"wordCount\":162,\"commentCount\":1,\"publisher\":{\"@id\":\"https:\/\/elcotarro.com\/#organization\"},\"image\":{\"@id\":\"https:\/\/elcotarro.com\/?p=7578#primaryimage\"},\"thumbnailUrl\":\"https:\/\/elcotarro.com\/wp-content\/uploads\/2019\/11\/FOTO-8.-SABOREA-EL-ROSARIO.jpg\",\"inLanguage\":\"es\",\"potentialAction\":[{\"@type\":\"CommentAction\",\"name\":\"Comment\",\"target\":[\"https:\/\/elcotarro.com\/?p=7578#respond\"]}]},{\"@type\":\"WebPage\",\"@id\":\"https:\/\/elcotarro.com\/?p=7578\",\"url\":\"https:\/\/elcotarro.com\/?p=7578\",\"name\":\"ESTE DOMINGO\u2026 SABOREA EL ROSARIO - El Cotarro\",\"isPartOf\":{\"@id\":\"https:\/\/elcotarro.com\/#website\"},\"primaryImageOfPage\":{\"@id\":\"https:\/\/elcotarro.com\/?p=7578#primaryimage\"},\"image\":{\"@id\":\"https:\/\/elcotarro.com\/?p=7578#primaryimage\"},\"thumbnailUrl\":\"https:\/\/elcotarro.com\/wp-content\/uploads\/2019\/11\/FOTO-8.-SABOREA-EL-ROSARIO.jpg\",\"datePublished\":\"2019-11-24T05:00:24+00:00\",\"breadcrumb\":{\"@id\":\"https:\/\/elcotarro.com\/?p=7578#breadcrumb\"},\"inLanguage\":\"es\",\"potentialAction\":[{\"@type\":\"ReadAction\",\"target\":[\"https:\/\/elcotarro.com\/?p=7578\"]}]},{\"@type\":\"ImageObject\",\"inLanguage\":\"es\",\"@id\":\"https:\/\/elcotarro.com\/?p=7578#primaryimage\",\"url\":\"https:\/\/elcotarro.com\/wp-content\/uploads\/2019\/11\/FOTO-8.-SABOREA-EL-ROSARIO.jpg\",\"contentUrl\":\"https:\/\/elcotarro.com\/wp-content\/uploads\/2019\/11\/FOTO-8.-SABOREA-EL-ROSARIO.jpg\",\"width\":1020,\"height\":680},{\"@type\":\"BreadcrumbList\",\"@id\":\"https:\/\/elcotarro.com\/?p=7578#breadcrumb\",\"itemListElement\":[{\"@type\":\"ListItem\",\"position\":1,\"name\":\"Portada\",\"item\":\"https:\/\/elcotarro.com\/\"},{\"@type\":\"ListItem\",\"position\":2,\"name\":\"ESTE DOMINGO\u2026 SABOREA EL ROSARIO\"}]},{\"@type\":\"WebSite\",\"@id\":\"https:\/\/elcotarro.com\/#website\",\"url\":\"https:\/\/elcotarro.com\/\",\"name\":\"El Cotarro\",\"description\":\"Peri\u00f3dico Digital Independiente dirigido por Jos\u00e9 Carlos Marrero\",\"publisher\":{\"@id\":\"https:\/\/elcotarro.com\/#organization\"},\"potentialAction\":[{\"@type\":\"SearchAction\",\"target\":{\"@type\":\"EntryPoint\",\"urlTemplate\":\"https:\/\/elcotarro.com\/?s={search_term_string}\"},\"query-input\":{\"@type\":\"PropertyValueSpecification\",\"valueRequired\":true,\"valueName\":\"search_term_string\"}}],\"inLanguage\":\"es\"},{\"@type\":\"Organization\",\"@id\":\"https:\/\/elcotarro.com\/#organization\",\"name\":\"El Cotarro\",\"url\":\"https:\/\/elcotarro.com\/\",\"logo\":{\"@type\":\"ImageObject\",\"inLanguage\":\"es\",\"@id\":\"https:\/\/elcotarro.com\/#\/schema\/logo\/image\/\",\"url\":\"https:\/\/elcotarro.com\/wp-content\/uploads\/2014\/09\/Cabecera_El_Cotarro_v2.jpg\",\"contentUrl\":\"https:\/\/elcotarro.com\/wp-content\/uploads\/2014\/09\/Cabecera_El_Cotarro_v2.jpg\",\"width\":3540,\"height\":441,\"caption\":\"El Cotarro\"},\"image\":{\"@id\":\"https:\/\/elcotarro.com\/#\/schema\/logo\/image\/\"},\"sameAs\":[\"https:\/\/www.facebook.com\/ElCotarro.Tenerife\"]},{\"@type\":\"Person\",\"@id\":\"https:\/\/elcotarro.com\/#\/schema\/person\/af537ee7d60d15984c7e0affcd8a918b\",\"name\":\"Jos\u00e9 Carlos Marrero Gonz\u00e1lez\",\"image\":{\"@type\":\"ImageObject\",\"inLanguage\":\"es\",\"@id\":\"https:\/\/elcotarro.com\/#\/schema\/person\/image\/\",\"url\":\"https:\/\/secure.gravatar.com\/avatar\/def4da036efb5d32c74d49c351f6dccc064dd69ad9f3aadc295c5a9a5391ca01?s=96&d=mm&r=g\",\"contentUrl\":\"https:\/\/secure.gravatar.com\/avatar\/def4da036efb5d32c74d49c351f6dccc064dd69ad9f3aadc295c5a9a5391ca01?s=96&d=mm&r=g\",\"caption\":\"Jos\u00e9 Carlos Marrero Gonz\u00e1lez\"},\"sameAs\":[\"https:\/\/elcotarro.com\"],\"url\":\"https:\/\/elcotarro.com\/?author=2\"}]}<\/script>\n<!-- \/ Yoast SEO plugin. -->","yoast_head_json":{"title":"ESTE DOMINGO\u2026 SABOREA EL ROSARIO - El Cotarro","robots":{"index":"index","follow":"follow","max-snippet":"max-snippet:-1","max-image-preview":"max-image-preview:large","max-video-preview":"max-video-preview:-1"},"canonical":"https:\/\/elcotarro.com\/?p=7578","og_locale":"es_ES","og_type":"article","og_title":"ESTE DOMINGO\u2026 SABOREA EL ROSARIO - El Cotarro","og_description":"Termino El Cotarro recomend\u00e1ndoles que se den un salto a la villa de La Esperanza, donde se celebra el festival gastron\u00f3mico \u201cSaborea El Rosario\u201d, que ayer fue inaugurado en un acto presidido por el alcalde Escol\u00e1stico Gil. Junto al ayuntamiento esperancero y organizado por la concejal\u00eda de Cultura que regenta Yeray Guti\u00e9rrez, se ha dispuesto ... Read more","og_url":"https:\/\/elcotarro.com\/?p=7578","og_site_name":"El Cotarro","article_publisher":"https:\/\/www.facebook.com\/ElCotarro.Tenerife","article_published_time":"2019-11-24T05:00:24+00:00","og_image":[{"url":"https:\/\/elcotarro.com\/wp-content\/uploads\/2019\/11\/FOTO-8.-SABOREA-EL-ROSARIO.jpg","type":"","width":"","height":""}],"author":"Jos\u00e9 Carlos Marrero Gonz\u00e1lez","twitter_misc":{"Escrito por":"Jos\u00e9 Carlos Marrero Gonz\u00e1lez","Tiempo de lectura":"1 minuto"},"schema":{"@context":"https:\/\/schema.org","@graph":[{"@type":"Article","@id":"https:\/\/elcotarro.com\/?p=7578#article","isPartOf":{"@id":"https:\/\/elcotarro.com\/?p=7578"},"author":{"name":"Jos\u00e9 Carlos Marrero Gonz\u00e1lez","@id":"https:\/\/elcotarro.com\/#\/schema\/person\/af537ee7d60d15984c7e0affcd8a918b"},"headline":"ESTE DOMINGO\u2026 SABOREA EL ROSARIO","datePublished":"2019-11-24T05:00:24+00:00","mainEntityOfPage":{"@id":"https:\/\/elcotarro.com\/?p=7578"},"wordCount":162,"commentCount":1,"publisher":{"@id":"https:\/\/elcotarro.com\/#organization"},"image":{"@id":"https:\/\/elcotarro.com\/?p=7578#primaryimage"},"thumbnailUrl":"https:\/\/elcotarro.com\/wp-content\/uploads\/2019\/11\/FOTO-8.-SABOREA-EL-ROSARIO.jpg","inLanguage":"es","potentialAction":[{"@type":"CommentAction","name":"Comment","target":["https:\/\/elcotarro.com\/?p=7578#respond"]}]},{"@type":"WebPage","@id":"https:\/\/elcotarro.com\/?p=7578","url":"https:\/\/elcotarro.com\/?p=7578","name":"ESTE DOMINGO\u2026 SABOREA EL ROSARIO - El Cotarro","isPartOf":{"@id":"https:\/\/elcotarro.com\/#website"},"primaryImageOfPage":{"@id":"https:\/\/elcotarro.com\/?p=7578#primaryimage"},"image":{"@id":"https:\/\/elcotarro.com\/?p=7578#primaryimage"},"thumbnailUrl":"https:\/\/elcotarro.com\/wp-content\/uploads\/2019\/11\/FOTO-8.-SABOREA-EL-ROSARIO.jpg","datePublished":"2019-11-24T05:00:24+00:00","breadcrumb":{"@id":"https:\/\/elcotarro.com\/?p=7578#breadcrumb"},"inLanguage":"es","potentialAction":[{"@type":"ReadAction","target":["https:\/\/elcotarro.com\/?p=7578"]}]},{"@type":"ImageObject","inLanguage":"es","@id":"https:\/\/elcotarro.com\/?p=7578#primaryimage","url":"https:\/\/elcotarro.com\/wp-content\/uploads\/2019\/11\/FOTO-8.-SABOREA-EL-ROSARIO.jpg","contentUrl":"https:\/\/elcotarro.com\/wp-content\/uploads\/2019\/11\/FOTO-8.-SABOREA-EL-ROSARIO.jpg","width":1020,"height":680},{"@type":"BreadcrumbList","@id":"https:\/\/elcotarro.com\/?p=7578#breadcrumb","itemListElement":[{"@type":"ListItem","position":1,"name":"Portada","item":"https:\/\/elcotarro.com\/"},{"@type":"ListItem","position":2,"name":"ESTE DOMINGO\u2026 SABOREA EL ROSARIO"}]},{"@type":"WebSite","@id":"https:\/\/elcotarro.com\/#website","url":"https:\/\/elcotarro.com\/","name":"El Cotarro","description":"Peri\u00f3dico Digital Independiente dirigido por Jos\u00e9 Carlos Marrero","publisher":{"@id":"https:\/\/elcotarro.com\/#organization"},"potentialAction":[{"@type":"SearchAction","target":{"@type":"EntryPoint","urlTemplate":"https:\/\/elcotarro.com\/?s={search_term_string}"},"query-input":{"@type":"PropertyValueSpecification","valueRequired":true,"valueName":"search_term_string"}}],"inLanguage":"es"},{"@type":"Organization","@id":"https:\/\/elcotarro.com\/#organization","name":"El Cotarro","url":"https:\/\/elcotarro.com\/","logo":{"@type":"ImageObject","inLanguage":"es","@id":"https:\/\/elcotarro.com\/#\/schema\/logo\/image\/","url":"https:\/\/elcotarro.com\/wp-content\/uploads\/2014\/09\/Cabecera_El_Cotarro_v2.jpg","contentUrl":"https:\/\/elcotarro.com\/wp-content\/uploads\/2014\/09\/Cabecera_El_Cotarro_v2.jpg","width":3540,"height":441,"caption":"El Cotarro"},"image":{"@id":"https:\/\/elcotarro.com\/#\/schema\/logo\/image\/"},"sameAs":["https:\/\/www.facebook.com\/ElCotarro.Tenerife"]},{"@type":"Person","@id":"https:\/\/elcotarro.com\/#\/schema\/person\/af537ee7d60d15984c7e0affcd8a918b","name":"Jos\u00e9 Carlos Marrero Gonz\u00e1lez","image":{"@type":"ImageObject","inLanguage":"es","@id":"https:\/\/elcotarro.com\/#\/schema\/person\/image\/","url":"https:\/\/secure.gravatar.com\/avatar\/def4da036efb5d32c74d49c351f6dccc064dd69ad9f3aadc295c5a9a5391ca01?s=96&d=mm&r=g","contentUrl":"https:\/\/secure.gravatar.com\/avatar\/def4da036efb5d32c74d49c351f6dccc064dd69ad9f3aadc295c5a9a5391ca01?s=96&d=mm&r=g","caption":"Jos\u00e9 Carlos Marrero Gonz\u00e1lez"},"sameAs":["https:\/\/elcotarro.com"],"url":"https:\/\/elcotarro.com\/?author=2"}]}},"jetpack_featured_media_url":"","jetpack_sharing_enabled":true,"_links":{"self":[{"href":"https:\/\/elcotarro.com\/index.php?rest_route=\/wp\/v2\/posts\/7578","targetHints":{"allow":["GET"]}}],"collection":[{"href":"https:\/\/elcotarro.com\/index.php?rest_route=\/wp\/v2\/posts"}],"about":[{"href":"https:\/\/elcotarro.com\/index.php?rest_route=\/wp\/v2\/types\/post"}],"author":[{"embeddable":true,"href":"https:\/\/elcotarro.com\/index.php?rest_route=\/wp\/v2\/users\/2"}],"replies":[{"embeddable":true,"href":"https:\/\/elcotarro.com\/index.php?rest_route=%2Fwp%2Fv2%2Fcomments&post=7578"}],"version-history":[{"count":1,"href":"https:\/\/elcotarro.com\/index.php?rest_route=\/wp\/v2\/posts\/7578\/revisions"}],"predecessor-version":[{"id":7580,"href":"https:\/\/elcotarro.com\/index.php?rest_route=\/wp\/v2\/posts\/7578\/revisions\/7580"}],"wp:attachment":[{"href":"https:\/\/elcotarro.com\/index.php?rest_route=%2Fwp%2Fv2%2Fmedia&parent=7578"}],"wp:term":[{"taxonomy":"category","embeddable":true,"href":"https:\/\/elcotarro.com\/index.php?rest_route=%2Fwp%2Fv2%2Fcategories&post=7578"},{"taxonomy":"post_tag","embeddable":true,"href":"https:\/\/elcotarro.com\/index.php?rest_route=%2Fwp%2Fv2%2Ftags&post=7578"}],"curies":[{"name":"wp","href":"https:\/\/api.w.org\/{rel}","templated":true}]}}