{"id":7605,"date":"2019-12-01T09:24:09","date_gmt":"2019-12-01T09:24:09","guid":{"rendered":"https:\/\/elcotarro.com\/?p=7605"},"modified":"2019-12-01T09:10:38","modified_gmt":"2019-12-01T09:10:38","slug":"gonzalo-de-la-cruz-el-nuevo-macana","status":"publish","type":"post","link":"https:\/\/elcotarro.com\/?p=7605","title":{"rendered":"GONZALO DE LA CRUZ, EL NUEVO \u201cMACANA\u201d"},"content":{"rendered":"<p>Lo que empez\u00f3 en la iglesia pas\u00f3 luego a la casa de los <strong>Hern\u00e1ndez-Abad<\/strong> (los <strong>\u201cAbanes\u201d<\/strong> de Guamasa), se ha ido repitiendo a\u00f1o tras a\u00f1o y ahora se celebra en la finca \u201cLa Gorvorana\u201d de Los Realejos, propiedad de las familias <strong>De la Cruz Veguero<\/strong> y <strong>De la Cruz Betancor<\/strong>, que la ceden gentilmente para seguir con la tradici\u00f3n de compartir amistad, gastronom\u00eda y m\u00fasica, con el objetivo de recuperar y conservar coplas del cancionero popular canario. El tradicional cambio anual de \u201cMacana\u201d se desarrolla de forma ritual desde siempre, siguiendo un protocolo marcado por la opini\u00f3n de los m\u00e1s antiguos. Tras el \u201cmandato\u201d del gran aparejador,\u2008<strong>Luciano\u2008Melo Bello<\/strong>, el pasado 23 y por decisi\u00f3n de los veteranos, fue elegido nuevo \u201cMacana\u201d el tinerfe\u00f1o de pro, <strong>Gonzalo De la Cruz Alarc\u00f3<\/strong>, a quien desde aqu\u00ed felicitamos. Y es que, como recuerdo cada a\u00f1o\u2026si perdemos las tradiciones\u2026, apaga y v\u00e1monos.<\/p>\n<p style=\"text-align: center\"><a href=\"https:\/\/elcotarro.com\/wp-content\/uploads\/2019\/12\/FOTO-7.-SANTIAGO-TORRES.jpg\"><img loading=\"lazy\" decoding=\"async\" class=\"aligncenter size-full wp-image-7606\" src=\"https:\/\/elcotarro.com\/wp-content\/uploads\/2019\/12\/FOTO-7.-SANTIAGO-TORRES.jpg\" alt=\"FOTO 7.- SANTIAGO TORRES\" width=\"720\" height=\"960\" srcset=\"https:\/\/elcotarro.com\/wp-content\/uploads\/2019\/12\/FOTO-7.-SANTIAGO-TORRES.jpg 720w, https:\/\/elcotarro.com\/wp-content\/uploads\/2019\/12\/FOTO-7.-SANTIAGO-TORRES-225x300.jpg 225w\" sizes=\"auto, (max-width: 720px) 100vw, 720px\" \/><\/a><\/p>\n<p style=\"text-align: center\"><em>Santiago Torres, un \u201cSabande\u00f1o de Honor\u201d que nos ha dejado para siempre.<\/em><\/p>\n","protected":false},"excerpt":{"rendered":"<p>Lo que empez\u00f3 en la iglesia pas\u00f3 luego a la casa de los Hern\u00e1ndez-Abad (los \u201cAbanes\u201d de Guamasa), se ha ido repitiendo a\u00f1o tras a\u00f1o y ahora se celebra en la finca \u201cLa Gorvorana\u201d de Los Realejos, propiedad de las familias De la Cruz Veguero y De la Cruz Betancor, que la ceden gentilmente para &#8230; <a class=\"read-more\" href=\"https:\/\/elcotarro.com\/?p=7605\">Read more<\/a><\/p>\n","protected":false},"author":2,"featured_media":0,"comment_status":"open","ping_status":"open","sticky":false,"template":"","format":"standard","meta":{"_jetpack_memberships_contains_paid_content":false,"footnotes":""},"categories":[1],"tags":[],"class_list":["post-7605","post","type-post","status-publish","format-standard","hentry","category-sin-categoria"],"yoast_head":"<!-- This site is optimized with the Yoast SEO plugin v27.0 - https:\/\/yoast.com\/product\/yoast-seo-wordpress\/ -->\n<title>GONZALO DE LA CRUZ, EL NUEVO \u201cMACANA\u201d - El Cotarro<\/title>\n<meta name=\"robots\" content=\"index, follow, max-snippet:-1, max-image-preview:large, max-video-preview:-1\" \/>\n<link rel=\"canonical\" href=\"https:\/\/elcotarro.com\/?p=7605\" \/>\n<meta property=\"og:locale\" content=\"es_ES\" \/>\n<meta property=\"og:type\" content=\"article\" \/>\n<meta property=\"og:title\" content=\"GONZALO DE LA CRUZ, EL NUEVO \u201cMACANA\u201d - El Cotarro\" \/>\n<meta property=\"og:description\" content=\"Lo que empez\u00f3 en la iglesia pas\u00f3 luego a la casa de los Hern\u00e1ndez-Abad (los \u201cAbanes\u201d de Guamasa), se ha ido repitiendo a\u00f1o tras a\u00f1o y ahora se celebra en la finca \u201cLa Gorvorana\u201d de Los Realejos, propiedad de las familias De la Cruz Veguero y De la Cruz Betancor, que la ceden gentilmente para ... Read more\" \/>\n<meta property=\"og:url\" content=\"https:\/\/elcotarro.com\/?p=7605\" \/>\n<meta property=\"og:site_name\" content=\"El Cotarro\" \/>\n<meta property=\"article:publisher\" content=\"https:\/\/www.facebook.com\/ElCotarro.Tenerife\" \/>\n<meta property=\"article:published_time\" content=\"2019-12-01T09:24:09+00:00\" \/>\n<meta property=\"og:image\" content=\"https:\/\/elcotarro.com\/wp-content\/uploads\/2019\/12\/FOTO-7.-SANTIAGO-TORRES.jpg\" \/>\n<meta name=\"author\" content=\"Jos\u00e9 Carlos Marrero Gonz\u00e1lez\" \/>\n<meta name=\"twitter:label1\" content=\"Escrito por\" \/>\n\t<meta name=\"twitter:data1\" content=\"Jos\u00e9 Carlos Marrero Gonz\u00e1lez\" \/>\n\t<meta name=\"twitter:label2\" content=\"Tiempo de lectura\" \/>\n\t<meta name=\"twitter:data2\" content=\"1 minuto\" \/>\n<script type=\"application\/ld+json\" class=\"yoast-schema-graph\">{\"@context\":\"https:\/\/schema.org\",\"@graph\":[{\"@type\":\"Article\",\"@id\":\"https:\/\/elcotarro.com\/?p=7605#article\",\"isPartOf\":{\"@id\":\"https:\/\/elcotarro.com\/?p=7605\"},\"author\":{\"name\":\"Jos\u00e9 Carlos Marrero Gonz\u00e1lez\",\"@id\":\"https:\/\/elcotarro.com\/#\/schema\/person\/af537ee7d60d15984c7e0affcd8a918b\"},\"headline\":\"GONZALO DE LA CRUZ, EL NUEVO \u201cMACANA\u201d\",\"datePublished\":\"2019-12-01T09:24:09+00:00\",\"mainEntityOfPage\":{\"@id\":\"https:\/\/elcotarro.com\/?p=7605\"},\"wordCount\":182,\"commentCount\":0,\"publisher\":{\"@id\":\"https:\/\/elcotarro.com\/#organization\"},\"image\":{\"@id\":\"https:\/\/elcotarro.com\/?p=7605#primaryimage\"},\"thumbnailUrl\":\"https:\/\/elcotarro.com\/wp-content\/uploads\/2019\/12\/FOTO-7.-SANTIAGO-TORRES.jpg\",\"inLanguage\":\"es\",\"potentialAction\":[{\"@type\":\"CommentAction\",\"name\":\"Comment\",\"target\":[\"https:\/\/elcotarro.com\/?p=7605#respond\"]}]},{\"@type\":\"WebPage\",\"@id\":\"https:\/\/elcotarro.com\/?p=7605\",\"url\":\"https:\/\/elcotarro.com\/?p=7605\",\"name\":\"GONZALO DE LA CRUZ, EL NUEVO \u201cMACANA\u201d - El Cotarro\",\"isPartOf\":{\"@id\":\"https:\/\/elcotarro.com\/#website\"},\"primaryImageOfPage\":{\"@id\":\"https:\/\/elcotarro.com\/?p=7605#primaryimage\"},\"image\":{\"@id\":\"https:\/\/elcotarro.com\/?p=7605#primaryimage\"},\"thumbnailUrl\":\"https:\/\/elcotarro.com\/wp-content\/uploads\/2019\/12\/FOTO-7.-SANTIAGO-TORRES.jpg\",\"datePublished\":\"2019-12-01T09:24:09+00:00\",\"breadcrumb\":{\"@id\":\"https:\/\/elcotarro.com\/?p=7605#breadcrumb\"},\"inLanguage\":\"es\",\"potentialAction\":[{\"@type\":\"ReadAction\",\"target\":[\"https:\/\/elcotarro.com\/?p=7605\"]}]},{\"@type\":\"ImageObject\",\"inLanguage\":\"es\",\"@id\":\"https:\/\/elcotarro.com\/?p=7605#primaryimage\",\"url\":\"https:\/\/elcotarro.com\/wp-content\/uploads\/2019\/12\/FOTO-7.-SANTIAGO-TORRES.jpg\",\"contentUrl\":\"https:\/\/elcotarro.com\/wp-content\/uploads\/2019\/12\/FOTO-7.-SANTIAGO-TORRES.jpg\",\"width\":720,\"height\":960},{\"@type\":\"BreadcrumbList\",\"@id\":\"https:\/\/elcotarro.com\/?p=7605#breadcrumb\",\"itemListElement\":[{\"@type\":\"ListItem\",\"position\":1,\"name\":\"Portada\",\"item\":\"https:\/\/elcotarro.com\/\"},{\"@type\":\"ListItem\",\"position\":2,\"name\":\"GONZALO DE LA CRUZ, EL NUEVO \u201cMACANA\u201d\"}]},{\"@type\":\"WebSite\",\"@id\":\"https:\/\/elcotarro.com\/#website\",\"url\":\"https:\/\/elcotarro.com\/\",\"name\":\"El Cotarro\",\"description\":\"Peri\u00f3dico Digital Independiente dirigido por Jos\u00e9 Carlos Marrero\",\"publisher\":{\"@id\":\"https:\/\/elcotarro.com\/#organization\"},\"potentialAction\":[{\"@type\":\"SearchAction\",\"target\":{\"@type\":\"EntryPoint\",\"urlTemplate\":\"https:\/\/elcotarro.com\/?s={search_term_string}\"},\"query-input\":{\"@type\":\"PropertyValueSpecification\",\"valueRequired\":true,\"valueName\":\"search_term_string\"}}],\"inLanguage\":\"es\"},{\"@type\":\"Organization\",\"@id\":\"https:\/\/elcotarro.com\/#organization\",\"name\":\"El Cotarro\",\"url\":\"https:\/\/elcotarro.com\/\",\"logo\":{\"@type\":\"ImageObject\",\"inLanguage\":\"es\",\"@id\":\"https:\/\/elcotarro.com\/#\/schema\/logo\/image\/\",\"url\":\"https:\/\/elcotarro.com\/wp-content\/uploads\/2014\/09\/Cabecera_El_Cotarro_v2.jpg\",\"contentUrl\":\"https:\/\/elcotarro.com\/wp-content\/uploads\/2014\/09\/Cabecera_El_Cotarro_v2.jpg\",\"width\":3540,\"height\":441,\"caption\":\"El Cotarro\"},\"image\":{\"@id\":\"https:\/\/elcotarro.com\/#\/schema\/logo\/image\/\"},\"sameAs\":[\"https:\/\/www.facebook.com\/ElCotarro.Tenerife\"]},{\"@type\":\"Person\",\"@id\":\"https:\/\/elcotarro.com\/#\/schema\/person\/af537ee7d60d15984c7e0affcd8a918b\",\"name\":\"Jos\u00e9 Carlos Marrero Gonz\u00e1lez\",\"image\":{\"@type\":\"ImageObject\",\"inLanguage\":\"es\",\"@id\":\"https:\/\/elcotarro.com\/#\/schema\/person\/image\/\",\"url\":\"https:\/\/secure.gravatar.com\/avatar\/def4da036efb5d32c74d49c351f6dccc064dd69ad9f3aadc295c5a9a5391ca01?s=96&d=mm&r=g\",\"contentUrl\":\"https:\/\/secure.gravatar.com\/avatar\/def4da036efb5d32c74d49c351f6dccc064dd69ad9f3aadc295c5a9a5391ca01?s=96&d=mm&r=g\",\"caption\":\"Jos\u00e9 Carlos Marrero Gonz\u00e1lez\"},\"sameAs\":[\"https:\/\/elcotarro.com\"],\"url\":\"https:\/\/elcotarro.com\/?author=2\"}]}<\/script>\n<!-- \/ Yoast SEO plugin. -->","yoast_head_json":{"title":"GONZALO DE LA CRUZ, EL NUEVO \u201cMACANA\u201d - El Cotarro","robots":{"index":"index","follow":"follow","max-snippet":"max-snippet:-1","max-image-preview":"max-image-preview:large","max-video-preview":"max-video-preview:-1"},"canonical":"https:\/\/elcotarro.com\/?p=7605","og_locale":"es_ES","og_type":"article","og_title":"GONZALO DE LA CRUZ, EL NUEVO \u201cMACANA\u201d - El Cotarro","og_description":"Lo que empez\u00f3 en la iglesia pas\u00f3 luego a la casa de los Hern\u00e1ndez-Abad (los \u201cAbanes\u201d de Guamasa), se ha ido repitiendo a\u00f1o tras a\u00f1o y ahora se celebra en la finca \u201cLa Gorvorana\u201d de Los Realejos, propiedad de las familias De la Cruz Veguero y De la Cruz Betancor, que la ceden gentilmente para ... Read more","og_url":"https:\/\/elcotarro.com\/?p=7605","og_site_name":"El Cotarro","article_publisher":"https:\/\/www.facebook.com\/ElCotarro.Tenerife","article_published_time":"2019-12-01T09:24:09+00:00","og_image":[{"url":"https:\/\/elcotarro.com\/wp-content\/uploads\/2019\/12\/FOTO-7.-SANTIAGO-TORRES.jpg","type":"","width":"","height":""}],"author":"Jos\u00e9 Carlos Marrero Gonz\u00e1lez","twitter_misc":{"Escrito por":"Jos\u00e9 Carlos Marrero Gonz\u00e1lez","Tiempo de lectura":"1 minuto"},"schema":{"@context":"https:\/\/schema.org","@graph":[{"@type":"Article","@id":"https:\/\/elcotarro.com\/?p=7605#article","isPartOf":{"@id":"https:\/\/elcotarro.com\/?p=7605"},"author":{"name":"Jos\u00e9 Carlos Marrero Gonz\u00e1lez","@id":"https:\/\/elcotarro.com\/#\/schema\/person\/af537ee7d60d15984c7e0affcd8a918b"},"headline":"GONZALO DE LA CRUZ, EL NUEVO \u201cMACANA\u201d","datePublished":"2019-12-01T09:24:09+00:00","mainEntityOfPage":{"@id":"https:\/\/elcotarro.com\/?p=7605"},"wordCount":182,"commentCount":0,"publisher":{"@id":"https:\/\/elcotarro.com\/#organization"},"image":{"@id":"https:\/\/elcotarro.com\/?p=7605#primaryimage"},"thumbnailUrl":"https:\/\/elcotarro.com\/wp-content\/uploads\/2019\/12\/FOTO-7.-SANTIAGO-TORRES.jpg","inLanguage":"es","potentialAction":[{"@type":"CommentAction","name":"Comment","target":["https:\/\/elcotarro.com\/?p=7605#respond"]}]},{"@type":"WebPage","@id":"https:\/\/elcotarro.com\/?p=7605","url":"https:\/\/elcotarro.com\/?p=7605","name":"GONZALO DE LA CRUZ, EL NUEVO \u201cMACANA\u201d - El Cotarro","isPartOf":{"@id":"https:\/\/elcotarro.com\/#website"},"primaryImageOfPage":{"@id":"https:\/\/elcotarro.com\/?p=7605#primaryimage"},"image":{"@id":"https:\/\/elcotarro.com\/?p=7605#primaryimage"},"thumbnailUrl":"https:\/\/elcotarro.com\/wp-content\/uploads\/2019\/12\/FOTO-7.-SANTIAGO-TORRES.jpg","datePublished":"2019-12-01T09:24:09+00:00","breadcrumb":{"@id":"https:\/\/elcotarro.com\/?p=7605#breadcrumb"},"inLanguage":"es","potentialAction":[{"@type":"ReadAction","target":["https:\/\/elcotarro.com\/?p=7605"]}]},{"@type":"ImageObject","inLanguage":"es","@id":"https:\/\/elcotarro.com\/?p=7605#primaryimage","url":"https:\/\/elcotarro.com\/wp-content\/uploads\/2019\/12\/FOTO-7.-SANTIAGO-TORRES.jpg","contentUrl":"https:\/\/elcotarro.com\/wp-content\/uploads\/2019\/12\/FOTO-7.-SANTIAGO-TORRES.jpg","width":720,"height":960},{"@type":"BreadcrumbList","@id":"https:\/\/elcotarro.com\/?p=7605#breadcrumb","itemListElement":[{"@type":"ListItem","position":1,"name":"Portada","item":"https:\/\/elcotarro.com\/"},{"@type":"ListItem","position":2,"name":"GONZALO DE LA CRUZ, EL NUEVO \u201cMACANA\u201d"}]},{"@type":"WebSite","@id":"https:\/\/elcotarro.com\/#website","url":"https:\/\/elcotarro.com\/","name":"El Cotarro","description":"Peri\u00f3dico Digital Independiente dirigido por Jos\u00e9 Carlos Marrero","publisher":{"@id":"https:\/\/elcotarro.com\/#organization"},"potentialAction":[{"@type":"SearchAction","target":{"@type":"EntryPoint","urlTemplate":"https:\/\/elcotarro.com\/?s={search_term_string}"},"query-input":{"@type":"PropertyValueSpecification","valueRequired":true,"valueName":"search_term_string"}}],"inLanguage":"es"},{"@type":"Organization","@id":"https:\/\/elcotarro.com\/#organization","name":"El Cotarro","url":"https:\/\/elcotarro.com\/","logo":{"@type":"ImageObject","inLanguage":"es","@id":"https:\/\/elcotarro.com\/#\/schema\/logo\/image\/","url":"https:\/\/elcotarro.com\/wp-content\/uploads\/2014\/09\/Cabecera_El_Cotarro_v2.jpg","contentUrl":"https:\/\/elcotarro.com\/wp-content\/uploads\/2014\/09\/Cabecera_El_Cotarro_v2.jpg","width":3540,"height":441,"caption":"El Cotarro"},"image":{"@id":"https:\/\/elcotarro.com\/#\/schema\/logo\/image\/"},"sameAs":["https:\/\/www.facebook.com\/ElCotarro.Tenerife"]},{"@type":"Person","@id":"https:\/\/elcotarro.com\/#\/schema\/person\/af537ee7d60d15984c7e0affcd8a918b","name":"Jos\u00e9 Carlos Marrero Gonz\u00e1lez","image":{"@type":"ImageObject","inLanguage":"es","@id":"https:\/\/elcotarro.com\/#\/schema\/person\/image\/","url":"https:\/\/secure.gravatar.com\/avatar\/def4da036efb5d32c74d49c351f6dccc064dd69ad9f3aadc295c5a9a5391ca01?s=96&d=mm&r=g","contentUrl":"https:\/\/secure.gravatar.com\/avatar\/def4da036efb5d32c74d49c351f6dccc064dd69ad9f3aadc295c5a9a5391ca01?s=96&d=mm&r=g","caption":"Jos\u00e9 Carlos Marrero Gonz\u00e1lez"},"sameAs":["https:\/\/elcotarro.com"],"url":"https:\/\/elcotarro.com\/?author=2"}]}},"jetpack_featured_media_url":"","jetpack_sharing_enabled":true,"_links":{"self":[{"href":"https:\/\/elcotarro.com\/index.php?rest_route=\/wp\/v2\/posts\/7605","targetHints":{"allow":["GET"]}}],"collection":[{"href":"https:\/\/elcotarro.com\/index.php?rest_route=\/wp\/v2\/posts"}],"about":[{"href":"https:\/\/elcotarro.com\/index.php?rest_route=\/wp\/v2\/types\/post"}],"author":[{"embeddable":true,"href":"https:\/\/elcotarro.com\/index.php?rest_route=\/wp\/v2\/users\/2"}],"replies":[{"embeddable":true,"href":"https:\/\/elcotarro.com\/index.php?rest_route=%2Fwp%2Fv2%2Fcomments&post=7605"}],"version-history":[{"count":1,"href":"https:\/\/elcotarro.com\/index.php?rest_route=\/wp\/v2\/posts\/7605\/revisions"}],"predecessor-version":[{"id":7607,"href":"https:\/\/elcotarro.com\/index.php?rest_route=\/wp\/v2\/posts\/7605\/revisions\/7607"}],"wp:attachment":[{"href":"https:\/\/elcotarro.com\/index.php?rest_route=%2Fwp%2Fv2%2Fmedia&parent=7605"}],"wp:term":[{"taxonomy":"category","embeddable":true,"href":"https:\/\/elcotarro.com\/index.php?rest_route=%2Fwp%2Fv2%2Fcategories&post=7605"},{"taxonomy":"post_tag","embeddable":true,"href":"https:\/\/elcotarro.com\/index.php?rest_route=%2Fwp%2Fv2%2Ftags&post=7605"}],"curies":[{"name":"wp","href":"https:\/\/api.w.org\/{rel}","templated":true}]}}