{"id":765,"date":"2015-02-01T12:03:47","date_gmt":"2015-02-01T12:03:47","guid":{"rendered":"https:\/\/elcotarro.com\/?p=765"},"modified":"2015-02-01T11:50:44","modified_gmt":"2015-02-01T11:50:44","slug":"la-fiel-pena-andaluza-lagunera","status":"publish","type":"post","link":"https:\/\/elcotarro.com\/?p=765","title":{"rendered":"LA FIEL PE\u00d1A ANDALUZA-LAGUNERA"},"content":{"rendered":"<p>\u2666 Pero yo no puedo terminar triste y por ello reconozco la gran labor que (entre otros centros) se desarrolla cada d\u00eda en los dos asilos de ancianos de Tenerife&#8230; Y por ello me encanta terminar de nuevo en positivo y dando cuenta de que, un a\u00f1o m\u00e1s, la Pe\u00f1a \u201cAndaluza-Lagunera\u201d ha cumplido con su tradicional cita del \u00faltimo domingo de enero&#8230; Ya he contado que en la lagunera plaza del <strong>Doctor Olivera<\/strong> hab\u00eda una hoy recordada tienda denominada \u00abLa Recovita\u00bb, que regentaba <strong>Mar\u00eda Candelaria Mascare\u00f1o<\/strong> (<strong>Yaya<\/strong>, para los amigos) con la ayuda de su esposo, el bueno de <strong>Marcos Abel Afonso<\/strong>, cuando sal\u00eda de su trabajo principal en el molino de gofio de \u201cLos Gatos\u201d, en la calle de San Juan&#8230; Hace un buen pu\u00f1ado de a\u00f1os, all\u00e1 por 1983, se realiz\u00f3 en \u201cLa Recovita\u201d el sorteo de las verduras necesarias para la elaboraci\u00f3n de un tremendo \u00abpuchero canario\u00bb\u2026 El ganador de los preciados ingredientes, <strong>Manuel Gonz\u00e1lez Llanos<\/strong>, fue un suministrador de material fotogr\u00e1fico residente en el Puerto de la Cruz, que prefiri\u00f3 dejar el premio al popular y respetado fot\u00f3grafo <strong>Antonio Garc\u00eda Rueda<\/strong>, el hoy jubilado maestro de <strong>Foto Rueda<\/strong>, malague\u00f1o de nacimiento y lagunero de adopci\u00f3n, para que lo llevara como donaci\u00f3n al Asilo de Ancianos\u2026 Muchos andaluces amigos de <strong>Antonio Garc\u00eda Rueda <\/strong>a\u00f1adieron productos al lote inicial, con especial menci\u00f3n al aceite de oliva, muy andaluz y no perecedero, por lo que cada a\u00f1o la cantidad ha ido creciendo tanto como su generosidad.<\/p>\n<p><a href=\"https:\/\/elcotarro.com\/wp-content\/uploads\/2015\/02\/FOTO-5.-Pe\u00f1a-Andaluza-Lagunera-Foto-de-familia-2015.jpg\"><img loading=\"lazy\" decoding=\"async\" class=\"aligncenter wp-image-768\" src=\"https:\/\/elcotarro.com\/wp-content\/uploads\/2015\/02\/FOTO-5.-Pe\u00f1a-Andaluza-Lagunera-Foto-de-familia-2015-1024x504.jpg\" alt=\"FOTO 5.- Pe\u00f1a Andaluza Lagunera - Foto de familia 2015\" width=\"550\" height=\"271\" srcset=\"https:\/\/elcotarro.com\/wp-content\/uploads\/2015\/02\/FOTO-5.-Pe\u00f1a-Andaluza-Lagunera-Foto-de-familia-2015-1024x504.jpg 1024w, https:\/\/elcotarro.com\/wp-content\/uploads\/2015\/02\/FOTO-5.-Pe\u00f1a-Andaluza-Lagunera-Foto-de-familia-2015-300x148.jpg 300w, https:\/\/elcotarro.com\/wp-content\/uploads\/2015\/02\/FOTO-5.-Pe\u00f1a-Andaluza-Lagunera-Foto-de-familia-2015.jpg 1565w\" sizes=\"auto, (max-width: 550px) 100vw, 550px\" \/><\/a><\/p>\n<p class=\"comentario\" style=\"text-align: center;\">Pe\u00f1a Andaluza-Lagunera con la superiora del Asilo de La Laguna tras la entrega. Foto Rueda<\/p>\n","protected":false},"excerpt":{"rendered":"<p>\u2666 Pero yo no puedo terminar triste y por ello reconozco la gran labor que (entre otros centros) se desarrolla cada d\u00eda en los dos asilos de ancianos de Tenerife&#8230; Y por ello me encanta terminar de nuevo en positivo y dando cuenta de que, un a\u00f1o m\u00e1s, la Pe\u00f1a \u201cAndaluza-Lagunera\u201d ha cumplido con su &#8230; <a class=\"read-more\" href=\"https:\/\/elcotarro.com\/?p=765\">Read more<\/a><\/p>\n","protected":false},"author":2,"featured_media":0,"comment_status":"open","ping_status":"open","sticky":false,"template":"","format":"standard","meta":{"_jetpack_memberships_contains_paid_content":false,"footnotes":""},"categories":[43],"tags":[357,360,362,355,361],"class_list":["post-765","post","type-post","status-publish","format-standard","hentry","category-sociedad","tag-antonio-garcia-rueda","tag-doctor-olivera","tag-manuel-gonzalez-llanos","tag-marcos-abel-afonso","tag-maria-candelaria-mascareno"],"yoast_head":"<!-- This site is optimized with the Yoast SEO plugin v27.0 - https:\/\/yoast.com\/product\/yoast-seo-wordpress\/ -->\n<title>LA FIEL PE\u00d1A ANDALUZA-LAGUNERA - El Cotarrro<\/title>\n<meta name=\"description\" content=\"Pero yo no puedo terminar triste y por ello reconozco la gran labor que (entre otros centros) se desarrolla cada d\u00eda en los dos asilos de ancianos de Tene\" \/>\n<meta name=\"robots\" content=\"index, follow, max-snippet:-1, max-image-preview:large, max-video-preview:-1\" \/>\n<link rel=\"canonical\" href=\"https:\/\/elcotarro.com\/?p=765\" \/>\n<meta property=\"og:locale\" content=\"es_ES\" \/>\n<meta property=\"og:type\" content=\"article\" \/>\n<meta property=\"og:title\" content=\"LA FIEL PE\u00d1A ANDALUZA-LAGUNERA - El Cotarrro\" \/>\n<meta property=\"og:description\" content=\"Pero yo no puedo terminar triste y por ello reconozco la gran labor que (entre otros centros) se desarrolla cada d\u00eda en los dos asilos de ancianos de Tene\" \/>\n<meta property=\"og:url\" content=\"https:\/\/elcotarro.com\/?p=765\" \/>\n<meta property=\"og:site_name\" content=\"El Cotarro\" \/>\n<meta property=\"article:publisher\" content=\"https:\/\/www.facebook.com\/ElCotarro.Tenerife\" \/>\n<meta property=\"article:published_time\" content=\"2015-02-01T12:03:47+00:00\" \/>\n<meta name=\"author\" content=\"Jos\u00e9 Carlos Marrero Gonz\u00e1lez\" \/>\n<meta name=\"twitter:label1\" content=\"Escrito por\" \/>\n\t<meta name=\"twitter:data1\" content=\"Jos\u00e9 Carlos Marrero Gonz\u00e1lez\" \/>\n\t<meta name=\"twitter:label2\" content=\"Tiempo de lectura\" \/>\n\t<meta name=\"twitter:data2\" content=\"1 minuto\" \/>\n<script type=\"application\/ld+json\" class=\"yoast-schema-graph\">{\"@context\":\"https:\/\/schema.org\",\"@graph\":[{\"@type\":\"Article\",\"@id\":\"https:\/\/elcotarro.com\/?p=765#article\",\"isPartOf\":{\"@id\":\"https:\/\/elcotarro.com\/?p=765\"},\"author\":{\"name\":\"Jos\u00e9 Carlos Marrero Gonz\u00e1lez\",\"@id\":\"https:\/\/elcotarro.com\/#\/schema\/person\/af537ee7d60d15984c7e0affcd8a918b\"},\"headline\":\"LA FIEL PE\u00d1A ANDALUZA-LAGUNERA\",\"datePublished\":\"2015-02-01T12:03:47+00:00\",\"mainEntityOfPage\":{\"@id\":\"https:\/\/elcotarro.com\/?p=765\"},\"wordCount\":288,\"commentCount\":0,\"publisher\":{\"@id\":\"https:\/\/elcotarro.com\/#organization\"},\"keywords\":[\"Antonio Garc\u00eda Rueda\",\"Doctor Olivera\",\"Manuel Gonz\u00e1lez Llanos\",\"Marcos Abel Afonso\",\"Mar\u00eda Candelaria Mascare\u00f1o\"],\"articleSection\":[\"Sociedad\"],\"inLanguage\":\"es\",\"potentialAction\":[{\"@type\":\"CommentAction\",\"name\":\"Comment\",\"target\":[\"https:\/\/elcotarro.com\/?p=765#respond\"]}]},{\"@type\":\"WebPage\",\"@id\":\"https:\/\/elcotarro.com\/?p=765\",\"url\":\"https:\/\/elcotarro.com\/?p=765\",\"name\":\"LA FIEL PE\u00d1A ANDALUZA-LAGUNERA - El Cotarrro\",\"isPartOf\":{\"@id\":\"https:\/\/elcotarro.com\/#website\"},\"datePublished\":\"2015-02-01T12:03:47+00:00\",\"description\":\"Pero yo no puedo terminar triste y por ello reconozco la gran labor que (entre otros centros) se desarrolla cada d\u00eda en los dos asilos de ancianos de Tene\",\"breadcrumb\":{\"@id\":\"https:\/\/elcotarro.com\/?p=765#breadcrumb\"},\"inLanguage\":\"es\",\"potentialAction\":[{\"@type\":\"ReadAction\",\"target\":[\"https:\/\/elcotarro.com\/?p=765\"]}]},{\"@type\":\"BreadcrumbList\",\"@id\":\"https:\/\/elcotarro.com\/?p=765#breadcrumb\",\"itemListElement\":[{\"@type\":\"ListItem\",\"position\":1,\"name\":\"Portada\",\"item\":\"https:\/\/elcotarro.com\/\"},{\"@type\":\"ListItem\",\"position\":2,\"name\":\"LA FIEL PE\u00d1A ANDALUZA-LAGUNERA\"}]},{\"@type\":\"WebSite\",\"@id\":\"https:\/\/elcotarro.com\/#website\",\"url\":\"https:\/\/elcotarro.com\/\",\"name\":\"El Cotarro\",\"description\":\"Peri\u00f3dico Digital Independiente dirigido por Jos\u00e9 Carlos Marrero\",\"publisher\":{\"@id\":\"https:\/\/elcotarro.com\/#organization\"},\"potentialAction\":[{\"@type\":\"SearchAction\",\"target\":{\"@type\":\"EntryPoint\",\"urlTemplate\":\"https:\/\/elcotarro.com\/?s={search_term_string}\"},\"query-input\":{\"@type\":\"PropertyValueSpecification\",\"valueRequired\":true,\"valueName\":\"search_term_string\"}}],\"inLanguage\":\"es\"},{\"@type\":\"Organization\",\"@id\":\"https:\/\/elcotarro.com\/#organization\",\"name\":\"El Cotarro\",\"url\":\"https:\/\/elcotarro.com\/\",\"logo\":{\"@type\":\"ImageObject\",\"inLanguage\":\"es\",\"@id\":\"https:\/\/elcotarro.com\/#\/schema\/logo\/image\/\",\"url\":\"https:\/\/elcotarro.com\/wp-content\/uploads\/2014\/09\/Cabecera_El_Cotarro_v2.jpg\",\"contentUrl\":\"https:\/\/elcotarro.com\/wp-content\/uploads\/2014\/09\/Cabecera_El_Cotarro_v2.jpg\",\"width\":3540,\"height\":441,\"caption\":\"El Cotarro\"},\"image\":{\"@id\":\"https:\/\/elcotarro.com\/#\/schema\/logo\/image\/\"},\"sameAs\":[\"https:\/\/www.facebook.com\/ElCotarro.Tenerife\"]},{\"@type\":\"Person\",\"@id\":\"https:\/\/elcotarro.com\/#\/schema\/person\/af537ee7d60d15984c7e0affcd8a918b\",\"name\":\"Jos\u00e9 Carlos Marrero Gonz\u00e1lez\",\"image\":{\"@type\":\"ImageObject\",\"inLanguage\":\"es\",\"@id\":\"https:\/\/elcotarro.com\/#\/schema\/person\/image\/\",\"url\":\"https:\/\/secure.gravatar.com\/avatar\/def4da036efb5d32c74d49c351f6dccc064dd69ad9f3aadc295c5a9a5391ca01?s=96&d=mm&r=g\",\"contentUrl\":\"https:\/\/secure.gravatar.com\/avatar\/def4da036efb5d32c74d49c351f6dccc064dd69ad9f3aadc295c5a9a5391ca01?s=96&d=mm&r=g\",\"caption\":\"Jos\u00e9 Carlos Marrero Gonz\u00e1lez\"},\"sameAs\":[\"https:\/\/elcotarro.com\"],\"url\":\"https:\/\/elcotarro.com\/?author=2\"}]}<\/script>\n<!-- \/ Yoast SEO plugin. -->","yoast_head_json":{"title":"LA FIEL PE\u00d1A ANDALUZA-LAGUNERA - El Cotarrro","description":"Pero yo no puedo terminar triste y por ello reconozco la gran labor que (entre otros centros) se desarrolla cada d\u00eda en los dos asilos de ancianos de Tene","robots":{"index":"index","follow":"follow","max-snippet":"max-snippet:-1","max-image-preview":"max-image-preview:large","max-video-preview":"max-video-preview:-1"},"canonical":"https:\/\/elcotarro.com\/?p=765","og_locale":"es_ES","og_type":"article","og_title":"LA FIEL PE\u00d1A ANDALUZA-LAGUNERA - El Cotarrro","og_description":"Pero yo no puedo terminar triste y por ello reconozco la gran labor que (entre otros centros) se desarrolla cada d\u00eda en los dos asilos de ancianos de Tene","og_url":"https:\/\/elcotarro.com\/?p=765","og_site_name":"El Cotarro","article_publisher":"https:\/\/www.facebook.com\/ElCotarro.Tenerife","article_published_time":"2015-02-01T12:03:47+00:00","author":"Jos\u00e9 Carlos Marrero Gonz\u00e1lez","twitter_misc":{"Escrito por":"Jos\u00e9 Carlos Marrero Gonz\u00e1lez","Tiempo de lectura":"1 minuto"},"schema":{"@context":"https:\/\/schema.org","@graph":[{"@type":"Article","@id":"https:\/\/elcotarro.com\/?p=765#article","isPartOf":{"@id":"https:\/\/elcotarro.com\/?p=765"},"author":{"name":"Jos\u00e9 Carlos Marrero Gonz\u00e1lez","@id":"https:\/\/elcotarro.com\/#\/schema\/person\/af537ee7d60d15984c7e0affcd8a918b"},"headline":"LA FIEL PE\u00d1A ANDALUZA-LAGUNERA","datePublished":"2015-02-01T12:03:47+00:00","mainEntityOfPage":{"@id":"https:\/\/elcotarro.com\/?p=765"},"wordCount":288,"commentCount":0,"publisher":{"@id":"https:\/\/elcotarro.com\/#organization"},"keywords":["Antonio Garc\u00eda Rueda","Doctor Olivera","Manuel Gonz\u00e1lez Llanos","Marcos Abel Afonso","Mar\u00eda Candelaria Mascare\u00f1o"],"articleSection":["Sociedad"],"inLanguage":"es","potentialAction":[{"@type":"CommentAction","name":"Comment","target":["https:\/\/elcotarro.com\/?p=765#respond"]}]},{"@type":"WebPage","@id":"https:\/\/elcotarro.com\/?p=765","url":"https:\/\/elcotarro.com\/?p=765","name":"LA FIEL PE\u00d1A ANDALUZA-LAGUNERA - El Cotarrro","isPartOf":{"@id":"https:\/\/elcotarro.com\/#website"},"datePublished":"2015-02-01T12:03:47+00:00","description":"Pero yo no puedo terminar triste y por ello reconozco la gran labor que (entre otros centros) se desarrolla cada d\u00eda en los dos asilos de ancianos de Tene","breadcrumb":{"@id":"https:\/\/elcotarro.com\/?p=765#breadcrumb"},"inLanguage":"es","potentialAction":[{"@type":"ReadAction","target":["https:\/\/elcotarro.com\/?p=765"]}]},{"@type":"BreadcrumbList","@id":"https:\/\/elcotarro.com\/?p=765#breadcrumb","itemListElement":[{"@type":"ListItem","position":1,"name":"Portada","item":"https:\/\/elcotarro.com\/"},{"@type":"ListItem","position":2,"name":"LA FIEL PE\u00d1A ANDALUZA-LAGUNERA"}]},{"@type":"WebSite","@id":"https:\/\/elcotarro.com\/#website","url":"https:\/\/elcotarro.com\/","name":"El Cotarro","description":"Peri\u00f3dico Digital Independiente dirigido por Jos\u00e9 Carlos Marrero","publisher":{"@id":"https:\/\/elcotarro.com\/#organization"},"potentialAction":[{"@type":"SearchAction","target":{"@type":"EntryPoint","urlTemplate":"https:\/\/elcotarro.com\/?s={search_term_string}"},"query-input":{"@type":"PropertyValueSpecification","valueRequired":true,"valueName":"search_term_string"}}],"inLanguage":"es"},{"@type":"Organization","@id":"https:\/\/elcotarro.com\/#organization","name":"El Cotarro","url":"https:\/\/elcotarro.com\/","logo":{"@type":"ImageObject","inLanguage":"es","@id":"https:\/\/elcotarro.com\/#\/schema\/logo\/image\/","url":"https:\/\/elcotarro.com\/wp-content\/uploads\/2014\/09\/Cabecera_El_Cotarro_v2.jpg","contentUrl":"https:\/\/elcotarro.com\/wp-content\/uploads\/2014\/09\/Cabecera_El_Cotarro_v2.jpg","width":3540,"height":441,"caption":"El Cotarro"},"image":{"@id":"https:\/\/elcotarro.com\/#\/schema\/logo\/image\/"},"sameAs":["https:\/\/www.facebook.com\/ElCotarro.Tenerife"]},{"@type":"Person","@id":"https:\/\/elcotarro.com\/#\/schema\/person\/af537ee7d60d15984c7e0affcd8a918b","name":"Jos\u00e9 Carlos Marrero Gonz\u00e1lez","image":{"@type":"ImageObject","inLanguage":"es","@id":"https:\/\/elcotarro.com\/#\/schema\/person\/image\/","url":"https:\/\/secure.gravatar.com\/avatar\/def4da036efb5d32c74d49c351f6dccc064dd69ad9f3aadc295c5a9a5391ca01?s=96&d=mm&r=g","contentUrl":"https:\/\/secure.gravatar.com\/avatar\/def4da036efb5d32c74d49c351f6dccc064dd69ad9f3aadc295c5a9a5391ca01?s=96&d=mm&r=g","caption":"Jos\u00e9 Carlos Marrero Gonz\u00e1lez"},"sameAs":["https:\/\/elcotarro.com"],"url":"https:\/\/elcotarro.com\/?author=2"}]}},"jetpack_featured_media_url":"","jetpack_sharing_enabled":true,"_links":{"self":[{"href":"https:\/\/elcotarro.com\/index.php?rest_route=\/wp\/v2\/posts\/765","targetHints":{"allow":["GET"]}}],"collection":[{"href":"https:\/\/elcotarro.com\/index.php?rest_route=\/wp\/v2\/posts"}],"about":[{"href":"https:\/\/elcotarro.com\/index.php?rest_route=\/wp\/v2\/types\/post"}],"author":[{"embeddable":true,"href":"https:\/\/elcotarro.com\/index.php?rest_route=\/wp\/v2\/users\/2"}],"replies":[{"embeddable":true,"href":"https:\/\/elcotarro.com\/index.php?rest_route=%2Fwp%2Fv2%2Fcomments&post=765"}],"version-history":[{"count":2,"href":"https:\/\/elcotarro.com\/index.php?rest_route=\/wp\/v2\/posts\/765\/revisions"}],"predecessor-version":[{"id":773,"href":"https:\/\/elcotarro.com\/index.php?rest_route=\/wp\/v2\/posts\/765\/revisions\/773"}],"wp:attachment":[{"href":"https:\/\/elcotarro.com\/index.php?rest_route=%2Fwp%2Fv2%2Fmedia&parent=765"}],"wp:term":[{"taxonomy":"category","embeddable":true,"href":"https:\/\/elcotarro.com\/index.php?rest_route=%2Fwp%2Fv2%2Fcategories&post=765"},{"taxonomy":"post_tag","embeddable":true,"href":"https:\/\/elcotarro.com\/index.php?rest_route=%2Fwp%2Fv2%2Ftags&post=765"}],"curies":[{"name":"wp","href":"https:\/\/api.w.org\/{rel}","templated":true}]}}