{"id":7656,"date":"2019-12-15T09:13:00","date_gmt":"2019-12-15T09:13:00","guid":{"rendered":"https:\/\/elcotarro.com\/?p=7656"},"modified":"2019-12-15T09:15:26","modified_gmt":"2019-12-15T09:15:26","slug":"monarquica-convencida-de-toda-la-vida","status":"publish","type":"post","link":"https:\/\/elcotarro.com\/?p=7656","title":{"rendered":"MON\u00c1RQUICA CONVENCIDA DE TODA LA VIDA"},"content":{"rendered":"<p>Pero es que, adem\u00e1s, a <strong>Ana Mar\u00eda Oramas Gonz\u00e1lez-Moro<\/strong> le persigue su historia, su trayectoria, su ADN pol\u00edtico\u2026 Y es que <strong>Ani Oramas<\/strong> ha sido (imagino que lo sigue siendo) mon\u00e1rquica de toda la vida. De pensamiento mon\u00e1rquico y de familia fiel y leal a la Monarqu\u00eda desde <strong>Don Juan de Borb\u00f3n<\/strong> (conde de Barcelona, padre de <strong>Juan Carlos I<\/strong> y abuelo del actual Rey, <strong>Felipe VI<\/strong>). El recordado y respetado t\u00edo de <strong>Ani Oramas<\/strong>, el empresario y licenciado en Ciencias Pol\u00edticas y Econ\u00f3micas, alcalde de Santa Cruz de Tenerife, consejero, vicepresidente y presidente interino del Cabildo Insular, <strong>Leoncio Oramas Tolosa<\/strong>, fue miembro del consejo asesor de <strong>Don Juan<\/strong>, cuando resid\u00eda exiliado en Estoril (Portugal). Y esa historia y esas lealtades no se suelen tirar por la borda por un \u201cpodemos\u201d formar gobierno. Y llegado el caso, ser\u00eda muy dif\u00edcil explicar (sobre todo en Tenerife), que nuestra diputada (y de rebote <strong>Fernando Clavijo<\/strong>) no tienen palabra y que, por extensi\u00f3n, ellos y esta tierra, tienen precio.<\/p>\n<p style=\"text-align: center;\"><a href=\"https:\/\/elcotarro.com\/wp-content\/uploads\/2019\/12\/FOTO-4.-ANA-ORAMAS.jpg\"><img loading=\"lazy\" decoding=\"async\" class=\"aligncenter size-full wp-image-7658\" src=\"https:\/\/elcotarro.com\/wp-content\/uploads\/2019\/12\/FOTO-4.-ANA-ORAMAS.jpg\" alt=\"\" width=\"328\" height=\"190\" srcset=\"https:\/\/elcotarro.com\/wp-content\/uploads\/2019\/12\/FOTO-4.-ANA-ORAMAS.jpg 328w, https:\/\/elcotarro.com\/wp-content\/uploads\/2019\/12\/FOTO-4.-ANA-ORAMAS-300x174.jpg 300w\" sizes=\"auto, (max-width: 328px) 100vw, 328px\" \/><\/a><\/p>\n<p style=\"text-align: center;\"><em>Ana Mar\u00eda Oramas Gonz\u00e1lez-Moro, nacionalista, pero mon\u00e1rquica de toda la vida.<\/em><\/p>\n<p style=\"text-align: center;\">\n","protected":false},"excerpt":{"rendered":"<p>Pero es que, adem\u00e1s, a Ana Mar\u00eda Oramas Gonz\u00e1lez-Moro le persigue su historia, su trayectoria, su ADN pol\u00edtico\u2026 Y es que Ani Oramas ha sido (imagino que lo sigue siendo) mon\u00e1rquica de toda la vida. De pensamiento mon\u00e1rquico y de familia fiel y leal a la Monarqu\u00eda desde Don Juan de Borb\u00f3n (conde de Barcelona, &#8230; <a class=\"read-more\" href=\"https:\/\/elcotarro.com\/?p=7656\">Read more<\/a><\/p>\n","protected":false},"author":2,"featured_media":0,"comment_status":"open","ping_status":"open","sticky":false,"template":"","format":"standard","meta":{"_jetpack_memberships_contains_paid_content":false,"footnotes":""},"categories":[1],"tags":[],"class_list":["post-7656","post","type-post","status-publish","format-standard","hentry","category-sin-categoria"],"yoast_head":"<!-- This site is optimized with the Yoast SEO plugin v27.0 - https:\/\/yoast.com\/product\/yoast-seo-wordpress\/ -->\n<title>MON\u00c1RQUICA CONVENCIDA DE TODA LA VIDA - El Cotarro<\/title>\n<meta name=\"robots\" content=\"index, follow, max-snippet:-1, max-image-preview:large, max-video-preview:-1\" \/>\n<link rel=\"canonical\" href=\"https:\/\/elcotarro.com\/?p=7656\" \/>\n<meta property=\"og:locale\" content=\"es_ES\" \/>\n<meta property=\"og:type\" content=\"article\" \/>\n<meta property=\"og:title\" content=\"MON\u00c1RQUICA CONVENCIDA DE TODA LA VIDA - El Cotarro\" \/>\n<meta property=\"og:description\" content=\"Pero es que, adem\u00e1s, a Ana Mar\u00eda Oramas Gonz\u00e1lez-Moro le persigue su historia, su trayectoria, su ADN pol\u00edtico\u2026 Y es que Ani Oramas ha sido (imagino que lo sigue siendo) mon\u00e1rquica de toda la vida. De pensamiento mon\u00e1rquico y de familia fiel y leal a la Monarqu\u00eda desde Don Juan de Borb\u00f3n (conde de Barcelona, ... Read more\" \/>\n<meta property=\"og:url\" content=\"https:\/\/elcotarro.com\/?p=7656\" \/>\n<meta property=\"og:site_name\" content=\"El Cotarro\" \/>\n<meta property=\"article:publisher\" content=\"https:\/\/www.facebook.com\/ElCotarro.Tenerife\" \/>\n<meta property=\"article:published_time\" content=\"2019-12-15T09:13:00+00:00\" \/>\n<meta property=\"article:modified_time\" content=\"2019-12-15T09:15:26+00:00\" \/>\n<meta property=\"og:image\" content=\"https:\/\/elcotarro.com\/wp-content\/uploads\/2019\/12\/FOTO-4.-ANA-ORAMAS.jpg\" \/>\n<meta name=\"author\" content=\"Jos\u00e9 Carlos Marrero Gonz\u00e1lez\" \/>\n<meta name=\"twitter:label1\" content=\"Escrito por\" \/>\n\t<meta name=\"twitter:data1\" content=\"Jos\u00e9 Carlos Marrero Gonz\u00e1lez\" \/>\n\t<meta name=\"twitter:label2\" content=\"Tiempo de lectura\" \/>\n\t<meta name=\"twitter:data2\" content=\"1 minuto\" \/>\n<script type=\"application\/ld+json\" class=\"yoast-schema-graph\">{\"@context\":\"https:\/\/schema.org\",\"@graph\":[{\"@type\":\"Article\",\"@id\":\"https:\/\/elcotarro.com\/?p=7656#article\",\"isPartOf\":{\"@id\":\"https:\/\/elcotarro.com\/?p=7656\"},\"author\":{\"name\":\"Jos\u00e9 Carlos Marrero Gonz\u00e1lez\",\"@id\":\"https:\/\/elcotarro.com\/#\/schema\/person\/af537ee7d60d15984c7e0affcd8a918b\"},\"headline\":\"MON\u00c1RQUICA CONVENCIDA DE TODA LA VIDA\",\"datePublished\":\"2019-12-15T09:13:00+00:00\",\"dateModified\":\"2019-12-15T09:15:26+00:00\",\"mainEntityOfPage\":{\"@id\":\"https:\/\/elcotarro.com\/?p=7656\"},\"wordCount\":202,\"commentCount\":0,\"publisher\":{\"@id\":\"https:\/\/elcotarro.com\/#organization\"},\"image\":{\"@id\":\"https:\/\/elcotarro.com\/?p=7656#primaryimage\"},\"thumbnailUrl\":\"https:\/\/elcotarro.com\/wp-content\/uploads\/2019\/12\/FOTO-4.-ANA-ORAMAS.jpg\",\"inLanguage\":\"es\",\"potentialAction\":[{\"@type\":\"CommentAction\",\"name\":\"Comment\",\"target\":[\"https:\/\/elcotarro.com\/?p=7656#respond\"]}]},{\"@type\":\"WebPage\",\"@id\":\"https:\/\/elcotarro.com\/?p=7656\",\"url\":\"https:\/\/elcotarro.com\/?p=7656\",\"name\":\"MON\u00c1RQUICA CONVENCIDA DE TODA LA VIDA - El Cotarro\",\"isPartOf\":{\"@id\":\"https:\/\/elcotarro.com\/#website\"},\"primaryImageOfPage\":{\"@id\":\"https:\/\/elcotarro.com\/?p=7656#primaryimage\"},\"image\":{\"@id\":\"https:\/\/elcotarro.com\/?p=7656#primaryimage\"},\"thumbnailUrl\":\"https:\/\/elcotarro.com\/wp-content\/uploads\/2019\/12\/FOTO-4.-ANA-ORAMAS.jpg\",\"datePublished\":\"2019-12-15T09:13:00+00:00\",\"dateModified\":\"2019-12-15T09:15:26+00:00\",\"breadcrumb\":{\"@id\":\"https:\/\/elcotarro.com\/?p=7656#breadcrumb\"},\"inLanguage\":\"es\",\"potentialAction\":[{\"@type\":\"ReadAction\",\"target\":[\"https:\/\/elcotarro.com\/?p=7656\"]}]},{\"@type\":\"ImageObject\",\"inLanguage\":\"es\",\"@id\":\"https:\/\/elcotarro.com\/?p=7656#primaryimage\",\"url\":\"https:\/\/elcotarro.com\/wp-content\/uploads\/2019\/12\/FOTO-4.-ANA-ORAMAS.jpg\",\"contentUrl\":\"https:\/\/elcotarro.com\/wp-content\/uploads\/2019\/12\/FOTO-4.-ANA-ORAMAS.jpg\",\"width\":328,\"height\":190},{\"@type\":\"BreadcrumbList\",\"@id\":\"https:\/\/elcotarro.com\/?p=7656#breadcrumb\",\"itemListElement\":[{\"@type\":\"ListItem\",\"position\":1,\"name\":\"Portada\",\"item\":\"https:\/\/elcotarro.com\/\"},{\"@type\":\"ListItem\",\"position\":2,\"name\":\"MON\u00c1RQUICA CONVENCIDA DE TODA LA VIDA\"}]},{\"@type\":\"WebSite\",\"@id\":\"https:\/\/elcotarro.com\/#website\",\"url\":\"https:\/\/elcotarro.com\/\",\"name\":\"El Cotarro\",\"description\":\"Peri\u00f3dico Digital Independiente dirigido por Jos\u00e9 Carlos Marrero\",\"publisher\":{\"@id\":\"https:\/\/elcotarro.com\/#organization\"},\"potentialAction\":[{\"@type\":\"SearchAction\",\"target\":{\"@type\":\"EntryPoint\",\"urlTemplate\":\"https:\/\/elcotarro.com\/?s={search_term_string}\"},\"query-input\":{\"@type\":\"PropertyValueSpecification\",\"valueRequired\":true,\"valueName\":\"search_term_string\"}}],\"inLanguage\":\"es\"},{\"@type\":\"Organization\",\"@id\":\"https:\/\/elcotarro.com\/#organization\",\"name\":\"El Cotarro\",\"url\":\"https:\/\/elcotarro.com\/\",\"logo\":{\"@type\":\"ImageObject\",\"inLanguage\":\"es\",\"@id\":\"https:\/\/elcotarro.com\/#\/schema\/logo\/image\/\",\"url\":\"https:\/\/elcotarro.com\/wp-content\/uploads\/2014\/09\/Cabecera_El_Cotarro_v2.jpg\",\"contentUrl\":\"https:\/\/elcotarro.com\/wp-content\/uploads\/2014\/09\/Cabecera_El_Cotarro_v2.jpg\",\"width\":3540,\"height\":441,\"caption\":\"El Cotarro\"},\"image\":{\"@id\":\"https:\/\/elcotarro.com\/#\/schema\/logo\/image\/\"},\"sameAs\":[\"https:\/\/www.facebook.com\/ElCotarro.Tenerife\"]},{\"@type\":\"Person\",\"@id\":\"https:\/\/elcotarro.com\/#\/schema\/person\/af537ee7d60d15984c7e0affcd8a918b\",\"name\":\"Jos\u00e9 Carlos Marrero Gonz\u00e1lez\",\"image\":{\"@type\":\"ImageObject\",\"inLanguage\":\"es\",\"@id\":\"https:\/\/elcotarro.com\/#\/schema\/person\/image\/\",\"url\":\"https:\/\/secure.gravatar.com\/avatar\/def4da036efb5d32c74d49c351f6dccc064dd69ad9f3aadc295c5a9a5391ca01?s=96&d=mm&r=g\",\"contentUrl\":\"https:\/\/secure.gravatar.com\/avatar\/def4da036efb5d32c74d49c351f6dccc064dd69ad9f3aadc295c5a9a5391ca01?s=96&d=mm&r=g\",\"caption\":\"Jos\u00e9 Carlos Marrero Gonz\u00e1lez\"},\"sameAs\":[\"https:\/\/elcotarro.com\"],\"url\":\"https:\/\/elcotarro.com\/?author=2\"}]}<\/script>\n<!-- \/ Yoast SEO plugin. -->","yoast_head_json":{"title":"MON\u00c1RQUICA CONVENCIDA DE TODA LA VIDA - El Cotarro","robots":{"index":"index","follow":"follow","max-snippet":"max-snippet:-1","max-image-preview":"max-image-preview:large","max-video-preview":"max-video-preview:-1"},"canonical":"https:\/\/elcotarro.com\/?p=7656","og_locale":"es_ES","og_type":"article","og_title":"MON\u00c1RQUICA CONVENCIDA DE TODA LA VIDA - El Cotarro","og_description":"Pero es que, adem\u00e1s, a Ana Mar\u00eda Oramas Gonz\u00e1lez-Moro le persigue su historia, su trayectoria, su ADN pol\u00edtico\u2026 Y es que Ani Oramas ha sido (imagino que lo sigue siendo) mon\u00e1rquica de toda la vida. De pensamiento mon\u00e1rquico y de familia fiel y leal a la Monarqu\u00eda desde Don Juan de Borb\u00f3n (conde de Barcelona, ... Read more","og_url":"https:\/\/elcotarro.com\/?p=7656","og_site_name":"El Cotarro","article_publisher":"https:\/\/www.facebook.com\/ElCotarro.Tenerife","article_published_time":"2019-12-15T09:13:00+00:00","article_modified_time":"2019-12-15T09:15:26+00:00","og_image":[{"url":"https:\/\/elcotarro.com\/wp-content\/uploads\/2019\/12\/FOTO-4.-ANA-ORAMAS.jpg","type":"","width":"","height":""}],"author":"Jos\u00e9 Carlos Marrero Gonz\u00e1lez","twitter_misc":{"Escrito por":"Jos\u00e9 Carlos Marrero Gonz\u00e1lez","Tiempo de lectura":"1 minuto"},"schema":{"@context":"https:\/\/schema.org","@graph":[{"@type":"Article","@id":"https:\/\/elcotarro.com\/?p=7656#article","isPartOf":{"@id":"https:\/\/elcotarro.com\/?p=7656"},"author":{"name":"Jos\u00e9 Carlos Marrero Gonz\u00e1lez","@id":"https:\/\/elcotarro.com\/#\/schema\/person\/af537ee7d60d15984c7e0affcd8a918b"},"headline":"MON\u00c1RQUICA CONVENCIDA DE TODA LA VIDA","datePublished":"2019-12-15T09:13:00+00:00","dateModified":"2019-12-15T09:15:26+00:00","mainEntityOfPage":{"@id":"https:\/\/elcotarro.com\/?p=7656"},"wordCount":202,"commentCount":0,"publisher":{"@id":"https:\/\/elcotarro.com\/#organization"},"image":{"@id":"https:\/\/elcotarro.com\/?p=7656#primaryimage"},"thumbnailUrl":"https:\/\/elcotarro.com\/wp-content\/uploads\/2019\/12\/FOTO-4.-ANA-ORAMAS.jpg","inLanguage":"es","potentialAction":[{"@type":"CommentAction","name":"Comment","target":["https:\/\/elcotarro.com\/?p=7656#respond"]}]},{"@type":"WebPage","@id":"https:\/\/elcotarro.com\/?p=7656","url":"https:\/\/elcotarro.com\/?p=7656","name":"MON\u00c1RQUICA CONVENCIDA DE TODA LA VIDA - El Cotarro","isPartOf":{"@id":"https:\/\/elcotarro.com\/#website"},"primaryImageOfPage":{"@id":"https:\/\/elcotarro.com\/?p=7656#primaryimage"},"image":{"@id":"https:\/\/elcotarro.com\/?p=7656#primaryimage"},"thumbnailUrl":"https:\/\/elcotarro.com\/wp-content\/uploads\/2019\/12\/FOTO-4.-ANA-ORAMAS.jpg","datePublished":"2019-12-15T09:13:00+00:00","dateModified":"2019-12-15T09:15:26+00:00","breadcrumb":{"@id":"https:\/\/elcotarro.com\/?p=7656#breadcrumb"},"inLanguage":"es","potentialAction":[{"@type":"ReadAction","target":["https:\/\/elcotarro.com\/?p=7656"]}]},{"@type":"ImageObject","inLanguage":"es","@id":"https:\/\/elcotarro.com\/?p=7656#primaryimage","url":"https:\/\/elcotarro.com\/wp-content\/uploads\/2019\/12\/FOTO-4.-ANA-ORAMAS.jpg","contentUrl":"https:\/\/elcotarro.com\/wp-content\/uploads\/2019\/12\/FOTO-4.-ANA-ORAMAS.jpg","width":328,"height":190},{"@type":"BreadcrumbList","@id":"https:\/\/elcotarro.com\/?p=7656#breadcrumb","itemListElement":[{"@type":"ListItem","position":1,"name":"Portada","item":"https:\/\/elcotarro.com\/"},{"@type":"ListItem","position":2,"name":"MON\u00c1RQUICA CONVENCIDA DE TODA LA VIDA"}]},{"@type":"WebSite","@id":"https:\/\/elcotarro.com\/#website","url":"https:\/\/elcotarro.com\/","name":"El Cotarro","description":"Peri\u00f3dico Digital Independiente dirigido por Jos\u00e9 Carlos Marrero","publisher":{"@id":"https:\/\/elcotarro.com\/#organization"},"potentialAction":[{"@type":"SearchAction","target":{"@type":"EntryPoint","urlTemplate":"https:\/\/elcotarro.com\/?s={search_term_string}"},"query-input":{"@type":"PropertyValueSpecification","valueRequired":true,"valueName":"search_term_string"}}],"inLanguage":"es"},{"@type":"Organization","@id":"https:\/\/elcotarro.com\/#organization","name":"El Cotarro","url":"https:\/\/elcotarro.com\/","logo":{"@type":"ImageObject","inLanguage":"es","@id":"https:\/\/elcotarro.com\/#\/schema\/logo\/image\/","url":"https:\/\/elcotarro.com\/wp-content\/uploads\/2014\/09\/Cabecera_El_Cotarro_v2.jpg","contentUrl":"https:\/\/elcotarro.com\/wp-content\/uploads\/2014\/09\/Cabecera_El_Cotarro_v2.jpg","width":3540,"height":441,"caption":"El Cotarro"},"image":{"@id":"https:\/\/elcotarro.com\/#\/schema\/logo\/image\/"},"sameAs":["https:\/\/www.facebook.com\/ElCotarro.Tenerife"]},{"@type":"Person","@id":"https:\/\/elcotarro.com\/#\/schema\/person\/af537ee7d60d15984c7e0affcd8a918b","name":"Jos\u00e9 Carlos Marrero Gonz\u00e1lez","image":{"@type":"ImageObject","inLanguage":"es","@id":"https:\/\/elcotarro.com\/#\/schema\/person\/image\/","url":"https:\/\/secure.gravatar.com\/avatar\/def4da036efb5d32c74d49c351f6dccc064dd69ad9f3aadc295c5a9a5391ca01?s=96&d=mm&r=g","contentUrl":"https:\/\/secure.gravatar.com\/avatar\/def4da036efb5d32c74d49c351f6dccc064dd69ad9f3aadc295c5a9a5391ca01?s=96&d=mm&r=g","caption":"Jos\u00e9 Carlos Marrero Gonz\u00e1lez"},"sameAs":["https:\/\/elcotarro.com"],"url":"https:\/\/elcotarro.com\/?author=2"}]}},"jetpack_featured_media_url":"","jetpack_sharing_enabled":true,"_links":{"self":[{"href":"https:\/\/elcotarro.com\/index.php?rest_route=\/wp\/v2\/posts\/7656","targetHints":{"allow":["GET"]}}],"collection":[{"href":"https:\/\/elcotarro.com\/index.php?rest_route=\/wp\/v2\/posts"}],"about":[{"href":"https:\/\/elcotarro.com\/index.php?rest_route=\/wp\/v2\/types\/post"}],"author":[{"embeddable":true,"href":"https:\/\/elcotarro.com\/index.php?rest_route=\/wp\/v2\/users\/2"}],"replies":[{"embeddable":true,"href":"https:\/\/elcotarro.com\/index.php?rest_route=%2Fwp%2Fv2%2Fcomments&post=7656"}],"version-history":[{"count":1,"href":"https:\/\/elcotarro.com\/index.php?rest_route=\/wp\/v2\/posts\/7656\/revisions"}],"predecessor-version":[{"id":7659,"href":"https:\/\/elcotarro.com\/index.php?rest_route=\/wp\/v2\/posts\/7656\/revisions\/7659"}],"wp:attachment":[{"href":"https:\/\/elcotarro.com\/index.php?rest_route=%2Fwp%2Fv2%2Fmedia&parent=7656"}],"wp:term":[{"taxonomy":"category","embeddable":true,"href":"https:\/\/elcotarro.com\/index.php?rest_route=%2Fwp%2Fv2%2Fcategories&post=7656"},{"taxonomy":"post_tag","embeddable":true,"href":"https:\/\/elcotarro.com\/index.php?rest_route=%2Fwp%2Fv2%2Ftags&post=7656"}],"curies":[{"name":"wp","href":"https:\/\/api.w.org\/{rel}","templated":true}]}}