{"id":767,"date":"2015-02-01T12:04:14","date_gmt":"2015-02-01T12:04:14","guid":{"rendered":"https:\/\/elcotarro.com\/?p=767"},"modified":"2015-02-01T11:51:57","modified_gmt":"2015-02-01T11:51:57","slug":"el-triste-ejemplo-del-hotel-delfin","status":"publish","type":"post","link":"https:\/\/elcotarro.com\/?p=767","title":{"rendered":"EL TRISTE EJEMPLO DEL HOTEL DELF\u00cdN"},"content":{"rendered":"<p>\u2666 Y para una vez que un gran empresario tinerfe\u00f1o como <strong>Lorenzo Hern\u00e1ndez<\/strong> (Q.e.p.d.) se arriesg\u00f3 y meti\u00f3 su dinero en comprar y rehabilitar el hotel Delf\u00edn de Bajamar, para hacer realidad una experiencia pionera en Espa\u00f1a convirti\u00e9ndolo en centro especial de atenci\u00f3n a enfermos de alzh\u00e9imer, tuvo que cerrarlo (y llevar todo su patrimonio a la quiebra) porque ninguna administraci\u00f3n ayud\u00f3 a ocupar (con fondos de la Ley de dependencia, por ejemplo) ni la cuarta parte de las 120 plazas que ofertaban (y que necesitaban para cubrir la inversi\u00f3n)&#8230; Pidieron concertar que algunos de los 150 laguneros que al parecer est\u00e1n ingresados en Santa Rita fueran derivados a Bajamar, pero nada de nada&#8230; Y all\u00ed est\u00e1 el centro terminado, cerrado y muerto de risa (o mejor, muerto de tristeza). Fue triste leer en el peri\u00f3dico ABC a nivel nacional aquello de : \u201cLa desidia de la Administraci\u00f3n aboca al cierre a uno de los dos \u00fanicos centros especializados en alzh\u00e9imer del pa\u00eds\u201d&#8230; Eso s\u00ed, <strong>Paulino Rivero<\/strong> junto con <strong>In\u00e9s Rojas<\/strong>, <strong>Ana Oramas<\/strong> y <strong>Ricardo Melchior<\/strong> no faltaron en su inauguraci\u00f3n en 2011&#8230; Todo esto que he contado (y algo m\u00e1s que guardo, como el abandono de m\u00e1s de un\/una viejito\/a por parte de sus hijos\/as) y el no tener unos buenos centros sociosanitarios en el norte y en el sur, es lo que en verdad hace que las urgencias se colapsen una gripe s\u00ed y otra tambi\u00e9n, una calima s\u00ed y otra tambi\u00e9n&#8230;, un d\u00eda s\u00ed y otro tambi\u00e9n&#8230;<\/p>\n<p><a href=\"https:\/\/elcotarro.com\/wp-content\/uploads\/2015\/02\/FOTO-4.-Inauguracion-Centro-Delfin-Bajamar.jpg\"><img loading=\"lazy\" decoding=\"async\" class=\"aligncenter size-full wp-image-774\" src=\"https:\/\/elcotarro.com\/wp-content\/uploads\/2015\/02\/FOTO-4.-Inauguracion-Centro-Delfin-Bajamar.jpg\" alt=\"jg inaguracion del centro especializado delfin bajamar septiembre 2011 8.JPG\" width=\"610\" height=\"406\" srcset=\"https:\/\/elcotarro.com\/wp-content\/uploads\/2015\/02\/FOTO-4.-Inauguracion-Centro-Delfin-Bajamar.jpg 610w, https:\/\/elcotarro.com\/wp-content\/uploads\/2015\/02\/FOTO-4.-Inauguracion-Centro-Delfin-Bajamar-300x200.jpg 300w\" sizes=\"auto, (max-width: 610px) 100vw, 610px\" \/><\/a><\/p>\n<p class=\"comentario\" style=\"text-align: center;\">Inauguraci\u00f3n del centro de alzh\u00e9imer en Bajamar, el a\u00f1o 2011, con su promotor, Lorenzo Hern\u00e1ndez, en la silla de ruedas<\/p>\n","protected":false},"excerpt":{"rendered":"<p>\u2666 Y para una vez que un gran empresario tinerfe\u00f1o como Lorenzo Hern\u00e1ndez (Q.e.p.d.) se arriesg\u00f3 y meti\u00f3 su dinero en comprar y rehabilitar el hotel Delf\u00edn de Bajamar, para hacer realidad una experiencia pionera en Espa\u00f1a convirti\u00e9ndolo en centro especial de atenci\u00f3n a enfermos de alzh\u00e9imer, tuvo que cerrarlo (y llevar todo su patrimonio &#8230; <a class=\"read-more\" href=\"https:\/\/elcotarro.com\/?p=767\">Read more<\/a><\/p>\n","protected":false},"author":2,"featured_media":0,"comment_status":"open","ping_status":"open","sticky":false,"template":"","format":"standard","meta":{"_jetpack_memberships_contains_paid_content":false,"footnotes":""},"categories":[43],"tags":[365,364,363,100,15],"class_list":["post-767","post","type-post","status-publish","format-standard","hentry","category-sociedad","tag-ana-oramas","tag-ines-rojas","tag-lorenzo-hernandez","tag-paulino-rivero","tag-ricardo-melchior"],"yoast_head":"<!-- This site is optimized with the Yoast SEO plugin v27.0 - https:\/\/yoast.com\/product\/yoast-seo-wordpress\/ -->\n<title>EL TRISTE EJEMPLO DEL HOTEL DELF\u00cdN - El Cotarrro<\/title>\n<meta name=\"description\" content=\"Y para una vez que un gran empresario tinerfe\u00f1o como Lorenzo Hern\u00e1ndez (Q.e.p.d.) se arriesg\u00f3 y meti\u00f3 su dinero en comprar y rehabilitar el hotel Delf\u00edn\" \/>\n<meta name=\"robots\" content=\"index, follow, max-snippet:-1, max-image-preview:large, max-video-preview:-1\" \/>\n<link rel=\"canonical\" href=\"https:\/\/elcotarro.com\/?p=767\" \/>\n<meta property=\"og:locale\" content=\"es_ES\" \/>\n<meta property=\"og:type\" content=\"article\" \/>\n<meta property=\"og:title\" content=\"EL TRISTE EJEMPLO DEL HOTEL DELF\u00cdN - El Cotarrro\" \/>\n<meta property=\"og:description\" content=\"Y para una vez que un gran empresario tinerfe\u00f1o como Lorenzo Hern\u00e1ndez (Q.e.p.d.) se arriesg\u00f3 y meti\u00f3 su dinero en comprar y rehabilitar el hotel Delf\u00edn\" \/>\n<meta property=\"og:url\" content=\"https:\/\/elcotarro.com\/?p=767\" \/>\n<meta property=\"og:site_name\" content=\"El Cotarro\" \/>\n<meta property=\"article:publisher\" content=\"https:\/\/www.facebook.com\/ElCotarro.Tenerife\" \/>\n<meta property=\"article:published_time\" content=\"2015-02-01T12:04:14+00:00\" \/>\n<meta property=\"og:image\" content=\"https:\/\/elcotarro.com\/wp-content\/uploads\/2015\/02\/FOTO-4.-Inauguracion-Centro-Delfin-Bajamar.jpg\" \/>\n<meta name=\"author\" content=\"Jos\u00e9 Carlos Marrero Gonz\u00e1lez\" \/>\n<meta name=\"twitter:label1\" content=\"Escrito por\" \/>\n\t<meta name=\"twitter:data1\" content=\"Jos\u00e9 Carlos Marrero Gonz\u00e1lez\" \/>\n\t<meta name=\"twitter:label2\" content=\"Tiempo de lectura\" \/>\n\t<meta name=\"twitter:data2\" content=\"1 minuto\" \/>\n<script type=\"application\/ld+json\" class=\"yoast-schema-graph\">{\"@context\":\"https:\/\/schema.org\",\"@graph\":[{\"@type\":\"Article\",\"@id\":\"https:\/\/elcotarro.com\/?p=767#article\",\"isPartOf\":{\"@id\":\"https:\/\/elcotarro.com\/?p=767\"},\"author\":{\"name\":\"Jos\u00e9 Carlos Marrero Gonz\u00e1lez\",\"@id\":\"https:\/\/elcotarro.com\/#\/schema\/person\/af537ee7d60d15984c7e0affcd8a918b\"},\"headline\":\"EL TRISTE EJEMPLO DEL HOTEL DELF\u00cdN\",\"datePublished\":\"2015-02-01T12:04:14+00:00\",\"mainEntityOfPage\":{\"@id\":\"https:\/\/elcotarro.com\/?p=767\"},\"wordCount\":303,\"commentCount\":0,\"publisher\":{\"@id\":\"https:\/\/elcotarro.com\/#organization\"},\"image\":{\"@id\":\"https:\/\/elcotarro.com\/?p=767#primaryimage\"},\"thumbnailUrl\":\"https:\/\/elcotarro.com\/wp-content\/uploads\/2015\/02\/FOTO-4.-Inauguracion-Centro-Delfin-Bajamar.jpg\",\"keywords\":[\"Ana Oramas\",\"In\u00e9s Rojas\",\"Lorenzo Hern\u00e1ndez\",\"Paulino Rivero\",\"Ricardo Melchior\"],\"articleSection\":[\"Sociedad\"],\"inLanguage\":\"es\",\"potentialAction\":[{\"@type\":\"CommentAction\",\"name\":\"Comment\",\"target\":[\"https:\/\/elcotarro.com\/?p=767#respond\"]}]},{\"@type\":\"WebPage\",\"@id\":\"https:\/\/elcotarro.com\/?p=767\",\"url\":\"https:\/\/elcotarro.com\/?p=767\",\"name\":\"EL TRISTE EJEMPLO DEL HOTEL DELF\u00cdN - El Cotarrro\",\"isPartOf\":{\"@id\":\"https:\/\/elcotarro.com\/#website\"},\"primaryImageOfPage\":{\"@id\":\"https:\/\/elcotarro.com\/?p=767#primaryimage\"},\"image\":{\"@id\":\"https:\/\/elcotarro.com\/?p=767#primaryimage\"},\"thumbnailUrl\":\"https:\/\/elcotarro.com\/wp-content\/uploads\/2015\/02\/FOTO-4.-Inauguracion-Centro-Delfin-Bajamar.jpg\",\"datePublished\":\"2015-02-01T12:04:14+00:00\",\"description\":\"Y para una vez que un gran empresario tinerfe\u00f1o como Lorenzo Hern\u00e1ndez (Q.e.p.d.) se arriesg\u00f3 y meti\u00f3 su dinero en comprar y rehabilitar el hotel Delf\u00edn\",\"breadcrumb\":{\"@id\":\"https:\/\/elcotarro.com\/?p=767#breadcrumb\"},\"inLanguage\":\"es\",\"potentialAction\":[{\"@type\":\"ReadAction\",\"target\":[\"https:\/\/elcotarro.com\/?p=767\"]}]},{\"@type\":\"ImageObject\",\"inLanguage\":\"es\",\"@id\":\"https:\/\/elcotarro.com\/?p=767#primaryimage\",\"url\":\"https:\/\/elcotarro.com\/wp-content\/uploads\/2015\/02\/FOTO-4.-Inauguracion-Centro-Delfin-Bajamar.jpg\",\"contentUrl\":\"https:\/\/elcotarro.com\/wp-content\/uploads\/2015\/02\/FOTO-4.-Inauguracion-Centro-Delfin-Bajamar.jpg\",\"width\":610,\"height\":406},{\"@type\":\"BreadcrumbList\",\"@id\":\"https:\/\/elcotarro.com\/?p=767#breadcrumb\",\"itemListElement\":[{\"@type\":\"ListItem\",\"position\":1,\"name\":\"Portada\",\"item\":\"https:\/\/elcotarro.com\/\"},{\"@type\":\"ListItem\",\"position\":2,\"name\":\"EL TRISTE EJEMPLO DEL HOTEL DELF\u00cdN\"}]},{\"@type\":\"WebSite\",\"@id\":\"https:\/\/elcotarro.com\/#website\",\"url\":\"https:\/\/elcotarro.com\/\",\"name\":\"El Cotarro\",\"description\":\"Peri\u00f3dico Digital Independiente dirigido por Jos\u00e9 Carlos Marrero\",\"publisher\":{\"@id\":\"https:\/\/elcotarro.com\/#organization\"},\"potentialAction\":[{\"@type\":\"SearchAction\",\"target\":{\"@type\":\"EntryPoint\",\"urlTemplate\":\"https:\/\/elcotarro.com\/?s={search_term_string}\"},\"query-input\":{\"@type\":\"PropertyValueSpecification\",\"valueRequired\":true,\"valueName\":\"search_term_string\"}}],\"inLanguage\":\"es\"},{\"@type\":\"Organization\",\"@id\":\"https:\/\/elcotarro.com\/#organization\",\"name\":\"El Cotarro\",\"url\":\"https:\/\/elcotarro.com\/\",\"logo\":{\"@type\":\"ImageObject\",\"inLanguage\":\"es\",\"@id\":\"https:\/\/elcotarro.com\/#\/schema\/logo\/image\/\",\"url\":\"https:\/\/elcotarro.com\/wp-content\/uploads\/2014\/09\/Cabecera_El_Cotarro_v2.jpg\",\"contentUrl\":\"https:\/\/elcotarro.com\/wp-content\/uploads\/2014\/09\/Cabecera_El_Cotarro_v2.jpg\",\"width\":3540,\"height\":441,\"caption\":\"El Cotarro\"},\"image\":{\"@id\":\"https:\/\/elcotarro.com\/#\/schema\/logo\/image\/\"},\"sameAs\":[\"https:\/\/www.facebook.com\/ElCotarro.Tenerife\"]},{\"@type\":\"Person\",\"@id\":\"https:\/\/elcotarro.com\/#\/schema\/person\/af537ee7d60d15984c7e0affcd8a918b\",\"name\":\"Jos\u00e9 Carlos Marrero Gonz\u00e1lez\",\"image\":{\"@type\":\"ImageObject\",\"inLanguage\":\"es\",\"@id\":\"https:\/\/elcotarro.com\/#\/schema\/person\/image\/\",\"url\":\"https:\/\/secure.gravatar.com\/avatar\/def4da036efb5d32c74d49c351f6dccc064dd69ad9f3aadc295c5a9a5391ca01?s=96&d=mm&r=g\",\"contentUrl\":\"https:\/\/secure.gravatar.com\/avatar\/def4da036efb5d32c74d49c351f6dccc064dd69ad9f3aadc295c5a9a5391ca01?s=96&d=mm&r=g\",\"caption\":\"Jos\u00e9 Carlos Marrero Gonz\u00e1lez\"},\"sameAs\":[\"https:\/\/elcotarro.com\"],\"url\":\"https:\/\/elcotarro.com\/?author=2\"}]}<\/script>\n<!-- \/ Yoast SEO plugin. -->","yoast_head_json":{"title":"EL TRISTE EJEMPLO DEL HOTEL DELF\u00cdN - El Cotarrro","description":"Y para una vez que un gran empresario tinerfe\u00f1o como Lorenzo Hern\u00e1ndez (Q.e.p.d.) se arriesg\u00f3 y meti\u00f3 su dinero en comprar y rehabilitar el hotel Delf\u00edn","robots":{"index":"index","follow":"follow","max-snippet":"max-snippet:-1","max-image-preview":"max-image-preview:large","max-video-preview":"max-video-preview:-1"},"canonical":"https:\/\/elcotarro.com\/?p=767","og_locale":"es_ES","og_type":"article","og_title":"EL TRISTE EJEMPLO DEL HOTEL DELF\u00cdN - El Cotarrro","og_description":"Y para una vez que un gran empresario tinerfe\u00f1o como Lorenzo Hern\u00e1ndez (Q.e.p.d.) se arriesg\u00f3 y meti\u00f3 su dinero en comprar y rehabilitar el hotel Delf\u00edn","og_url":"https:\/\/elcotarro.com\/?p=767","og_site_name":"El Cotarro","article_publisher":"https:\/\/www.facebook.com\/ElCotarro.Tenerife","article_published_time":"2015-02-01T12:04:14+00:00","og_image":[{"url":"https:\/\/elcotarro.com\/wp-content\/uploads\/2015\/02\/FOTO-4.-Inauguracion-Centro-Delfin-Bajamar.jpg","type":"","width":"","height":""}],"author":"Jos\u00e9 Carlos Marrero Gonz\u00e1lez","twitter_misc":{"Escrito por":"Jos\u00e9 Carlos Marrero Gonz\u00e1lez","Tiempo de lectura":"1 minuto"},"schema":{"@context":"https:\/\/schema.org","@graph":[{"@type":"Article","@id":"https:\/\/elcotarro.com\/?p=767#article","isPartOf":{"@id":"https:\/\/elcotarro.com\/?p=767"},"author":{"name":"Jos\u00e9 Carlos Marrero Gonz\u00e1lez","@id":"https:\/\/elcotarro.com\/#\/schema\/person\/af537ee7d60d15984c7e0affcd8a918b"},"headline":"EL TRISTE EJEMPLO DEL HOTEL DELF\u00cdN","datePublished":"2015-02-01T12:04:14+00:00","mainEntityOfPage":{"@id":"https:\/\/elcotarro.com\/?p=767"},"wordCount":303,"commentCount":0,"publisher":{"@id":"https:\/\/elcotarro.com\/#organization"},"image":{"@id":"https:\/\/elcotarro.com\/?p=767#primaryimage"},"thumbnailUrl":"https:\/\/elcotarro.com\/wp-content\/uploads\/2015\/02\/FOTO-4.-Inauguracion-Centro-Delfin-Bajamar.jpg","keywords":["Ana Oramas","In\u00e9s Rojas","Lorenzo Hern\u00e1ndez","Paulino Rivero","Ricardo Melchior"],"articleSection":["Sociedad"],"inLanguage":"es","potentialAction":[{"@type":"CommentAction","name":"Comment","target":["https:\/\/elcotarro.com\/?p=767#respond"]}]},{"@type":"WebPage","@id":"https:\/\/elcotarro.com\/?p=767","url":"https:\/\/elcotarro.com\/?p=767","name":"EL TRISTE EJEMPLO DEL HOTEL DELF\u00cdN - El Cotarrro","isPartOf":{"@id":"https:\/\/elcotarro.com\/#website"},"primaryImageOfPage":{"@id":"https:\/\/elcotarro.com\/?p=767#primaryimage"},"image":{"@id":"https:\/\/elcotarro.com\/?p=767#primaryimage"},"thumbnailUrl":"https:\/\/elcotarro.com\/wp-content\/uploads\/2015\/02\/FOTO-4.-Inauguracion-Centro-Delfin-Bajamar.jpg","datePublished":"2015-02-01T12:04:14+00:00","description":"Y para una vez que un gran empresario tinerfe\u00f1o como Lorenzo Hern\u00e1ndez (Q.e.p.d.) se arriesg\u00f3 y meti\u00f3 su dinero en comprar y rehabilitar el hotel Delf\u00edn","breadcrumb":{"@id":"https:\/\/elcotarro.com\/?p=767#breadcrumb"},"inLanguage":"es","potentialAction":[{"@type":"ReadAction","target":["https:\/\/elcotarro.com\/?p=767"]}]},{"@type":"ImageObject","inLanguage":"es","@id":"https:\/\/elcotarro.com\/?p=767#primaryimage","url":"https:\/\/elcotarro.com\/wp-content\/uploads\/2015\/02\/FOTO-4.-Inauguracion-Centro-Delfin-Bajamar.jpg","contentUrl":"https:\/\/elcotarro.com\/wp-content\/uploads\/2015\/02\/FOTO-4.-Inauguracion-Centro-Delfin-Bajamar.jpg","width":610,"height":406},{"@type":"BreadcrumbList","@id":"https:\/\/elcotarro.com\/?p=767#breadcrumb","itemListElement":[{"@type":"ListItem","position":1,"name":"Portada","item":"https:\/\/elcotarro.com\/"},{"@type":"ListItem","position":2,"name":"EL TRISTE EJEMPLO DEL HOTEL DELF\u00cdN"}]},{"@type":"WebSite","@id":"https:\/\/elcotarro.com\/#website","url":"https:\/\/elcotarro.com\/","name":"El Cotarro","description":"Peri\u00f3dico Digital Independiente dirigido por Jos\u00e9 Carlos Marrero","publisher":{"@id":"https:\/\/elcotarro.com\/#organization"},"potentialAction":[{"@type":"SearchAction","target":{"@type":"EntryPoint","urlTemplate":"https:\/\/elcotarro.com\/?s={search_term_string}"},"query-input":{"@type":"PropertyValueSpecification","valueRequired":true,"valueName":"search_term_string"}}],"inLanguage":"es"},{"@type":"Organization","@id":"https:\/\/elcotarro.com\/#organization","name":"El Cotarro","url":"https:\/\/elcotarro.com\/","logo":{"@type":"ImageObject","inLanguage":"es","@id":"https:\/\/elcotarro.com\/#\/schema\/logo\/image\/","url":"https:\/\/elcotarro.com\/wp-content\/uploads\/2014\/09\/Cabecera_El_Cotarro_v2.jpg","contentUrl":"https:\/\/elcotarro.com\/wp-content\/uploads\/2014\/09\/Cabecera_El_Cotarro_v2.jpg","width":3540,"height":441,"caption":"El Cotarro"},"image":{"@id":"https:\/\/elcotarro.com\/#\/schema\/logo\/image\/"},"sameAs":["https:\/\/www.facebook.com\/ElCotarro.Tenerife"]},{"@type":"Person","@id":"https:\/\/elcotarro.com\/#\/schema\/person\/af537ee7d60d15984c7e0affcd8a918b","name":"Jos\u00e9 Carlos Marrero Gonz\u00e1lez","image":{"@type":"ImageObject","inLanguage":"es","@id":"https:\/\/elcotarro.com\/#\/schema\/person\/image\/","url":"https:\/\/secure.gravatar.com\/avatar\/def4da036efb5d32c74d49c351f6dccc064dd69ad9f3aadc295c5a9a5391ca01?s=96&d=mm&r=g","contentUrl":"https:\/\/secure.gravatar.com\/avatar\/def4da036efb5d32c74d49c351f6dccc064dd69ad9f3aadc295c5a9a5391ca01?s=96&d=mm&r=g","caption":"Jos\u00e9 Carlos Marrero Gonz\u00e1lez"},"sameAs":["https:\/\/elcotarro.com"],"url":"https:\/\/elcotarro.com\/?author=2"}]}},"jetpack_featured_media_url":"","jetpack_sharing_enabled":true,"_links":{"self":[{"href":"https:\/\/elcotarro.com\/index.php?rest_route=\/wp\/v2\/posts\/767","targetHints":{"allow":["GET"]}}],"collection":[{"href":"https:\/\/elcotarro.com\/index.php?rest_route=\/wp\/v2\/posts"}],"about":[{"href":"https:\/\/elcotarro.com\/index.php?rest_route=\/wp\/v2\/types\/post"}],"author":[{"embeddable":true,"href":"https:\/\/elcotarro.com\/index.php?rest_route=\/wp\/v2\/users\/2"}],"replies":[{"embeddable":true,"href":"https:\/\/elcotarro.com\/index.php?rest_route=%2Fwp%2Fv2%2Fcomments&post=767"}],"version-history":[{"count":2,"href":"https:\/\/elcotarro.com\/index.php?rest_route=\/wp\/v2\/posts\/767\/revisions"}],"predecessor-version":[{"id":775,"href":"https:\/\/elcotarro.com\/index.php?rest_route=\/wp\/v2\/posts\/767\/revisions\/775"}],"wp:attachment":[{"href":"https:\/\/elcotarro.com\/index.php?rest_route=%2Fwp%2Fv2%2Fmedia&parent=767"}],"wp:term":[{"taxonomy":"category","embeddable":true,"href":"https:\/\/elcotarro.com\/index.php?rest_route=%2Fwp%2Fv2%2Fcategories&post=767"},{"taxonomy":"post_tag","embeddable":true,"href":"https:\/\/elcotarro.com\/index.php?rest_route=%2Fwp%2Fv2%2Ftags&post=767"}],"curies":[{"name":"wp","href":"https:\/\/api.w.org\/{rel}","templated":true}]}}