{"id":7679,"date":"2019-12-22T08:06:08","date_gmt":"2019-12-22T08:06:08","guid":{"rendered":"https:\/\/elcotarro.com\/?p=7679"},"modified":"2019-12-21T21:12:42","modified_gmt":"2019-12-21T21:12:42","slug":"papa-noel-para-el-rosario-desde-turquia","status":"publish","type":"post","link":"https:\/\/elcotarro.com\/?p=7679","title":{"rendered":"PAP\u00c1 NO\u00cbL PARA EL ROSARIO DESDE TURQU\u00cdA"},"content":{"rendered":"<p>Este comienzo para <em><strong>El Cotarro<\/strong><\/em> dominguero de hoy, casi en v\u00edsperas de la Navidad 2019, tiene que ver con dos realidades que me dan pie para ello. Por un lado, gracias a una amable informaci\u00f3n que, con tremendo orgullo (y raz\u00f3n) tiene nuestro actual capit\u00e1n general de Canarias, <strong>Carlos Palacios Zaforteza<\/strong>, y, por otro lado, gracias al tremendo cabreo (tambi\u00e9n con raz\u00f3n) que tiene el buen alcalde del municipio tinerfe\u00f1o de El Rosario, <strong>Escol\u00e1stico Gil Hern\u00e1ndez<\/strong>, al que la consejera de Sanidad del Gobierno de Canarias, <strong>Teresa Cruz Oval<\/strong>, tiene m\u00e1s que \u201ccontento\u201d, al igual que tiene tambi\u00e9n a otros muchos (de dentro y fuera del propio Gobierno y de dentro y fuera de su propio partido, el PSOE).<\/p>\n<p style=\"text-align: center\"><a href=\"https:\/\/elcotarro.com\/wp-content\/uploads\/2019\/12\/FOTO-1.-PAPA\u0301-NOE\u0301L.jpg\"><img loading=\"lazy\" decoding=\"async\" class=\"aligncenter size-full wp-image-7680\" src=\"https:\/\/elcotarro.com\/wp-content\/uploads\/2019\/12\/FOTO-1.-PAPA\u0301-NOE\u0301L.jpg\" alt=\"\" width=\"480\" height=\"358\" srcset=\"https:\/\/elcotarro.com\/wp-content\/uploads\/2019\/12\/FOTO-1.-PAPA\u0301-NOE\u0301L.jpg 480w, https:\/\/elcotarro.com\/wp-content\/uploads\/2019\/12\/FOTO-1.-PAPA\u0301-NOE\u0301L-300x224.jpg 300w\" sizes=\"auto, (max-width: 480px) 100vw, 480px\" \/><\/a><\/p>\n<p style=\"text-align: center\"><em>A ver si Pap\u00e1 No\u00ebl puede hacer algo esta Navidad por el centro de salud de El Rosario<\/em><\/p>\n","protected":false},"excerpt":{"rendered":"<p>Este comienzo para El Cotarro dominguero de hoy, casi en v\u00edsperas de la Navidad 2019, tiene que ver con dos realidades que me dan pie para ello. Por un lado, gracias a una amable informaci\u00f3n que, con tremendo orgullo (y raz\u00f3n) tiene nuestro actual capit\u00e1n general de Canarias, Carlos Palacios Zaforteza, y, por otro lado, &#8230; <a class=\"read-more\" href=\"https:\/\/elcotarro.com\/?p=7679\">Read more<\/a><\/p>\n","protected":false},"author":2,"featured_media":0,"comment_status":"open","ping_status":"open","sticky":false,"template":"","format":"standard","meta":{"_jetpack_memberships_contains_paid_content":false,"footnotes":""},"categories":[1],"tags":[],"class_list":["post-7679","post","type-post","status-publish","format-standard","hentry","category-sin-categoria"],"yoast_head":"<!-- This site is optimized with the Yoast SEO plugin v27.0 - https:\/\/yoast.com\/product\/yoast-seo-wordpress\/ -->\n<title>PAP\u00c1 NO\u00cbL PARA EL ROSARIO DESDE TURQU\u00cdA - El Cotarro<\/title>\n<meta name=\"robots\" content=\"index, follow, max-snippet:-1, max-image-preview:large, max-video-preview:-1\" \/>\n<link rel=\"canonical\" href=\"https:\/\/elcotarro.com\/?p=7679\" \/>\n<meta property=\"og:locale\" content=\"es_ES\" \/>\n<meta property=\"og:type\" content=\"article\" \/>\n<meta property=\"og:title\" content=\"PAP\u00c1 NO\u00cbL PARA EL ROSARIO DESDE TURQU\u00cdA - El Cotarro\" \/>\n<meta property=\"og:description\" content=\"Este comienzo para El Cotarro dominguero de hoy, casi en v\u00edsperas de la Navidad 2019, tiene que ver con dos realidades que me dan pie para ello. Por un lado, gracias a una amable informaci\u00f3n que, con tremendo orgullo (y raz\u00f3n) tiene nuestro actual capit\u00e1n general de Canarias, Carlos Palacios Zaforteza, y, por otro lado, ... Read more\" \/>\n<meta property=\"og:url\" content=\"https:\/\/elcotarro.com\/?p=7679\" \/>\n<meta property=\"og:site_name\" content=\"El Cotarro\" \/>\n<meta property=\"article:publisher\" content=\"https:\/\/www.facebook.com\/ElCotarro.Tenerife\" \/>\n<meta property=\"article:published_time\" content=\"2019-12-22T08:06:08+00:00\" \/>\n<meta name=\"author\" content=\"Jos\u00e9 Carlos Marrero Gonz\u00e1lez\" \/>\n<meta name=\"twitter:label1\" content=\"Escrito por\" \/>\n\t<meta name=\"twitter:data1\" content=\"Jos\u00e9 Carlos Marrero Gonz\u00e1lez\" \/>\n\t<meta name=\"twitter:label2\" content=\"Tiempo de lectura\" \/>\n\t<meta name=\"twitter:data2\" content=\"1 minuto\" \/>\n<script type=\"application\/ld+json\" class=\"yoast-schema-graph\">{\"@context\":\"https:\/\/schema.org\",\"@graph\":[{\"@type\":\"Article\",\"@id\":\"https:\/\/elcotarro.com\/?p=7679#article\",\"isPartOf\":{\"@id\":\"https:\/\/elcotarro.com\/?p=7679\"},\"author\":{\"name\":\"Jos\u00e9 Carlos Marrero Gonz\u00e1lez\",\"@id\":\"https:\/\/elcotarro.com\/#\/schema\/person\/af537ee7d60d15984c7e0affcd8a918b\"},\"headline\":\"PAP\u00c1 NO\u00cbL PARA EL ROSARIO DESDE TURQU\u00cdA\",\"datePublished\":\"2019-12-22T08:06:08+00:00\",\"mainEntityOfPage\":{\"@id\":\"https:\/\/elcotarro.com\/?p=7679\"},\"wordCount\":157,\"commentCount\":0,\"publisher\":{\"@id\":\"https:\/\/elcotarro.com\/#organization\"},\"inLanguage\":\"es\",\"potentialAction\":[{\"@type\":\"CommentAction\",\"name\":\"Comment\",\"target\":[\"https:\/\/elcotarro.com\/?p=7679#respond\"]}]},{\"@type\":\"WebPage\",\"@id\":\"https:\/\/elcotarro.com\/?p=7679\",\"url\":\"https:\/\/elcotarro.com\/?p=7679\",\"name\":\"PAP\u00c1 NO\u00cbL PARA EL ROSARIO DESDE TURQU\u00cdA - El Cotarro\",\"isPartOf\":{\"@id\":\"https:\/\/elcotarro.com\/#website\"},\"datePublished\":\"2019-12-22T08:06:08+00:00\",\"breadcrumb\":{\"@id\":\"https:\/\/elcotarro.com\/?p=7679#breadcrumb\"},\"inLanguage\":\"es\",\"potentialAction\":[{\"@type\":\"ReadAction\",\"target\":[\"https:\/\/elcotarro.com\/?p=7679\"]}]},{\"@type\":\"BreadcrumbList\",\"@id\":\"https:\/\/elcotarro.com\/?p=7679#breadcrumb\",\"itemListElement\":[{\"@type\":\"ListItem\",\"position\":1,\"name\":\"Portada\",\"item\":\"https:\/\/elcotarro.com\/\"},{\"@type\":\"ListItem\",\"position\":2,\"name\":\"PAP\u00c1 NO\u00cbL PARA EL ROSARIO DESDE TURQU\u00cdA\"}]},{\"@type\":\"WebSite\",\"@id\":\"https:\/\/elcotarro.com\/#website\",\"url\":\"https:\/\/elcotarro.com\/\",\"name\":\"El Cotarro\",\"description\":\"Peri\u00f3dico Digital Independiente dirigido por Jos\u00e9 Carlos Marrero\",\"publisher\":{\"@id\":\"https:\/\/elcotarro.com\/#organization\"},\"potentialAction\":[{\"@type\":\"SearchAction\",\"target\":{\"@type\":\"EntryPoint\",\"urlTemplate\":\"https:\/\/elcotarro.com\/?s={search_term_string}\"},\"query-input\":{\"@type\":\"PropertyValueSpecification\",\"valueRequired\":true,\"valueName\":\"search_term_string\"}}],\"inLanguage\":\"es\"},{\"@type\":\"Organization\",\"@id\":\"https:\/\/elcotarro.com\/#organization\",\"name\":\"El Cotarro\",\"url\":\"https:\/\/elcotarro.com\/\",\"logo\":{\"@type\":\"ImageObject\",\"inLanguage\":\"es\",\"@id\":\"https:\/\/elcotarro.com\/#\/schema\/logo\/image\/\",\"url\":\"https:\/\/elcotarro.com\/wp-content\/uploads\/2014\/09\/Cabecera_El_Cotarro_v2.jpg\",\"contentUrl\":\"https:\/\/elcotarro.com\/wp-content\/uploads\/2014\/09\/Cabecera_El_Cotarro_v2.jpg\",\"width\":3540,\"height\":441,\"caption\":\"El Cotarro\"},\"image\":{\"@id\":\"https:\/\/elcotarro.com\/#\/schema\/logo\/image\/\"},\"sameAs\":[\"https:\/\/www.facebook.com\/ElCotarro.Tenerife\"]},{\"@type\":\"Person\",\"@id\":\"https:\/\/elcotarro.com\/#\/schema\/person\/af537ee7d60d15984c7e0affcd8a918b\",\"name\":\"Jos\u00e9 Carlos Marrero Gonz\u00e1lez\",\"image\":{\"@type\":\"ImageObject\",\"inLanguage\":\"es\",\"@id\":\"https:\/\/elcotarro.com\/#\/schema\/person\/image\/\",\"url\":\"https:\/\/secure.gravatar.com\/avatar\/def4da036efb5d32c74d49c351f6dccc064dd69ad9f3aadc295c5a9a5391ca01?s=96&d=mm&r=g\",\"contentUrl\":\"https:\/\/secure.gravatar.com\/avatar\/def4da036efb5d32c74d49c351f6dccc064dd69ad9f3aadc295c5a9a5391ca01?s=96&d=mm&r=g\",\"caption\":\"Jos\u00e9 Carlos Marrero Gonz\u00e1lez\"},\"sameAs\":[\"https:\/\/elcotarro.com\"],\"url\":\"https:\/\/elcotarro.com\/?author=2\"}]}<\/script>\n<!-- \/ Yoast SEO plugin. -->","yoast_head_json":{"title":"PAP\u00c1 NO\u00cbL PARA EL ROSARIO DESDE TURQU\u00cdA - El Cotarro","robots":{"index":"index","follow":"follow","max-snippet":"max-snippet:-1","max-image-preview":"max-image-preview:large","max-video-preview":"max-video-preview:-1"},"canonical":"https:\/\/elcotarro.com\/?p=7679","og_locale":"es_ES","og_type":"article","og_title":"PAP\u00c1 NO\u00cbL PARA EL ROSARIO DESDE TURQU\u00cdA - El Cotarro","og_description":"Este comienzo para El Cotarro dominguero de hoy, casi en v\u00edsperas de la Navidad 2019, tiene que ver con dos realidades que me dan pie para ello. Por un lado, gracias a una amable informaci\u00f3n que, con tremendo orgullo (y raz\u00f3n) tiene nuestro actual capit\u00e1n general de Canarias, Carlos Palacios Zaforteza, y, por otro lado, ... Read more","og_url":"https:\/\/elcotarro.com\/?p=7679","og_site_name":"El Cotarro","article_publisher":"https:\/\/www.facebook.com\/ElCotarro.Tenerife","article_published_time":"2019-12-22T08:06:08+00:00","author":"Jos\u00e9 Carlos Marrero Gonz\u00e1lez","twitter_misc":{"Escrito por":"Jos\u00e9 Carlos Marrero Gonz\u00e1lez","Tiempo de lectura":"1 minuto"},"schema":{"@context":"https:\/\/schema.org","@graph":[{"@type":"Article","@id":"https:\/\/elcotarro.com\/?p=7679#article","isPartOf":{"@id":"https:\/\/elcotarro.com\/?p=7679"},"author":{"name":"Jos\u00e9 Carlos Marrero Gonz\u00e1lez","@id":"https:\/\/elcotarro.com\/#\/schema\/person\/af537ee7d60d15984c7e0affcd8a918b"},"headline":"PAP\u00c1 NO\u00cbL PARA EL ROSARIO DESDE TURQU\u00cdA","datePublished":"2019-12-22T08:06:08+00:00","mainEntityOfPage":{"@id":"https:\/\/elcotarro.com\/?p=7679"},"wordCount":157,"commentCount":0,"publisher":{"@id":"https:\/\/elcotarro.com\/#organization"},"inLanguage":"es","potentialAction":[{"@type":"CommentAction","name":"Comment","target":["https:\/\/elcotarro.com\/?p=7679#respond"]}]},{"@type":"WebPage","@id":"https:\/\/elcotarro.com\/?p=7679","url":"https:\/\/elcotarro.com\/?p=7679","name":"PAP\u00c1 NO\u00cbL PARA EL ROSARIO DESDE TURQU\u00cdA - El Cotarro","isPartOf":{"@id":"https:\/\/elcotarro.com\/#website"},"datePublished":"2019-12-22T08:06:08+00:00","breadcrumb":{"@id":"https:\/\/elcotarro.com\/?p=7679#breadcrumb"},"inLanguage":"es","potentialAction":[{"@type":"ReadAction","target":["https:\/\/elcotarro.com\/?p=7679"]}]},{"@type":"BreadcrumbList","@id":"https:\/\/elcotarro.com\/?p=7679#breadcrumb","itemListElement":[{"@type":"ListItem","position":1,"name":"Portada","item":"https:\/\/elcotarro.com\/"},{"@type":"ListItem","position":2,"name":"PAP\u00c1 NO\u00cbL PARA EL ROSARIO DESDE TURQU\u00cdA"}]},{"@type":"WebSite","@id":"https:\/\/elcotarro.com\/#website","url":"https:\/\/elcotarro.com\/","name":"El Cotarro","description":"Peri\u00f3dico Digital Independiente dirigido por Jos\u00e9 Carlos Marrero","publisher":{"@id":"https:\/\/elcotarro.com\/#organization"},"potentialAction":[{"@type":"SearchAction","target":{"@type":"EntryPoint","urlTemplate":"https:\/\/elcotarro.com\/?s={search_term_string}"},"query-input":{"@type":"PropertyValueSpecification","valueRequired":true,"valueName":"search_term_string"}}],"inLanguage":"es"},{"@type":"Organization","@id":"https:\/\/elcotarro.com\/#organization","name":"El Cotarro","url":"https:\/\/elcotarro.com\/","logo":{"@type":"ImageObject","inLanguage":"es","@id":"https:\/\/elcotarro.com\/#\/schema\/logo\/image\/","url":"https:\/\/elcotarro.com\/wp-content\/uploads\/2014\/09\/Cabecera_El_Cotarro_v2.jpg","contentUrl":"https:\/\/elcotarro.com\/wp-content\/uploads\/2014\/09\/Cabecera_El_Cotarro_v2.jpg","width":3540,"height":441,"caption":"El Cotarro"},"image":{"@id":"https:\/\/elcotarro.com\/#\/schema\/logo\/image\/"},"sameAs":["https:\/\/www.facebook.com\/ElCotarro.Tenerife"]},{"@type":"Person","@id":"https:\/\/elcotarro.com\/#\/schema\/person\/af537ee7d60d15984c7e0affcd8a918b","name":"Jos\u00e9 Carlos Marrero Gonz\u00e1lez","image":{"@type":"ImageObject","inLanguage":"es","@id":"https:\/\/elcotarro.com\/#\/schema\/person\/image\/","url":"https:\/\/secure.gravatar.com\/avatar\/def4da036efb5d32c74d49c351f6dccc064dd69ad9f3aadc295c5a9a5391ca01?s=96&d=mm&r=g","contentUrl":"https:\/\/secure.gravatar.com\/avatar\/def4da036efb5d32c74d49c351f6dccc064dd69ad9f3aadc295c5a9a5391ca01?s=96&d=mm&r=g","caption":"Jos\u00e9 Carlos Marrero Gonz\u00e1lez"},"sameAs":["https:\/\/elcotarro.com"],"url":"https:\/\/elcotarro.com\/?author=2"}]}},"jetpack_featured_media_url":"","jetpack_sharing_enabled":true,"_links":{"self":[{"href":"https:\/\/elcotarro.com\/index.php?rest_route=\/wp\/v2\/posts\/7679","targetHints":{"allow":["GET"]}}],"collection":[{"href":"https:\/\/elcotarro.com\/index.php?rest_route=\/wp\/v2\/posts"}],"about":[{"href":"https:\/\/elcotarro.com\/index.php?rest_route=\/wp\/v2\/types\/post"}],"author":[{"embeddable":true,"href":"https:\/\/elcotarro.com\/index.php?rest_route=\/wp\/v2\/users\/2"}],"replies":[{"embeddable":true,"href":"https:\/\/elcotarro.com\/index.php?rest_route=%2Fwp%2Fv2%2Fcomments&post=7679"}],"version-history":[{"count":1,"href":"https:\/\/elcotarro.com\/index.php?rest_route=\/wp\/v2\/posts\/7679\/revisions"}],"predecessor-version":[{"id":7681,"href":"https:\/\/elcotarro.com\/index.php?rest_route=\/wp\/v2\/posts\/7679\/revisions\/7681"}],"wp:attachment":[{"href":"https:\/\/elcotarro.com\/index.php?rest_route=%2Fwp%2Fv2%2Fmedia&parent=7679"}],"wp:term":[{"taxonomy":"category","embeddable":true,"href":"https:\/\/elcotarro.com\/index.php?rest_route=%2Fwp%2Fv2%2Fcategories&post=7679"},{"taxonomy":"post_tag","embeddable":true,"href":"https:\/\/elcotarro.com\/index.php?rest_route=%2Fwp%2Fv2%2Ftags&post=7679"}],"curies":[{"name":"wp","href":"https:\/\/api.w.org\/{rel}","templated":true}]}}