{"id":7682,"date":"2019-12-22T08:05:50","date_gmt":"2019-12-22T08:05:50","guid":{"rendered":"https:\/\/elcotarro.com\/?p=7682"},"modified":"2019-12-21T21:15:08","modified_gmt":"2019-12-21T21:15:08","slug":"tremenda-indignacion-en-la-esperanza","status":"publish","type":"post","link":"https:\/\/elcotarro.com\/?p=7682","title":{"rendered":"TREMENDA INDIGNACI\u00d3N EN LA ESPERANZA"},"content":{"rendered":"<p>Como les digo, tremendo mosqueo, terrible indignaci\u00f3n y m\u00e1s que l\u00f3gico y entendible cabreo el que tiene el alcalde de El Rosario, el luchador <strong>Escol\u00e1stico Gil Hern\u00e1ndez<\/strong>, con la consejera de Sanidad del Gobierno de Canarias, <strong>Teresa Cruz Oval<\/strong>. En el caso de <strong>Escol\u00e1stico Gil<\/strong>, la corporaci\u00f3n que preside y, lo m\u00e1s importante, la ciudadan\u00eda de La Esperanza y de todo El Rosario, la indignaci\u00f3n viene por el impresentable e imperdonable olvido, que el Gobierno de Canarias ha tenido con el tan necesario y demandado Centro Perif\u00e9rico de Salud de La Esperanza, en el municipio de El Rosario. En el \u00faltimo pleno celebrado el pasado jueves, el concejal socialista, <strong>Jos\u00e9 Antonio Est\u00e9vez<\/strong>, l\u00edder del grupo del PSOE en el ayuntamiento de El Rosario, hizo de \u201crecadero\u201d de <strong>Teresa Cruz<\/strong> y, de paso, me da la impresi\u00f3n que hizo el rid\u00edculo, sin necesidad ninguna. Y no s\u00e9 si esto, de alguna manera, lo puede arreglar o encarrilar Pap\u00e1 No\u00ebl, antes de que finalice el a\u00f1o.<\/p>\n<p style=\"text-align: center\"><a href=\"https:\/\/elcotarro.com\/wp-content\/uploads\/2019\/12\/FOTO-2.-ESTE\u0301VEZ.jpg\"><img loading=\"lazy\" decoding=\"async\" class=\"aligncenter size-full wp-image-7683\" src=\"https:\/\/elcotarro.com\/wp-content\/uploads\/2019\/12\/FOTO-2.-ESTE\u0301VEZ.jpg\" alt=\"\" width=\"643\" height=\"362\" srcset=\"https:\/\/elcotarro.com\/wp-content\/uploads\/2019\/12\/FOTO-2.-ESTE\u0301VEZ.jpg 643w, https:\/\/elcotarro.com\/wp-content\/uploads\/2019\/12\/FOTO-2.-ESTE\u0301VEZ-300x169.jpg 300w\" sizes=\"auto, (max-width: 643px) 100vw, 643px\" \/><\/a><\/p>\n<p style=\"text-align: center\"><em>Jos\u00e9 Antonio Est\u00e9vez, concejal y l\u00edder del PSOE en el ayuntamiento de El Rosario.<\/em><\/p>\n","protected":false},"excerpt":{"rendered":"<p>Como les digo, tremendo mosqueo, terrible indignaci\u00f3n y m\u00e1s que l\u00f3gico y entendible cabreo el que tiene el alcalde de El Rosario, el luchador Escol\u00e1stico Gil Hern\u00e1ndez, con la consejera de Sanidad del Gobierno de Canarias, Teresa Cruz Oval. En el caso de Escol\u00e1stico Gil, la corporaci\u00f3n que preside y, lo m\u00e1s importante, la ciudadan\u00eda &#8230; <a class=\"read-more\" href=\"https:\/\/elcotarro.com\/?p=7682\">Read more<\/a><\/p>\n","protected":false},"author":2,"featured_media":0,"comment_status":"open","ping_status":"open","sticky":false,"template":"","format":"standard","meta":{"_jetpack_memberships_contains_paid_content":false,"footnotes":""},"categories":[1],"tags":[],"class_list":["post-7682","post","type-post","status-publish","format-standard","hentry","category-sin-categoria"],"yoast_head":"<!-- This site is optimized with the Yoast SEO plugin v27.0 - https:\/\/yoast.com\/product\/yoast-seo-wordpress\/ -->\n<title>TREMENDA INDIGNACI\u00d3N EN LA ESPERANZA - El Cotarro<\/title>\n<meta name=\"robots\" content=\"index, follow, max-snippet:-1, max-image-preview:large, max-video-preview:-1\" \/>\n<link rel=\"canonical\" href=\"https:\/\/elcotarro.com\/?p=7682\" \/>\n<meta property=\"og:locale\" content=\"es_ES\" \/>\n<meta property=\"og:type\" content=\"article\" \/>\n<meta property=\"og:title\" content=\"TREMENDA INDIGNACI\u00d3N EN LA ESPERANZA - El Cotarro\" \/>\n<meta property=\"og:description\" content=\"Como les digo, tremendo mosqueo, terrible indignaci\u00f3n y m\u00e1s que l\u00f3gico y entendible cabreo el que tiene el alcalde de El Rosario, el luchador Escol\u00e1stico Gil Hern\u00e1ndez, con la consejera de Sanidad del Gobierno de Canarias, Teresa Cruz Oval. En el caso de Escol\u00e1stico Gil, la corporaci\u00f3n que preside y, lo m\u00e1s importante, la ciudadan\u00eda ... Read more\" \/>\n<meta property=\"og:url\" content=\"https:\/\/elcotarro.com\/?p=7682\" \/>\n<meta property=\"og:site_name\" content=\"El Cotarro\" \/>\n<meta property=\"article:publisher\" content=\"https:\/\/www.facebook.com\/ElCotarro.Tenerife\" \/>\n<meta property=\"article:published_time\" content=\"2019-12-22T08:05:50+00:00\" \/>\n<meta name=\"author\" content=\"Jos\u00e9 Carlos Marrero Gonz\u00e1lez\" \/>\n<meta name=\"twitter:label1\" content=\"Escrito por\" \/>\n\t<meta name=\"twitter:data1\" content=\"Jos\u00e9 Carlos Marrero Gonz\u00e1lez\" \/>\n\t<meta name=\"twitter:label2\" content=\"Tiempo de lectura\" \/>\n\t<meta name=\"twitter:data2\" content=\"1 minuto\" \/>\n<script type=\"application\/ld+json\" class=\"yoast-schema-graph\">{\"@context\":\"https:\/\/schema.org\",\"@graph\":[{\"@type\":\"Article\",\"@id\":\"https:\/\/elcotarro.com\/?p=7682#article\",\"isPartOf\":{\"@id\":\"https:\/\/elcotarro.com\/?p=7682\"},\"author\":{\"name\":\"Jos\u00e9 Carlos Marrero Gonz\u00e1lez\",\"@id\":\"https:\/\/elcotarro.com\/#\/schema\/person\/af537ee7d60d15984c7e0affcd8a918b\"},\"headline\":\"TREMENDA INDIGNACI\u00d3N EN LA ESPERANZA\",\"datePublished\":\"2019-12-22T08:05:50+00:00\",\"mainEntityOfPage\":{\"@id\":\"https:\/\/elcotarro.com\/?p=7682\"},\"wordCount\":203,\"commentCount\":0,\"publisher\":{\"@id\":\"https:\/\/elcotarro.com\/#organization\"},\"inLanguage\":\"es\",\"potentialAction\":[{\"@type\":\"CommentAction\",\"name\":\"Comment\",\"target\":[\"https:\/\/elcotarro.com\/?p=7682#respond\"]}]},{\"@type\":\"WebPage\",\"@id\":\"https:\/\/elcotarro.com\/?p=7682\",\"url\":\"https:\/\/elcotarro.com\/?p=7682\",\"name\":\"TREMENDA INDIGNACI\u00d3N EN LA ESPERANZA - El Cotarro\",\"isPartOf\":{\"@id\":\"https:\/\/elcotarro.com\/#website\"},\"datePublished\":\"2019-12-22T08:05:50+00:00\",\"breadcrumb\":{\"@id\":\"https:\/\/elcotarro.com\/?p=7682#breadcrumb\"},\"inLanguage\":\"es\",\"potentialAction\":[{\"@type\":\"ReadAction\",\"target\":[\"https:\/\/elcotarro.com\/?p=7682\"]}]},{\"@type\":\"BreadcrumbList\",\"@id\":\"https:\/\/elcotarro.com\/?p=7682#breadcrumb\",\"itemListElement\":[{\"@type\":\"ListItem\",\"position\":1,\"name\":\"Portada\",\"item\":\"https:\/\/elcotarro.com\/\"},{\"@type\":\"ListItem\",\"position\":2,\"name\":\"TREMENDA INDIGNACI\u00d3N EN LA ESPERANZA\"}]},{\"@type\":\"WebSite\",\"@id\":\"https:\/\/elcotarro.com\/#website\",\"url\":\"https:\/\/elcotarro.com\/\",\"name\":\"El Cotarro\",\"description\":\"Peri\u00f3dico Digital Independiente dirigido por Jos\u00e9 Carlos Marrero\",\"publisher\":{\"@id\":\"https:\/\/elcotarro.com\/#organization\"},\"potentialAction\":[{\"@type\":\"SearchAction\",\"target\":{\"@type\":\"EntryPoint\",\"urlTemplate\":\"https:\/\/elcotarro.com\/?s={search_term_string}\"},\"query-input\":{\"@type\":\"PropertyValueSpecification\",\"valueRequired\":true,\"valueName\":\"search_term_string\"}}],\"inLanguage\":\"es\"},{\"@type\":\"Organization\",\"@id\":\"https:\/\/elcotarro.com\/#organization\",\"name\":\"El Cotarro\",\"url\":\"https:\/\/elcotarro.com\/\",\"logo\":{\"@type\":\"ImageObject\",\"inLanguage\":\"es\",\"@id\":\"https:\/\/elcotarro.com\/#\/schema\/logo\/image\/\",\"url\":\"https:\/\/elcotarro.com\/wp-content\/uploads\/2014\/09\/Cabecera_El_Cotarro_v2.jpg\",\"contentUrl\":\"https:\/\/elcotarro.com\/wp-content\/uploads\/2014\/09\/Cabecera_El_Cotarro_v2.jpg\",\"width\":3540,\"height\":441,\"caption\":\"El Cotarro\"},\"image\":{\"@id\":\"https:\/\/elcotarro.com\/#\/schema\/logo\/image\/\"},\"sameAs\":[\"https:\/\/www.facebook.com\/ElCotarro.Tenerife\"]},{\"@type\":\"Person\",\"@id\":\"https:\/\/elcotarro.com\/#\/schema\/person\/af537ee7d60d15984c7e0affcd8a918b\",\"name\":\"Jos\u00e9 Carlos Marrero Gonz\u00e1lez\",\"image\":{\"@type\":\"ImageObject\",\"inLanguage\":\"es\",\"@id\":\"https:\/\/elcotarro.com\/#\/schema\/person\/image\/\",\"url\":\"https:\/\/secure.gravatar.com\/avatar\/def4da036efb5d32c74d49c351f6dccc064dd69ad9f3aadc295c5a9a5391ca01?s=96&d=mm&r=g\",\"contentUrl\":\"https:\/\/secure.gravatar.com\/avatar\/def4da036efb5d32c74d49c351f6dccc064dd69ad9f3aadc295c5a9a5391ca01?s=96&d=mm&r=g\",\"caption\":\"Jos\u00e9 Carlos Marrero Gonz\u00e1lez\"},\"sameAs\":[\"https:\/\/elcotarro.com\"],\"url\":\"https:\/\/elcotarro.com\/?author=2\"}]}<\/script>\n<!-- \/ Yoast SEO plugin. -->","yoast_head_json":{"title":"TREMENDA INDIGNACI\u00d3N EN LA ESPERANZA - El Cotarro","robots":{"index":"index","follow":"follow","max-snippet":"max-snippet:-1","max-image-preview":"max-image-preview:large","max-video-preview":"max-video-preview:-1"},"canonical":"https:\/\/elcotarro.com\/?p=7682","og_locale":"es_ES","og_type":"article","og_title":"TREMENDA INDIGNACI\u00d3N EN LA ESPERANZA - El Cotarro","og_description":"Como les digo, tremendo mosqueo, terrible indignaci\u00f3n y m\u00e1s que l\u00f3gico y entendible cabreo el que tiene el alcalde de El Rosario, el luchador Escol\u00e1stico Gil Hern\u00e1ndez, con la consejera de Sanidad del Gobierno de Canarias, Teresa Cruz Oval. En el caso de Escol\u00e1stico Gil, la corporaci\u00f3n que preside y, lo m\u00e1s importante, la ciudadan\u00eda ... Read more","og_url":"https:\/\/elcotarro.com\/?p=7682","og_site_name":"El Cotarro","article_publisher":"https:\/\/www.facebook.com\/ElCotarro.Tenerife","article_published_time":"2019-12-22T08:05:50+00:00","author":"Jos\u00e9 Carlos Marrero Gonz\u00e1lez","twitter_misc":{"Escrito por":"Jos\u00e9 Carlos Marrero Gonz\u00e1lez","Tiempo de lectura":"1 minuto"},"schema":{"@context":"https:\/\/schema.org","@graph":[{"@type":"Article","@id":"https:\/\/elcotarro.com\/?p=7682#article","isPartOf":{"@id":"https:\/\/elcotarro.com\/?p=7682"},"author":{"name":"Jos\u00e9 Carlos Marrero Gonz\u00e1lez","@id":"https:\/\/elcotarro.com\/#\/schema\/person\/af537ee7d60d15984c7e0affcd8a918b"},"headline":"TREMENDA INDIGNACI\u00d3N EN LA ESPERANZA","datePublished":"2019-12-22T08:05:50+00:00","mainEntityOfPage":{"@id":"https:\/\/elcotarro.com\/?p=7682"},"wordCount":203,"commentCount":0,"publisher":{"@id":"https:\/\/elcotarro.com\/#organization"},"inLanguage":"es","potentialAction":[{"@type":"CommentAction","name":"Comment","target":["https:\/\/elcotarro.com\/?p=7682#respond"]}]},{"@type":"WebPage","@id":"https:\/\/elcotarro.com\/?p=7682","url":"https:\/\/elcotarro.com\/?p=7682","name":"TREMENDA INDIGNACI\u00d3N EN LA ESPERANZA - El Cotarro","isPartOf":{"@id":"https:\/\/elcotarro.com\/#website"},"datePublished":"2019-12-22T08:05:50+00:00","breadcrumb":{"@id":"https:\/\/elcotarro.com\/?p=7682#breadcrumb"},"inLanguage":"es","potentialAction":[{"@type":"ReadAction","target":["https:\/\/elcotarro.com\/?p=7682"]}]},{"@type":"BreadcrumbList","@id":"https:\/\/elcotarro.com\/?p=7682#breadcrumb","itemListElement":[{"@type":"ListItem","position":1,"name":"Portada","item":"https:\/\/elcotarro.com\/"},{"@type":"ListItem","position":2,"name":"TREMENDA INDIGNACI\u00d3N EN LA ESPERANZA"}]},{"@type":"WebSite","@id":"https:\/\/elcotarro.com\/#website","url":"https:\/\/elcotarro.com\/","name":"El Cotarro","description":"Peri\u00f3dico Digital Independiente dirigido por Jos\u00e9 Carlos Marrero","publisher":{"@id":"https:\/\/elcotarro.com\/#organization"},"potentialAction":[{"@type":"SearchAction","target":{"@type":"EntryPoint","urlTemplate":"https:\/\/elcotarro.com\/?s={search_term_string}"},"query-input":{"@type":"PropertyValueSpecification","valueRequired":true,"valueName":"search_term_string"}}],"inLanguage":"es"},{"@type":"Organization","@id":"https:\/\/elcotarro.com\/#organization","name":"El Cotarro","url":"https:\/\/elcotarro.com\/","logo":{"@type":"ImageObject","inLanguage":"es","@id":"https:\/\/elcotarro.com\/#\/schema\/logo\/image\/","url":"https:\/\/elcotarro.com\/wp-content\/uploads\/2014\/09\/Cabecera_El_Cotarro_v2.jpg","contentUrl":"https:\/\/elcotarro.com\/wp-content\/uploads\/2014\/09\/Cabecera_El_Cotarro_v2.jpg","width":3540,"height":441,"caption":"El Cotarro"},"image":{"@id":"https:\/\/elcotarro.com\/#\/schema\/logo\/image\/"},"sameAs":["https:\/\/www.facebook.com\/ElCotarro.Tenerife"]},{"@type":"Person","@id":"https:\/\/elcotarro.com\/#\/schema\/person\/af537ee7d60d15984c7e0affcd8a918b","name":"Jos\u00e9 Carlos Marrero Gonz\u00e1lez","image":{"@type":"ImageObject","inLanguage":"es","@id":"https:\/\/elcotarro.com\/#\/schema\/person\/image\/","url":"https:\/\/secure.gravatar.com\/avatar\/def4da036efb5d32c74d49c351f6dccc064dd69ad9f3aadc295c5a9a5391ca01?s=96&d=mm&r=g","contentUrl":"https:\/\/secure.gravatar.com\/avatar\/def4da036efb5d32c74d49c351f6dccc064dd69ad9f3aadc295c5a9a5391ca01?s=96&d=mm&r=g","caption":"Jos\u00e9 Carlos Marrero Gonz\u00e1lez"},"sameAs":["https:\/\/elcotarro.com"],"url":"https:\/\/elcotarro.com\/?author=2"}]}},"jetpack_featured_media_url":"","jetpack_sharing_enabled":true,"_links":{"self":[{"href":"https:\/\/elcotarro.com\/index.php?rest_route=\/wp\/v2\/posts\/7682","targetHints":{"allow":["GET"]}}],"collection":[{"href":"https:\/\/elcotarro.com\/index.php?rest_route=\/wp\/v2\/posts"}],"about":[{"href":"https:\/\/elcotarro.com\/index.php?rest_route=\/wp\/v2\/types\/post"}],"author":[{"embeddable":true,"href":"https:\/\/elcotarro.com\/index.php?rest_route=\/wp\/v2\/users\/2"}],"replies":[{"embeddable":true,"href":"https:\/\/elcotarro.com\/index.php?rest_route=%2Fwp%2Fv2%2Fcomments&post=7682"}],"version-history":[{"count":1,"href":"https:\/\/elcotarro.com\/index.php?rest_route=\/wp\/v2\/posts\/7682\/revisions"}],"predecessor-version":[{"id":7684,"href":"https:\/\/elcotarro.com\/index.php?rest_route=\/wp\/v2\/posts\/7682\/revisions\/7684"}],"wp:attachment":[{"href":"https:\/\/elcotarro.com\/index.php?rest_route=%2Fwp%2Fv2%2Fmedia&parent=7682"}],"wp:term":[{"taxonomy":"category","embeddable":true,"href":"https:\/\/elcotarro.com\/index.php?rest_route=%2Fwp%2Fv2%2Fcategories&post=7682"},{"taxonomy":"post_tag","embeddable":true,"href":"https:\/\/elcotarro.com\/index.php?rest_route=%2Fwp%2Fv2%2Ftags&post=7682"}],"curies":[{"name":"wp","href":"https:\/\/api.w.org\/{rel}","templated":true}]}}