{"id":7685,"date":"2019-12-22T08:04:19","date_gmt":"2019-12-22T08:04:19","guid":{"rendered":"https:\/\/elcotarro.com\/?p=7685"},"modified":"2019-12-21T21:17:33","modified_gmt":"2019-12-21T21:17:33","slug":"escolastico-gil-hasta-los-mismisimos","status":"publish","type":"post","link":"https:\/\/elcotarro.com\/?p=7685","title":{"rendered":"ESCOL\u00c1STICO GIL HASTA LOS MISM\u00cdSIMOS\u2026"},"content":{"rendered":"<p>En su muro de Facebook, un \u201cencochinado\u201d (con raz\u00f3n) <strong>Escol\u00e1stico Gil<\/strong> no se ha cortado un pelo y, en un mensaje ha dicho clarito y textualmente: \u201c<em>La falta de respeto a la ciudadan\u00eda de La Esperanza, al municipio de El Rosario, a su Ayuntamiento, a su Gobierno y a su alcalde no quedar\u00e1 sin respuesta. Tengan por seguro que siempre pondremos el inter\u00e9s del municipio por encima de triqui\u00f1uelas pol\u00edticas. Una verg\u00fcenza es lo que ha ocurrido este pasado jueves en el pleno de la corporaci\u00f3n. Primero la calle El Sol, ahora el centro de salud, este es el nivel de algunos que dicen defender el municipio. El v\u00eddeo (de la moci\u00f3n en el Pleno) los delata, as\u00ed qued\u00f3 registrada una deslealtad manifiesta de la Consejera de Sanidad<\/em>\u201d. El v\u00eddeo con todo lo que pas\u00f3 lo pueden ver en la propia p\u00e1gina del ayuntamiento: en www.ayuntamientoelrosario.org. Una moci\u00f3n, por cierto, muy bien presentada y defendida por Sara Cabello Negr\u00edn, primera teniente de alcalde (IR-Los Verdes) fue votada positivamente y por unanimidad, incluidos (no s\u00e9 si avergonzados) los tres concejales socialistas, instando a <strong>Teresa Cruz<\/strong> y al Gobierno de Canarias a atender las demandas que, m\u00e1s de 5.000 usuarios y desde hace m\u00e1s de 10 a\u00f1os, demandan en El Rosario.<\/p>\n<p style=\"text-align: center\"><a href=\"https:\/\/elcotarro.com\/wp-content\/uploads\/2019\/12\/FOTO-3.-TERESA-CRUZ.jpg\"><img loading=\"lazy\" decoding=\"async\" class=\"aligncenter size-full wp-image-7686\" src=\"https:\/\/elcotarro.com\/wp-content\/uploads\/2019\/12\/FOTO-3.-TERESA-CRUZ.jpg\" alt=\"\" width=\"1096\" height=\"725\" srcset=\"https:\/\/elcotarro.com\/wp-content\/uploads\/2019\/12\/FOTO-3.-TERESA-CRUZ.jpg 1096w, https:\/\/elcotarro.com\/wp-content\/uploads\/2019\/12\/FOTO-3.-TERESA-CRUZ-300x198.jpg 300w, https:\/\/elcotarro.com\/wp-content\/uploads\/2019\/12\/FOTO-3.-TERESA-CRUZ-1024x677.jpg 1024w, https:\/\/elcotarro.com\/wp-content\/uploads\/2019\/12\/FOTO-3.-TERESA-CRUZ-768x508.jpg 768w\" sizes=\"auto, (max-width: 1096px) 100vw, 1096px\" \/><\/a><\/p>\n<p style=\"text-align: center\"><em>Teresa Cruz Oval, consejera de Sanidad del Gobierno de Canarias<\/em><\/p>\n","protected":false},"excerpt":{"rendered":"<p>En su muro de Facebook, un \u201cencochinado\u201d (con raz\u00f3n) Escol\u00e1stico Gil no se ha cortado un pelo y, en un mensaje ha dicho clarito y textualmente: \u201cLa falta de respeto a la ciudadan\u00eda de La Esperanza, al municipio de El Rosario, a su Ayuntamiento, a su Gobierno y a su alcalde no quedar\u00e1 sin respuesta. &#8230; <a class=\"read-more\" href=\"https:\/\/elcotarro.com\/?p=7685\">Read more<\/a><\/p>\n","protected":false},"author":2,"featured_media":0,"comment_status":"open","ping_status":"open","sticky":false,"template":"","format":"standard","meta":{"_jetpack_memberships_contains_paid_content":false,"footnotes":""},"categories":[1],"tags":[],"class_list":["post-7685","post","type-post","status-publish","format-standard","hentry","category-sin-categoria"],"yoast_head":"<!-- This site is optimized with the Yoast SEO plugin v27.0 - https:\/\/yoast.com\/product\/yoast-seo-wordpress\/ -->\n<title>ESCOL\u00c1STICO GIL HASTA LOS MISM\u00cdSIMOS\u2026 - El Cotarro<\/title>\n<meta name=\"robots\" content=\"index, follow, max-snippet:-1, max-image-preview:large, max-video-preview:-1\" \/>\n<link rel=\"canonical\" href=\"https:\/\/elcotarro.com\/?p=7685\" \/>\n<meta property=\"og:locale\" content=\"es_ES\" \/>\n<meta property=\"og:type\" content=\"article\" \/>\n<meta property=\"og:title\" content=\"ESCOL\u00c1STICO GIL HASTA LOS MISM\u00cdSIMOS\u2026 - El Cotarro\" \/>\n<meta property=\"og:description\" content=\"En su muro de Facebook, un \u201cencochinado\u201d (con raz\u00f3n) Escol\u00e1stico Gil no se ha cortado un pelo y, en un mensaje ha dicho clarito y textualmente: \u201cLa falta de respeto a la ciudadan\u00eda de La Esperanza, al municipio de El Rosario, a su Ayuntamiento, a su Gobierno y a su alcalde no quedar\u00e1 sin respuesta. ... Read more\" \/>\n<meta property=\"og:url\" content=\"https:\/\/elcotarro.com\/?p=7685\" \/>\n<meta property=\"og:site_name\" content=\"El Cotarro\" \/>\n<meta property=\"article:publisher\" content=\"https:\/\/www.facebook.com\/ElCotarro.Tenerife\" \/>\n<meta property=\"article:published_time\" content=\"2019-12-22T08:04:19+00:00\" \/>\n<meta property=\"og:image\" content=\"https:\/\/elcotarro.com\/wp-content\/uploads\/2019\/12\/FOTO-3.-TERESA-CRUZ.jpg\" \/>\n<meta name=\"author\" content=\"Jos\u00e9 Carlos Marrero Gonz\u00e1lez\" \/>\n<meta name=\"twitter:label1\" content=\"Escrito por\" \/>\n\t<meta name=\"twitter:data1\" content=\"Jos\u00e9 Carlos Marrero Gonz\u00e1lez\" \/>\n\t<meta name=\"twitter:label2\" content=\"Tiempo de lectura\" \/>\n\t<meta name=\"twitter:data2\" content=\"1 minuto\" \/>\n<script type=\"application\/ld+json\" class=\"yoast-schema-graph\">{\"@context\":\"https:\/\/schema.org\",\"@graph\":[{\"@type\":\"Article\",\"@id\":\"https:\/\/elcotarro.com\/?p=7685#article\",\"isPartOf\":{\"@id\":\"https:\/\/elcotarro.com\/?p=7685\"},\"author\":{\"name\":\"Jos\u00e9 Carlos Marrero Gonz\u00e1lez\",\"@id\":\"https:\/\/elcotarro.com\/#\/schema\/person\/af537ee7d60d15984c7e0affcd8a918b\"},\"headline\":\"ESCOL\u00c1STICO GIL HASTA LOS MISM\u00cdSIMOS\u2026\",\"datePublished\":\"2019-12-22T08:04:19+00:00\",\"mainEntityOfPage\":{\"@id\":\"https:\/\/elcotarro.com\/?p=7685\"},\"wordCount\":243,\"commentCount\":0,\"publisher\":{\"@id\":\"https:\/\/elcotarro.com\/#organization\"},\"image\":{\"@id\":\"https:\/\/elcotarro.com\/?p=7685#primaryimage\"},\"thumbnailUrl\":\"https:\/\/elcotarro.com\/wp-content\/uploads\/2019\/12\/FOTO-3.-TERESA-CRUZ.jpg\",\"inLanguage\":\"es\",\"potentialAction\":[{\"@type\":\"CommentAction\",\"name\":\"Comment\",\"target\":[\"https:\/\/elcotarro.com\/?p=7685#respond\"]}]},{\"@type\":\"WebPage\",\"@id\":\"https:\/\/elcotarro.com\/?p=7685\",\"url\":\"https:\/\/elcotarro.com\/?p=7685\",\"name\":\"ESCOL\u00c1STICO GIL HASTA LOS MISM\u00cdSIMOS\u2026 - El Cotarro\",\"isPartOf\":{\"@id\":\"https:\/\/elcotarro.com\/#website\"},\"primaryImageOfPage\":{\"@id\":\"https:\/\/elcotarro.com\/?p=7685#primaryimage\"},\"image\":{\"@id\":\"https:\/\/elcotarro.com\/?p=7685#primaryimage\"},\"thumbnailUrl\":\"https:\/\/elcotarro.com\/wp-content\/uploads\/2019\/12\/FOTO-3.-TERESA-CRUZ.jpg\",\"datePublished\":\"2019-12-22T08:04:19+00:00\",\"breadcrumb\":{\"@id\":\"https:\/\/elcotarro.com\/?p=7685#breadcrumb\"},\"inLanguage\":\"es\",\"potentialAction\":[{\"@type\":\"ReadAction\",\"target\":[\"https:\/\/elcotarro.com\/?p=7685\"]}]},{\"@type\":\"ImageObject\",\"inLanguage\":\"es\",\"@id\":\"https:\/\/elcotarro.com\/?p=7685#primaryimage\",\"url\":\"https:\/\/elcotarro.com\/wp-content\/uploads\/2019\/12\/FOTO-3.-TERESA-CRUZ.jpg\",\"contentUrl\":\"https:\/\/elcotarro.com\/wp-content\/uploads\/2019\/12\/FOTO-3.-TERESA-CRUZ.jpg\",\"width\":1096,\"height\":725},{\"@type\":\"BreadcrumbList\",\"@id\":\"https:\/\/elcotarro.com\/?p=7685#breadcrumb\",\"itemListElement\":[{\"@type\":\"ListItem\",\"position\":1,\"name\":\"Portada\",\"item\":\"https:\/\/elcotarro.com\/\"},{\"@type\":\"ListItem\",\"position\":2,\"name\":\"ESCOL\u00c1STICO GIL HASTA LOS MISM\u00cdSIMOS\u2026\"}]},{\"@type\":\"WebSite\",\"@id\":\"https:\/\/elcotarro.com\/#website\",\"url\":\"https:\/\/elcotarro.com\/\",\"name\":\"El Cotarro\",\"description\":\"Peri\u00f3dico Digital Independiente dirigido por Jos\u00e9 Carlos Marrero\",\"publisher\":{\"@id\":\"https:\/\/elcotarro.com\/#organization\"},\"potentialAction\":[{\"@type\":\"SearchAction\",\"target\":{\"@type\":\"EntryPoint\",\"urlTemplate\":\"https:\/\/elcotarro.com\/?s={search_term_string}\"},\"query-input\":{\"@type\":\"PropertyValueSpecification\",\"valueRequired\":true,\"valueName\":\"search_term_string\"}}],\"inLanguage\":\"es\"},{\"@type\":\"Organization\",\"@id\":\"https:\/\/elcotarro.com\/#organization\",\"name\":\"El Cotarro\",\"url\":\"https:\/\/elcotarro.com\/\",\"logo\":{\"@type\":\"ImageObject\",\"inLanguage\":\"es\",\"@id\":\"https:\/\/elcotarro.com\/#\/schema\/logo\/image\/\",\"url\":\"https:\/\/elcotarro.com\/wp-content\/uploads\/2014\/09\/Cabecera_El_Cotarro_v2.jpg\",\"contentUrl\":\"https:\/\/elcotarro.com\/wp-content\/uploads\/2014\/09\/Cabecera_El_Cotarro_v2.jpg\",\"width\":3540,\"height\":441,\"caption\":\"El Cotarro\"},\"image\":{\"@id\":\"https:\/\/elcotarro.com\/#\/schema\/logo\/image\/\"},\"sameAs\":[\"https:\/\/www.facebook.com\/ElCotarro.Tenerife\"]},{\"@type\":\"Person\",\"@id\":\"https:\/\/elcotarro.com\/#\/schema\/person\/af537ee7d60d15984c7e0affcd8a918b\",\"name\":\"Jos\u00e9 Carlos Marrero Gonz\u00e1lez\",\"image\":{\"@type\":\"ImageObject\",\"inLanguage\":\"es\",\"@id\":\"https:\/\/elcotarro.com\/#\/schema\/person\/image\/\",\"url\":\"https:\/\/secure.gravatar.com\/avatar\/def4da036efb5d32c74d49c351f6dccc064dd69ad9f3aadc295c5a9a5391ca01?s=96&d=mm&r=g\",\"contentUrl\":\"https:\/\/secure.gravatar.com\/avatar\/def4da036efb5d32c74d49c351f6dccc064dd69ad9f3aadc295c5a9a5391ca01?s=96&d=mm&r=g\",\"caption\":\"Jos\u00e9 Carlos Marrero Gonz\u00e1lez\"},\"sameAs\":[\"https:\/\/elcotarro.com\"],\"url\":\"https:\/\/elcotarro.com\/?author=2\"}]}<\/script>\n<!-- \/ Yoast SEO plugin. -->","yoast_head_json":{"title":"ESCOL\u00c1STICO GIL HASTA LOS MISM\u00cdSIMOS\u2026 - El Cotarro","robots":{"index":"index","follow":"follow","max-snippet":"max-snippet:-1","max-image-preview":"max-image-preview:large","max-video-preview":"max-video-preview:-1"},"canonical":"https:\/\/elcotarro.com\/?p=7685","og_locale":"es_ES","og_type":"article","og_title":"ESCOL\u00c1STICO GIL HASTA LOS MISM\u00cdSIMOS\u2026 - El Cotarro","og_description":"En su muro de Facebook, un \u201cencochinado\u201d (con raz\u00f3n) Escol\u00e1stico Gil no se ha cortado un pelo y, en un mensaje ha dicho clarito y textualmente: \u201cLa falta de respeto a la ciudadan\u00eda de La Esperanza, al municipio de El Rosario, a su Ayuntamiento, a su Gobierno y a su alcalde no quedar\u00e1 sin respuesta. ... Read more","og_url":"https:\/\/elcotarro.com\/?p=7685","og_site_name":"El Cotarro","article_publisher":"https:\/\/www.facebook.com\/ElCotarro.Tenerife","article_published_time":"2019-12-22T08:04:19+00:00","og_image":[{"url":"https:\/\/elcotarro.com\/wp-content\/uploads\/2019\/12\/FOTO-3.-TERESA-CRUZ.jpg","type":"","width":"","height":""}],"author":"Jos\u00e9 Carlos Marrero Gonz\u00e1lez","twitter_misc":{"Escrito por":"Jos\u00e9 Carlos Marrero Gonz\u00e1lez","Tiempo de lectura":"1 minuto"},"schema":{"@context":"https:\/\/schema.org","@graph":[{"@type":"Article","@id":"https:\/\/elcotarro.com\/?p=7685#article","isPartOf":{"@id":"https:\/\/elcotarro.com\/?p=7685"},"author":{"name":"Jos\u00e9 Carlos Marrero Gonz\u00e1lez","@id":"https:\/\/elcotarro.com\/#\/schema\/person\/af537ee7d60d15984c7e0affcd8a918b"},"headline":"ESCOL\u00c1STICO GIL HASTA LOS MISM\u00cdSIMOS\u2026","datePublished":"2019-12-22T08:04:19+00:00","mainEntityOfPage":{"@id":"https:\/\/elcotarro.com\/?p=7685"},"wordCount":243,"commentCount":0,"publisher":{"@id":"https:\/\/elcotarro.com\/#organization"},"image":{"@id":"https:\/\/elcotarro.com\/?p=7685#primaryimage"},"thumbnailUrl":"https:\/\/elcotarro.com\/wp-content\/uploads\/2019\/12\/FOTO-3.-TERESA-CRUZ.jpg","inLanguage":"es","potentialAction":[{"@type":"CommentAction","name":"Comment","target":["https:\/\/elcotarro.com\/?p=7685#respond"]}]},{"@type":"WebPage","@id":"https:\/\/elcotarro.com\/?p=7685","url":"https:\/\/elcotarro.com\/?p=7685","name":"ESCOL\u00c1STICO GIL HASTA LOS MISM\u00cdSIMOS\u2026 - El Cotarro","isPartOf":{"@id":"https:\/\/elcotarro.com\/#website"},"primaryImageOfPage":{"@id":"https:\/\/elcotarro.com\/?p=7685#primaryimage"},"image":{"@id":"https:\/\/elcotarro.com\/?p=7685#primaryimage"},"thumbnailUrl":"https:\/\/elcotarro.com\/wp-content\/uploads\/2019\/12\/FOTO-3.-TERESA-CRUZ.jpg","datePublished":"2019-12-22T08:04:19+00:00","breadcrumb":{"@id":"https:\/\/elcotarro.com\/?p=7685#breadcrumb"},"inLanguage":"es","potentialAction":[{"@type":"ReadAction","target":["https:\/\/elcotarro.com\/?p=7685"]}]},{"@type":"ImageObject","inLanguage":"es","@id":"https:\/\/elcotarro.com\/?p=7685#primaryimage","url":"https:\/\/elcotarro.com\/wp-content\/uploads\/2019\/12\/FOTO-3.-TERESA-CRUZ.jpg","contentUrl":"https:\/\/elcotarro.com\/wp-content\/uploads\/2019\/12\/FOTO-3.-TERESA-CRUZ.jpg","width":1096,"height":725},{"@type":"BreadcrumbList","@id":"https:\/\/elcotarro.com\/?p=7685#breadcrumb","itemListElement":[{"@type":"ListItem","position":1,"name":"Portada","item":"https:\/\/elcotarro.com\/"},{"@type":"ListItem","position":2,"name":"ESCOL\u00c1STICO GIL HASTA LOS MISM\u00cdSIMOS\u2026"}]},{"@type":"WebSite","@id":"https:\/\/elcotarro.com\/#website","url":"https:\/\/elcotarro.com\/","name":"El Cotarro","description":"Peri\u00f3dico Digital Independiente dirigido por Jos\u00e9 Carlos Marrero","publisher":{"@id":"https:\/\/elcotarro.com\/#organization"},"potentialAction":[{"@type":"SearchAction","target":{"@type":"EntryPoint","urlTemplate":"https:\/\/elcotarro.com\/?s={search_term_string}"},"query-input":{"@type":"PropertyValueSpecification","valueRequired":true,"valueName":"search_term_string"}}],"inLanguage":"es"},{"@type":"Organization","@id":"https:\/\/elcotarro.com\/#organization","name":"El Cotarro","url":"https:\/\/elcotarro.com\/","logo":{"@type":"ImageObject","inLanguage":"es","@id":"https:\/\/elcotarro.com\/#\/schema\/logo\/image\/","url":"https:\/\/elcotarro.com\/wp-content\/uploads\/2014\/09\/Cabecera_El_Cotarro_v2.jpg","contentUrl":"https:\/\/elcotarro.com\/wp-content\/uploads\/2014\/09\/Cabecera_El_Cotarro_v2.jpg","width":3540,"height":441,"caption":"El Cotarro"},"image":{"@id":"https:\/\/elcotarro.com\/#\/schema\/logo\/image\/"},"sameAs":["https:\/\/www.facebook.com\/ElCotarro.Tenerife"]},{"@type":"Person","@id":"https:\/\/elcotarro.com\/#\/schema\/person\/af537ee7d60d15984c7e0affcd8a918b","name":"Jos\u00e9 Carlos Marrero Gonz\u00e1lez","image":{"@type":"ImageObject","inLanguage":"es","@id":"https:\/\/elcotarro.com\/#\/schema\/person\/image\/","url":"https:\/\/secure.gravatar.com\/avatar\/def4da036efb5d32c74d49c351f6dccc064dd69ad9f3aadc295c5a9a5391ca01?s=96&d=mm&r=g","contentUrl":"https:\/\/secure.gravatar.com\/avatar\/def4da036efb5d32c74d49c351f6dccc064dd69ad9f3aadc295c5a9a5391ca01?s=96&d=mm&r=g","caption":"Jos\u00e9 Carlos Marrero Gonz\u00e1lez"},"sameAs":["https:\/\/elcotarro.com"],"url":"https:\/\/elcotarro.com\/?author=2"}]}},"jetpack_featured_media_url":"","jetpack_sharing_enabled":true,"_links":{"self":[{"href":"https:\/\/elcotarro.com\/index.php?rest_route=\/wp\/v2\/posts\/7685","targetHints":{"allow":["GET"]}}],"collection":[{"href":"https:\/\/elcotarro.com\/index.php?rest_route=\/wp\/v2\/posts"}],"about":[{"href":"https:\/\/elcotarro.com\/index.php?rest_route=\/wp\/v2\/types\/post"}],"author":[{"embeddable":true,"href":"https:\/\/elcotarro.com\/index.php?rest_route=\/wp\/v2\/users\/2"}],"replies":[{"embeddable":true,"href":"https:\/\/elcotarro.com\/index.php?rest_route=%2Fwp%2Fv2%2Fcomments&post=7685"}],"version-history":[{"count":1,"href":"https:\/\/elcotarro.com\/index.php?rest_route=\/wp\/v2\/posts\/7685\/revisions"}],"predecessor-version":[{"id":7687,"href":"https:\/\/elcotarro.com\/index.php?rest_route=\/wp\/v2\/posts\/7685\/revisions\/7687"}],"wp:attachment":[{"href":"https:\/\/elcotarro.com\/index.php?rest_route=%2Fwp%2Fv2%2Fmedia&parent=7685"}],"wp:term":[{"taxonomy":"category","embeddable":true,"href":"https:\/\/elcotarro.com\/index.php?rest_route=%2Fwp%2Fv2%2Fcategories&post=7685"},{"taxonomy":"post_tag","embeddable":true,"href":"https:\/\/elcotarro.com\/index.php?rest_route=%2Fwp%2Fv2%2Ftags&post=7685"}],"curies":[{"name":"wp","href":"https:\/\/api.w.org\/{rel}","templated":true}]}}