{"id":776,"date":"2015-02-01T12:06:16","date_gmt":"2015-02-01T12:06:16","guid":{"rendered":"https:\/\/elcotarro.com\/?p=776"},"modified":"2015-02-01T11:58:08","modified_gmt":"2015-02-01T11:58:08","slug":"que-no-echen-la-culpa-a-terceros","status":"publish","type":"post","link":"https:\/\/elcotarro.com\/?p=776","title":{"rendered":"QUE NO ECHEN LA CULPA A TERCEROS"},"content":{"rendered":"<p>\u2666 Muchos de los pacientes que est\u00e1n en los pasillos de Urgencias, no s\u00f3lo del HUC sino tambi\u00e9n en el HUNSC, provienen de centros geri\u00e1tricos y residencias de mayores en las que alg\u00fan que otro m\u00e9dico (comod\u00f3n y poco profesional) prefiere, desde los primeros s\u00edntomas y ante posibles complicaciones, \u201cquitarse de encima\u201d al se\u00f1or o la se\u00f1ora mayor deriv\u00e1ndoles sobre la marcha y \u201cendos\u00e1ndoselos\u201d (muchas veces sin necesidad ni l\u00f3gica) a los servicios de Urgencia de los dos principales hospitales de referencia&#8230; Y los grandes equipos de buenos profesionales que coordina en Urgencias del HUNSC el <strong> Antonio Mart\u00edn Mart\u00edn<\/strong> y en las del HUC el <strong>Dr. Guillermo Burillo Putze<\/strong>, no dan abasto por mucha voluntad y horas que le echen&#8230; Ello son los terceros sufridores, despu\u00e9s de los propios pacientes y sus familias&#8230;\u00a0\u00a0 La directora m\u00e9dico de \u201cLa Candelaria\u201d, la <strong>Dra. Mar\u00eda del Carmen Hern\u00e1ndez<\/strong> (Conocida en c\u00edrculos del SCS, del PP y de CC como \u201cla teniente <strong>O\u00b4Neil<\/strong>\u201d) y su colega el <strong>Dr. Enrique Gonz\u00e1lez Tabares<\/strong>, director m\u00e9dico del HUC, son igualmente sufridores, pero ya con una componente \u201cpol\u00edtica\u201d que tiene que \u201ccongeniar\u201d con los gerentes de los dos hospitales, el incombustible <strong>Ignacio L\u00f3pez Puech <\/strong>en el HUC y la luchadora <strong>Mercedes Cueto Serrano<\/strong> en el HUNSC&#8230; Por encima de ellos, la consejera de Sanidad, <strong>Br\u00edgida Mendoza<\/strong>, y la directora del Servicio Canario de Salud, <strong>Juana Mar\u00eda Reyes<\/strong> y, aunque no lo parezca, pero tambi\u00e9n mucho que ver con el tema, la consejera de Pol\u00edticas Sociales, <strong>In\u00e9s Rojas<\/strong>, con la \u201cguinda\u201d en forma de presidente <strong>Paulino Rivero<\/strong>&#8230; Entre todos colaboraron&#8230; y Urgencias se colaps\u00f3.<\/p>\n<p><a href=\"https:\/\/elcotarro.com\/wp-content\/uploads\/2015\/02\/FOTO-2.-In\u00e9s-Rojas-de-Le\u00f3n-con-Paulino-Rivero.jpg\"><img loading=\"lazy\" decoding=\"async\" class=\"aligncenter size-full wp-image-781\" src=\"https:\/\/elcotarro.com\/wp-content\/uploads\/2015\/02\/FOTO-2.-In\u00e9s-Rojas-de-Le\u00f3n-con-Paulino-Rivero.jpg\" alt=\"FOTO 2.- In\u00e9s Rojas de Le\u00f3n con Paulino Rivero\" width=\"530\" height=\"359\" srcset=\"https:\/\/elcotarro.com\/wp-content\/uploads\/2015\/02\/FOTO-2.-In\u00e9s-Rojas-de-Le\u00f3n-con-Paulino-Rivero.jpg 530w, https:\/\/elcotarro.com\/wp-content\/uploads\/2015\/02\/FOTO-2.-In\u00e9s-Rojas-de-Le\u00f3n-con-Paulino-Rivero-300x203.jpg 300w\" sizes=\"auto, (max-width: 530px) 100vw, 530px\" \/><\/a><\/p>\n<p class=\"comentario\" style=\"text-align: center;\">In\u00e9s Rojas con Paulino Rivero Baute\u2026 una vez m\u00e1s, mirando hacia abajo<\/p>\n","protected":false},"excerpt":{"rendered":"<p>\u2666 Muchos de los pacientes que est\u00e1n en los pasillos de Urgencias, no s\u00f3lo del HUC sino tambi\u00e9n en el HUNSC, provienen de centros geri\u00e1tricos y residencias de mayores en las que alg\u00fan que otro m\u00e9dico (comod\u00f3n y poco profesional) prefiere, desde los primeros s\u00edntomas y ante posibles complicaciones, \u201cquitarse de encima\u201d al se\u00f1or o &#8230; <a class=\"read-more\" href=\"https:\/\/elcotarro.com\/?p=776\">Read more<\/a><\/p>\n","protected":false},"author":2,"featured_media":0,"comment_status":"open","ping_status":"open","sticky":false,"template":"","format":"standard","meta":{"_jetpack_memberships_contains_paid_content":false,"footnotes":""},"categories":[314,7],"tags":[368,373,371,369,370,40,364,372,100],"class_list":["post-776","post","type-post","status-publish","format-standard","hentry","category-denuncias","category-politica","tag-antonio-martin-martin","tag-brigida-mendoza","tag-dr-enrique-gonzalez-tabares","tag-dr-guillermo-burillo-putze","tag-dra-maria-del-carmen-hernandez","tag-ignacio-lopez-puech","tag-ines-rojas","tag-mercedes-cueto-serrano","tag-paulino-rivero"],"yoast_head":"<!-- This site is optimized with the Yoast SEO plugin v27.0 - https:\/\/yoast.com\/product\/yoast-seo-wordpress\/ -->\n<title>QUE NO ECHEN LA CULPA A TERCEROS - El Cotarrro<\/title>\n<meta name=\"description\" content=\"Muchos de los pacientes que est\u00e1n en los pasillos de Urgencias, no s\u00f3lo del HUC sino tambi\u00e9n en el HUNSC, provienen de centros ...\" \/>\n<meta name=\"robots\" content=\"index, follow, max-snippet:-1, max-image-preview:large, max-video-preview:-1\" \/>\n<link rel=\"canonical\" href=\"https:\/\/elcotarro.com\/?p=776\" \/>\n<meta property=\"og:locale\" content=\"es_ES\" \/>\n<meta property=\"og:type\" content=\"article\" \/>\n<meta property=\"og:title\" content=\"QUE NO ECHEN LA CULPA A TERCEROS - El Cotarrro\" \/>\n<meta property=\"og:description\" content=\"Muchos de los pacientes que est\u00e1n en los pasillos de Urgencias, no s\u00f3lo del HUC sino tambi\u00e9n en el HUNSC, provienen de centros ...\" \/>\n<meta property=\"og:url\" content=\"https:\/\/elcotarro.com\/?p=776\" \/>\n<meta property=\"og:site_name\" content=\"El Cotarro\" \/>\n<meta property=\"article:publisher\" content=\"https:\/\/www.facebook.com\/ElCotarro.Tenerife\" \/>\n<meta property=\"article:published_time\" content=\"2015-02-01T12:06:16+00:00\" \/>\n<meta name=\"author\" content=\"Jos\u00e9 Carlos Marrero Gonz\u00e1lez\" \/>\n<meta name=\"twitter:label1\" content=\"Escrito por\" \/>\n\t<meta name=\"twitter:data1\" content=\"Jos\u00e9 Carlos Marrero Gonz\u00e1lez\" \/>\n\t<meta name=\"twitter:label2\" content=\"Tiempo de lectura\" \/>\n\t<meta name=\"twitter:data2\" content=\"2 minutos\" \/>\n<script type=\"application\/ld+json\" class=\"yoast-schema-graph\">{\"@context\":\"https:\/\/schema.org\",\"@graph\":[{\"@type\":\"Article\",\"@id\":\"https:\/\/elcotarro.com\/?p=776#article\",\"isPartOf\":{\"@id\":\"https:\/\/elcotarro.com\/?p=776\"},\"author\":{\"name\":\"Jos\u00e9 Carlos Marrero Gonz\u00e1lez\",\"@id\":\"https:\/\/elcotarro.com\/#\/schema\/person\/af537ee7d60d15984c7e0affcd8a918b\"},\"headline\":\"QUE NO ECHEN LA CULPA A TERCEROS\",\"datePublished\":\"2015-02-01T12:06:16+00:00\",\"mainEntityOfPage\":{\"@id\":\"https:\/\/elcotarro.com\/?p=776\"},\"wordCount\":315,\"commentCount\":0,\"publisher\":{\"@id\":\"https:\/\/elcotarro.com\/#organization\"},\"keywords\":[\"Antonio Mart\u00edn Mart\u00edn\",\"Br\u00edgida Mendoza\",\"Dr. Enrique Gonz\u00e1lez Tabares\",\"Dr. Guillermo Burillo Putze\",\"Dra. Mar\u00eda del Carmen Hern\u00e1ndez\",\"Ignacio L\u00f3pez Puech\",\"In\u00e9s Rojas\",\"Mercedes Cueto Serrano\",\"Paulino Rivero\"],\"articleSection\":[\"Denuncias\",\"Pol\u00edtica\"],\"inLanguage\":\"es\",\"potentialAction\":[{\"@type\":\"CommentAction\",\"name\":\"Comment\",\"target\":[\"https:\/\/elcotarro.com\/?p=776#respond\"]}]},{\"@type\":\"WebPage\",\"@id\":\"https:\/\/elcotarro.com\/?p=776\",\"url\":\"https:\/\/elcotarro.com\/?p=776\",\"name\":\"QUE NO ECHEN LA CULPA A TERCEROS - El Cotarrro\",\"isPartOf\":{\"@id\":\"https:\/\/elcotarro.com\/#website\"},\"datePublished\":\"2015-02-01T12:06:16+00:00\",\"description\":\"Muchos de los pacientes que est\u00e1n en los pasillos de Urgencias, no s\u00f3lo del HUC sino tambi\u00e9n en el HUNSC, provienen de centros ...\",\"breadcrumb\":{\"@id\":\"https:\/\/elcotarro.com\/?p=776#breadcrumb\"},\"inLanguage\":\"es\",\"potentialAction\":[{\"@type\":\"ReadAction\",\"target\":[\"https:\/\/elcotarro.com\/?p=776\"]}]},{\"@type\":\"BreadcrumbList\",\"@id\":\"https:\/\/elcotarro.com\/?p=776#breadcrumb\",\"itemListElement\":[{\"@type\":\"ListItem\",\"position\":1,\"name\":\"Portada\",\"item\":\"https:\/\/elcotarro.com\/\"},{\"@type\":\"ListItem\",\"position\":2,\"name\":\"QUE NO ECHEN LA CULPA A TERCEROS\"}]},{\"@type\":\"WebSite\",\"@id\":\"https:\/\/elcotarro.com\/#website\",\"url\":\"https:\/\/elcotarro.com\/\",\"name\":\"El Cotarro\",\"description\":\"Peri\u00f3dico Digital Independiente dirigido por Jos\u00e9 Carlos Marrero\",\"publisher\":{\"@id\":\"https:\/\/elcotarro.com\/#organization\"},\"potentialAction\":[{\"@type\":\"SearchAction\",\"target\":{\"@type\":\"EntryPoint\",\"urlTemplate\":\"https:\/\/elcotarro.com\/?s={search_term_string}\"},\"query-input\":{\"@type\":\"PropertyValueSpecification\",\"valueRequired\":true,\"valueName\":\"search_term_string\"}}],\"inLanguage\":\"es\"},{\"@type\":\"Organization\",\"@id\":\"https:\/\/elcotarro.com\/#organization\",\"name\":\"El Cotarro\",\"url\":\"https:\/\/elcotarro.com\/\",\"logo\":{\"@type\":\"ImageObject\",\"inLanguage\":\"es\",\"@id\":\"https:\/\/elcotarro.com\/#\/schema\/logo\/image\/\",\"url\":\"https:\/\/elcotarro.com\/wp-content\/uploads\/2014\/09\/Cabecera_El_Cotarro_v2.jpg\",\"contentUrl\":\"https:\/\/elcotarro.com\/wp-content\/uploads\/2014\/09\/Cabecera_El_Cotarro_v2.jpg\",\"width\":3540,\"height\":441,\"caption\":\"El Cotarro\"},\"image\":{\"@id\":\"https:\/\/elcotarro.com\/#\/schema\/logo\/image\/\"},\"sameAs\":[\"https:\/\/www.facebook.com\/ElCotarro.Tenerife\"]},{\"@type\":\"Person\",\"@id\":\"https:\/\/elcotarro.com\/#\/schema\/person\/af537ee7d60d15984c7e0affcd8a918b\",\"name\":\"Jos\u00e9 Carlos Marrero Gonz\u00e1lez\",\"image\":{\"@type\":\"ImageObject\",\"inLanguage\":\"es\",\"@id\":\"https:\/\/elcotarro.com\/#\/schema\/person\/image\/\",\"url\":\"https:\/\/secure.gravatar.com\/avatar\/def4da036efb5d32c74d49c351f6dccc064dd69ad9f3aadc295c5a9a5391ca01?s=96&d=mm&r=g\",\"contentUrl\":\"https:\/\/secure.gravatar.com\/avatar\/def4da036efb5d32c74d49c351f6dccc064dd69ad9f3aadc295c5a9a5391ca01?s=96&d=mm&r=g\",\"caption\":\"Jos\u00e9 Carlos Marrero Gonz\u00e1lez\"},\"sameAs\":[\"https:\/\/elcotarro.com\"],\"url\":\"https:\/\/elcotarro.com\/?author=2\"}]}<\/script>\n<!-- \/ Yoast SEO plugin. -->","yoast_head_json":{"title":"QUE NO ECHEN LA CULPA A TERCEROS - El Cotarrro","description":"Muchos de los pacientes que est\u00e1n en los pasillos de Urgencias, no s\u00f3lo del HUC sino tambi\u00e9n en el HUNSC, provienen de centros ...","robots":{"index":"index","follow":"follow","max-snippet":"max-snippet:-1","max-image-preview":"max-image-preview:large","max-video-preview":"max-video-preview:-1"},"canonical":"https:\/\/elcotarro.com\/?p=776","og_locale":"es_ES","og_type":"article","og_title":"QUE NO ECHEN LA CULPA A TERCEROS - El Cotarrro","og_description":"Muchos de los pacientes que est\u00e1n en los pasillos de Urgencias, no s\u00f3lo del HUC sino tambi\u00e9n en el HUNSC, provienen de centros ...","og_url":"https:\/\/elcotarro.com\/?p=776","og_site_name":"El Cotarro","article_publisher":"https:\/\/www.facebook.com\/ElCotarro.Tenerife","article_published_time":"2015-02-01T12:06:16+00:00","author":"Jos\u00e9 Carlos Marrero Gonz\u00e1lez","twitter_misc":{"Escrito por":"Jos\u00e9 Carlos Marrero Gonz\u00e1lez","Tiempo de lectura":"2 minutos"},"schema":{"@context":"https:\/\/schema.org","@graph":[{"@type":"Article","@id":"https:\/\/elcotarro.com\/?p=776#article","isPartOf":{"@id":"https:\/\/elcotarro.com\/?p=776"},"author":{"name":"Jos\u00e9 Carlos Marrero Gonz\u00e1lez","@id":"https:\/\/elcotarro.com\/#\/schema\/person\/af537ee7d60d15984c7e0affcd8a918b"},"headline":"QUE NO ECHEN LA CULPA A TERCEROS","datePublished":"2015-02-01T12:06:16+00:00","mainEntityOfPage":{"@id":"https:\/\/elcotarro.com\/?p=776"},"wordCount":315,"commentCount":0,"publisher":{"@id":"https:\/\/elcotarro.com\/#organization"},"keywords":["Antonio Mart\u00edn Mart\u00edn","Br\u00edgida Mendoza","Dr. Enrique Gonz\u00e1lez Tabares","Dr. Guillermo Burillo Putze","Dra. Mar\u00eda del Carmen Hern\u00e1ndez","Ignacio L\u00f3pez Puech","In\u00e9s Rojas","Mercedes Cueto Serrano","Paulino Rivero"],"articleSection":["Denuncias","Pol\u00edtica"],"inLanguage":"es","potentialAction":[{"@type":"CommentAction","name":"Comment","target":["https:\/\/elcotarro.com\/?p=776#respond"]}]},{"@type":"WebPage","@id":"https:\/\/elcotarro.com\/?p=776","url":"https:\/\/elcotarro.com\/?p=776","name":"QUE NO ECHEN LA CULPA A TERCEROS - El Cotarrro","isPartOf":{"@id":"https:\/\/elcotarro.com\/#website"},"datePublished":"2015-02-01T12:06:16+00:00","description":"Muchos de los pacientes que est\u00e1n en los pasillos de Urgencias, no s\u00f3lo del HUC sino tambi\u00e9n en el HUNSC, provienen de centros ...","breadcrumb":{"@id":"https:\/\/elcotarro.com\/?p=776#breadcrumb"},"inLanguage":"es","potentialAction":[{"@type":"ReadAction","target":["https:\/\/elcotarro.com\/?p=776"]}]},{"@type":"BreadcrumbList","@id":"https:\/\/elcotarro.com\/?p=776#breadcrumb","itemListElement":[{"@type":"ListItem","position":1,"name":"Portada","item":"https:\/\/elcotarro.com\/"},{"@type":"ListItem","position":2,"name":"QUE NO ECHEN LA CULPA A TERCEROS"}]},{"@type":"WebSite","@id":"https:\/\/elcotarro.com\/#website","url":"https:\/\/elcotarro.com\/","name":"El Cotarro","description":"Peri\u00f3dico Digital Independiente dirigido por Jos\u00e9 Carlos Marrero","publisher":{"@id":"https:\/\/elcotarro.com\/#organization"},"potentialAction":[{"@type":"SearchAction","target":{"@type":"EntryPoint","urlTemplate":"https:\/\/elcotarro.com\/?s={search_term_string}"},"query-input":{"@type":"PropertyValueSpecification","valueRequired":true,"valueName":"search_term_string"}}],"inLanguage":"es"},{"@type":"Organization","@id":"https:\/\/elcotarro.com\/#organization","name":"El Cotarro","url":"https:\/\/elcotarro.com\/","logo":{"@type":"ImageObject","inLanguage":"es","@id":"https:\/\/elcotarro.com\/#\/schema\/logo\/image\/","url":"https:\/\/elcotarro.com\/wp-content\/uploads\/2014\/09\/Cabecera_El_Cotarro_v2.jpg","contentUrl":"https:\/\/elcotarro.com\/wp-content\/uploads\/2014\/09\/Cabecera_El_Cotarro_v2.jpg","width":3540,"height":441,"caption":"El Cotarro"},"image":{"@id":"https:\/\/elcotarro.com\/#\/schema\/logo\/image\/"},"sameAs":["https:\/\/www.facebook.com\/ElCotarro.Tenerife"]},{"@type":"Person","@id":"https:\/\/elcotarro.com\/#\/schema\/person\/af537ee7d60d15984c7e0affcd8a918b","name":"Jos\u00e9 Carlos Marrero Gonz\u00e1lez","image":{"@type":"ImageObject","inLanguage":"es","@id":"https:\/\/elcotarro.com\/#\/schema\/person\/image\/","url":"https:\/\/secure.gravatar.com\/avatar\/def4da036efb5d32c74d49c351f6dccc064dd69ad9f3aadc295c5a9a5391ca01?s=96&d=mm&r=g","contentUrl":"https:\/\/secure.gravatar.com\/avatar\/def4da036efb5d32c74d49c351f6dccc064dd69ad9f3aadc295c5a9a5391ca01?s=96&d=mm&r=g","caption":"Jos\u00e9 Carlos Marrero Gonz\u00e1lez"},"sameAs":["https:\/\/elcotarro.com"],"url":"https:\/\/elcotarro.com\/?author=2"}]}},"jetpack_featured_media_url":"","jetpack_sharing_enabled":true,"_links":{"self":[{"href":"https:\/\/elcotarro.com\/index.php?rest_route=\/wp\/v2\/posts\/776","targetHints":{"allow":["GET"]}}],"collection":[{"href":"https:\/\/elcotarro.com\/index.php?rest_route=\/wp\/v2\/posts"}],"about":[{"href":"https:\/\/elcotarro.com\/index.php?rest_route=\/wp\/v2\/types\/post"}],"author":[{"embeddable":true,"href":"https:\/\/elcotarro.com\/index.php?rest_route=\/wp\/v2\/users\/2"}],"replies":[{"embeddable":true,"href":"https:\/\/elcotarro.com\/index.php?rest_route=%2Fwp%2Fv2%2Fcomments&post=776"}],"version-history":[{"count":2,"href":"https:\/\/elcotarro.com\/index.php?rest_route=\/wp\/v2\/posts\/776\/revisions"}],"predecessor-version":[{"id":782,"href":"https:\/\/elcotarro.com\/index.php?rest_route=\/wp\/v2\/posts\/776\/revisions\/782"}],"wp:attachment":[{"href":"https:\/\/elcotarro.com\/index.php?rest_route=%2Fwp%2Fv2%2Fmedia&parent=776"}],"wp:term":[{"taxonomy":"category","embeddable":true,"href":"https:\/\/elcotarro.com\/index.php?rest_route=%2Fwp%2Fv2%2Fcategories&post=776"},{"taxonomy":"post_tag","embeddable":true,"href":"https:\/\/elcotarro.com\/index.php?rest_route=%2Fwp%2Fv2%2Ftags&post=776"}],"curies":[{"name":"wp","href":"https:\/\/api.w.org\/{rel}","templated":true}]}}