{"id":7838,"date":"2020-01-26T09:06:24","date_gmt":"2020-01-26T09:06:24","guid":{"rendered":"https:\/\/elcotarro.com\/?p=7838"},"modified":"2020-01-26T08:45:55","modified_gmt":"2020-01-26T08:45:55","slug":"el-palmero-power-se-reune-en-madrid","status":"publish","type":"post","link":"https:\/\/elcotarro.com\/?p=7838","title":{"rendered":"EL \u201cPALMERO POWER\u201d SE RE\u00daNE EN MADRID"},"content":{"rendered":"<p>Frente al \u201cpalo al di\u00e1logo\u201d dado por <strong>S\u00e1nchez<\/strong> con <strong>Guaid\u00f3<\/strong>, me hago eco de una feliz iniciativa del senador palmero <strong>Asier Antona<\/strong> (PP), quien ha logrado reunir en la Casa de Canarias en Madrid a lo que podr\u00edamos llamar el <em>\u201cPalmero Power\u201d<\/em> en Madrid, hoy por hoy la capital del Reino de Espa\u00f1a. El a\u00f1o 1984, tuve el privilegio y el honor de presentar mi programa de radio regional \u201cMojo Pic\u00f3n\u201d, que se emit\u00eda en la desaparecida RadioCadena Espa\u00f1ola en Canarias, desde el tambi\u00e9n desaparecido restaurante \u201cLa Bodeguita del Caco\u201d, que regentaba el gran <strong>Juan Carlos Senante<\/strong> en la calle Echegaray. Alrededor de un potaje de berros, all\u00ed reunimos al que llam\u00e1bamos el <em>\u201cCanary Power\u201d<\/em> y juntamos, entre otros a <strong>Marisa Naranjo<\/strong>, <strong>Paco Montesdeoca<\/strong> y <strong>Teddy Bautista<\/strong>.<\/p>\n<p style=\"text-align: center\"><a href=\"https:\/\/elcotarro.com\/wp-content\/uploads\/2020\/01\/FOTO-5.-CACO-SENANTE.jpg\"><img loading=\"lazy\" decoding=\"async\" class=\"aligncenter size-full wp-image-7839\" src=\"https:\/\/elcotarro.com\/wp-content\/uploads\/2020\/01\/FOTO-5.-CACO-SENANTE.jpg\" alt=\"\" width=\"1024\" height=\"768\" srcset=\"https:\/\/elcotarro.com\/wp-content\/uploads\/2020\/01\/FOTO-5.-CACO-SENANTE.jpg 1024w, https:\/\/elcotarro.com\/wp-content\/uploads\/2020\/01\/FOTO-5.-CACO-SENANTE-300x225.jpg 300w, https:\/\/elcotarro.com\/wp-content\/uploads\/2020\/01\/FOTO-5.-CACO-SENANTE-768x576.jpg 768w\" sizes=\"auto, (max-width: 1024px) 100vw, 1024px\" \/><\/a><\/p>\n<p style=\"text-align: center\"><em>Juan Carlos Senante, promovi\u00f3 un primer encuentro del \u201cCanary Power\u201d en Madrid.<\/em><\/p>\n","protected":false},"excerpt":{"rendered":"<p>Frente al \u201cpalo al di\u00e1logo\u201d dado por S\u00e1nchez con Guaid\u00f3, me hago eco de una feliz iniciativa del senador palmero Asier Antona (PP), quien ha logrado reunir en la Casa de Canarias en Madrid a lo que podr\u00edamos llamar el \u201cPalmero Power\u201d en Madrid, hoy por hoy la capital del Reino de Espa\u00f1a. El a\u00f1o &#8230; <a class=\"read-more\" href=\"https:\/\/elcotarro.com\/?p=7838\">Read more<\/a><\/p>\n","protected":false},"author":2,"featured_media":0,"comment_status":"open","ping_status":"open","sticky":false,"template":"","format":"standard","meta":{"_jetpack_memberships_contains_paid_content":false,"footnotes":""},"categories":[1],"tags":[],"class_list":["post-7838","post","type-post","status-publish","format-standard","hentry","category-sin-categoria"],"yoast_head":"<!-- This site is optimized with the Yoast SEO plugin v27.0 - https:\/\/yoast.com\/product\/yoast-seo-wordpress\/ -->\n<title>EL \u201cPALMERO POWER\u201d SE RE\u00daNE EN MADRID - El Cotarro<\/title>\n<meta name=\"robots\" content=\"index, follow, max-snippet:-1, max-image-preview:large, max-video-preview:-1\" \/>\n<link rel=\"canonical\" href=\"https:\/\/elcotarro.com\/?p=7838\" \/>\n<meta property=\"og:locale\" content=\"es_ES\" \/>\n<meta property=\"og:type\" content=\"article\" \/>\n<meta property=\"og:title\" content=\"EL \u201cPALMERO POWER\u201d SE RE\u00daNE EN MADRID - El Cotarro\" \/>\n<meta property=\"og:description\" content=\"Frente al \u201cpalo al di\u00e1logo\u201d dado por S\u00e1nchez con Guaid\u00f3, me hago eco de una feliz iniciativa del senador palmero Asier Antona (PP), quien ha logrado reunir en la Casa de Canarias en Madrid a lo que podr\u00edamos llamar el \u201cPalmero Power\u201d en Madrid, hoy por hoy la capital del Reino de Espa\u00f1a. El a\u00f1o ... Read more\" \/>\n<meta property=\"og:url\" content=\"https:\/\/elcotarro.com\/?p=7838\" \/>\n<meta property=\"og:site_name\" content=\"El Cotarro\" \/>\n<meta property=\"article:publisher\" content=\"https:\/\/www.facebook.com\/ElCotarro.Tenerife\" \/>\n<meta property=\"article:published_time\" content=\"2020-01-26T09:06:24+00:00\" \/>\n<meta property=\"og:image\" content=\"https:\/\/elcotarro.com\/wp-content\/uploads\/2020\/01\/FOTO-5.-CACO-SENANTE.jpg\" \/>\n<meta name=\"author\" content=\"Jos\u00e9 Carlos Marrero Gonz\u00e1lez\" \/>\n<meta name=\"twitter:label1\" content=\"Escrito por\" \/>\n\t<meta name=\"twitter:data1\" content=\"Jos\u00e9 Carlos Marrero Gonz\u00e1lez\" \/>\n\t<meta name=\"twitter:label2\" content=\"Tiempo de lectura\" \/>\n\t<meta name=\"twitter:data2\" content=\"1 minuto\" \/>\n<script type=\"application\/ld+json\" class=\"yoast-schema-graph\">{\"@context\":\"https:\/\/schema.org\",\"@graph\":[{\"@type\":\"Article\",\"@id\":\"https:\/\/elcotarro.com\/?p=7838#article\",\"isPartOf\":{\"@id\":\"https:\/\/elcotarro.com\/?p=7838\"},\"author\":{\"name\":\"Jos\u00e9 Carlos Marrero Gonz\u00e1lez\",\"@id\":\"https:\/\/elcotarro.com\/#\/schema\/person\/af537ee7d60d15984c7e0affcd8a918b\"},\"headline\":\"EL \u201cPALMERO POWER\u201d SE RE\u00daNE EN MADRID\",\"datePublished\":\"2020-01-26T09:06:24+00:00\",\"mainEntityOfPage\":{\"@id\":\"https:\/\/elcotarro.com\/?p=7838\"},\"wordCount\":156,\"commentCount\":0,\"publisher\":{\"@id\":\"https:\/\/elcotarro.com\/#organization\"},\"image\":{\"@id\":\"https:\/\/elcotarro.com\/?p=7838#primaryimage\"},\"thumbnailUrl\":\"https:\/\/elcotarro.com\/wp-content\/uploads\/2020\/01\/FOTO-5.-CACO-SENANTE.jpg\",\"inLanguage\":\"es\",\"potentialAction\":[{\"@type\":\"CommentAction\",\"name\":\"Comment\",\"target\":[\"https:\/\/elcotarro.com\/?p=7838#respond\"]}]},{\"@type\":\"WebPage\",\"@id\":\"https:\/\/elcotarro.com\/?p=7838\",\"url\":\"https:\/\/elcotarro.com\/?p=7838\",\"name\":\"EL \u201cPALMERO POWER\u201d SE RE\u00daNE EN MADRID - El Cotarro\",\"isPartOf\":{\"@id\":\"https:\/\/elcotarro.com\/#website\"},\"primaryImageOfPage\":{\"@id\":\"https:\/\/elcotarro.com\/?p=7838#primaryimage\"},\"image\":{\"@id\":\"https:\/\/elcotarro.com\/?p=7838#primaryimage\"},\"thumbnailUrl\":\"https:\/\/elcotarro.com\/wp-content\/uploads\/2020\/01\/FOTO-5.-CACO-SENANTE.jpg\",\"datePublished\":\"2020-01-26T09:06:24+00:00\",\"breadcrumb\":{\"@id\":\"https:\/\/elcotarro.com\/?p=7838#breadcrumb\"},\"inLanguage\":\"es\",\"potentialAction\":[{\"@type\":\"ReadAction\",\"target\":[\"https:\/\/elcotarro.com\/?p=7838\"]}]},{\"@type\":\"ImageObject\",\"inLanguage\":\"es\",\"@id\":\"https:\/\/elcotarro.com\/?p=7838#primaryimage\",\"url\":\"https:\/\/elcotarro.com\/wp-content\/uploads\/2020\/01\/FOTO-5.-CACO-SENANTE.jpg\",\"contentUrl\":\"https:\/\/elcotarro.com\/wp-content\/uploads\/2020\/01\/FOTO-5.-CACO-SENANTE.jpg\",\"width\":1024,\"height\":768},{\"@type\":\"BreadcrumbList\",\"@id\":\"https:\/\/elcotarro.com\/?p=7838#breadcrumb\",\"itemListElement\":[{\"@type\":\"ListItem\",\"position\":1,\"name\":\"Portada\",\"item\":\"https:\/\/elcotarro.com\/\"},{\"@type\":\"ListItem\",\"position\":2,\"name\":\"EL \u201cPALMERO POWER\u201d SE RE\u00daNE EN MADRID\"}]},{\"@type\":\"WebSite\",\"@id\":\"https:\/\/elcotarro.com\/#website\",\"url\":\"https:\/\/elcotarro.com\/\",\"name\":\"El Cotarro\",\"description\":\"Peri\u00f3dico Digital Independiente dirigido por Jos\u00e9 Carlos Marrero\",\"publisher\":{\"@id\":\"https:\/\/elcotarro.com\/#organization\"},\"potentialAction\":[{\"@type\":\"SearchAction\",\"target\":{\"@type\":\"EntryPoint\",\"urlTemplate\":\"https:\/\/elcotarro.com\/?s={search_term_string}\"},\"query-input\":{\"@type\":\"PropertyValueSpecification\",\"valueRequired\":true,\"valueName\":\"search_term_string\"}}],\"inLanguage\":\"es\"},{\"@type\":\"Organization\",\"@id\":\"https:\/\/elcotarro.com\/#organization\",\"name\":\"El Cotarro\",\"url\":\"https:\/\/elcotarro.com\/\",\"logo\":{\"@type\":\"ImageObject\",\"inLanguage\":\"es\",\"@id\":\"https:\/\/elcotarro.com\/#\/schema\/logo\/image\/\",\"url\":\"https:\/\/elcotarro.com\/wp-content\/uploads\/2014\/09\/Cabecera_El_Cotarro_v2.jpg\",\"contentUrl\":\"https:\/\/elcotarro.com\/wp-content\/uploads\/2014\/09\/Cabecera_El_Cotarro_v2.jpg\",\"width\":3540,\"height\":441,\"caption\":\"El Cotarro\"},\"image\":{\"@id\":\"https:\/\/elcotarro.com\/#\/schema\/logo\/image\/\"},\"sameAs\":[\"https:\/\/www.facebook.com\/ElCotarro.Tenerife\"]},{\"@type\":\"Person\",\"@id\":\"https:\/\/elcotarro.com\/#\/schema\/person\/af537ee7d60d15984c7e0affcd8a918b\",\"name\":\"Jos\u00e9 Carlos Marrero Gonz\u00e1lez\",\"image\":{\"@type\":\"ImageObject\",\"inLanguage\":\"es\",\"@id\":\"https:\/\/elcotarro.com\/#\/schema\/person\/image\/\",\"url\":\"https:\/\/secure.gravatar.com\/avatar\/def4da036efb5d32c74d49c351f6dccc064dd69ad9f3aadc295c5a9a5391ca01?s=96&d=mm&r=g\",\"contentUrl\":\"https:\/\/secure.gravatar.com\/avatar\/def4da036efb5d32c74d49c351f6dccc064dd69ad9f3aadc295c5a9a5391ca01?s=96&d=mm&r=g\",\"caption\":\"Jos\u00e9 Carlos Marrero Gonz\u00e1lez\"},\"sameAs\":[\"https:\/\/elcotarro.com\"],\"url\":\"https:\/\/elcotarro.com\/?author=2\"}]}<\/script>\n<!-- \/ Yoast SEO plugin. -->","yoast_head_json":{"title":"EL \u201cPALMERO POWER\u201d SE RE\u00daNE EN MADRID - El Cotarro","robots":{"index":"index","follow":"follow","max-snippet":"max-snippet:-1","max-image-preview":"max-image-preview:large","max-video-preview":"max-video-preview:-1"},"canonical":"https:\/\/elcotarro.com\/?p=7838","og_locale":"es_ES","og_type":"article","og_title":"EL \u201cPALMERO POWER\u201d SE RE\u00daNE EN MADRID - El Cotarro","og_description":"Frente al \u201cpalo al di\u00e1logo\u201d dado por S\u00e1nchez con Guaid\u00f3, me hago eco de una feliz iniciativa del senador palmero Asier Antona (PP), quien ha logrado reunir en la Casa de Canarias en Madrid a lo que podr\u00edamos llamar el \u201cPalmero Power\u201d en Madrid, hoy por hoy la capital del Reino de Espa\u00f1a. El a\u00f1o ... Read more","og_url":"https:\/\/elcotarro.com\/?p=7838","og_site_name":"El Cotarro","article_publisher":"https:\/\/www.facebook.com\/ElCotarro.Tenerife","article_published_time":"2020-01-26T09:06:24+00:00","og_image":[{"url":"https:\/\/elcotarro.com\/wp-content\/uploads\/2020\/01\/FOTO-5.-CACO-SENANTE.jpg","type":"","width":"","height":""}],"author":"Jos\u00e9 Carlos Marrero Gonz\u00e1lez","twitter_misc":{"Escrito por":"Jos\u00e9 Carlos Marrero Gonz\u00e1lez","Tiempo de lectura":"1 minuto"},"schema":{"@context":"https:\/\/schema.org","@graph":[{"@type":"Article","@id":"https:\/\/elcotarro.com\/?p=7838#article","isPartOf":{"@id":"https:\/\/elcotarro.com\/?p=7838"},"author":{"name":"Jos\u00e9 Carlos Marrero Gonz\u00e1lez","@id":"https:\/\/elcotarro.com\/#\/schema\/person\/af537ee7d60d15984c7e0affcd8a918b"},"headline":"EL \u201cPALMERO POWER\u201d SE RE\u00daNE EN MADRID","datePublished":"2020-01-26T09:06:24+00:00","mainEntityOfPage":{"@id":"https:\/\/elcotarro.com\/?p=7838"},"wordCount":156,"commentCount":0,"publisher":{"@id":"https:\/\/elcotarro.com\/#organization"},"image":{"@id":"https:\/\/elcotarro.com\/?p=7838#primaryimage"},"thumbnailUrl":"https:\/\/elcotarro.com\/wp-content\/uploads\/2020\/01\/FOTO-5.-CACO-SENANTE.jpg","inLanguage":"es","potentialAction":[{"@type":"CommentAction","name":"Comment","target":["https:\/\/elcotarro.com\/?p=7838#respond"]}]},{"@type":"WebPage","@id":"https:\/\/elcotarro.com\/?p=7838","url":"https:\/\/elcotarro.com\/?p=7838","name":"EL \u201cPALMERO POWER\u201d SE RE\u00daNE EN MADRID - El Cotarro","isPartOf":{"@id":"https:\/\/elcotarro.com\/#website"},"primaryImageOfPage":{"@id":"https:\/\/elcotarro.com\/?p=7838#primaryimage"},"image":{"@id":"https:\/\/elcotarro.com\/?p=7838#primaryimage"},"thumbnailUrl":"https:\/\/elcotarro.com\/wp-content\/uploads\/2020\/01\/FOTO-5.-CACO-SENANTE.jpg","datePublished":"2020-01-26T09:06:24+00:00","breadcrumb":{"@id":"https:\/\/elcotarro.com\/?p=7838#breadcrumb"},"inLanguage":"es","potentialAction":[{"@type":"ReadAction","target":["https:\/\/elcotarro.com\/?p=7838"]}]},{"@type":"ImageObject","inLanguage":"es","@id":"https:\/\/elcotarro.com\/?p=7838#primaryimage","url":"https:\/\/elcotarro.com\/wp-content\/uploads\/2020\/01\/FOTO-5.-CACO-SENANTE.jpg","contentUrl":"https:\/\/elcotarro.com\/wp-content\/uploads\/2020\/01\/FOTO-5.-CACO-SENANTE.jpg","width":1024,"height":768},{"@type":"BreadcrumbList","@id":"https:\/\/elcotarro.com\/?p=7838#breadcrumb","itemListElement":[{"@type":"ListItem","position":1,"name":"Portada","item":"https:\/\/elcotarro.com\/"},{"@type":"ListItem","position":2,"name":"EL \u201cPALMERO POWER\u201d SE RE\u00daNE EN MADRID"}]},{"@type":"WebSite","@id":"https:\/\/elcotarro.com\/#website","url":"https:\/\/elcotarro.com\/","name":"El Cotarro","description":"Peri\u00f3dico Digital Independiente dirigido por Jos\u00e9 Carlos Marrero","publisher":{"@id":"https:\/\/elcotarro.com\/#organization"},"potentialAction":[{"@type":"SearchAction","target":{"@type":"EntryPoint","urlTemplate":"https:\/\/elcotarro.com\/?s={search_term_string}"},"query-input":{"@type":"PropertyValueSpecification","valueRequired":true,"valueName":"search_term_string"}}],"inLanguage":"es"},{"@type":"Organization","@id":"https:\/\/elcotarro.com\/#organization","name":"El Cotarro","url":"https:\/\/elcotarro.com\/","logo":{"@type":"ImageObject","inLanguage":"es","@id":"https:\/\/elcotarro.com\/#\/schema\/logo\/image\/","url":"https:\/\/elcotarro.com\/wp-content\/uploads\/2014\/09\/Cabecera_El_Cotarro_v2.jpg","contentUrl":"https:\/\/elcotarro.com\/wp-content\/uploads\/2014\/09\/Cabecera_El_Cotarro_v2.jpg","width":3540,"height":441,"caption":"El Cotarro"},"image":{"@id":"https:\/\/elcotarro.com\/#\/schema\/logo\/image\/"},"sameAs":["https:\/\/www.facebook.com\/ElCotarro.Tenerife"]},{"@type":"Person","@id":"https:\/\/elcotarro.com\/#\/schema\/person\/af537ee7d60d15984c7e0affcd8a918b","name":"Jos\u00e9 Carlos Marrero Gonz\u00e1lez","image":{"@type":"ImageObject","inLanguage":"es","@id":"https:\/\/elcotarro.com\/#\/schema\/person\/image\/","url":"https:\/\/secure.gravatar.com\/avatar\/def4da036efb5d32c74d49c351f6dccc064dd69ad9f3aadc295c5a9a5391ca01?s=96&d=mm&r=g","contentUrl":"https:\/\/secure.gravatar.com\/avatar\/def4da036efb5d32c74d49c351f6dccc064dd69ad9f3aadc295c5a9a5391ca01?s=96&d=mm&r=g","caption":"Jos\u00e9 Carlos Marrero Gonz\u00e1lez"},"sameAs":["https:\/\/elcotarro.com"],"url":"https:\/\/elcotarro.com\/?author=2"}]}},"jetpack_featured_media_url":"","jetpack_sharing_enabled":true,"_links":{"self":[{"href":"https:\/\/elcotarro.com\/index.php?rest_route=\/wp\/v2\/posts\/7838","targetHints":{"allow":["GET"]}}],"collection":[{"href":"https:\/\/elcotarro.com\/index.php?rest_route=\/wp\/v2\/posts"}],"about":[{"href":"https:\/\/elcotarro.com\/index.php?rest_route=\/wp\/v2\/types\/post"}],"author":[{"embeddable":true,"href":"https:\/\/elcotarro.com\/index.php?rest_route=\/wp\/v2\/users\/2"}],"replies":[{"embeddable":true,"href":"https:\/\/elcotarro.com\/index.php?rest_route=%2Fwp%2Fv2%2Fcomments&post=7838"}],"version-history":[{"count":1,"href":"https:\/\/elcotarro.com\/index.php?rest_route=\/wp\/v2\/posts\/7838\/revisions"}],"predecessor-version":[{"id":7840,"href":"https:\/\/elcotarro.com\/index.php?rest_route=\/wp\/v2\/posts\/7838\/revisions\/7840"}],"wp:attachment":[{"href":"https:\/\/elcotarro.com\/index.php?rest_route=%2Fwp%2Fv2%2Fmedia&parent=7838"}],"wp:term":[{"taxonomy":"category","embeddable":true,"href":"https:\/\/elcotarro.com\/index.php?rest_route=%2Fwp%2Fv2%2Fcategories&post=7838"},{"taxonomy":"post_tag","embeddable":true,"href":"https:\/\/elcotarro.com\/index.php?rest_route=%2Fwp%2Fv2%2Ftags&post=7838"}],"curies":[{"name":"wp","href":"https:\/\/api.w.org\/{rel}","templated":true}]}}