{"id":7873,"date":"2020-02-02T09:05:49","date_gmt":"2020-02-02T09:05:49","guid":{"rendered":"https:\/\/elcotarro.com\/?p=7873"},"modified":"2020-02-02T08:49:26","modified_gmt":"2020-02-02T08:49:26","slug":"juan-antonio-alonso-deja-gmr","status":"publish","type":"post","link":"https:\/\/elcotarro.com\/?p=7873","title":{"rendered":"JUAN ANTONIO ALONSO DEJA \u201cGMR\u201d"},"content":{"rendered":"<p>El segundo puntal de \u201clos nuestros\u201d al que es de justicia valorar, reconocer y felicitar p\u00fablicamente, es el tejinero <strong>Juan Antonio Alonso Barreto<\/strong> (respetuosa y cari\u00f1osamente <strong>\u201cTototo\u201d<\/strong> para los amigos) economista y profesional como la copa de un pino que, hasta el pasado viernes ha sido gerente de la empresa p\u00fablica regional, Gesti\u00f3n del Medio Rural de Canarias (GMR Canarias) dependiente de la consejer\u00eda de Agricultura, Ganader\u00eda, Pesca y Alimentaci\u00f3n del Gobierno de Canarias. Aunque hace a\u00f1os ya <strong>Juan Antonio<\/strong> trabaj\u00f3 duro y bien en GMR Canarias, estuvo fuera de la empresa durante unos a\u00f1os, en los que particip\u00f3 en la vida p\u00fablica haciendo pol\u00edtica de la mano de Coalici\u00f3n Canaria (aunque \u00e9l no es pol\u00edtico) donde hizo una gran labor como concejal de Econom\u00eda, Empleo y Empresa y Desarrollo Rural del Ayuntamiento de La Laguna.<\/p>\n<p style=\"text-align: center\"><a href=\"https:\/\/elcotarro.com\/wp-content\/uploads\/2020\/02\/FOTO-6.-JUAN-ANTONIO-ALONSO.jpg\"><img loading=\"lazy\" decoding=\"async\" class=\"aligncenter size-full wp-image-7874\" src=\"https:\/\/elcotarro.com\/wp-content\/uploads\/2020\/02\/FOTO-6.-JUAN-ANTONIO-ALONSO.jpg\" alt=\"\" width=\"1701\" height=\"1276\" srcset=\"https:\/\/elcotarro.com\/wp-content\/uploads\/2020\/02\/FOTO-6.-JUAN-ANTONIO-ALONSO.jpg 1701w, https:\/\/elcotarro.com\/wp-content\/uploads\/2020\/02\/FOTO-6.-JUAN-ANTONIO-ALONSO-300x225.jpg 300w, https:\/\/elcotarro.com\/wp-content\/uploads\/2020\/02\/FOTO-6.-JUAN-ANTONIO-ALONSO-1024x768.jpg 1024w, https:\/\/elcotarro.com\/wp-content\/uploads\/2020\/02\/FOTO-6.-JUAN-ANTONIO-ALONSO-768x576.jpg 768w, https:\/\/elcotarro.com\/wp-content\/uploads\/2020\/02\/FOTO-6.-JUAN-ANTONIO-ALONSO-1536x1152.jpg 1536w\" sizes=\"auto, (max-width: 1701px) 100vw, 1701px\" \/><\/a><\/p>\n<p style=\"text-align: center\"><em>Juan Antonio Alonso Barreto, hasta ahora Consejero Delegado de GMR Canarias<\/em><\/p>\n","protected":false},"excerpt":{"rendered":"<p>El segundo puntal de \u201clos nuestros\u201d al que es de justicia valorar, reconocer y felicitar p\u00fablicamente, es el tejinero Juan Antonio Alonso Barreto (respetuosa y cari\u00f1osamente \u201cTototo\u201d para los amigos) economista y profesional como la copa de un pino que, hasta el pasado viernes ha sido gerente de la empresa p\u00fablica regional, Gesti\u00f3n del Medio &#8230; <a class=\"read-more\" href=\"https:\/\/elcotarro.com\/?p=7873\">Read more<\/a><\/p>\n","protected":false},"author":2,"featured_media":0,"comment_status":"open","ping_status":"open","sticky":false,"template":"","format":"standard","meta":{"_jetpack_memberships_contains_paid_content":false,"footnotes":""},"categories":[1],"tags":[],"class_list":["post-7873","post","type-post","status-publish","format-standard","hentry","category-sin-categoria"],"yoast_head":"<!-- This site is optimized with the Yoast SEO plugin v27.0 - https:\/\/yoast.com\/product\/yoast-seo-wordpress\/ -->\n<title>JUAN ANTONIO ALONSO DEJA \u201cGMR\u201d - El Cotarro<\/title>\n<meta name=\"robots\" content=\"index, follow, max-snippet:-1, max-image-preview:large, max-video-preview:-1\" \/>\n<link rel=\"canonical\" href=\"https:\/\/elcotarro.com\/?p=7873\" \/>\n<meta property=\"og:locale\" content=\"es_ES\" \/>\n<meta property=\"og:type\" content=\"article\" \/>\n<meta property=\"og:title\" content=\"JUAN ANTONIO ALONSO DEJA \u201cGMR\u201d - El Cotarro\" \/>\n<meta property=\"og:description\" content=\"El segundo puntal de \u201clos nuestros\u201d al que es de justicia valorar, reconocer y felicitar p\u00fablicamente, es el tejinero Juan Antonio Alonso Barreto (respetuosa y cari\u00f1osamente \u201cTototo\u201d para los amigos) economista y profesional como la copa de un pino que, hasta el pasado viernes ha sido gerente de la empresa p\u00fablica regional, Gesti\u00f3n del Medio ... Read more\" \/>\n<meta property=\"og:url\" content=\"https:\/\/elcotarro.com\/?p=7873\" \/>\n<meta property=\"og:site_name\" content=\"El Cotarro\" \/>\n<meta property=\"article:publisher\" content=\"https:\/\/www.facebook.com\/ElCotarro.Tenerife\" \/>\n<meta property=\"article:published_time\" content=\"2020-02-02T09:05:49+00:00\" \/>\n<meta property=\"og:image\" content=\"https:\/\/elcotarro.com\/wp-content\/uploads\/2020\/02\/FOTO-6.-JUAN-ANTONIO-ALONSO.jpg\" \/>\n<meta name=\"author\" content=\"Jos\u00e9 Carlos Marrero Gonz\u00e1lez\" \/>\n<meta name=\"twitter:label1\" content=\"Escrito por\" \/>\n\t<meta name=\"twitter:data1\" content=\"Jos\u00e9 Carlos Marrero Gonz\u00e1lez\" \/>\n\t<meta name=\"twitter:label2\" content=\"Tiempo de lectura\" \/>\n\t<meta name=\"twitter:data2\" content=\"1 minuto\" \/>\n<script type=\"application\/ld+json\" class=\"yoast-schema-graph\">{\"@context\":\"https:\/\/schema.org\",\"@graph\":[{\"@type\":\"Article\",\"@id\":\"https:\/\/elcotarro.com\/?p=7873#article\",\"isPartOf\":{\"@id\":\"https:\/\/elcotarro.com\/?p=7873\"},\"author\":{\"name\":\"Jos\u00e9 Carlos Marrero Gonz\u00e1lez\",\"@id\":\"https:\/\/elcotarro.com\/#\/schema\/person\/af537ee7d60d15984c7e0affcd8a918b\"},\"headline\":\"JUAN ANTONIO ALONSO DEJA \u201cGMR\u201d\",\"datePublished\":\"2020-02-02T09:05:49+00:00\",\"mainEntityOfPage\":{\"@id\":\"https:\/\/elcotarro.com\/?p=7873\"},\"wordCount\":166,\"commentCount\":0,\"publisher\":{\"@id\":\"https:\/\/elcotarro.com\/#organization\"},\"image\":{\"@id\":\"https:\/\/elcotarro.com\/?p=7873#primaryimage\"},\"thumbnailUrl\":\"https:\/\/elcotarro.com\/wp-content\/uploads\/2020\/02\/FOTO-6.-JUAN-ANTONIO-ALONSO.jpg\",\"inLanguage\":\"es\",\"potentialAction\":[{\"@type\":\"CommentAction\",\"name\":\"Comment\",\"target\":[\"https:\/\/elcotarro.com\/?p=7873#respond\"]}]},{\"@type\":\"WebPage\",\"@id\":\"https:\/\/elcotarro.com\/?p=7873\",\"url\":\"https:\/\/elcotarro.com\/?p=7873\",\"name\":\"JUAN ANTONIO ALONSO DEJA \u201cGMR\u201d - El Cotarro\",\"isPartOf\":{\"@id\":\"https:\/\/elcotarro.com\/#website\"},\"primaryImageOfPage\":{\"@id\":\"https:\/\/elcotarro.com\/?p=7873#primaryimage\"},\"image\":{\"@id\":\"https:\/\/elcotarro.com\/?p=7873#primaryimage\"},\"thumbnailUrl\":\"https:\/\/elcotarro.com\/wp-content\/uploads\/2020\/02\/FOTO-6.-JUAN-ANTONIO-ALONSO.jpg\",\"datePublished\":\"2020-02-02T09:05:49+00:00\",\"breadcrumb\":{\"@id\":\"https:\/\/elcotarro.com\/?p=7873#breadcrumb\"},\"inLanguage\":\"es\",\"potentialAction\":[{\"@type\":\"ReadAction\",\"target\":[\"https:\/\/elcotarro.com\/?p=7873\"]}]},{\"@type\":\"ImageObject\",\"inLanguage\":\"es\",\"@id\":\"https:\/\/elcotarro.com\/?p=7873#primaryimage\",\"url\":\"https:\/\/elcotarro.com\/wp-content\/uploads\/2020\/02\/FOTO-6.-JUAN-ANTONIO-ALONSO.jpg\",\"contentUrl\":\"https:\/\/elcotarro.com\/wp-content\/uploads\/2020\/02\/FOTO-6.-JUAN-ANTONIO-ALONSO.jpg\",\"width\":1701,\"height\":1276},{\"@type\":\"BreadcrumbList\",\"@id\":\"https:\/\/elcotarro.com\/?p=7873#breadcrumb\",\"itemListElement\":[{\"@type\":\"ListItem\",\"position\":1,\"name\":\"Portada\",\"item\":\"https:\/\/elcotarro.com\/\"},{\"@type\":\"ListItem\",\"position\":2,\"name\":\"JUAN ANTONIO ALONSO DEJA \u201cGMR\u201d\"}]},{\"@type\":\"WebSite\",\"@id\":\"https:\/\/elcotarro.com\/#website\",\"url\":\"https:\/\/elcotarro.com\/\",\"name\":\"El Cotarro\",\"description\":\"Peri\u00f3dico Digital Independiente dirigido por Jos\u00e9 Carlos Marrero\",\"publisher\":{\"@id\":\"https:\/\/elcotarro.com\/#organization\"},\"potentialAction\":[{\"@type\":\"SearchAction\",\"target\":{\"@type\":\"EntryPoint\",\"urlTemplate\":\"https:\/\/elcotarro.com\/?s={search_term_string}\"},\"query-input\":{\"@type\":\"PropertyValueSpecification\",\"valueRequired\":true,\"valueName\":\"search_term_string\"}}],\"inLanguage\":\"es\"},{\"@type\":\"Organization\",\"@id\":\"https:\/\/elcotarro.com\/#organization\",\"name\":\"El Cotarro\",\"url\":\"https:\/\/elcotarro.com\/\",\"logo\":{\"@type\":\"ImageObject\",\"inLanguage\":\"es\",\"@id\":\"https:\/\/elcotarro.com\/#\/schema\/logo\/image\/\",\"url\":\"https:\/\/elcotarro.com\/wp-content\/uploads\/2014\/09\/Cabecera_El_Cotarro_v2.jpg\",\"contentUrl\":\"https:\/\/elcotarro.com\/wp-content\/uploads\/2014\/09\/Cabecera_El_Cotarro_v2.jpg\",\"width\":3540,\"height\":441,\"caption\":\"El Cotarro\"},\"image\":{\"@id\":\"https:\/\/elcotarro.com\/#\/schema\/logo\/image\/\"},\"sameAs\":[\"https:\/\/www.facebook.com\/ElCotarro.Tenerife\"]},{\"@type\":\"Person\",\"@id\":\"https:\/\/elcotarro.com\/#\/schema\/person\/af537ee7d60d15984c7e0affcd8a918b\",\"name\":\"Jos\u00e9 Carlos Marrero Gonz\u00e1lez\",\"image\":{\"@type\":\"ImageObject\",\"inLanguage\":\"es\",\"@id\":\"https:\/\/elcotarro.com\/#\/schema\/person\/image\/\",\"url\":\"https:\/\/secure.gravatar.com\/avatar\/def4da036efb5d32c74d49c351f6dccc064dd69ad9f3aadc295c5a9a5391ca01?s=96&d=mm&r=g\",\"contentUrl\":\"https:\/\/secure.gravatar.com\/avatar\/def4da036efb5d32c74d49c351f6dccc064dd69ad9f3aadc295c5a9a5391ca01?s=96&d=mm&r=g\",\"caption\":\"Jos\u00e9 Carlos Marrero Gonz\u00e1lez\"},\"sameAs\":[\"https:\/\/elcotarro.com\"],\"url\":\"https:\/\/elcotarro.com\/?author=2\"}]}<\/script>\n<!-- \/ Yoast SEO plugin. -->","yoast_head_json":{"title":"JUAN ANTONIO ALONSO DEJA \u201cGMR\u201d - El Cotarro","robots":{"index":"index","follow":"follow","max-snippet":"max-snippet:-1","max-image-preview":"max-image-preview:large","max-video-preview":"max-video-preview:-1"},"canonical":"https:\/\/elcotarro.com\/?p=7873","og_locale":"es_ES","og_type":"article","og_title":"JUAN ANTONIO ALONSO DEJA \u201cGMR\u201d - El Cotarro","og_description":"El segundo puntal de \u201clos nuestros\u201d al que es de justicia valorar, reconocer y felicitar p\u00fablicamente, es el tejinero Juan Antonio Alonso Barreto (respetuosa y cari\u00f1osamente \u201cTototo\u201d para los amigos) economista y profesional como la copa de un pino que, hasta el pasado viernes ha sido gerente de la empresa p\u00fablica regional, Gesti\u00f3n del Medio ... Read more","og_url":"https:\/\/elcotarro.com\/?p=7873","og_site_name":"El Cotarro","article_publisher":"https:\/\/www.facebook.com\/ElCotarro.Tenerife","article_published_time":"2020-02-02T09:05:49+00:00","og_image":[{"url":"https:\/\/elcotarro.com\/wp-content\/uploads\/2020\/02\/FOTO-6.-JUAN-ANTONIO-ALONSO.jpg","type":"","width":"","height":""}],"author":"Jos\u00e9 Carlos Marrero Gonz\u00e1lez","twitter_misc":{"Escrito por":"Jos\u00e9 Carlos Marrero Gonz\u00e1lez","Tiempo de lectura":"1 minuto"},"schema":{"@context":"https:\/\/schema.org","@graph":[{"@type":"Article","@id":"https:\/\/elcotarro.com\/?p=7873#article","isPartOf":{"@id":"https:\/\/elcotarro.com\/?p=7873"},"author":{"name":"Jos\u00e9 Carlos Marrero Gonz\u00e1lez","@id":"https:\/\/elcotarro.com\/#\/schema\/person\/af537ee7d60d15984c7e0affcd8a918b"},"headline":"JUAN ANTONIO ALONSO DEJA \u201cGMR\u201d","datePublished":"2020-02-02T09:05:49+00:00","mainEntityOfPage":{"@id":"https:\/\/elcotarro.com\/?p=7873"},"wordCount":166,"commentCount":0,"publisher":{"@id":"https:\/\/elcotarro.com\/#organization"},"image":{"@id":"https:\/\/elcotarro.com\/?p=7873#primaryimage"},"thumbnailUrl":"https:\/\/elcotarro.com\/wp-content\/uploads\/2020\/02\/FOTO-6.-JUAN-ANTONIO-ALONSO.jpg","inLanguage":"es","potentialAction":[{"@type":"CommentAction","name":"Comment","target":["https:\/\/elcotarro.com\/?p=7873#respond"]}]},{"@type":"WebPage","@id":"https:\/\/elcotarro.com\/?p=7873","url":"https:\/\/elcotarro.com\/?p=7873","name":"JUAN ANTONIO ALONSO DEJA \u201cGMR\u201d - El Cotarro","isPartOf":{"@id":"https:\/\/elcotarro.com\/#website"},"primaryImageOfPage":{"@id":"https:\/\/elcotarro.com\/?p=7873#primaryimage"},"image":{"@id":"https:\/\/elcotarro.com\/?p=7873#primaryimage"},"thumbnailUrl":"https:\/\/elcotarro.com\/wp-content\/uploads\/2020\/02\/FOTO-6.-JUAN-ANTONIO-ALONSO.jpg","datePublished":"2020-02-02T09:05:49+00:00","breadcrumb":{"@id":"https:\/\/elcotarro.com\/?p=7873#breadcrumb"},"inLanguage":"es","potentialAction":[{"@type":"ReadAction","target":["https:\/\/elcotarro.com\/?p=7873"]}]},{"@type":"ImageObject","inLanguage":"es","@id":"https:\/\/elcotarro.com\/?p=7873#primaryimage","url":"https:\/\/elcotarro.com\/wp-content\/uploads\/2020\/02\/FOTO-6.-JUAN-ANTONIO-ALONSO.jpg","contentUrl":"https:\/\/elcotarro.com\/wp-content\/uploads\/2020\/02\/FOTO-6.-JUAN-ANTONIO-ALONSO.jpg","width":1701,"height":1276},{"@type":"BreadcrumbList","@id":"https:\/\/elcotarro.com\/?p=7873#breadcrumb","itemListElement":[{"@type":"ListItem","position":1,"name":"Portada","item":"https:\/\/elcotarro.com\/"},{"@type":"ListItem","position":2,"name":"JUAN ANTONIO ALONSO DEJA \u201cGMR\u201d"}]},{"@type":"WebSite","@id":"https:\/\/elcotarro.com\/#website","url":"https:\/\/elcotarro.com\/","name":"El Cotarro","description":"Peri\u00f3dico Digital Independiente dirigido por Jos\u00e9 Carlos Marrero","publisher":{"@id":"https:\/\/elcotarro.com\/#organization"},"potentialAction":[{"@type":"SearchAction","target":{"@type":"EntryPoint","urlTemplate":"https:\/\/elcotarro.com\/?s={search_term_string}"},"query-input":{"@type":"PropertyValueSpecification","valueRequired":true,"valueName":"search_term_string"}}],"inLanguage":"es"},{"@type":"Organization","@id":"https:\/\/elcotarro.com\/#organization","name":"El Cotarro","url":"https:\/\/elcotarro.com\/","logo":{"@type":"ImageObject","inLanguage":"es","@id":"https:\/\/elcotarro.com\/#\/schema\/logo\/image\/","url":"https:\/\/elcotarro.com\/wp-content\/uploads\/2014\/09\/Cabecera_El_Cotarro_v2.jpg","contentUrl":"https:\/\/elcotarro.com\/wp-content\/uploads\/2014\/09\/Cabecera_El_Cotarro_v2.jpg","width":3540,"height":441,"caption":"El Cotarro"},"image":{"@id":"https:\/\/elcotarro.com\/#\/schema\/logo\/image\/"},"sameAs":["https:\/\/www.facebook.com\/ElCotarro.Tenerife"]},{"@type":"Person","@id":"https:\/\/elcotarro.com\/#\/schema\/person\/af537ee7d60d15984c7e0affcd8a918b","name":"Jos\u00e9 Carlos Marrero Gonz\u00e1lez","image":{"@type":"ImageObject","inLanguage":"es","@id":"https:\/\/elcotarro.com\/#\/schema\/person\/image\/","url":"https:\/\/secure.gravatar.com\/avatar\/def4da036efb5d32c74d49c351f6dccc064dd69ad9f3aadc295c5a9a5391ca01?s=96&d=mm&r=g","contentUrl":"https:\/\/secure.gravatar.com\/avatar\/def4da036efb5d32c74d49c351f6dccc064dd69ad9f3aadc295c5a9a5391ca01?s=96&d=mm&r=g","caption":"Jos\u00e9 Carlos Marrero Gonz\u00e1lez"},"sameAs":["https:\/\/elcotarro.com"],"url":"https:\/\/elcotarro.com\/?author=2"}]}},"jetpack_featured_media_url":"","jetpack_sharing_enabled":true,"_links":{"self":[{"href":"https:\/\/elcotarro.com\/index.php?rest_route=\/wp\/v2\/posts\/7873","targetHints":{"allow":["GET"]}}],"collection":[{"href":"https:\/\/elcotarro.com\/index.php?rest_route=\/wp\/v2\/posts"}],"about":[{"href":"https:\/\/elcotarro.com\/index.php?rest_route=\/wp\/v2\/types\/post"}],"author":[{"embeddable":true,"href":"https:\/\/elcotarro.com\/index.php?rest_route=\/wp\/v2\/users\/2"}],"replies":[{"embeddable":true,"href":"https:\/\/elcotarro.com\/index.php?rest_route=%2Fwp%2Fv2%2Fcomments&post=7873"}],"version-history":[{"count":1,"href":"https:\/\/elcotarro.com\/index.php?rest_route=\/wp\/v2\/posts\/7873\/revisions"}],"predecessor-version":[{"id":7875,"href":"https:\/\/elcotarro.com\/index.php?rest_route=\/wp\/v2\/posts\/7873\/revisions\/7875"}],"wp:attachment":[{"href":"https:\/\/elcotarro.com\/index.php?rest_route=%2Fwp%2Fv2%2Fmedia&parent=7873"}],"wp:term":[{"taxonomy":"category","embeddable":true,"href":"https:\/\/elcotarro.com\/index.php?rest_route=%2Fwp%2Fv2%2Fcategories&post=7873"},{"taxonomy":"post_tag","embeddable":true,"href":"https:\/\/elcotarro.com\/index.php?rest_route=%2Fwp%2Fv2%2Ftags&post=7873"}],"curies":[{"name":"wp","href":"https:\/\/api.w.org\/{rel}","templated":true}]}}