{"id":7876,"date":"2020-02-02T09:04:34","date_gmt":"2020-02-02T09:04:34","guid":{"rendered":"https:\/\/elcotarro.com\/?p=7876"},"modified":"2020-02-02T08:50:20","modified_gmt":"2020-02-02T08:50:20","slug":"un-gran-profesional-leal-a-gmr","status":"publish","type":"post","link":"https:\/\/elcotarro.com\/?p=7876","title":{"rendered":"UN GRAN PROFESIONAL LEAL A \u201cGMR\u201d"},"content":{"rendered":"<p>Despu\u00e9s de unos a\u00f1os dif\u00edciles y convulsos, el que fuera anterior consejero de Agricultura del Gobierno de Canarias, el herre\u00f1o <strong>Narvay Quintero Casta\u00f1eda<\/strong> convenci\u00f3 inteligente y h\u00e1bilmente la pasada legislatura a <strong>Juan Antonio Alonso Barreto,<\/strong> para que volviera a \u201cGMR Canarias\u201d como Consejero Delegado. Y hay que decir y destacar que, en estos \u00faltimos cuatro a\u00f1os, <strong>Juan Antonio Alonso<\/strong> ha dado un vuelco, siempre a mejor, a la realidad de GMR Canarias. Ha formado equipo, ha logrado ser respetado y reconocido, a partir de que \u00e9l mismo ha respetado y ha dado juego a los grandes trabajadores y trabajadoras que desarrollan su labor profesional eficazmente en GMR Canarias. Los \u00faltimos resultados econ\u00f3micos de GMR Canarias en el pasado Ejercicio 2019 creo que no dejan duda sobre la dedicaci\u00f3n, profesionalidad, buen hacer y exitosa gesti\u00f3n de <strong>Juan Antonio Alonso<\/strong> al frente de GMR. Gracias a su buen trabajo junto con todo su equipo de profesionales en GMR se debe el gran \u00e9xito del stand oficial del Gobierno de Canarias, a trav\u00e9s de la consejer\u00eda de Agricultura, en las cinco \u00faltimas ediciones del Sal\u00f3n Gastron\u00f3mico de Canarias \u2013 GastroCanarias, que el pr\u00f3ximo mes de mayo volver\u00e1 a abrir sus puertas.<\/p>\n<p style=\"text-align: center\"><a href=\"https:\/\/elcotarro.com\/wp-content\/uploads\/2020\/02\/FOTO-7.-TOTOTO-CON-PEPE.jpg\"><img loading=\"lazy\" decoding=\"async\" class=\"aligncenter size-full wp-image-7877\" src=\"https:\/\/elcotarro.com\/wp-content\/uploads\/2020\/02\/FOTO-7.-TOTOTO-CON-PEPE.jpg\" alt=\"\" width=\"1200\" height=\"1600\" srcset=\"https:\/\/elcotarro.com\/wp-content\/uploads\/2020\/02\/FOTO-7.-TOTOTO-CON-PEPE.jpg 1200w, https:\/\/elcotarro.com\/wp-content\/uploads\/2020\/02\/FOTO-7.-TOTOTO-CON-PEPE-225x300.jpg 225w, https:\/\/elcotarro.com\/wp-content\/uploads\/2020\/02\/FOTO-7.-TOTOTO-CON-PEPE-768x1024.jpg 768w, https:\/\/elcotarro.com\/wp-content\/uploads\/2020\/02\/FOTO-7.-TOTOTO-CON-PEPE-1152x1536.jpg 1152w\" sizes=\"auto, (max-width: 1200px) 100vw, 1200px\" \/><\/a><\/p>\n<p style=\"text-align: center\"><em>Juan Antonio Alonso (i) entreg\u00e1ndole un queso canario distribuido por GMR Canarias al popular chef Pepe Rodr\u00edguez, jurado de MasterChef Espa\u00f1a y due\u00f1o de \u201cEl Boh\u00edo\u201d.<\/em><\/p>\n","protected":false},"excerpt":{"rendered":"<p>Despu\u00e9s de unos a\u00f1os dif\u00edciles y convulsos, el que fuera anterior consejero de Agricultura del Gobierno de Canarias, el herre\u00f1o Narvay Quintero Casta\u00f1eda convenci\u00f3 inteligente y h\u00e1bilmente la pasada legislatura a Juan Antonio Alonso Barreto, para que volviera a \u201cGMR Canarias\u201d como Consejero Delegado. Y hay que decir y destacar que, en estos \u00faltimos cuatro &#8230; <a class=\"read-more\" href=\"https:\/\/elcotarro.com\/?p=7876\">Read more<\/a><\/p>\n","protected":false},"author":2,"featured_media":0,"comment_status":"open","ping_status":"open","sticky":false,"template":"","format":"standard","meta":{"_jetpack_memberships_contains_paid_content":false,"footnotes":""},"categories":[1],"tags":[],"class_list":["post-7876","post","type-post","status-publish","format-standard","hentry","category-sin-categoria"],"yoast_head":"<!-- This site is optimized with the Yoast SEO plugin v27.0 - https:\/\/yoast.com\/product\/yoast-seo-wordpress\/ -->\n<title>UN GRAN PROFESIONAL LEAL A \u201cGMR\u201d - El Cotarro<\/title>\n<meta name=\"robots\" content=\"index, follow, max-snippet:-1, max-image-preview:large, max-video-preview:-1\" \/>\n<link rel=\"canonical\" href=\"https:\/\/elcotarro.com\/?p=7876\" \/>\n<meta property=\"og:locale\" content=\"es_ES\" \/>\n<meta property=\"og:type\" content=\"article\" \/>\n<meta property=\"og:title\" content=\"UN GRAN PROFESIONAL LEAL A \u201cGMR\u201d - El Cotarro\" \/>\n<meta property=\"og:description\" content=\"Despu\u00e9s de unos a\u00f1os dif\u00edciles y convulsos, el que fuera anterior consejero de Agricultura del Gobierno de Canarias, el herre\u00f1o Narvay Quintero Casta\u00f1eda convenci\u00f3 inteligente y h\u00e1bilmente la pasada legislatura a Juan Antonio Alonso Barreto, para que volviera a \u201cGMR Canarias\u201d como Consejero Delegado. Y hay que decir y destacar que, en estos \u00faltimos cuatro ... Read more\" \/>\n<meta property=\"og:url\" content=\"https:\/\/elcotarro.com\/?p=7876\" \/>\n<meta property=\"og:site_name\" content=\"El Cotarro\" \/>\n<meta property=\"article:publisher\" content=\"https:\/\/www.facebook.com\/ElCotarro.Tenerife\" \/>\n<meta property=\"article:published_time\" content=\"2020-02-02T09:04:34+00:00\" \/>\n<meta property=\"og:image\" content=\"https:\/\/elcotarro.com\/wp-content\/uploads\/2020\/02\/FOTO-7.-TOTOTO-CON-PEPE.jpg\" \/>\n<meta name=\"author\" content=\"Jos\u00e9 Carlos Marrero Gonz\u00e1lez\" \/>\n<meta name=\"twitter:label1\" content=\"Escrito por\" \/>\n\t<meta name=\"twitter:data1\" content=\"Jos\u00e9 Carlos Marrero Gonz\u00e1lez\" \/>\n\t<meta name=\"twitter:label2\" content=\"Tiempo de lectura\" \/>\n\t<meta name=\"twitter:data2\" content=\"1 minuto\" \/>\n<script type=\"application\/ld+json\" class=\"yoast-schema-graph\">{\"@context\":\"https:\/\/schema.org\",\"@graph\":[{\"@type\":\"Article\",\"@id\":\"https:\/\/elcotarro.com\/?p=7876#article\",\"isPartOf\":{\"@id\":\"https:\/\/elcotarro.com\/?p=7876\"},\"author\":{\"name\":\"Jos\u00e9 Carlos Marrero Gonz\u00e1lez\",\"@id\":\"https:\/\/elcotarro.com\/#\/schema\/person\/af537ee7d60d15984c7e0affcd8a918b\"},\"headline\":\"UN GRAN PROFESIONAL LEAL A \u201cGMR\u201d\",\"datePublished\":\"2020-02-02T09:04:34+00:00\",\"mainEntityOfPage\":{\"@id\":\"https:\/\/elcotarro.com\/?p=7876\"},\"wordCount\":248,\"commentCount\":0,\"publisher\":{\"@id\":\"https:\/\/elcotarro.com\/#organization\"},\"image\":{\"@id\":\"https:\/\/elcotarro.com\/?p=7876#primaryimage\"},\"thumbnailUrl\":\"https:\/\/elcotarro.com\/wp-content\/uploads\/2020\/02\/FOTO-7.-TOTOTO-CON-PEPE.jpg\",\"inLanguage\":\"es\",\"potentialAction\":[{\"@type\":\"CommentAction\",\"name\":\"Comment\",\"target\":[\"https:\/\/elcotarro.com\/?p=7876#respond\"]}]},{\"@type\":\"WebPage\",\"@id\":\"https:\/\/elcotarro.com\/?p=7876\",\"url\":\"https:\/\/elcotarro.com\/?p=7876\",\"name\":\"UN GRAN PROFESIONAL LEAL A \u201cGMR\u201d - El Cotarro\",\"isPartOf\":{\"@id\":\"https:\/\/elcotarro.com\/#website\"},\"primaryImageOfPage\":{\"@id\":\"https:\/\/elcotarro.com\/?p=7876#primaryimage\"},\"image\":{\"@id\":\"https:\/\/elcotarro.com\/?p=7876#primaryimage\"},\"thumbnailUrl\":\"https:\/\/elcotarro.com\/wp-content\/uploads\/2020\/02\/FOTO-7.-TOTOTO-CON-PEPE.jpg\",\"datePublished\":\"2020-02-02T09:04:34+00:00\",\"breadcrumb\":{\"@id\":\"https:\/\/elcotarro.com\/?p=7876#breadcrumb\"},\"inLanguage\":\"es\",\"potentialAction\":[{\"@type\":\"ReadAction\",\"target\":[\"https:\/\/elcotarro.com\/?p=7876\"]}]},{\"@type\":\"ImageObject\",\"inLanguage\":\"es\",\"@id\":\"https:\/\/elcotarro.com\/?p=7876#primaryimage\",\"url\":\"https:\/\/elcotarro.com\/wp-content\/uploads\/2020\/02\/FOTO-7.-TOTOTO-CON-PEPE.jpg\",\"contentUrl\":\"https:\/\/elcotarro.com\/wp-content\/uploads\/2020\/02\/FOTO-7.-TOTOTO-CON-PEPE.jpg\",\"width\":1200,\"height\":1600},{\"@type\":\"BreadcrumbList\",\"@id\":\"https:\/\/elcotarro.com\/?p=7876#breadcrumb\",\"itemListElement\":[{\"@type\":\"ListItem\",\"position\":1,\"name\":\"Portada\",\"item\":\"https:\/\/elcotarro.com\/\"},{\"@type\":\"ListItem\",\"position\":2,\"name\":\"UN GRAN PROFESIONAL LEAL A \u201cGMR\u201d\"}]},{\"@type\":\"WebSite\",\"@id\":\"https:\/\/elcotarro.com\/#website\",\"url\":\"https:\/\/elcotarro.com\/\",\"name\":\"El Cotarro\",\"description\":\"Peri\u00f3dico Digital Independiente dirigido por Jos\u00e9 Carlos Marrero\",\"publisher\":{\"@id\":\"https:\/\/elcotarro.com\/#organization\"},\"potentialAction\":[{\"@type\":\"SearchAction\",\"target\":{\"@type\":\"EntryPoint\",\"urlTemplate\":\"https:\/\/elcotarro.com\/?s={search_term_string}\"},\"query-input\":{\"@type\":\"PropertyValueSpecification\",\"valueRequired\":true,\"valueName\":\"search_term_string\"}}],\"inLanguage\":\"es\"},{\"@type\":\"Organization\",\"@id\":\"https:\/\/elcotarro.com\/#organization\",\"name\":\"El Cotarro\",\"url\":\"https:\/\/elcotarro.com\/\",\"logo\":{\"@type\":\"ImageObject\",\"inLanguage\":\"es\",\"@id\":\"https:\/\/elcotarro.com\/#\/schema\/logo\/image\/\",\"url\":\"https:\/\/elcotarro.com\/wp-content\/uploads\/2014\/09\/Cabecera_El_Cotarro_v2.jpg\",\"contentUrl\":\"https:\/\/elcotarro.com\/wp-content\/uploads\/2014\/09\/Cabecera_El_Cotarro_v2.jpg\",\"width\":3540,\"height\":441,\"caption\":\"El Cotarro\"},\"image\":{\"@id\":\"https:\/\/elcotarro.com\/#\/schema\/logo\/image\/\"},\"sameAs\":[\"https:\/\/www.facebook.com\/ElCotarro.Tenerife\"]},{\"@type\":\"Person\",\"@id\":\"https:\/\/elcotarro.com\/#\/schema\/person\/af537ee7d60d15984c7e0affcd8a918b\",\"name\":\"Jos\u00e9 Carlos Marrero Gonz\u00e1lez\",\"image\":{\"@type\":\"ImageObject\",\"inLanguage\":\"es\",\"@id\":\"https:\/\/elcotarro.com\/#\/schema\/person\/image\/\",\"url\":\"https:\/\/secure.gravatar.com\/avatar\/def4da036efb5d32c74d49c351f6dccc064dd69ad9f3aadc295c5a9a5391ca01?s=96&d=mm&r=g\",\"contentUrl\":\"https:\/\/secure.gravatar.com\/avatar\/def4da036efb5d32c74d49c351f6dccc064dd69ad9f3aadc295c5a9a5391ca01?s=96&d=mm&r=g\",\"caption\":\"Jos\u00e9 Carlos Marrero Gonz\u00e1lez\"},\"sameAs\":[\"https:\/\/elcotarro.com\"],\"url\":\"https:\/\/elcotarro.com\/?author=2\"}]}<\/script>\n<!-- \/ Yoast SEO plugin. -->","yoast_head_json":{"title":"UN GRAN PROFESIONAL LEAL A \u201cGMR\u201d - El Cotarro","robots":{"index":"index","follow":"follow","max-snippet":"max-snippet:-1","max-image-preview":"max-image-preview:large","max-video-preview":"max-video-preview:-1"},"canonical":"https:\/\/elcotarro.com\/?p=7876","og_locale":"es_ES","og_type":"article","og_title":"UN GRAN PROFESIONAL LEAL A \u201cGMR\u201d - El Cotarro","og_description":"Despu\u00e9s de unos a\u00f1os dif\u00edciles y convulsos, el que fuera anterior consejero de Agricultura del Gobierno de Canarias, el herre\u00f1o Narvay Quintero Casta\u00f1eda convenci\u00f3 inteligente y h\u00e1bilmente la pasada legislatura a Juan Antonio Alonso Barreto, para que volviera a \u201cGMR Canarias\u201d como Consejero Delegado. Y hay que decir y destacar que, en estos \u00faltimos cuatro ... Read more","og_url":"https:\/\/elcotarro.com\/?p=7876","og_site_name":"El Cotarro","article_publisher":"https:\/\/www.facebook.com\/ElCotarro.Tenerife","article_published_time":"2020-02-02T09:04:34+00:00","og_image":[{"url":"https:\/\/elcotarro.com\/wp-content\/uploads\/2020\/02\/FOTO-7.-TOTOTO-CON-PEPE.jpg","type":"","width":"","height":""}],"author":"Jos\u00e9 Carlos Marrero Gonz\u00e1lez","twitter_misc":{"Escrito por":"Jos\u00e9 Carlos Marrero Gonz\u00e1lez","Tiempo de lectura":"1 minuto"},"schema":{"@context":"https:\/\/schema.org","@graph":[{"@type":"Article","@id":"https:\/\/elcotarro.com\/?p=7876#article","isPartOf":{"@id":"https:\/\/elcotarro.com\/?p=7876"},"author":{"name":"Jos\u00e9 Carlos Marrero Gonz\u00e1lez","@id":"https:\/\/elcotarro.com\/#\/schema\/person\/af537ee7d60d15984c7e0affcd8a918b"},"headline":"UN GRAN PROFESIONAL LEAL A \u201cGMR\u201d","datePublished":"2020-02-02T09:04:34+00:00","mainEntityOfPage":{"@id":"https:\/\/elcotarro.com\/?p=7876"},"wordCount":248,"commentCount":0,"publisher":{"@id":"https:\/\/elcotarro.com\/#organization"},"image":{"@id":"https:\/\/elcotarro.com\/?p=7876#primaryimage"},"thumbnailUrl":"https:\/\/elcotarro.com\/wp-content\/uploads\/2020\/02\/FOTO-7.-TOTOTO-CON-PEPE.jpg","inLanguage":"es","potentialAction":[{"@type":"CommentAction","name":"Comment","target":["https:\/\/elcotarro.com\/?p=7876#respond"]}]},{"@type":"WebPage","@id":"https:\/\/elcotarro.com\/?p=7876","url":"https:\/\/elcotarro.com\/?p=7876","name":"UN GRAN PROFESIONAL LEAL A \u201cGMR\u201d - El Cotarro","isPartOf":{"@id":"https:\/\/elcotarro.com\/#website"},"primaryImageOfPage":{"@id":"https:\/\/elcotarro.com\/?p=7876#primaryimage"},"image":{"@id":"https:\/\/elcotarro.com\/?p=7876#primaryimage"},"thumbnailUrl":"https:\/\/elcotarro.com\/wp-content\/uploads\/2020\/02\/FOTO-7.-TOTOTO-CON-PEPE.jpg","datePublished":"2020-02-02T09:04:34+00:00","breadcrumb":{"@id":"https:\/\/elcotarro.com\/?p=7876#breadcrumb"},"inLanguage":"es","potentialAction":[{"@type":"ReadAction","target":["https:\/\/elcotarro.com\/?p=7876"]}]},{"@type":"ImageObject","inLanguage":"es","@id":"https:\/\/elcotarro.com\/?p=7876#primaryimage","url":"https:\/\/elcotarro.com\/wp-content\/uploads\/2020\/02\/FOTO-7.-TOTOTO-CON-PEPE.jpg","contentUrl":"https:\/\/elcotarro.com\/wp-content\/uploads\/2020\/02\/FOTO-7.-TOTOTO-CON-PEPE.jpg","width":1200,"height":1600},{"@type":"BreadcrumbList","@id":"https:\/\/elcotarro.com\/?p=7876#breadcrumb","itemListElement":[{"@type":"ListItem","position":1,"name":"Portada","item":"https:\/\/elcotarro.com\/"},{"@type":"ListItem","position":2,"name":"UN GRAN PROFESIONAL LEAL A \u201cGMR\u201d"}]},{"@type":"WebSite","@id":"https:\/\/elcotarro.com\/#website","url":"https:\/\/elcotarro.com\/","name":"El Cotarro","description":"Peri\u00f3dico Digital Independiente dirigido por Jos\u00e9 Carlos Marrero","publisher":{"@id":"https:\/\/elcotarro.com\/#organization"},"potentialAction":[{"@type":"SearchAction","target":{"@type":"EntryPoint","urlTemplate":"https:\/\/elcotarro.com\/?s={search_term_string}"},"query-input":{"@type":"PropertyValueSpecification","valueRequired":true,"valueName":"search_term_string"}}],"inLanguage":"es"},{"@type":"Organization","@id":"https:\/\/elcotarro.com\/#organization","name":"El Cotarro","url":"https:\/\/elcotarro.com\/","logo":{"@type":"ImageObject","inLanguage":"es","@id":"https:\/\/elcotarro.com\/#\/schema\/logo\/image\/","url":"https:\/\/elcotarro.com\/wp-content\/uploads\/2014\/09\/Cabecera_El_Cotarro_v2.jpg","contentUrl":"https:\/\/elcotarro.com\/wp-content\/uploads\/2014\/09\/Cabecera_El_Cotarro_v2.jpg","width":3540,"height":441,"caption":"El Cotarro"},"image":{"@id":"https:\/\/elcotarro.com\/#\/schema\/logo\/image\/"},"sameAs":["https:\/\/www.facebook.com\/ElCotarro.Tenerife"]},{"@type":"Person","@id":"https:\/\/elcotarro.com\/#\/schema\/person\/af537ee7d60d15984c7e0affcd8a918b","name":"Jos\u00e9 Carlos Marrero Gonz\u00e1lez","image":{"@type":"ImageObject","inLanguage":"es","@id":"https:\/\/elcotarro.com\/#\/schema\/person\/image\/","url":"https:\/\/secure.gravatar.com\/avatar\/def4da036efb5d32c74d49c351f6dccc064dd69ad9f3aadc295c5a9a5391ca01?s=96&d=mm&r=g","contentUrl":"https:\/\/secure.gravatar.com\/avatar\/def4da036efb5d32c74d49c351f6dccc064dd69ad9f3aadc295c5a9a5391ca01?s=96&d=mm&r=g","caption":"Jos\u00e9 Carlos Marrero Gonz\u00e1lez"},"sameAs":["https:\/\/elcotarro.com"],"url":"https:\/\/elcotarro.com\/?author=2"}]}},"jetpack_featured_media_url":"","jetpack_sharing_enabled":true,"_links":{"self":[{"href":"https:\/\/elcotarro.com\/index.php?rest_route=\/wp\/v2\/posts\/7876","targetHints":{"allow":["GET"]}}],"collection":[{"href":"https:\/\/elcotarro.com\/index.php?rest_route=\/wp\/v2\/posts"}],"about":[{"href":"https:\/\/elcotarro.com\/index.php?rest_route=\/wp\/v2\/types\/post"}],"author":[{"embeddable":true,"href":"https:\/\/elcotarro.com\/index.php?rest_route=\/wp\/v2\/users\/2"}],"replies":[{"embeddable":true,"href":"https:\/\/elcotarro.com\/index.php?rest_route=%2Fwp%2Fv2%2Fcomments&post=7876"}],"version-history":[{"count":1,"href":"https:\/\/elcotarro.com\/index.php?rest_route=\/wp\/v2\/posts\/7876\/revisions"}],"predecessor-version":[{"id":7878,"href":"https:\/\/elcotarro.com\/index.php?rest_route=\/wp\/v2\/posts\/7876\/revisions\/7878"}],"wp:attachment":[{"href":"https:\/\/elcotarro.com\/index.php?rest_route=%2Fwp%2Fv2%2Fmedia&parent=7876"}],"wp:term":[{"taxonomy":"category","embeddable":true,"href":"https:\/\/elcotarro.com\/index.php?rest_route=%2Fwp%2Fv2%2Fcategories&post=7876"},{"taxonomy":"post_tag","embeddable":true,"href":"https:\/\/elcotarro.com\/index.php?rest_route=%2Fwp%2Fv2%2Ftags&post=7876"}],"curies":[{"name":"wp","href":"https:\/\/api.w.org\/{rel}","templated":true}]}}