{"id":7879,"date":"2020-02-02T09:03:24","date_gmt":"2020-02-02T09:03:24","guid":{"rendered":"https:\/\/elcotarro.com\/?p=7879"},"modified":"2020-02-02T08:51:02","modified_gmt":"2020-02-02T08:51:02","slug":"honra-a-juan-antonio-y-alicia-vanoostende","status":"publish","type":"post","link":"https:\/\/elcotarro.com\/?p=7879","title":{"rendered":"HONRA A JUAN ANTONIO Y ALICIA VANOOSTENDE"},"content":{"rendered":"<p>Creo que, por lo que se ve y lamentablemente, todav\u00eda en Canarias prima en los nombramientos o el mantenimiento de la persona en un cargo, el hecho de que tenga carnet o determinadas simpat\u00edas pol\u00edticas, muchas veces m\u00e1s que por sus conocimientos, experiencia, profesionalidad y resultados en un cargo. Y esto es lo que, me temo, ha vuelto a suceder en GMR Canarias. Me consta (y esto, por cierto, honra y dice mucho de ella) la palmera, <strong>Alicia Vanoostende Simili<\/strong>, nueva consejera de Agricultura del Gobierno de Canarias, ha mantenido en su cargo a <strong>Juan Antonio<\/strong> desde su llegada a la consejer\u00eda, en julio del a\u00f1o pasado, y durante casi siete meses (a pesar de \u00e9l no tener carnet del PSOE). Pero me consta que <strong>Alicia<\/strong> <strong>Vanoostende<\/strong> ha valorado el trabajo de <strong>Juan Antonio Alonso<\/strong> y comprobado su lealtad profesional, por encima de ideolog\u00edas y partidos. Como igualmente me consta que la consejera, no s\u00e9 si m\u00e1s bien en contra de su voluntad, no ha tenido m\u00e1s remedio que aceptar las \u201cindicaciones\u201d para que acelerara el relevo de <strong>Juan Antonio Alonso<\/strong> al frente de GMR Canarias, cosa que se ha hecho de la forma m\u00e1s tranquila y elegante por parte de ambos. Ahora solo queda desearle suerte y todo lo mejor a <strong>Juan Antonio Alonso<\/strong> all\u00e1 a donde vaya y desear y esperar que el nuevo profesional que ocupe a partir de ma\u00f1ana su puesto, lo haga tan bien o mejor que \u00e9l. El reto no le ser\u00e1 f\u00e1cil, pero es apasionante. En cualquier caso, tambi\u00e9n mucha suerte y p\u2019alante.<\/p>\n<p style=\"text-align: center\"><a href=\"https:\/\/elcotarro.com\/wp-content\/uploads\/2020\/02\/FOTO-8.-VANOOSTENDE.jpg\"><img loading=\"lazy\" decoding=\"async\" class=\"aligncenter size-full wp-image-7880\" src=\"https:\/\/elcotarro.com\/wp-content\/uploads\/2020\/02\/FOTO-8.-VANOOSTENDE.jpg\" alt=\"\" width=\"900\" height=\"600\" srcset=\"https:\/\/elcotarro.com\/wp-content\/uploads\/2020\/02\/FOTO-8.-VANOOSTENDE.jpg 900w, https:\/\/elcotarro.com\/wp-content\/uploads\/2020\/02\/FOTO-8.-VANOOSTENDE-300x200.jpg 300w, https:\/\/elcotarro.com\/wp-content\/uploads\/2020\/02\/FOTO-8.-VANOOSTENDE-768x512.jpg 768w\" sizes=\"auto, (max-width: 900px) 100vw, 900px\" \/><\/a><\/p>\n<p style=\"text-align: center\"><em>Alicia Vanoostende, consejera de Agricultura, Ganader\u00eda y Pesca del Gobierno de Canarias.<\/em><\/p>\n","protected":false},"excerpt":{"rendered":"<p>Creo que, por lo que se ve y lamentablemente, todav\u00eda en Canarias prima en los nombramientos o el mantenimiento de la persona en un cargo, el hecho de que tenga carnet o determinadas simpat\u00edas pol\u00edticas, muchas veces m\u00e1s que por sus conocimientos, experiencia, profesionalidad y resultados en un cargo. Y esto es lo que, me &#8230; <a class=\"read-more\" href=\"https:\/\/elcotarro.com\/?p=7879\">Read more<\/a><\/p>\n","protected":false},"author":2,"featured_media":0,"comment_status":"open","ping_status":"open","sticky":false,"template":"","format":"standard","meta":{"_jetpack_memberships_contains_paid_content":false,"footnotes":""},"categories":[1],"tags":[],"class_list":["post-7879","post","type-post","status-publish","format-standard","hentry","category-sin-categoria"],"yoast_head":"<!-- This site is optimized with the Yoast SEO plugin v27.0 - https:\/\/yoast.com\/product\/yoast-seo-wordpress\/ -->\n<title>HONRA A JUAN ANTONIO Y ALICIA VANOOSTENDE - El Cotarro<\/title>\n<meta name=\"robots\" content=\"index, follow, max-snippet:-1, max-image-preview:large, max-video-preview:-1\" \/>\n<link rel=\"canonical\" href=\"https:\/\/elcotarro.com\/?p=7879\" \/>\n<meta property=\"og:locale\" content=\"es_ES\" \/>\n<meta property=\"og:type\" content=\"article\" \/>\n<meta property=\"og:title\" content=\"HONRA A JUAN ANTONIO Y ALICIA VANOOSTENDE - El Cotarro\" \/>\n<meta property=\"og:description\" content=\"Creo que, por lo que se ve y lamentablemente, todav\u00eda en Canarias prima en los nombramientos o el mantenimiento de la persona en un cargo, el hecho de que tenga carnet o determinadas simpat\u00edas pol\u00edticas, muchas veces m\u00e1s que por sus conocimientos, experiencia, profesionalidad y resultados en un cargo. Y esto es lo que, me ... Read more\" \/>\n<meta property=\"og:url\" content=\"https:\/\/elcotarro.com\/?p=7879\" \/>\n<meta property=\"og:site_name\" content=\"El Cotarro\" \/>\n<meta property=\"article:publisher\" content=\"https:\/\/www.facebook.com\/ElCotarro.Tenerife\" \/>\n<meta property=\"article:published_time\" content=\"2020-02-02T09:03:24+00:00\" \/>\n<meta property=\"og:image\" content=\"https:\/\/elcotarro.com\/wp-content\/uploads\/2020\/02\/FOTO-8.-VANOOSTENDE.jpg\" \/>\n<meta name=\"author\" content=\"Jos\u00e9 Carlos Marrero Gonz\u00e1lez\" \/>\n<meta name=\"twitter:label1\" content=\"Escrito por\" \/>\n\t<meta name=\"twitter:data1\" content=\"Jos\u00e9 Carlos Marrero Gonz\u00e1lez\" \/>\n\t<meta name=\"twitter:label2\" content=\"Tiempo de lectura\" \/>\n\t<meta name=\"twitter:data2\" content=\"1 minuto\" \/>\n<script type=\"application\/ld+json\" class=\"yoast-schema-graph\">{\"@context\":\"https:\/\/schema.org\",\"@graph\":[{\"@type\":\"Article\",\"@id\":\"https:\/\/elcotarro.com\/?p=7879#article\",\"isPartOf\":{\"@id\":\"https:\/\/elcotarro.com\/?p=7879\"},\"author\":{\"name\":\"Jos\u00e9 Carlos Marrero Gonz\u00e1lez\",\"@id\":\"https:\/\/elcotarro.com\/#\/schema\/person\/af537ee7d60d15984c7e0affcd8a918b\"},\"headline\":\"HONRA A JUAN ANTONIO Y ALICIA VANOOSTENDE\",\"datePublished\":\"2020-02-02T09:03:24+00:00\",\"mainEntityOfPage\":{\"@id\":\"https:\/\/elcotarro.com\/?p=7879\"},\"wordCount\":294,\"commentCount\":0,\"publisher\":{\"@id\":\"https:\/\/elcotarro.com\/#organization\"},\"image\":{\"@id\":\"https:\/\/elcotarro.com\/?p=7879#primaryimage\"},\"thumbnailUrl\":\"https:\/\/elcotarro.com\/wp-content\/uploads\/2020\/02\/FOTO-8.-VANOOSTENDE.jpg\",\"inLanguage\":\"es\",\"potentialAction\":[{\"@type\":\"CommentAction\",\"name\":\"Comment\",\"target\":[\"https:\/\/elcotarro.com\/?p=7879#respond\"]}]},{\"@type\":\"WebPage\",\"@id\":\"https:\/\/elcotarro.com\/?p=7879\",\"url\":\"https:\/\/elcotarro.com\/?p=7879\",\"name\":\"HONRA A JUAN ANTONIO Y ALICIA VANOOSTENDE - El Cotarro\",\"isPartOf\":{\"@id\":\"https:\/\/elcotarro.com\/#website\"},\"primaryImageOfPage\":{\"@id\":\"https:\/\/elcotarro.com\/?p=7879#primaryimage\"},\"image\":{\"@id\":\"https:\/\/elcotarro.com\/?p=7879#primaryimage\"},\"thumbnailUrl\":\"https:\/\/elcotarro.com\/wp-content\/uploads\/2020\/02\/FOTO-8.-VANOOSTENDE.jpg\",\"datePublished\":\"2020-02-02T09:03:24+00:00\",\"breadcrumb\":{\"@id\":\"https:\/\/elcotarro.com\/?p=7879#breadcrumb\"},\"inLanguage\":\"es\",\"potentialAction\":[{\"@type\":\"ReadAction\",\"target\":[\"https:\/\/elcotarro.com\/?p=7879\"]}]},{\"@type\":\"ImageObject\",\"inLanguage\":\"es\",\"@id\":\"https:\/\/elcotarro.com\/?p=7879#primaryimage\",\"url\":\"https:\/\/elcotarro.com\/wp-content\/uploads\/2020\/02\/FOTO-8.-VANOOSTENDE.jpg\",\"contentUrl\":\"https:\/\/elcotarro.com\/wp-content\/uploads\/2020\/02\/FOTO-8.-VANOOSTENDE.jpg\",\"width\":900,\"height\":600},{\"@type\":\"BreadcrumbList\",\"@id\":\"https:\/\/elcotarro.com\/?p=7879#breadcrumb\",\"itemListElement\":[{\"@type\":\"ListItem\",\"position\":1,\"name\":\"Portada\",\"item\":\"https:\/\/elcotarro.com\/\"},{\"@type\":\"ListItem\",\"position\":2,\"name\":\"HONRA A JUAN ANTONIO Y ALICIA VANOOSTENDE\"}]},{\"@type\":\"WebSite\",\"@id\":\"https:\/\/elcotarro.com\/#website\",\"url\":\"https:\/\/elcotarro.com\/\",\"name\":\"El Cotarro\",\"description\":\"Peri\u00f3dico Digital Independiente dirigido por Jos\u00e9 Carlos Marrero\",\"publisher\":{\"@id\":\"https:\/\/elcotarro.com\/#organization\"},\"potentialAction\":[{\"@type\":\"SearchAction\",\"target\":{\"@type\":\"EntryPoint\",\"urlTemplate\":\"https:\/\/elcotarro.com\/?s={search_term_string}\"},\"query-input\":{\"@type\":\"PropertyValueSpecification\",\"valueRequired\":true,\"valueName\":\"search_term_string\"}}],\"inLanguage\":\"es\"},{\"@type\":\"Organization\",\"@id\":\"https:\/\/elcotarro.com\/#organization\",\"name\":\"El Cotarro\",\"url\":\"https:\/\/elcotarro.com\/\",\"logo\":{\"@type\":\"ImageObject\",\"inLanguage\":\"es\",\"@id\":\"https:\/\/elcotarro.com\/#\/schema\/logo\/image\/\",\"url\":\"https:\/\/elcotarro.com\/wp-content\/uploads\/2014\/09\/Cabecera_El_Cotarro_v2.jpg\",\"contentUrl\":\"https:\/\/elcotarro.com\/wp-content\/uploads\/2014\/09\/Cabecera_El_Cotarro_v2.jpg\",\"width\":3540,\"height\":441,\"caption\":\"El Cotarro\"},\"image\":{\"@id\":\"https:\/\/elcotarro.com\/#\/schema\/logo\/image\/\"},\"sameAs\":[\"https:\/\/www.facebook.com\/ElCotarro.Tenerife\"]},{\"@type\":\"Person\",\"@id\":\"https:\/\/elcotarro.com\/#\/schema\/person\/af537ee7d60d15984c7e0affcd8a918b\",\"name\":\"Jos\u00e9 Carlos Marrero Gonz\u00e1lez\",\"image\":{\"@type\":\"ImageObject\",\"inLanguage\":\"es\",\"@id\":\"https:\/\/elcotarro.com\/#\/schema\/person\/image\/\",\"url\":\"https:\/\/secure.gravatar.com\/avatar\/def4da036efb5d32c74d49c351f6dccc064dd69ad9f3aadc295c5a9a5391ca01?s=96&d=mm&r=g\",\"contentUrl\":\"https:\/\/secure.gravatar.com\/avatar\/def4da036efb5d32c74d49c351f6dccc064dd69ad9f3aadc295c5a9a5391ca01?s=96&d=mm&r=g\",\"caption\":\"Jos\u00e9 Carlos Marrero Gonz\u00e1lez\"},\"sameAs\":[\"https:\/\/elcotarro.com\"],\"url\":\"https:\/\/elcotarro.com\/?author=2\"}]}<\/script>\n<!-- \/ Yoast SEO plugin. -->","yoast_head_json":{"title":"HONRA A JUAN ANTONIO Y ALICIA VANOOSTENDE - El Cotarro","robots":{"index":"index","follow":"follow","max-snippet":"max-snippet:-1","max-image-preview":"max-image-preview:large","max-video-preview":"max-video-preview:-1"},"canonical":"https:\/\/elcotarro.com\/?p=7879","og_locale":"es_ES","og_type":"article","og_title":"HONRA A JUAN ANTONIO Y ALICIA VANOOSTENDE - El Cotarro","og_description":"Creo que, por lo que se ve y lamentablemente, todav\u00eda en Canarias prima en los nombramientos o el mantenimiento de la persona en un cargo, el hecho de que tenga carnet o determinadas simpat\u00edas pol\u00edticas, muchas veces m\u00e1s que por sus conocimientos, experiencia, profesionalidad y resultados en un cargo. Y esto es lo que, me ... Read more","og_url":"https:\/\/elcotarro.com\/?p=7879","og_site_name":"El Cotarro","article_publisher":"https:\/\/www.facebook.com\/ElCotarro.Tenerife","article_published_time":"2020-02-02T09:03:24+00:00","og_image":[{"url":"https:\/\/elcotarro.com\/wp-content\/uploads\/2020\/02\/FOTO-8.-VANOOSTENDE.jpg","type":"","width":"","height":""}],"author":"Jos\u00e9 Carlos Marrero Gonz\u00e1lez","twitter_misc":{"Escrito por":"Jos\u00e9 Carlos Marrero Gonz\u00e1lez","Tiempo de lectura":"1 minuto"},"schema":{"@context":"https:\/\/schema.org","@graph":[{"@type":"Article","@id":"https:\/\/elcotarro.com\/?p=7879#article","isPartOf":{"@id":"https:\/\/elcotarro.com\/?p=7879"},"author":{"name":"Jos\u00e9 Carlos Marrero Gonz\u00e1lez","@id":"https:\/\/elcotarro.com\/#\/schema\/person\/af537ee7d60d15984c7e0affcd8a918b"},"headline":"HONRA A JUAN ANTONIO Y ALICIA VANOOSTENDE","datePublished":"2020-02-02T09:03:24+00:00","mainEntityOfPage":{"@id":"https:\/\/elcotarro.com\/?p=7879"},"wordCount":294,"commentCount":0,"publisher":{"@id":"https:\/\/elcotarro.com\/#organization"},"image":{"@id":"https:\/\/elcotarro.com\/?p=7879#primaryimage"},"thumbnailUrl":"https:\/\/elcotarro.com\/wp-content\/uploads\/2020\/02\/FOTO-8.-VANOOSTENDE.jpg","inLanguage":"es","potentialAction":[{"@type":"CommentAction","name":"Comment","target":["https:\/\/elcotarro.com\/?p=7879#respond"]}]},{"@type":"WebPage","@id":"https:\/\/elcotarro.com\/?p=7879","url":"https:\/\/elcotarro.com\/?p=7879","name":"HONRA A JUAN ANTONIO Y ALICIA VANOOSTENDE - El Cotarro","isPartOf":{"@id":"https:\/\/elcotarro.com\/#website"},"primaryImageOfPage":{"@id":"https:\/\/elcotarro.com\/?p=7879#primaryimage"},"image":{"@id":"https:\/\/elcotarro.com\/?p=7879#primaryimage"},"thumbnailUrl":"https:\/\/elcotarro.com\/wp-content\/uploads\/2020\/02\/FOTO-8.-VANOOSTENDE.jpg","datePublished":"2020-02-02T09:03:24+00:00","breadcrumb":{"@id":"https:\/\/elcotarro.com\/?p=7879#breadcrumb"},"inLanguage":"es","potentialAction":[{"@type":"ReadAction","target":["https:\/\/elcotarro.com\/?p=7879"]}]},{"@type":"ImageObject","inLanguage":"es","@id":"https:\/\/elcotarro.com\/?p=7879#primaryimage","url":"https:\/\/elcotarro.com\/wp-content\/uploads\/2020\/02\/FOTO-8.-VANOOSTENDE.jpg","contentUrl":"https:\/\/elcotarro.com\/wp-content\/uploads\/2020\/02\/FOTO-8.-VANOOSTENDE.jpg","width":900,"height":600},{"@type":"BreadcrumbList","@id":"https:\/\/elcotarro.com\/?p=7879#breadcrumb","itemListElement":[{"@type":"ListItem","position":1,"name":"Portada","item":"https:\/\/elcotarro.com\/"},{"@type":"ListItem","position":2,"name":"HONRA A JUAN ANTONIO Y ALICIA VANOOSTENDE"}]},{"@type":"WebSite","@id":"https:\/\/elcotarro.com\/#website","url":"https:\/\/elcotarro.com\/","name":"El Cotarro","description":"Peri\u00f3dico Digital Independiente dirigido por Jos\u00e9 Carlos Marrero","publisher":{"@id":"https:\/\/elcotarro.com\/#organization"},"potentialAction":[{"@type":"SearchAction","target":{"@type":"EntryPoint","urlTemplate":"https:\/\/elcotarro.com\/?s={search_term_string}"},"query-input":{"@type":"PropertyValueSpecification","valueRequired":true,"valueName":"search_term_string"}}],"inLanguage":"es"},{"@type":"Organization","@id":"https:\/\/elcotarro.com\/#organization","name":"El Cotarro","url":"https:\/\/elcotarro.com\/","logo":{"@type":"ImageObject","inLanguage":"es","@id":"https:\/\/elcotarro.com\/#\/schema\/logo\/image\/","url":"https:\/\/elcotarro.com\/wp-content\/uploads\/2014\/09\/Cabecera_El_Cotarro_v2.jpg","contentUrl":"https:\/\/elcotarro.com\/wp-content\/uploads\/2014\/09\/Cabecera_El_Cotarro_v2.jpg","width":3540,"height":441,"caption":"El Cotarro"},"image":{"@id":"https:\/\/elcotarro.com\/#\/schema\/logo\/image\/"},"sameAs":["https:\/\/www.facebook.com\/ElCotarro.Tenerife"]},{"@type":"Person","@id":"https:\/\/elcotarro.com\/#\/schema\/person\/af537ee7d60d15984c7e0affcd8a918b","name":"Jos\u00e9 Carlos Marrero Gonz\u00e1lez","image":{"@type":"ImageObject","inLanguage":"es","@id":"https:\/\/elcotarro.com\/#\/schema\/person\/image\/","url":"https:\/\/secure.gravatar.com\/avatar\/def4da036efb5d32c74d49c351f6dccc064dd69ad9f3aadc295c5a9a5391ca01?s=96&d=mm&r=g","contentUrl":"https:\/\/secure.gravatar.com\/avatar\/def4da036efb5d32c74d49c351f6dccc064dd69ad9f3aadc295c5a9a5391ca01?s=96&d=mm&r=g","caption":"Jos\u00e9 Carlos Marrero Gonz\u00e1lez"},"sameAs":["https:\/\/elcotarro.com"],"url":"https:\/\/elcotarro.com\/?author=2"}]}},"jetpack_featured_media_url":"","jetpack_sharing_enabled":true,"_links":{"self":[{"href":"https:\/\/elcotarro.com\/index.php?rest_route=\/wp\/v2\/posts\/7879","targetHints":{"allow":["GET"]}}],"collection":[{"href":"https:\/\/elcotarro.com\/index.php?rest_route=\/wp\/v2\/posts"}],"about":[{"href":"https:\/\/elcotarro.com\/index.php?rest_route=\/wp\/v2\/types\/post"}],"author":[{"embeddable":true,"href":"https:\/\/elcotarro.com\/index.php?rest_route=\/wp\/v2\/users\/2"}],"replies":[{"embeddable":true,"href":"https:\/\/elcotarro.com\/index.php?rest_route=%2Fwp%2Fv2%2Fcomments&post=7879"}],"version-history":[{"count":1,"href":"https:\/\/elcotarro.com\/index.php?rest_route=\/wp\/v2\/posts\/7879\/revisions"}],"predecessor-version":[{"id":7881,"href":"https:\/\/elcotarro.com\/index.php?rest_route=\/wp\/v2\/posts\/7879\/revisions\/7881"}],"wp:attachment":[{"href":"https:\/\/elcotarro.com\/index.php?rest_route=%2Fwp%2Fv2%2Fmedia&parent=7879"}],"wp:term":[{"taxonomy":"category","embeddable":true,"href":"https:\/\/elcotarro.com\/index.php?rest_route=%2Fwp%2Fv2%2Fcategories&post=7879"},{"taxonomy":"post_tag","embeddable":true,"href":"https:\/\/elcotarro.com\/index.php?rest_route=%2Fwp%2Fv2%2Ftags&post=7879"}],"curies":[{"name":"wp","href":"https:\/\/api.w.org\/{rel}","templated":true}]}}