{"id":7896,"date":"2020-02-09T09:09:11","date_gmt":"2020-02-09T09:09:11","guid":{"rendered":"https:\/\/elcotarro.com\/?p=7896"},"modified":"2020-02-09T08:43:01","modified_gmt":"2020-02-09T08:43:01","slug":"los-asistentes-por-orden-de-aparicion","status":"publish","type":"post","link":"https:\/\/elcotarro.com\/?p=7896","title":{"rendered":"LOS ASISTENTES POR ORDEN DE APARICI\u00d3N"},"content":{"rendered":"<p>Por orden de llegada, asistieron a la misma <strong>Fernando Berge<\/strong> (presidente de Cajasiete), <strong>Manuel Del Castillo<\/strong> (director general de Cajasiete), Santiago Ses\u00e9 (presidente de la C\u00e1mara de Comercio de Tenerife)\u2008<strong>Lola P\u00e9rez<\/strong> (directora de dicha C\u00e1mara), <strong>Corviniano \u201cKoki\u201d Clavijo<\/strong> (economista, abogado, auditor y empresario de la Comunicaci\u00f3n), <strong>Beatriz Clavijo<\/strong> (hija de <strong>\u201cKoki\u201d,<\/strong> economista y experta en relaciones internacionales), <strong>Carlos Alonso Rodr\u00edguez<\/strong> (economista y expresidente del Cabildo de Tenerife) <strong>Antonio \u201cToni\u201d Relea<\/strong> (abogado vinculado a medios de comunicaci\u00f3n) y otros tres caballeros cuya identidad desconozco, pero de los que, al menos dos, me pareci\u00f3 que eran provenientes del extrarradio peninsular. Ninguno de ellos, por cierto, era Jos\u00e9<strong> Miguel Garrido<\/strong>, que aspira a tener mucho peso en el C.D. Tenerife. Aparte de degustar y disfrutar de los arroces, no s\u00e9 de qu\u00e9 habr\u00e1n hablado en la comida, pero, por la importancia y calidad (personal y profesional) de los asistentes, doy por sentado que algo bueno y positivo habr\u00e1 salido (o saldr\u00e1) para Tenerife y Canarias. Seguro que s\u00ed.<\/p>\n<p style=\"text-align: center\"><a href=\"https:\/\/elcotarro.com\/wp-content\/uploads\/2020\/02\/FOTO-2.-CARLOS-ALONSO.jpg\"><img loading=\"lazy\" decoding=\"async\" class=\"aligncenter size-full wp-image-7897\" src=\"https:\/\/elcotarro.com\/wp-content\/uploads\/2020\/02\/FOTO-2.-CARLOS-ALONSO.jpg\" alt=\"\" width=\"1728\" height=\"1152\" srcset=\"https:\/\/elcotarro.com\/wp-content\/uploads\/2020\/02\/FOTO-2.-CARLOS-ALONSO.jpg 1728w, https:\/\/elcotarro.com\/wp-content\/uploads\/2020\/02\/FOTO-2.-CARLOS-ALONSO-300x200.jpg 300w, https:\/\/elcotarro.com\/wp-content\/uploads\/2020\/02\/FOTO-2.-CARLOS-ALONSO-1024x683.jpg 1024w, https:\/\/elcotarro.com\/wp-content\/uploads\/2020\/02\/FOTO-2.-CARLOS-ALONSO-768x512.jpg 768w, https:\/\/elcotarro.com\/wp-content\/uploads\/2020\/02\/FOTO-2.-CARLOS-ALONSO-1536x1024.jpg 1536w\" sizes=\"auto, (max-width: 1728px) 100vw, 1728px\" \/><\/a><\/p>\n<p style=\"text-align: center\"><em>Carlos Alonso, \u00fanico pol\u00edtico en activo presente en la arrocera comida.<\/em><\/p>\n","protected":false},"excerpt":{"rendered":"<p>Por orden de llegada, asistieron a la misma Fernando Berge (presidente de Cajasiete), Manuel Del Castillo (director general de Cajasiete), Santiago Ses\u00e9 (presidente de la C\u00e1mara de Comercio de Tenerife)\u2008Lola P\u00e9rez (directora de dicha C\u00e1mara), Corviniano \u201cKoki\u201d Clavijo (economista, abogado, auditor y empresario de la Comunicaci\u00f3n), Beatriz Clavijo (hija de \u201cKoki\u201d, economista y experta en &#8230; <a class=\"read-more\" href=\"https:\/\/elcotarro.com\/?p=7896\">Read more<\/a><\/p>\n","protected":false},"author":2,"featured_media":0,"comment_status":"open","ping_status":"open","sticky":false,"template":"","format":"standard","meta":{"_jetpack_memberships_contains_paid_content":false,"footnotes":""},"categories":[1],"tags":[],"class_list":["post-7896","post","type-post","status-publish","format-standard","hentry","category-sin-categoria"],"yoast_head":"<!-- This site is optimized with the Yoast SEO plugin v27.0 - https:\/\/yoast.com\/product\/yoast-seo-wordpress\/ -->\n<title>LOS ASISTENTES POR ORDEN DE APARICI\u00d3N - El Cotarro<\/title>\n<meta name=\"robots\" content=\"index, follow, max-snippet:-1, max-image-preview:large, max-video-preview:-1\" \/>\n<link rel=\"canonical\" href=\"https:\/\/elcotarro.com\/?p=7896\" \/>\n<meta property=\"og:locale\" content=\"es_ES\" \/>\n<meta property=\"og:type\" content=\"article\" \/>\n<meta property=\"og:title\" content=\"LOS ASISTENTES POR ORDEN DE APARICI\u00d3N - El Cotarro\" \/>\n<meta property=\"og:description\" content=\"Por orden de llegada, asistieron a la misma Fernando Berge (presidente de Cajasiete), Manuel Del Castillo (director general de Cajasiete), Santiago Ses\u00e9 (presidente de la C\u00e1mara de Comercio de Tenerife)\u2008Lola P\u00e9rez (directora de dicha C\u00e1mara), Corviniano \u201cKoki\u201d Clavijo (economista, abogado, auditor y empresario de la Comunicaci\u00f3n), Beatriz Clavijo (hija de \u201cKoki\u201d, economista y experta en ... Read more\" \/>\n<meta property=\"og:url\" content=\"https:\/\/elcotarro.com\/?p=7896\" \/>\n<meta property=\"og:site_name\" content=\"El Cotarro\" \/>\n<meta property=\"article:publisher\" content=\"https:\/\/www.facebook.com\/ElCotarro.Tenerife\" \/>\n<meta property=\"article:published_time\" content=\"2020-02-09T09:09:11+00:00\" \/>\n<meta property=\"og:image\" content=\"https:\/\/elcotarro.com\/wp-content\/uploads\/2020\/02\/FOTO-2.-CARLOS-ALONSO.jpg\" \/>\n<meta name=\"author\" content=\"Jos\u00e9 Carlos Marrero Gonz\u00e1lez\" \/>\n<meta name=\"twitter:label1\" content=\"Escrito por\" \/>\n\t<meta name=\"twitter:data1\" content=\"Jos\u00e9 Carlos Marrero Gonz\u00e1lez\" \/>\n\t<meta name=\"twitter:label2\" content=\"Tiempo de lectura\" \/>\n\t<meta name=\"twitter:data2\" content=\"1 minuto\" \/>\n<script type=\"application\/ld+json\" class=\"yoast-schema-graph\">{\"@context\":\"https:\/\/schema.org\",\"@graph\":[{\"@type\":\"Article\",\"@id\":\"https:\/\/elcotarro.com\/?p=7896#article\",\"isPartOf\":{\"@id\":\"https:\/\/elcotarro.com\/?p=7896\"},\"author\":{\"name\":\"Jos\u00e9 Carlos Marrero Gonz\u00e1lez\",\"@id\":\"https:\/\/elcotarro.com\/#\/schema\/person\/af537ee7d60d15984c7e0affcd8a918b\"},\"headline\":\"LOS ASISTENTES POR ORDEN DE APARICI\u00d3N\",\"datePublished\":\"2020-02-09T09:09:11+00:00\",\"mainEntityOfPage\":{\"@id\":\"https:\/\/elcotarro.com\/?p=7896\"},\"wordCount\":193,\"commentCount\":0,\"publisher\":{\"@id\":\"https:\/\/elcotarro.com\/#organization\"},\"image\":{\"@id\":\"https:\/\/elcotarro.com\/?p=7896#primaryimage\"},\"thumbnailUrl\":\"https:\/\/elcotarro.com\/wp-content\/uploads\/2020\/02\/FOTO-2.-CARLOS-ALONSO.jpg\",\"inLanguage\":\"es\",\"potentialAction\":[{\"@type\":\"CommentAction\",\"name\":\"Comment\",\"target\":[\"https:\/\/elcotarro.com\/?p=7896#respond\"]}]},{\"@type\":\"WebPage\",\"@id\":\"https:\/\/elcotarro.com\/?p=7896\",\"url\":\"https:\/\/elcotarro.com\/?p=7896\",\"name\":\"LOS ASISTENTES POR ORDEN DE APARICI\u00d3N - El Cotarro\",\"isPartOf\":{\"@id\":\"https:\/\/elcotarro.com\/#website\"},\"primaryImageOfPage\":{\"@id\":\"https:\/\/elcotarro.com\/?p=7896#primaryimage\"},\"image\":{\"@id\":\"https:\/\/elcotarro.com\/?p=7896#primaryimage\"},\"thumbnailUrl\":\"https:\/\/elcotarro.com\/wp-content\/uploads\/2020\/02\/FOTO-2.-CARLOS-ALONSO.jpg\",\"datePublished\":\"2020-02-09T09:09:11+00:00\",\"breadcrumb\":{\"@id\":\"https:\/\/elcotarro.com\/?p=7896#breadcrumb\"},\"inLanguage\":\"es\",\"potentialAction\":[{\"@type\":\"ReadAction\",\"target\":[\"https:\/\/elcotarro.com\/?p=7896\"]}]},{\"@type\":\"ImageObject\",\"inLanguage\":\"es\",\"@id\":\"https:\/\/elcotarro.com\/?p=7896#primaryimage\",\"url\":\"https:\/\/elcotarro.com\/wp-content\/uploads\/2020\/02\/FOTO-2.-CARLOS-ALONSO.jpg\",\"contentUrl\":\"https:\/\/elcotarro.com\/wp-content\/uploads\/2020\/02\/FOTO-2.-CARLOS-ALONSO.jpg\",\"width\":1728,\"height\":1152},{\"@type\":\"BreadcrumbList\",\"@id\":\"https:\/\/elcotarro.com\/?p=7896#breadcrumb\",\"itemListElement\":[{\"@type\":\"ListItem\",\"position\":1,\"name\":\"Portada\",\"item\":\"https:\/\/elcotarro.com\/\"},{\"@type\":\"ListItem\",\"position\":2,\"name\":\"LOS ASISTENTES POR ORDEN DE APARICI\u00d3N\"}]},{\"@type\":\"WebSite\",\"@id\":\"https:\/\/elcotarro.com\/#website\",\"url\":\"https:\/\/elcotarro.com\/\",\"name\":\"El Cotarro\",\"description\":\"Peri\u00f3dico Digital Independiente dirigido por Jos\u00e9 Carlos Marrero\",\"publisher\":{\"@id\":\"https:\/\/elcotarro.com\/#organization\"},\"potentialAction\":[{\"@type\":\"SearchAction\",\"target\":{\"@type\":\"EntryPoint\",\"urlTemplate\":\"https:\/\/elcotarro.com\/?s={search_term_string}\"},\"query-input\":{\"@type\":\"PropertyValueSpecification\",\"valueRequired\":true,\"valueName\":\"search_term_string\"}}],\"inLanguage\":\"es\"},{\"@type\":\"Organization\",\"@id\":\"https:\/\/elcotarro.com\/#organization\",\"name\":\"El Cotarro\",\"url\":\"https:\/\/elcotarro.com\/\",\"logo\":{\"@type\":\"ImageObject\",\"inLanguage\":\"es\",\"@id\":\"https:\/\/elcotarro.com\/#\/schema\/logo\/image\/\",\"url\":\"https:\/\/elcotarro.com\/wp-content\/uploads\/2014\/09\/Cabecera_El_Cotarro_v2.jpg\",\"contentUrl\":\"https:\/\/elcotarro.com\/wp-content\/uploads\/2014\/09\/Cabecera_El_Cotarro_v2.jpg\",\"width\":3540,\"height\":441,\"caption\":\"El Cotarro\"},\"image\":{\"@id\":\"https:\/\/elcotarro.com\/#\/schema\/logo\/image\/\"},\"sameAs\":[\"https:\/\/www.facebook.com\/ElCotarro.Tenerife\"]},{\"@type\":\"Person\",\"@id\":\"https:\/\/elcotarro.com\/#\/schema\/person\/af537ee7d60d15984c7e0affcd8a918b\",\"name\":\"Jos\u00e9 Carlos Marrero Gonz\u00e1lez\",\"image\":{\"@type\":\"ImageObject\",\"inLanguage\":\"es\",\"@id\":\"https:\/\/elcotarro.com\/#\/schema\/person\/image\/\",\"url\":\"https:\/\/secure.gravatar.com\/avatar\/def4da036efb5d32c74d49c351f6dccc064dd69ad9f3aadc295c5a9a5391ca01?s=96&d=mm&r=g\",\"contentUrl\":\"https:\/\/secure.gravatar.com\/avatar\/def4da036efb5d32c74d49c351f6dccc064dd69ad9f3aadc295c5a9a5391ca01?s=96&d=mm&r=g\",\"caption\":\"Jos\u00e9 Carlos Marrero Gonz\u00e1lez\"},\"sameAs\":[\"https:\/\/elcotarro.com\"],\"url\":\"https:\/\/elcotarro.com\/?author=2\"}]}<\/script>\n<!-- \/ Yoast SEO plugin. -->","yoast_head_json":{"title":"LOS ASISTENTES POR ORDEN DE APARICI\u00d3N - El Cotarro","robots":{"index":"index","follow":"follow","max-snippet":"max-snippet:-1","max-image-preview":"max-image-preview:large","max-video-preview":"max-video-preview:-1"},"canonical":"https:\/\/elcotarro.com\/?p=7896","og_locale":"es_ES","og_type":"article","og_title":"LOS ASISTENTES POR ORDEN DE APARICI\u00d3N - El Cotarro","og_description":"Por orden de llegada, asistieron a la misma Fernando Berge (presidente de Cajasiete), Manuel Del Castillo (director general de Cajasiete), Santiago Ses\u00e9 (presidente de la C\u00e1mara de Comercio de Tenerife)\u2008Lola P\u00e9rez (directora de dicha C\u00e1mara), Corviniano \u201cKoki\u201d Clavijo (economista, abogado, auditor y empresario de la Comunicaci\u00f3n), Beatriz Clavijo (hija de \u201cKoki\u201d, economista y experta en ... Read more","og_url":"https:\/\/elcotarro.com\/?p=7896","og_site_name":"El Cotarro","article_publisher":"https:\/\/www.facebook.com\/ElCotarro.Tenerife","article_published_time":"2020-02-09T09:09:11+00:00","og_image":[{"url":"https:\/\/elcotarro.com\/wp-content\/uploads\/2020\/02\/FOTO-2.-CARLOS-ALONSO.jpg","type":"","width":"","height":""}],"author":"Jos\u00e9 Carlos Marrero Gonz\u00e1lez","twitter_misc":{"Escrito por":"Jos\u00e9 Carlos Marrero Gonz\u00e1lez","Tiempo de lectura":"1 minuto"},"schema":{"@context":"https:\/\/schema.org","@graph":[{"@type":"Article","@id":"https:\/\/elcotarro.com\/?p=7896#article","isPartOf":{"@id":"https:\/\/elcotarro.com\/?p=7896"},"author":{"name":"Jos\u00e9 Carlos Marrero Gonz\u00e1lez","@id":"https:\/\/elcotarro.com\/#\/schema\/person\/af537ee7d60d15984c7e0affcd8a918b"},"headline":"LOS ASISTENTES POR ORDEN DE APARICI\u00d3N","datePublished":"2020-02-09T09:09:11+00:00","mainEntityOfPage":{"@id":"https:\/\/elcotarro.com\/?p=7896"},"wordCount":193,"commentCount":0,"publisher":{"@id":"https:\/\/elcotarro.com\/#organization"},"image":{"@id":"https:\/\/elcotarro.com\/?p=7896#primaryimage"},"thumbnailUrl":"https:\/\/elcotarro.com\/wp-content\/uploads\/2020\/02\/FOTO-2.-CARLOS-ALONSO.jpg","inLanguage":"es","potentialAction":[{"@type":"CommentAction","name":"Comment","target":["https:\/\/elcotarro.com\/?p=7896#respond"]}]},{"@type":"WebPage","@id":"https:\/\/elcotarro.com\/?p=7896","url":"https:\/\/elcotarro.com\/?p=7896","name":"LOS ASISTENTES POR ORDEN DE APARICI\u00d3N - El Cotarro","isPartOf":{"@id":"https:\/\/elcotarro.com\/#website"},"primaryImageOfPage":{"@id":"https:\/\/elcotarro.com\/?p=7896#primaryimage"},"image":{"@id":"https:\/\/elcotarro.com\/?p=7896#primaryimage"},"thumbnailUrl":"https:\/\/elcotarro.com\/wp-content\/uploads\/2020\/02\/FOTO-2.-CARLOS-ALONSO.jpg","datePublished":"2020-02-09T09:09:11+00:00","breadcrumb":{"@id":"https:\/\/elcotarro.com\/?p=7896#breadcrumb"},"inLanguage":"es","potentialAction":[{"@type":"ReadAction","target":["https:\/\/elcotarro.com\/?p=7896"]}]},{"@type":"ImageObject","inLanguage":"es","@id":"https:\/\/elcotarro.com\/?p=7896#primaryimage","url":"https:\/\/elcotarro.com\/wp-content\/uploads\/2020\/02\/FOTO-2.-CARLOS-ALONSO.jpg","contentUrl":"https:\/\/elcotarro.com\/wp-content\/uploads\/2020\/02\/FOTO-2.-CARLOS-ALONSO.jpg","width":1728,"height":1152},{"@type":"BreadcrumbList","@id":"https:\/\/elcotarro.com\/?p=7896#breadcrumb","itemListElement":[{"@type":"ListItem","position":1,"name":"Portada","item":"https:\/\/elcotarro.com\/"},{"@type":"ListItem","position":2,"name":"LOS ASISTENTES POR ORDEN DE APARICI\u00d3N"}]},{"@type":"WebSite","@id":"https:\/\/elcotarro.com\/#website","url":"https:\/\/elcotarro.com\/","name":"El Cotarro","description":"Peri\u00f3dico Digital Independiente dirigido por Jos\u00e9 Carlos Marrero","publisher":{"@id":"https:\/\/elcotarro.com\/#organization"},"potentialAction":[{"@type":"SearchAction","target":{"@type":"EntryPoint","urlTemplate":"https:\/\/elcotarro.com\/?s={search_term_string}"},"query-input":{"@type":"PropertyValueSpecification","valueRequired":true,"valueName":"search_term_string"}}],"inLanguage":"es"},{"@type":"Organization","@id":"https:\/\/elcotarro.com\/#organization","name":"El Cotarro","url":"https:\/\/elcotarro.com\/","logo":{"@type":"ImageObject","inLanguage":"es","@id":"https:\/\/elcotarro.com\/#\/schema\/logo\/image\/","url":"https:\/\/elcotarro.com\/wp-content\/uploads\/2014\/09\/Cabecera_El_Cotarro_v2.jpg","contentUrl":"https:\/\/elcotarro.com\/wp-content\/uploads\/2014\/09\/Cabecera_El_Cotarro_v2.jpg","width":3540,"height":441,"caption":"El Cotarro"},"image":{"@id":"https:\/\/elcotarro.com\/#\/schema\/logo\/image\/"},"sameAs":["https:\/\/www.facebook.com\/ElCotarro.Tenerife"]},{"@type":"Person","@id":"https:\/\/elcotarro.com\/#\/schema\/person\/af537ee7d60d15984c7e0affcd8a918b","name":"Jos\u00e9 Carlos Marrero Gonz\u00e1lez","image":{"@type":"ImageObject","inLanguage":"es","@id":"https:\/\/elcotarro.com\/#\/schema\/person\/image\/","url":"https:\/\/secure.gravatar.com\/avatar\/def4da036efb5d32c74d49c351f6dccc064dd69ad9f3aadc295c5a9a5391ca01?s=96&d=mm&r=g","contentUrl":"https:\/\/secure.gravatar.com\/avatar\/def4da036efb5d32c74d49c351f6dccc064dd69ad9f3aadc295c5a9a5391ca01?s=96&d=mm&r=g","caption":"Jos\u00e9 Carlos Marrero Gonz\u00e1lez"},"sameAs":["https:\/\/elcotarro.com"],"url":"https:\/\/elcotarro.com\/?author=2"}]}},"jetpack_featured_media_url":"","jetpack_sharing_enabled":true,"_links":{"self":[{"href":"https:\/\/elcotarro.com\/index.php?rest_route=\/wp\/v2\/posts\/7896","targetHints":{"allow":["GET"]}}],"collection":[{"href":"https:\/\/elcotarro.com\/index.php?rest_route=\/wp\/v2\/posts"}],"about":[{"href":"https:\/\/elcotarro.com\/index.php?rest_route=\/wp\/v2\/types\/post"}],"author":[{"embeddable":true,"href":"https:\/\/elcotarro.com\/index.php?rest_route=\/wp\/v2\/users\/2"}],"replies":[{"embeddable":true,"href":"https:\/\/elcotarro.com\/index.php?rest_route=%2Fwp%2Fv2%2Fcomments&post=7896"}],"version-history":[{"count":1,"href":"https:\/\/elcotarro.com\/index.php?rest_route=\/wp\/v2\/posts\/7896\/revisions"}],"predecessor-version":[{"id":7898,"href":"https:\/\/elcotarro.com\/index.php?rest_route=\/wp\/v2\/posts\/7896\/revisions\/7898"}],"wp:attachment":[{"href":"https:\/\/elcotarro.com\/index.php?rest_route=%2Fwp%2Fv2%2Fmedia&parent=7896"}],"wp:term":[{"taxonomy":"category","embeddable":true,"href":"https:\/\/elcotarro.com\/index.php?rest_route=%2Fwp%2Fv2%2Fcategories&post=7896"},{"taxonomy":"post_tag","embeddable":true,"href":"https:\/\/elcotarro.com\/index.php?rest_route=%2Fwp%2Fv2%2Ftags&post=7896"}],"curies":[{"name":"wp","href":"https:\/\/api.w.org\/{rel}","templated":true}]}}