{"id":7905,"date":"2020-02-09T09:06:37","date_gmt":"2020-02-09T09:06:37","guid":{"rendered":"https:\/\/elcotarro.com\/?p=7905"},"modified":"2020-02-09T08:45:09","modified_gmt":"2020-02-09T08:45:09","slug":"cartel-oficial-hecho-con-bellas-artes","status":"publish","type":"post","link":"https:\/\/elcotarro.com\/?p=7905","title":{"rendered":"CARTEL OFICIAL HECHO CON BELLAS ARTES"},"content":{"rendered":"<p>El pasado mes de diciembre, la organizaci\u00f3n del Sal\u00f3n Gastron\u00f3mico de Canarias cerr\u00f3 un convenio con la Facultad de Bellas Artes de la Universidad de la Laguna (ULL), con la inestimable colaboraci\u00f3n del decano de la misma, <strong>Alfonso Ruiz Rallo<\/strong> y el profesorado de dicha facultad. El objetivo \u00faltimo de la organizaci\u00f3n de GastroCanarias conjuntamente con el Cabildo de Tenerife, era definir y elegir el dise\u00f1o del cartel oficial del 7\u00ba Sal\u00f3n Gastron\u00f3mico de Canarias de la mejor manera, pero no por medio de un encargo directo a un dise\u00f1ador o empresa determinada, sino a trav\u00e9s de un concurso en el que se pudiera dar al alumnado de la Facultad de Bellas Artes de la ULL la posibilidad de que fueran ellas y ellos los dise\u00f1adores de dicho cartel oficial de GastroCanarias 2020 y que esta oportunidad les pudiera servir como plataforma de presentaci\u00f3n p\u00fablica y trampol\u00edn para darse a conocer como artistas.<\/p>\n<p style=\"text-align: center\"><a href=\"https:\/\/elcotarro.com\/wp-content\/uploads\/2020\/02\/FOTO-5.-ALFONSO-RUIZ.jpg\"><img loading=\"lazy\" decoding=\"async\" class=\"aligncenter size-full wp-image-7906\" src=\"https:\/\/elcotarro.com\/wp-content\/uploads\/2020\/02\/FOTO-5.-ALFONSO-RUIZ.jpg\" alt=\"\" width=\"1200\" height=\"756\" srcset=\"https:\/\/elcotarro.com\/wp-content\/uploads\/2020\/02\/FOTO-5.-ALFONSO-RUIZ.jpg 1200w, https:\/\/elcotarro.com\/wp-content\/uploads\/2020\/02\/FOTO-5.-ALFONSO-RUIZ-300x189.jpg 300w, https:\/\/elcotarro.com\/wp-content\/uploads\/2020\/02\/FOTO-5.-ALFONSO-RUIZ-1024x645.jpg 1024w, https:\/\/elcotarro.com\/wp-content\/uploads\/2020\/02\/FOTO-5.-ALFONSO-RUIZ-768x484.jpg 768w\" sizes=\"auto, (max-width: 1200px) 100vw, 1200px\" \/><\/a><\/p>\n<p style=\"text-align: center\"><em>Alfonso Ruiz Rallo, decano de la Facultad de Bellas Artes de la Universidad de ULL.<\/em><\/p>\n","protected":false},"excerpt":{"rendered":"<p>El pasado mes de diciembre, la organizaci\u00f3n del Sal\u00f3n Gastron\u00f3mico de Canarias cerr\u00f3 un convenio con la Facultad de Bellas Artes de la Universidad de la Laguna (ULL), con la inestimable colaboraci\u00f3n del decano de la misma, Alfonso Ruiz Rallo y el profesorado de dicha facultad. El objetivo \u00faltimo de la organizaci\u00f3n de GastroCanarias conjuntamente &#8230; <a class=\"read-more\" href=\"https:\/\/elcotarro.com\/?p=7905\">Read more<\/a><\/p>\n","protected":false},"author":2,"featured_media":0,"comment_status":"open","ping_status":"open","sticky":false,"template":"","format":"standard","meta":{"_jetpack_memberships_contains_paid_content":false,"footnotes":""},"categories":[1],"tags":[],"class_list":["post-7905","post","type-post","status-publish","format-standard","hentry","category-sin-categoria"],"yoast_head":"<!-- This site is optimized with the Yoast SEO plugin v27.0 - https:\/\/yoast.com\/product\/yoast-seo-wordpress\/ -->\n<title>CARTEL OFICIAL HECHO CON BELLAS ARTES - El Cotarro<\/title>\n<meta name=\"robots\" content=\"index, follow, max-snippet:-1, max-image-preview:large, max-video-preview:-1\" \/>\n<link rel=\"canonical\" href=\"https:\/\/elcotarro.com\/?p=7905\" \/>\n<meta property=\"og:locale\" content=\"es_ES\" \/>\n<meta property=\"og:type\" content=\"article\" \/>\n<meta property=\"og:title\" content=\"CARTEL OFICIAL HECHO CON BELLAS ARTES - El Cotarro\" \/>\n<meta property=\"og:description\" content=\"El pasado mes de diciembre, la organizaci\u00f3n del Sal\u00f3n Gastron\u00f3mico de Canarias cerr\u00f3 un convenio con la Facultad de Bellas Artes de la Universidad de la Laguna (ULL), con la inestimable colaboraci\u00f3n del decano de la misma, Alfonso Ruiz Rallo y el profesorado de dicha facultad. El objetivo \u00faltimo de la organizaci\u00f3n de GastroCanarias conjuntamente ... Read more\" \/>\n<meta property=\"og:url\" content=\"https:\/\/elcotarro.com\/?p=7905\" \/>\n<meta property=\"og:site_name\" content=\"El Cotarro\" \/>\n<meta property=\"article:publisher\" content=\"https:\/\/www.facebook.com\/ElCotarro.Tenerife\" \/>\n<meta property=\"article:published_time\" content=\"2020-02-09T09:06:37+00:00\" \/>\n<meta property=\"og:image\" content=\"https:\/\/elcotarro.com\/wp-content\/uploads\/2020\/02\/FOTO-5.-ALFONSO-RUIZ.jpg\" \/>\n<meta name=\"author\" content=\"Jos\u00e9 Carlos Marrero Gonz\u00e1lez\" \/>\n<meta name=\"twitter:label1\" content=\"Escrito por\" \/>\n\t<meta name=\"twitter:data1\" content=\"Jos\u00e9 Carlos Marrero Gonz\u00e1lez\" \/>\n\t<meta name=\"twitter:label2\" content=\"Tiempo de lectura\" \/>\n\t<meta name=\"twitter:data2\" content=\"1 minuto\" \/>\n<script type=\"application\/ld+json\" class=\"yoast-schema-graph\">{\"@context\":\"https:\/\/schema.org\",\"@graph\":[{\"@type\":\"Article\",\"@id\":\"https:\/\/elcotarro.com\/?p=7905#article\",\"isPartOf\":{\"@id\":\"https:\/\/elcotarro.com\/?p=7905\"},\"author\":{\"name\":\"Jos\u00e9 Carlos Marrero Gonz\u00e1lez\",\"@id\":\"https:\/\/elcotarro.com\/#\/schema\/person\/af537ee7d60d15984c7e0affcd8a918b\"},\"headline\":\"CARTEL OFICIAL HECHO CON BELLAS ARTES\",\"datePublished\":\"2020-02-09T09:06:37+00:00\",\"mainEntityOfPage\":{\"@id\":\"https:\/\/elcotarro.com\/?p=7905\"},\"wordCount\":186,\"commentCount\":0,\"publisher\":{\"@id\":\"https:\/\/elcotarro.com\/#organization\"},\"image\":{\"@id\":\"https:\/\/elcotarro.com\/?p=7905#primaryimage\"},\"thumbnailUrl\":\"https:\/\/elcotarro.com\/wp-content\/uploads\/2020\/02\/FOTO-5.-ALFONSO-RUIZ.jpg\",\"inLanguage\":\"es\",\"potentialAction\":[{\"@type\":\"CommentAction\",\"name\":\"Comment\",\"target\":[\"https:\/\/elcotarro.com\/?p=7905#respond\"]}]},{\"@type\":\"WebPage\",\"@id\":\"https:\/\/elcotarro.com\/?p=7905\",\"url\":\"https:\/\/elcotarro.com\/?p=7905\",\"name\":\"CARTEL OFICIAL HECHO CON BELLAS ARTES - El Cotarro\",\"isPartOf\":{\"@id\":\"https:\/\/elcotarro.com\/#website\"},\"primaryImageOfPage\":{\"@id\":\"https:\/\/elcotarro.com\/?p=7905#primaryimage\"},\"image\":{\"@id\":\"https:\/\/elcotarro.com\/?p=7905#primaryimage\"},\"thumbnailUrl\":\"https:\/\/elcotarro.com\/wp-content\/uploads\/2020\/02\/FOTO-5.-ALFONSO-RUIZ.jpg\",\"datePublished\":\"2020-02-09T09:06:37+00:00\",\"breadcrumb\":{\"@id\":\"https:\/\/elcotarro.com\/?p=7905#breadcrumb\"},\"inLanguage\":\"es\",\"potentialAction\":[{\"@type\":\"ReadAction\",\"target\":[\"https:\/\/elcotarro.com\/?p=7905\"]}]},{\"@type\":\"ImageObject\",\"inLanguage\":\"es\",\"@id\":\"https:\/\/elcotarro.com\/?p=7905#primaryimage\",\"url\":\"https:\/\/elcotarro.com\/wp-content\/uploads\/2020\/02\/FOTO-5.-ALFONSO-RUIZ.jpg\",\"contentUrl\":\"https:\/\/elcotarro.com\/wp-content\/uploads\/2020\/02\/FOTO-5.-ALFONSO-RUIZ.jpg\",\"width\":1200,\"height\":756},{\"@type\":\"BreadcrumbList\",\"@id\":\"https:\/\/elcotarro.com\/?p=7905#breadcrumb\",\"itemListElement\":[{\"@type\":\"ListItem\",\"position\":1,\"name\":\"Portada\",\"item\":\"https:\/\/elcotarro.com\/\"},{\"@type\":\"ListItem\",\"position\":2,\"name\":\"CARTEL OFICIAL HECHO CON BELLAS ARTES\"}]},{\"@type\":\"WebSite\",\"@id\":\"https:\/\/elcotarro.com\/#website\",\"url\":\"https:\/\/elcotarro.com\/\",\"name\":\"El Cotarro\",\"description\":\"Peri\u00f3dico Digital Independiente dirigido por Jos\u00e9 Carlos Marrero\",\"publisher\":{\"@id\":\"https:\/\/elcotarro.com\/#organization\"},\"potentialAction\":[{\"@type\":\"SearchAction\",\"target\":{\"@type\":\"EntryPoint\",\"urlTemplate\":\"https:\/\/elcotarro.com\/?s={search_term_string}\"},\"query-input\":{\"@type\":\"PropertyValueSpecification\",\"valueRequired\":true,\"valueName\":\"search_term_string\"}}],\"inLanguage\":\"es\"},{\"@type\":\"Organization\",\"@id\":\"https:\/\/elcotarro.com\/#organization\",\"name\":\"El Cotarro\",\"url\":\"https:\/\/elcotarro.com\/\",\"logo\":{\"@type\":\"ImageObject\",\"inLanguage\":\"es\",\"@id\":\"https:\/\/elcotarro.com\/#\/schema\/logo\/image\/\",\"url\":\"https:\/\/elcotarro.com\/wp-content\/uploads\/2014\/09\/Cabecera_El_Cotarro_v2.jpg\",\"contentUrl\":\"https:\/\/elcotarro.com\/wp-content\/uploads\/2014\/09\/Cabecera_El_Cotarro_v2.jpg\",\"width\":3540,\"height\":441,\"caption\":\"El Cotarro\"},\"image\":{\"@id\":\"https:\/\/elcotarro.com\/#\/schema\/logo\/image\/\"},\"sameAs\":[\"https:\/\/www.facebook.com\/ElCotarro.Tenerife\"]},{\"@type\":\"Person\",\"@id\":\"https:\/\/elcotarro.com\/#\/schema\/person\/af537ee7d60d15984c7e0affcd8a918b\",\"name\":\"Jos\u00e9 Carlos Marrero Gonz\u00e1lez\",\"image\":{\"@type\":\"ImageObject\",\"inLanguage\":\"es\",\"@id\":\"https:\/\/elcotarro.com\/#\/schema\/person\/image\/\",\"url\":\"https:\/\/secure.gravatar.com\/avatar\/def4da036efb5d32c74d49c351f6dccc064dd69ad9f3aadc295c5a9a5391ca01?s=96&d=mm&r=g\",\"contentUrl\":\"https:\/\/secure.gravatar.com\/avatar\/def4da036efb5d32c74d49c351f6dccc064dd69ad9f3aadc295c5a9a5391ca01?s=96&d=mm&r=g\",\"caption\":\"Jos\u00e9 Carlos Marrero Gonz\u00e1lez\"},\"sameAs\":[\"https:\/\/elcotarro.com\"],\"url\":\"https:\/\/elcotarro.com\/?author=2\"}]}<\/script>\n<!-- \/ Yoast SEO plugin. -->","yoast_head_json":{"title":"CARTEL OFICIAL HECHO CON BELLAS ARTES - El Cotarro","robots":{"index":"index","follow":"follow","max-snippet":"max-snippet:-1","max-image-preview":"max-image-preview:large","max-video-preview":"max-video-preview:-1"},"canonical":"https:\/\/elcotarro.com\/?p=7905","og_locale":"es_ES","og_type":"article","og_title":"CARTEL OFICIAL HECHO CON BELLAS ARTES - El Cotarro","og_description":"El pasado mes de diciembre, la organizaci\u00f3n del Sal\u00f3n Gastron\u00f3mico de Canarias cerr\u00f3 un convenio con la Facultad de Bellas Artes de la Universidad de la Laguna (ULL), con la inestimable colaboraci\u00f3n del decano de la misma, Alfonso Ruiz Rallo y el profesorado de dicha facultad. El objetivo \u00faltimo de la organizaci\u00f3n de GastroCanarias conjuntamente ... Read more","og_url":"https:\/\/elcotarro.com\/?p=7905","og_site_name":"El Cotarro","article_publisher":"https:\/\/www.facebook.com\/ElCotarro.Tenerife","article_published_time":"2020-02-09T09:06:37+00:00","og_image":[{"url":"https:\/\/elcotarro.com\/wp-content\/uploads\/2020\/02\/FOTO-5.-ALFONSO-RUIZ.jpg","type":"","width":"","height":""}],"author":"Jos\u00e9 Carlos Marrero Gonz\u00e1lez","twitter_misc":{"Escrito por":"Jos\u00e9 Carlos Marrero Gonz\u00e1lez","Tiempo de lectura":"1 minuto"},"schema":{"@context":"https:\/\/schema.org","@graph":[{"@type":"Article","@id":"https:\/\/elcotarro.com\/?p=7905#article","isPartOf":{"@id":"https:\/\/elcotarro.com\/?p=7905"},"author":{"name":"Jos\u00e9 Carlos Marrero Gonz\u00e1lez","@id":"https:\/\/elcotarro.com\/#\/schema\/person\/af537ee7d60d15984c7e0affcd8a918b"},"headline":"CARTEL OFICIAL HECHO CON BELLAS ARTES","datePublished":"2020-02-09T09:06:37+00:00","mainEntityOfPage":{"@id":"https:\/\/elcotarro.com\/?p=7905"},"wordCount":186,"commentCount":0,"publisher":{"@id":"https:\/\/elcotarro.com\/#organization"},"image":{"@id":"https:\/\/elcotarro.com\/?p=7905#primaryimage"},"thumbnailUrl":"https:\/\/elcotarro.com\/wp-content\/uploads\/2020\/02\/FOTO-5.-ALFONSO-RUIZ.jpg","inLanguage":"es","potentialAction":[{"@type":"CommentAction","name":"Comment","target":["https:\/\/elcotarro.com\/?p=7905#respond"]}]},{"@type":"WebPage","@id":"https:\/\/elcotarro.com\/?p=7905","url":"https:\/\/elcotarro.com\/?p=7905","name":"CARTEL OFICIAL HECHO CON BELLAS ARTES - El Cotarro","isPartOf":{"@id":"https:\/\/elcotarro.com\/#website"},"primaryImageOfPage":{"@id":"https:\/\/elcotarro.com\/?p=7905#primaryimage"},"image":{"@id":"https:\/\/elcotarro.com\/?p=7905#primaryimage"},"thumbnailUrl":"https:\/\/elcotarro.com\/wp-content\/uploads\/2020\/02\/FOTO-5.-ALFONSO-RUIZ.jpg","datePublished":"2020-02-09T09:06:37+00:00","breadcrumb":{"@id":"https:\/\/elcotarro.com\/?p=7905#breadcrumb"},"inLanguage":"es","potentialAction":[{"@type":"ReadAction","target":["https:\/\/elcotarro.com\/?p=7905"]}]},{"@type":"ImageObject","inLanguage":"es","@id":"https:\/\/elcotarro.com\/?p=7905#primaryimage","url":"https:\/\/elcotarro.com\/wp-content\/uploads\/2020\/02\/FOTO-5.-ALFONSO-RUIZ.jpg","contentUrl":"https:\/\/elcotarro.com\/wp-content\/uploads\/2020\/02\/FOTO-5.-ALFONSO-RUIZ.jpg","width":1200,"height":756},{"@type":"BreadcrumbList","@id":"https:\/\/elcotarro.com\/?p=7905#breadcrumb","itemListElement":[{"@type":"ListItem","position":1,"name":"Portada","item":"https:\/\/elcotarro.com\/"},{"@type":"ListItem","position":2,"name":"CARTEL OFICIAL HECHO CON BELLAS ARTES"}]},{"@type":"WebSite","@id":"https:\/\/elcotarro.com\/#website","url":"https:\/\/elcotarro.com\/","name":"El Cotarro","description":"Peri\u00f3dico Digital Independiente dirigido por Jos\u00e9 Carlos Marrero","publisher":{"@id":"https:\/\/elcotarro.com\/#organization"},"potentialAction":[{"@type":"SearchAction","target":{"@type":"EntryPoint","urlTemplate":"https:\/\/elcotarro.com\/?s={search_term_string}"},"query-input":{"@type":"PropertyValueSpecification","valueRequired":true,"valueName":"search_term_string"}}],"inLanguage":"es"},{"@type":"Organization","@id":"https:\/\/elcotarro.com\/#organization","name":"El Cotarro","url":"https:\/\/elcotarro.com\/","logo":{"@type":"ImageObject","inLanguage":"es","@id":"https:\/\/elcotarro.com\/#\/schema\/logo\/image\/","url":"https:\/\/elcotarro.com\/wp-content\/uploads\/2014\/09\/Cabecera_El_Cotarro_v2.jpg","contentUrl":"https:\/\/elcotarro.com\/wp-content\/uploads\/2014\/09\/Cabecera_El_Cotarro_v2.jpg","width":3540,"height":441,"caption":"El Cotarro"},"image":{"@id":"https:\/\/elcotarro.com\/#\/schema\/logo\/image\/"},"sameAs":["https:\/\/www.facebook.com\/ElCotarro.Tenerife"]},{"@type":"Person","@id":"https:\/\/elcotarro.com\/#\/schema\/person\/af537ee7d60d15984c7e0affcd8a918b","name":"Jos\u00e9 Carlos Marrero Gonz\u00e1lez","image":{"@type":"ImageObject","inLanguage":"es","@id":"https:\/\/elcotarro.com\/#\/schema\/person\/image\/","url":"https:\/\/secure.gravatar.com\/avatar\/def4da036efb5d32c74d49c351f6dccc064dd69ad9f3aadc295c5a9a5391ca01?s=96&d=mm&r=g","contentUrl":"https:\/\/secure.gravatar.com\/avatar\/def4da036efb5d32c74d49c351f6dccc064dd69ad9f3aadc295c5a9a5391ca01?s=96&d=mm&r=g","caption":"Jos\u00e9 Carlos Marrero Gonz\u00e1lez"},"sameAs":["https:\/\/elcotarro.com"],"url":"https:\/\/elcotarro.com\/?author=2"}]}},"jetpack_featured_media_url":"","jetpack_sharing_enabled":true,"_links":{"self":[{"href":"https:\/\/elcotarro.com\/index.php?rest_route=\/wp\/v2\/posts\/7905","targetHints":{"allow":["GET"]}}],"collection":[{"href":"https:\/\/elcotarro.com\/index.php?rest_route=\/wp\/v2\/posts"}],"about":[{"href":"https:\/\/elcotarro.com\/index.php?rest_route=\/wp\/v2\/types\/post"}],"author":[{"embeddable":true,"href":"https:\/\/elcotarro.com\/index.php?rest_route=\/wp\/v2\/users\/2"}],"replies":[{"embeddable":true,"href":"https:\/\/elcotarro.com\/index.php?rest_route=%2Fwp%2Fv2%2Fcomments&post=7905"}],"version-history":[{"count":1,"href":"https:\/\/elcotarro.com\/index.php?rest_route=\/wp\/v2\/posts\/7905\/revisions"}],"predecessor-version":[{"id":7907,"href":"https:\/\/elcotarro.com\/index.php?rest_route=\/wp\/v2\/posts\/7905\/revisions\/7907"}],"wp:attachment":[{"href":"https:\/\/elcotarro.com\/index.php?rest_route=%2Fwp%2Fv2%2Fmedia&parent=7905"}],"wp:term":[{"taxonomy":"category","embeddable":true,"href":"https:\/\/elcotarro.com\/index.php?rest_route=%2Fwp%2Fv2%2Fcategories&post=7905"},{"taxonomy":"post_tag","embeddable":true,"href":"https:\/\/elcotarro.com\/index.php?rest_route=%2Fwp%2Fv2%2Ftags&post=7905"}],"curies":[{"name":"wp","href":"https:\/\/api.w.org\/{rel}","templated":true}]}}