{"id":7908,"date":"2020-02-09T09:05:13","date_gmt":"2020-02-09T09:05:13","guid":{"rendered":"https:\/\/elcotarro.com\/?p=7908"},"modified":"2020-02-09T08:45:57","modified_gmt":"2020-02-09T08:45:57","slug":"y-gano-ana-isabel-gonzalez-gutierrez","status":"publish","type":"post","link":"https:\/\/elcotarro.com\/?p=7908","title":{"rendered":"Y GAN\u00d3 ANA ISABEL GONZ\u00c1LEZ GUTI\u00c9RREZ"},"content":{"rendered":"<p>Al certamen se presentaron 17 candidaturas con otros tantos dise\u00f1os, tanto de alumnado del grado de la Facultad de Bellas Artes, as\u00ed como de m\u00e1steres o doctorandos de la misma. El jurado calificador designado al efecto para elegir el dise\u00f1o ganador se conform\u00f3 con profesores de la facultad y expertos en la materia, junto con miembros de la organizaci\u00f3n del Sal\u00f3n Gastron\u00f3mico. Tras una primera deliberaci\u00f3n se realiz\u00f3 una pre-selecci\u00f3n de diez dise\u00f1os finalistas, y, tras un posterior debate y por unanimidad, el jurado calificador eligi\u00f3 como ganador un dise\u00f1o que, tras la apertura del sobre que conten\u00eda el nombre del autor, result\u00f3 ser el dise\u00f1o presentado por Ana Isabel Gonz\u00e1lez Guti\u00e9rrez, residente en Tejina (La Laguna) y alumna del m\u00e1ster de Dise\u00f1o e Innovaci\u00f3n para el Sector Tur\u00edstico.<\/p>\n<p style=\"text-align: center\"><a href=\"https:\/\/elcotarro.com\/wp-content\/uploads\/2020\/02\/FOTO-6.-CARTEL-2020.jpeg\"><img loading=\"lazy\" decoding=\"async\" class=\"aligncenter size-full wp-image-7909\" src=\"https:\/\/elcotarro.com\/wp-content\/uploads\/2020\/02\/FOTO-6.-CARTEL-2020.jpeg\" alt=\"\" width=\"1131\" height=\"1600\" srcset=\"https:\/\/elcotarro.com\/wp-content\/uploads\/2020\/02\/FOTO-6.-CARTEL-2020.jpeg 1131w, https:\/\/elcotarro.com\/wp-content\/uploads\/2020\/02\/FOTO-6.-CARTEL-2020-212x300.jpeg 212w, https:\/\/elcotarro.com\/wp-content\/uploads\/2020\/02\/FOTO-6.-CARTEL-2020-724x1024.jpeg 724w, https:\/\/elcotarro.com\/wp-content\/uploads\/2020\/02\/FOTO-6.-CARTEL-2020-768x1086.jpeg 768w, https:\/\/elcotarro.com\/wp-content\/uploads\/2020\/02\/FOTO-6.-CARTEL-2020-1086x1536.jpeg 1086w\" sizes=\"auto, (max-width: 1131px) 100vw, 1131px\" \/><\/a><\/p>\n<p style=\"text-align: center\"><em>Cartel oficial de GastroCanarias 2020, obra de Ana Isabel Gonz\u00e1lez Guti\u00e9rrez.<\/em><\/p>\n","protected":false},"excerpt":{"rendered":"<p>Al certamen se presentaron 17 candidaturas con otros tantos dise\u00f1os, tanto de alumnado del grado de la Facultad de Bellas Artes, as\u00ed como de m\u00e1steres o doctorandos de la misma. El jurado calificador designado al efecto para elegir el dise\u00f1o ganador se conform\u00f3 con profesores de la facultad y expertos en la materia, junto con &#8230; <a class=\"read-more\" href=\"https:\/\/elcotarro.com\/?p=7908\">Read more<\/a><\/p>\n","protected":false},"author":2,"featured_media":0,"comment_status":"open","ping_status":"open","sticky":false,"template":"","format":"standard","meta":{"_jetpack_memberships_contains_paid_content":false,"footnotes":""},"categories":[1],"tags":[],"class_list":["post-7908","post","type-post","status-publish","format-standard","hentry","category-sin-categoria"],"yoast_head":"<!-- This site is optimized with the Yoast SEO plugin v27.0 - https:\/\/yoast.com\/product\/yoast-seo-wordpress\/ -->\n<title>Y GAN\u00d3 ANA ISABEL GONZ\u00c1LEZ GUTI\u00c9RREZ - El Cotarro<\/title>\n<meta name=\"robots\" content=\"index, follow, max-snippet:-1, max-image-preview:large, max-video-preview:-1\" \/>\n<link rel=\"canonical\" href=\"https:\/\/elcotarro.com\/?p=7908\" \/>\n<meta property=\"og:locale\" content=\"es_ES\" \/>\n<meta property=\"og:type\" content=\"article\" \/>\n<meta property=\"og:title\" content=\"Y GAN\u00d3 ANA ISABEL GONZ\u00c1LEZ GUTI\u00c9RREZ - El Cotarro\" \/>\n<meta property=\"og:description\" content=\"Al certamen se presentaron 17 candidaturas con otros tantos dise\u00f1os, tanto de alumnado del grado de la Facultad de Bellas Artes, as\u00ed como de m\u00e1steres o doctorandos de la misma. El jurado calificador designado al efecto para elegir el dise\u00f1o ganador se conform\u00f3 con profesores de la facultad y expertos en la materia, junto con ... Read more\" \/>\n<meta property=\"og:url\" content=\"https:\/\/elcotarro.com\/?p=7908\" \/>\n<meta property=\"og:site_name\" content=\"El Cotarro\" \/>\n<meta property=\"article:publisher\" content=\"https:\/\/www.facebook.com\/ElCotarro.Tenerife\" \/>\n<meta property=\"article:published_time\" content=\"2020-02-09T09:05:13+00:00\" \/>\n<meta property=\"og:image\" content=\"https:\/\/elcotarro.com\/wp-content\/uploads\/2020\/02\/FOTO-6.-CARTEL-2020.jpeg\" \/>\n<meta name=\"author\" content=\"Jos\u00e9 Carlos Marrero Gonz\u00e1lez\" \/>\n<meta name=\"twitter:label1\" content=\"Escrito por\" \/>\n\t<meta name=\"twitter:data1\" content=\"Jos\u00e9 Carlos Marrero Gonz\u00e1lez\" \/>\n\t<meta name=\"twitter:label2\" content=\"Tiempo de lectura\" \/>\n\t<meta name=\"twitter:data2\" content=\"1 minuto\" \/>\n<script type=\"application\/ld+json\" class=\"yoast-schema-graph\">{\"@context\":\"https:\/\/schema.org\",\"@graph\":[{\"@type\":\"Article\",\"@id\":\"https:\/\/elcotarro.com\/?p=7908#article\",\"isPartOf\":{\"@id\":\"https:\/\/elcotarro.com\/?p=7908\"},\"author\":{\"name\":\"Jos\u00e9 Carlos Marrero Gonz\u00e1lez\",\"@id\":\"https:\/\/elcotarro.com\/#\/schema\/person\/af537ee7d60d15984c7e0affcd8a918b\"},\"headline\":\"Y GAN\u00d3 ANA ISABEL GONZ\u00c1LEZ GUTI\u00c9RREZ\",\"datePublished\":\"2020-02-09T09:05:13+00:00\",\"mainEntityOfPage\":{\"@id\":\"https:\/\/elcotarro.com\/?p=7908\"},\"wordCount\":166,\"commentCount\":0,\"publisher\":{\"@id\":\"https:\/\/elcotarro.com\/#organization\"},\"image\":{\"@id\":\"https:\/\/elcotarro.com\/?p=7908#primaryimage\"},\"thumbnailUrl\":\"https:\/\/elcotarro.com\/wp-content\/uploads\/2020\/02\/FOTO-6.-CARTEL-2020.jpeg\",\"inLanguage\":\"es\",\"potentialAction\":[{\"@type\":\"CommentAction\",\"name\":\"Comment\",\"target\":[\"https:\/\/elcotarro.com\/?p=7908#respond\"]}]},{\"@type\":\"WebPage\",\"@id\":\"https:\/\/elcotarro.com\/?p=7908\",\"url\":\"https:\/\/elcotarro.com\/?p=7908\",\"name\":\"Y GAN\u00d3 ANA ISABEL GONZ\u00c1LEZ GUTI\u00c9RREZ - El Cotarro\",\"isPartOf\":{\"@id\":\"https:\/\/elcotarro.com\/#website\"},\"primaryImageOfPage\":{\"@id\":\"https:\/\/elcotarro.com\/?p=7908#primaryimage\"},\"image\":{\"@id\":\"https:\/\/elcotarro.com\/?p=7908#primaryimage\"},\"thumbnailUrl\":\"https:\/\/elcotarro.com\/wp-content\/uploads\/2020\/02\/FOTO-6.-CARTEL-2020.jpeg\",\"datePublished\":\"2020-02-09T09:05:13+00:00\",\"breadcrumb\":{\"@id\":\"https:\/\/elcotarro.com\/?p=7908#breadcrumb\"},\"inLanguage\":\"es\",\"potentialAction\":[{\"@type\":\"ReadAction\",\"target\":[\"https:\/\/elcotarro.com\/?p=7908\"]}]},{\"@type\":\"ImageObject\",\"inLanguage\":\"es\",\"@id\":\"https:\/\/elcotarro.com\/?p=7908#primaryimage\",\"url\":\"https:\/\/elcotarro.com\/wp-content\/uploads\/2020\/02\/FOTO-6.-CARTEL-2020.jpeg\",\"contentUrl\":\"https:\/\/elcotarro.com\/wp-content\/uploads\/2020\/02\/FOTO-6.-CARTEL-2020.jpeg\",\"width\":1131,\"height\":1600},{\"@type\":\"BreadcrumbList\",\"@id\":\"https:\/\/elcotarro.com\/?p=7908#breadcrumb\",\"itemListElement\":[{\"@type\":\"ListItem\",\"position\":1,\"name\":\"Portada\",\"item\":\"https:\/\/elcotarro.com\/\"},{\"@type\":\"ListItem\",\"position\":2,\"name\":\"Y GAN\u00d3 ANA ISABEL GONZ\u00c1LEZ GUTI\u00c9RREZ\"}]},{\"@type\":\"WebSite\",\"@id\":\"https:\/\/elcotarro.com\/#website\",\"url\":\"https:\/\/elcotarro.com\/\",\"name\":\"El Cotarro\",\"description\":\"Peri\u00f3dico Digital Independiente dirigido por Jos\u00e9 Carlos Marrero\",\"publisher\":{\"@id\":\"https:\/\/elcotarro.com\/#organization\"},\"potentialAction\":[{\"@type\":\"SearchAction\",\"target\":{\"@type\":\"EntryPoint\",\"urlTemplate\":\"https:\/\/elcotarro.com\/?s={search_term_string}\"},\"query-input\":{\"@type\":\"PropertyValueSpecification\",\"valueRequired\":true,\"valueName\":\"search_term_string\"}}],\"inLanguage\":\"es\"},{\"@type\":\"Organization\",\"@id\":\"https:\/\/elcotarro.com\/#organization\",\"name\":\"El Cotarro\",\"url\":\"https:\/\/elcotarro.com\/\",\"logo\":{\"@type\":\"ImageObject\",\"inLanguage\":\"es\",\"@id\":\"https:\/\/elcotarro.com\/#\/schema\/logo\/image\/\",\"url\":\"https:\/\/elcotarro.com\/wp-content\/uploads\/2014\/09\/Cabecera_El_Cotarro_v2.jpg\",\"contentUrl\":\"https:\/\/elcotarro.com\/wp-content\/uploads\/2014\/09\/Cabecera_El_Cotarro_v2.jpg\",\"width\":3540,\"height\":441,\"caption\":\"El Cotarro\"},\"image\":{\"@id\":\"https:\/\/elcotarro.com\/#\/schema\/logo\/image\/\"},\"sameAs\":[\"https:\/\/www.facebook.com\/ElCotarro.Tenerife\"]},{\"@type\":\"Person\",\"@id\":\"https:\/\/elcotarro.com\/#\/schema\/person\/af537ee7d60d15984c7e0affcd8a918b\",\"name\":\"Jos\u00e9 Carlos Marrero Gonz\u00e1lez\",\"image\":{\"@type\":\"ImageObject\",\"inLanguage\":\"es\",\"@id\":\"https:\/\/elcotarro.com\/#\/schema\/person\/image\/\",\"url\":\"https:\/\/secure.gravatar.com\/avatar\/def4da036efb5d32c74d49c351f6dccc064dd69ad9f3aadc295c5a9a5391ca01?s=96&d=mm&r=g\",\"contentUrl\":\"https:\/\/secure.gravatar.com\/avatar\/def4da036efb5d32c74d49c351f6dccc064dd69ad9f3aadc295c5a9a5391ca01?s=96&d=mm&r=g\",\"caption\":\"Jos\u00e9 Carlos Marrero Gonz\u00e1lez\"},\"sameAs\":[\"https:\/\/elcotarro.com\"],\"url\":\"https:\/\/elcotarro.com\/?author=2\"}]}<\/script>\n<!-- \/ Yoast SEO plugin. -->","yoast_head_json":{"title":"Y GAN\u00d3 ANA ISABEL GONZ\u00c1LEZ GUTI\u00c9RREZ - El Cotarro","robots":{"index":"index","follow":"follow","max-snippet":"max-snippet:-1","max-image-preview":"max-image-preview:large","max-video-preview":"max-video-preview:-1"},"canonical":"https:\/\/elcotarro.com\/?p=7908","og_locale":"es_ES","og_type":"article","og_title":"Y GAN\u00d3 ANA ISABEL GONZ\u00c1LEZ GUTI\u00c9RREZ - El Cotarro","og_description":"Al certamen se presentaron 17 candidaturas con otros tantos dise\u00f1os, tanto de alumnado del grado de la Facultad de Bellas Artes, as\u00ed como de m\u00e1steres o doctorandos de la misma. El jurado calificador designado al efecto para elegir el dise\u00f1o ganador se conform\u00f3 con profesores de la facultad y expertos en la materia, junto con ... Read more","og_url":"https:\/\/elcotarro.com\/?p=7908","og_site_name":"El Cotarro","article_publisher":"https:\/\/www.facebook.com\/ElCotarro.Tenerife","article_published_time":"2020-02-09T09:05:13+00:00","og_image":[{"url":"https:\/\/elcotarro.com\/wp-content\/uploads\/2020\/02\/FOTO-6.-CARTEL-2020.jpeg","type":"","width":"","height":""}],"author":"Jos\u00e9 Carlos Marrero Gonz\u00e1lez","twitter_misc":{"Escrito por":"Jos\u00e9 Carlos Marrero Gonz\u00e1lez","Tiempo de lectura":"1 minuto"},"schema":{"@context":"https:\/\/schema.org","@graph":[{"@type":"Article","@id":"https:\/\/elcotarro.com\/?p=7908#article","isPartOf":{"@id":"https:\/\/elcotarro.com\/?p=7908"},"author":{"name":"Jos\u00e9 Carlos Marrero Gonz\u00e1lez","@id":"https:\/\/elcotarro.com\/#\/schema\/person\/af537ee7d60d15984c7e0affcd8a918b"},"headline":"Y GAN\u00d3 ANA ISABEL GONZ\u00c1LEZ GUTI\u00c9RREZ","datePublished":"2020-02-09T09:05:13+00:00","mainEntityOfPage":{"@id":"https:\/\/elcotarro.com\/?p=7908"},"wordCount":166,"commentCount":0,"publisher":{"@id":"https:\/\/elcotarro.com\/#organization"},"image":{"@id":"https:\/\/elcotarro.com\/?p=7908#primaryimage"},"thumbnailUrl":"https:\/\/elcotarro.com\/wp-content\/uploads\/2020\/02\/FOTO-6.-CARTEL-2020.jpeg","inLanguage":"es","potentialAction":[{"@type":"CommentAction","name":"Comment","target":["https:\/\/elcotarro.com\/?p=7908#respond"]}]},{"@type":"WebPage","@id":"https:\/\/elcotarro.com\/?p=7908","url":"https:\/\/elcotarro.com\/?p=7908","name":"Y GAN\u00d3 ANA ISABEL GONZ\u00c1LEZ GUTI\u00c9RREZ - El Cotarro","isPartOf":{"@id":"https:\/\/elcotarro.com\/#website"},"primaryImageOfPage":{"@id":"https:\/\/elcotarro.com\/?p=7908#primaryimage"},"image":{"@id":"https:\/\/elcotarro.com\/?p=7908#primaryimage"},"thumbnailUrl":"https:\/\/elcotarro.com\/wp-content\/uploads\/2020\/02\/FOTO-6.-CARTEL-2020.jpeg","datePublished":"2020-02-09T09:05:13+00:00","breadcrumb":{"@id":"https:\/\/elcotarro.com\/?p=7908#breadcrumb"},"inLanguage":"es","potentialAction":[{"@type":"ReadAction","target":["https:\/\/elcotarro.com\/?p=7908"]}]},{"@type":"ImageObject","inLanguage":"es","@id":"https:\/\/elcotarro.com\/?p=7908#primaryimage","url":"https:\/\/elcotarro.com\/wp-content\/uploads\/2020\/02\/FOTO-6.-CARTEL-2020.jpeg","contentUrl":"https:\/\/elcotarro.com\/wp-content\/uploads\/2020\/02\/FOTO-6.-CARTEL-2020.jpeg","width":1131,"height":1600},{"@type":"BreadcrumbList","@id":"https:\/\/elcotarro.com\/?p=7908#breadcrumb","itemListElement":[{"@type":"ListItem","position":1,"name":"Portada","item":"https:\/\/elcotarro.com\/"},{"@type":"ListItem","position":2,"name":"Y GAN\u00d3 ANA ISABEL GONZ\u00c1LEZ GUTI\u00c9RREZ"}]},{"@type":"WebSite","@id":"https:\/\/elcotarro.com\/#website","url":"https:\/\/elcotarro.com\/","name":"El Cotarro","description":"Peri\u00f3dico Digital Independiente dirigido por Jos\u00e9 Carlos Marrero","publisher":{"@id":"https:\/\/elcotarro.com\/#organization"},"potentialAction":[{"@type":"SearchAction","target":{"@type":"EntryPoint","urlTemplate":"https:\/\/elcotarro.com\/?s={search_term_string}"},"query-input":{"@type":"PropertyValueSpecification","valueRequired":true,"valueName":"search_term_string"}}],"inLanguage":"es"},{"@type":"Organization","@id":"https:\/\/elcotarro.com\/#organization","name":"El Cotarro","url":"https:\/\/elcotarro.com\/","logo":{"@type":"ImageObject","inLanguage":"es","@id":"https:\/\/elcotarro.com\/#\/schema\/logo\/image\/","url":"https:\/\/elcotarro.com\/wp-content\/uploads\/2014\/09\/Cabecera_El_Cotarro_v2.jpg","contentUrl":"https:\/\/elcotarro.com\/wp-content\/uploads\/2014\/09\/Cabecera_El_Cotarro_v2.jpg","width":3540,"height":441,"caption":"El Cotarro"},"image":{"@id":"https:\/\/elcotarro.com\/#\/schema\/logo\/image\/"},"sameAs":["https:\/\/www.facebook.com\/ElCotarro.Tenerife"]},{"@type":"Person","@id":"https:\/\/elcotarro.com\/#\/schema\/person\/af537ee7d60d15984c7e0affcd8a918b","name":"Jos\u00e9 Carlos Marrero Gonz\u00e1lez","image":{"@type":"ImageObject","inLanguage":"es","@id":"https:\/\/elcotarro.com\/#\/schema\/person\/image\/","url":"https:\/\/secure.gravatar.com\/avatar\/def4da036efb5d32c74d49c351f6dccc064dd69ad9f3aadc295c5a9a5391ca01?s=96&d=mm&r=g","contentUrl":"https:\/\/secure.gravatar.com\/avatar\/def4da036efb5d32c74d49c351f6dccc064dd69ad9f3aadc295c5a9a5391ca01?s=96&d=mm&r=g","caption":"Jos\u00e9 Carlos Marrero Gonz\u00e1lez"},"sameAs":["https:\/\/elcotarro.com"],"url":"https:\/\/elcotarro.com\/?author=2"}]}},"jetpack_featured_media_url":"","jetpack_sharing_enabled":true,"_links":{"self":[{"href":"https:\/\/elcotarro.com\/index.php?rest_route=\/wp\/v2\/posts\/7908","targetHints":{"allow":["GET"]}}],"collection":[{"href":"https:\/\/elcotarro.com\/index.php?rest_route=\/wp\/v2\/posts"}],"about":[{"href":"https:\/\/elcotarro.com\/index.php?rest_route=\/wp\/v2\/types\/post"}],"author":[{"embeddable":true,"href":"https:\/\/elcotarro.com\/index.php?rest_route=\/wp\/v2\/users\/2"}],"replies":[{"embeddable":true,"href":"https:\/\/elcotarro.com\/index.php?rest_route=%2Fwp%2Fv2%2Fcomments&post=7908"}],"version-history":[{"count":1,"href":"https:\/\/elcotarro.com\/index.php?rest_route=\/wp\/v2\/posts\/7908\/revisions"}],"predecessor-version":[{"id":7910,"href":"https:\/\/elcotarro.com\/index.php?rest_route=\/wp\/v2\/posts\/7908\/revisions\/7910"}],"wp:attachment":[{"href":"https:\/\/elcotarro.com\/index.php?rest_route=%2Fwp%2Fv2%2Fmedia&parent=7908"}],"wp:term":[{"taxonomy":"category","embeddable":true,"href":"https:\/\/elcotarro.com\/index.php?rest_route=%2Fwp%2Fv2%2Fcategories&post=7908"},{"taxonomy":"post_tag","embeddable":true,"href":"https:\/\/elcotarro.com\/index.php?rest_route=%2Fwp%2Fv2%2Ftags&post=7908"}],"curies":[{"name":"wp","href":"https:\/\/api.w.org\/{rel}","templated":true}]}}