{"id":791,"date":"2015-02-08T12:04:59","date_gmt":"2015-02-08T12:04:59","guid":{"rendered":"https:\/\/elcotarro.com\/?p=791"},"modified":"2015-02-08T11:37:25","modified_gmt":"2015-02-08T11:37:25","slug":"inigo-almenara","status":"publish","type":"post","link":"https:\/\/elcotarro.com\/?p=791","title":{"rendered":"\u00cd\u00d1IGO ALMENARA"},"content":{"rendered":"<p>\u2666 Tan buen sabor nos ha dejado este a\u00f1o la presencia de nuestra isla en Madrid Fusi\u00f3n, que hasta nos hemos tra\u00eddo el primer premio del IX Concurso de Cocina Creativa Negrini, de la mano del chef <strong>\u00cd\u00f1igo Almenara<\/strong>, jefe de cocina del Grupo Monkey&#8230; Su plato \u00abIl Mare\u00bb despert\u00f3 el inter\u00e9s de los miembros del jurado entre los que se encontraban <strong>Paco Roncero<\/strong> (2 estrellas Michelin), Samantha Vallejo-N\u00e1jera (Samantha Catering de Espa\u00f1a), <strong>Alberto Luchini<\/strong> (Director de Metropoli de El mundo), <strong>Nicoletta Negrini<\/strong> (Gerente General de Negrini), Cristina Finucci Sebastiani (Esposa del Embajador de Italia en Espa\u00f1a) y Manolo Villanueva (Director de contenidos de Tele-5)&#8230; I\u00f1igo Almenara present\u00f3 un plato en el que combin\u00f3 percebes, caracolillos, gambas y patitas de chipir\u00f3n sobre una base de \u00abrisotto\u00bb preparado sobre una pasta en forma de granos de arroz&#8230; El chef y miembro de jurado, <strong>Paco Roncero<\/strong>, coment\u00f3 que a veces la simplicidad es lo mejor, destacando que el plato de Almenara se basa en algo simple pero con mucho sabor. \u00a1Felicidades, amigo <strong>\u00cd\u00f1igo<\/strong>!<\/p>\n<p><a href=\"https:\/\/elcotarro.com\/wp-content\/uploads\/2015\/02\/FOTO-3.-\u00cd\u00f1igo-Almenara.jpg\"><img loading=\"lazy\" decoding=\"async\" class=\"aligncenter wp-image-792\" src=\"https:\/\/elcotarro.com\/wp-content\/uploads\/2015\/02\/FOTO-3.-\u00cd\u00f1igo-Almenara-768x1024.jpg\" alt=\"FOTO 3.- \u00cd\u00f1igo Almenara\" width=\"550\" height=\"733\" srcset=\"https:\/\/elcotarro.com\/wp-content\/uploads\/2015\/02\/FOTO-3.-\u00cd\u00f1igo-Almenara-768x1024.jpg 768w, https:\/\/elcotarro.com\/wp-content\/uploads\/2015\/02\/FOTO-3.-\u00cd\u00f1igo-Almenara-225x300.jpg 225w, https:\/\/elcotarro.com\/wp-content\/uploads\/2015\/02\/FOTO-3.-\u00cd\u00f1igo-Almenara.jpg 960w\" sizes=\"auto, (max-width: 550px) 100vw, 550px\" \/><\/a><\/p>\n<p class=\"comentario\" style=\"text-align: center;\">\u00cd\u00f1igo Almenara con su premiado plato \u201cIl Mare\u201d<\/p>\n","protected":false},"excerpt":{"rendered":"<p>\u2666 Tan buen sabor nos ha dejado este a\u00f1o la presencia de nuestra isla en Madrid Fusi\u00f3n, que hasta nos hemos tra\u00eddo el primer premio del IX Concurso de Cocina Creativa Negrini, de la mano del chef \u00cd\u00f1igo Almenara, jefe de cocina del Grupo Monkey&#8230; Su plato \u00abIl Mare\u00bb despert\u00f3 el inter\u00e9s de los miembros &#8230; <a class=\"read-more\" href=\"https:\/\/elcotarro.com\/?p=791\">Read more<\/a><\/p>\n","protected":false},"author":2,"featured_media":0,"comment_status":"open","ping_status":"open","sticky":false,"template":"","format":"standard","meta":{"_jetpack_memberships_contains_paid_content":false,"footnotes":""},"categories":[62],"tags":[384,383,385,386],"class_list":["post-791","post","type-post","status-publish","format-standard","hentry","category-gastronomia","tag-alberto-luchini","tag-inigo-almenara","tag-nicoletta-negrini","tag-paco-roncero"],"yoast_head":"<!-- This site is optimized with the Yoast SEO plugin v27.0 - https:\/\/yoast.com\/product\/yoast-seo-wordpress\/ -->\n<title>\u00cd\u00d1IGO ALMENARA - El Cotarrro<\/title>\n<meta name=\"description\" content=\"Tan buen sabor nos ha dejado este a\u00f1o la presencia de nuestra isla en Madrid Fusi\u00f3n, que hasta nos hemos tra\u00eddo el primer premio del IX Concurso de Cocina\" \/>\n<meta name=\"robots\" content=\"index, follow, max-snippet:-1, max-image-preview:large, max-video-preview:-1\" \/>\n<link rel=\"canonical\" href=\"https:\/\/elcotarro.com\/?p=791\" \/>\n<meta property=\"og:locale\" content=\"es_ES\" \/>\n<meta property=\"og:type\" content=\"article\" \/>\n<meta property=\"og:title\" content=\"\u00cd\u00d1IGO ALMENARA - El Cotarrro\" \/>\n<meta property=\"og:description\" content=\"Tan buen sabor nos ha dejado este a\u00f1o la presencia de nuestra isla en Madrid Fusi\u00f3n, que hasta nos hemos tra\u00eddo el primer premio del IX Concurso de Cocina\" \/>\n<meta property=\"og:url\" content=\"https:\/\/elcotarro.com\/?p=791\" \/>\n<meta property=\"og:site_name\" content=\"El Cotarro\" \/>\n<meta property=\"article:publisher\" content=\"https:\/\/www.facebook.com\/ElCotarro.Tenerife\" \/>\n<meta property=\"article:published_time\" content=\"2015-02-08T12:04:59+00:00\" \/>\n<meta name=\"author\" content=\"Jos\u00e9 Carlos Marrero Gonz\u00e1lez\" \/>\n<meta name=\"twitter:label1\" content=\"Escrito por\" \/>\n\t<meta name=\"twitter:data1\" content=\"Jos\u00e9 Carlos Marrero Gonz\u00e1lez\" \/>\n\t<meta name=\"twitter:label2\" content=\"Tiempo de lectura\" \/>\n\t<meta name=\"twitter:data2\" content=\"1 minuto\" \/>\n<script type=\"application\/ld+json\" class=\"yoast-schema-graph\">{\"@context\":\"https:\/\/schema.org\",\"@graph\":[{\"@type\":\"Article\",\"@id\":\"https:\/\/elcotarro.com\/?p=791#article\",\"isPartOf\":{\"@id\":\"https:\/\/elcotarro.com\/?p=791\"},\"author\":{\"name\":\"Jos\u00e9 Carlos Marrero Gonz\u00e1lez\",\"@id\":\"https:\/\/elcotarro.com\/#\/schema\/person\/af537ee7d60d15984c7e0affcd8a918b\"},\"headline\":\"\u00cd\u00d1IGO ALMENARA\",\"datePublished\":\"2015-02-08T12:04:59+00:00\",\"mainEntityOfPage\":{\"@id\":\"https:\/\/elcotarro.com\/?p=791\"},\"wordCount\":188,\"commentCount\":0,\"publisher\":{\"@id\":\"https:\/\/elcotarro.com\/#organization\"},\"keywords\":[\"Alberto Luchini\",\"\u00cd\u00f1igo Almenara\",\"Nicoletta Negrini\",\"Paco Roncero\"],\"articleSection\":[\"Gastronom\u00eda\"],\"inLanguage\":\"es\",\"potentialAction\":[{\"@type\":\"CommentAction\",\"name\":\"Comment\",\"target\":[\"https:\/\/elcotarro.com\/?p=791#respond\"]}]},{\"@type\":\"WebPage\",\"@id\":\"https:\/\/elcotarro.com\/?p=791\",\"url\":\"https:\/\/elcotarro.com\/?p=791\",\"name\":\"\u00cd\u00d1IGO ALMENARA - El Cotarrro\",\"isPartOf\":{\"@id\":\"https:\/\/elcotarro.com\/#website\"},\"datePublished\":\"2015-02-08T12:04:59+00:00\",\"description\":\"Tan buen sabor nos ha dejado este a\u00f1o la presencia de nuestra isla en Madrid Fusi\u00f3n, que hasta nos hemos tra\u00eddo el primer premio del IX Concurso de Cocina\",\"breadcrumb\":{\"@id\":\"https:\/\/elcotarro.com\/?p=791#breadcrumb\"},\"inLanguage\":\"es\",\"potentialAction\":[{\"@type\":\"ReadAction\",\"target\":[\"https:\/\/elcotarro.com\/?p=791\"]}]},{\"@type\":\"BreadcrumbList\",\"@id\":\"https:\/\/elcotarro.com\/?p=791#breadcrumb\",\"itemListElement\":[{\"@type\":\"ListItem\",\"position\":1,\"name\":\"Portada\",\"item\":\"https:\/\/elcotarro.com\/\"},{\"@type\":\"ListItem\",\"position\":2,\"name\":\"\u00cd\u00d1IGO ALMENARA\"}]},{\"@type\":\"WebSite\",\"@id\":\"https:\/\/elcotarro.com\/#website\",\"url\":\"https:\/\/elcotarro.com\/\",\"name\":\"El Cotarro\",\"description\":\"Peri\u00f3dico Digital Independiente dirigido por Jos\u00e9 Carlos Marrero\",\"publisher\":{\"@id\":\"https:\/\/elcotarro.com\/#organization\"},\"potentialAction\":[{\"@type\":\"SearchAction\",\"target\":{\"@type\":\"EntryPoint\",\"urlTemplate\":\"https:\/\/elcotarro.com\/?s={search_term_string}\"},\"query-input\":{\"@type\":\"PropertyValueSpecification\",\"valueRequired\":true,\"valueName\":\"search_term_string\"}}],\"inLanguage\":\"es\"},{\"@type\":\"Organization\",\"@id\":\"https:\/\/elcotarro.com\/#organization\",\"name\":\"El Cotarro\",\"url\":\"https:\/\/elcotarro.com\/\",\"logo\":{\"@type\":\"ImageObject\",\"inLanguage\":\"es\",\"@id\":\"https:\/\/elcotarro.com\/#\/schema\/logo\/image\/\",\"url\":\"https:\/\/elcotarro.com\/wp-content\/uploads\/2014\/09\/Cabecera_El_Cotarro_v2.jpg\",\"contentUrl\":\"https:\/\/elcotarro.com\/wp-content\/uploads\/2014\/09\/Cabecera_El_Cotarro_v2.jpg\",\"width\":3540,\"height\":441,\"caption\":\"El Cotarro\"},\"image\":{\"@id\":\"https:\/\/elcotarro.com\/#\/schema\/logo\/image\/\"},\"sameAs\":[\"https:\/\/www.facebook.com\/ElCotarro.Tenerife\"]},{\"@type\":\"Person\",\"@id\":\"https:\/\/elcotarro.com\/#\/schema\/person\/af537ee7d60d15984c7e0affcd8a918b\",\"name\":\"Jos\u00e9 Carlos Marrero Gonz\u00e1lez\",\"image\":{\"@type\":\"ImageObject\",\"inLanguage\":\"es\",\"@id\":\"https:\/\/elcotarro.com\/#\/schema\/person\/image\/\",\"url\":\"https:\/\/secure.gravatar.com\/avatar\/def4da036efb5d32c74d49c351f6dccc064dd69ad9f3aadc295c5a9a5391ca01?s=96&d=mm&r=g\",\"contentUrl\":\"https:\/\/secure.gravatar.com\/avatar\/def4da036efb5d32c74d49c351f6dccc064dd69ad9f3aadc295c5a9a5391ca01?s=96&d=mm&r=g\",\"caption\":\"Jos\u00e9 Carlos Marrero Gonz\u00e1lez\"},\"sameAs\":[\"https:\/\/elcotarro.com\"],\"url\":\"https:\/\/elcotarro.com\/?author=2\"}]}<\/script>\n<!-- \/ Yoast SEO plugin. -->","yoast_head_json":{"title":"\u00cd\u00d1IGO ALMENARA - El Cotarrro","description":"Tan buen sabor nos ha dejado este a\u00f1o la presencia de nuestra isla en Madrid Fusi\u00f3n, que hasta nos hemos tra\u00eddo el primer premio del IX Concurso de Cocina","robots":{"index":"index","follow":"follow","max-snippet":"max-snippet:-1","max-image-preview":"max-image-preview:large","max-video-preview":"max-video-preview:-1"},"canonical":"https:\/\/elcotarro.com\/?p=791","og_locale":"es_ES","og_type":"article","og_title":"\u00cd\u00d1IGO ALMENARA - El Cotarrro","og_description":"Tan buen sabor nos ha dejado este a\u00f1o la presencia de nuestra isla en Madrid Fusi\u00f3n, que hasta nos hemos tra\u00eddo el primer premio del IX Concurso de Cocina","og_url":"https:\/\/elcotarro.com\/?p=791","og_site_name":"El Cotarro","article_publisher":"https:\/\/www.facebook.com\/ElCotarro.Tenerife","article_published_time":"2015-02-08T12:04:59+00:00","author":"Jos\u00e9 Carlos Marrero Gonz\u00e1lez","twitter_misc":{"Escrito por":"Jos\u00e9 Carlos Marrero Gonz\u00e1lez","Tiempo de lectura":"1 minuto"},"schema":{"@context":"https:\/\/schema.org","@graph":[{"@type":"Article","@id":"https:\/\/elcotarro.com\/?p=791#article","isPartOf":{"@id":"https:\/\/elcotarro.com\/?p=791"},"author":{"name":"Jos\u00e9 Carlos Marrero Gonz\u00e1lez","@id":"https:\/\/elcotarro.com\/#\/schema\/person\/af537ee7d60d15984c7e0affcd8a918b"},"headline":"\u00cd\u00d1IGO ALMENARA","datePublished":"2015-02-08T12:04:59+00:00","mainEntityOfPage":{"@id":"https:\/\/elcotarro.com\/?p=791"},"wordCount":188,"commentCount":0,"publisher":{"@id":"https:\/\/elcotarro.com\/#organization"},"keywords":["Alberto Luchini","\u00cd\u00f1igo Almenara","Nicoletta Negrini","Paco Roncero"],"articleSection":["Gastronom\u00eda"],"inLanguage":"es","potentialAction":[{"@type":"CommentAction","name":"Comment","target":["https:\/\/elcotarro.com\/?p=791#respond"]}]},{"@type":"WebPage","@id":"https:\/\/elcotarro.com\/?p=791","url":"https:\/\/elcotarro.com\/?p=791","name":"\u00cd\u00d1IGO ALMENARA - El Cotarrro","isPartOf":{"@id":"https:\/\/elcotarro.com\/#website"},"datePublished":"2015-02-08T12:04:59+00:00","description":"Tan buen sabor nos ha dejado este a\u00f1o la presencia de nuestra isla en Madrid Fusi\u00f3n, que hasta nos hemos tra\u00eddo el primer premio del IX Concurso de Cocina","breadcrumb":{"@id":"https:\/\/elcotarro.com\/?p=791#breadcrumb"},"inLanguage":"es","potentialAction":[{"@type":"ReadAction","target":["https:\/\/elcotarro.com\/?p=791"]}]},{"@type":"BreadcrumbList","@id":"https:\/\/elcotarro.com\/?p=791#breadcrumb","itemListElement":[{"@type":"ListItem","position":1,"name":"Portada","item":"https:\/\/elcotarro.com\/"},{"@type":"ListItem","position":2,"name":"\u00cd\u00d1IGO ALMENARA"}]},{"@type":"WebSite","@id":"https:\/\/elcotarro.com\/#website","url":"https:\/\/elcotarro.com\/","name":"El Cotarro","description":"Peri\u00f3dico Digital Independiente dirigido por Jos\u00e9 Carlos Marrero","publisher":{"@id":"https:\/\/elcotarro.com\/#organization"},"potentialAction":[{"@type":"SearchAction","target":{"@type":"EntryPoint","urlTemplate":"https:\/\/elcotarro.com\/?s={search_term_string}"},"query-input":{"@type":"PropertyValueSpecification","valueRequired":true,"valueName":"search_term_string"}}],"inLanguage":"es"},{"@type":"Organization","@id":"https:\/\/elcotarro.com\/#organization","name":"El Cotarro","url":"https:\/\/elcotarro.com\/","logo":{"@type":"ImageObject","inLanguage":"es","@id":"https:\/\/elcotarro.com\/#\/schema\/logo\/image\/","url":"https:\/\/elcotarro.com\/wp-content\/uploads\/2014\/09\/Cabecera_El_Cotarro_v2.jpg","contentUrl":"https:\/\/elcotarro.com\/wp-content\/uploads\/2014\/09\/Cabecera_El_Cotarro_v2.jpg","width":3540,"height":441,"caption":"El Cotarro"},"image":{"@id":"https:\/\/elcotarro.com\/#\/schema\/logo\/image\/"},"sameAs":["https:\/\/www.facebook.com\/ElCotarro.Tenerife"]},{"@type":"Person","@id":"https:\/\/elcotarro.com\/#\/schema\/person\/af537ee7d60d15984c7e0affcd8a918b","name":"Jos\u00e9 Carlos Marrero Gonz\u00e1lez","image":{"@type":"ImageObject","inLanguage":"es","@id":"https:\/\/elcotarro.com\/#\/schema\/person\/image\/","url":"https:\/\/secure.gravatar.com\/avatar\/def4da036efb5d32c74d49c351f6dccc064dd69ad9f3aadc295c5a9a5391ca01?s=96&d=mm&r=g","contentUrl":"https:\/\/secure.gravatar.com\/avatar\/def4da036efb5d32c74d49c351f6dccc064dd69ad9f3aadc295c5a9a5391ca01?s=96&d=mm&r=g","caption":"Jos\u00e9 Carlos Marrero Gonz\u00e1lez"},"sameAs":["https:\/\/elcotarro.com"],"url":"https:\/\/elcotarro.com\/?author=2"}]}},"jetpack_featured_media_url":"","jetpack_sharing_enabled":true,"_links":{"self":[{"href":"https:\/\/elcotarro.com\/index.php?rest_route=\/wp\/v2\/posts\/791","targetHints":{"allow":["GET"]}}],"collection":[{"href":"https:\/\/elcotarro.com\/index.php?rest_route=\/wp\/v2\/posts"}],"about":[{"href":"https:\/\/elcotarro.com\/index.php?rest_route=\/wp\/v2\/types\/post"}],"author":[{"embeddable":true,"href":"https:\/\/elcotarro.com\/index.php?rest_route=\/wp\/v2\/users\/2"}],"replies":[{"embeddable":true,"href":"https:\/\/elcotarro.com\/index.php?rest_route=%2Fwp%2Fv2%2Fcomments&post=791"}],"version-history":[{"count":1,"href":"https:\/\/elcotarro.com\/index.php?rest_route=\/wp\/v2\/posts\/791\/revisions"}],"predecessor-version":[{"id":793,"href":"https:\/\/elcotarro.com\/index.php?rest_route=\/wp\/v2\/posts\/791\/revisions\/793"}],"wp:attachment":[{"href":"https:\/\/elcotarro.com\/index.php?rest_route=%2Fwp%2Fv2%2Fmedia&parent=791"}],"wp:term":[{"taxonomy":"category","embeddable":true,"href":"https:\/\/elcotarro.com\/index.php?rest_route=%2Fwp%2Fv2%2Fcategories&post=791"},{"taxonomy":"post_tag","embeddable":true,"href":"https:\/\/elcotarro.com\/index.php?rest_route=%2Fwp%2Fv2%2Ftags&post=791"}],"curies":[{"name":"wp","href":"https:\/\/api.w.org\/{rel}","templated":true}]}}